{"id":165670,"date":"2025-12-02T14:33:40","date_gmt":"2025-12-02T14:33:40","guid":{"rendered":"https:\/\/www.nettali.com\/?p=165670"},"modified":"2025-12-02T17:52:27","modified_gmt":"2025-12-02T17:52:27","slug":"affaire-amadou-sall-waly-seck-brievement-entendu-par-le-pool-judiciaire-financier","status":"publish","type":"post","link":"https:\/\/www.nettali.com\/2025\/12\/02\/affaire-amadou-sall-waly-seck-brievement-entendu-par-le-pool-judiciaire-financier\/","title":{"rendered":"AFFAIRE AMADOU SALL - Waly Seck bri\u00e8vement entendu par le pool judiciaire financier"},"content":{"rendered":"<p data-start=\"251\" data-end=\"593\"><strong>NETTALI.COM - L\u2019artiste-chanteur Ibrahima Waly Seck a \u00e9t\u00e9 entendu ce matin par le pr\u00e9sident du coll\u00e8ge des juges d\u2019instruction du pool judiciaire financier, Idrissa Diarra, en pr\u00e9sence du procureur de la R\u00e9publique, Ibrahima Faye. L\u2019audition, qui s\u2019inscrit dans le cadre de l\u2019enqu\u00eate dite \u00ab affaire Amadou Sall \u00bb, a dur\u00e9 moins de vingt minutes.<\/strong><\/p>\n<p data-start=\"595\" data-end=\"822\">Selon des sources proches du dossier, le chanteur a fermement contest\u00e9 les accusations d\u2019association de malfaiteurs en bande organis\u00e9e et de blanchiment de capitaux port\u00e9es contre lui dans cette proc\u00e9dure toujours en cours.<\/p>\n<p data-start=\"873\" data-end=\"1220\">Face aux magistrats, Waly Seck a d\u00e9clar\u00e9 avoir proc\u00e9d\u00e9, <em>\u00ab en toute transparence \u00bb<\/em>, \u00e0 la vente d\u2019un v\u00e9hicule \u00e0 Amadou Sall, fils de l\u2019ancien pr\u00e9sident Macky Sall. Le montant de la transaction, estim\u00e9 \u00e0 210 millions de francs CFA, correspondrait \u00e0 la caution qu\u2019il avait d\u00e9pos\u00e9e pour obtenir une mise en libert\u00e9 provisoire en septembre 2025.<\/p>\n<p data-start=\"1222\" data-end=\"1367\">L\u2019artiste soutient que l\u2019op\u00e9ration s\u2019est d\u00e9roul\u00e9e <em>\u00ab avec tous les papiers en r\u00e8gle \u00bb<\/em>, affirmant n\u2019avoir \u00e9t\u00e9 anim\u00e9 d\u2019aucune intention frauduleuse.<\/p>\n<p data-start=\"1421\" data-end=\"1695\">V\u00eatu de noir et entour\u00e9 de son pool d\u2019avocats \u2014 Mes Abou Dialy Kane, Dior Diagne, Alioune Badara Fall et Souleymane Soumar\u00e9 \u2014 Waly Seck a quitt\u00e9 les locaux du pool judiciaire financier par le sous-sol, \u00e0 bord d\u2019un v\u00e9hicule particulier, loin des cam\u00e9ras et du public.<\/p>\n<p data-start=\"1697\" data-end=\"1791\">L\u2019enqu\u00eate suit son cours sous la supervision du parquet et du coll\u00e8ge des juges d\u2019instruction.<\/p>\n<div class='share-to-whatsapp-wrapper'><div class='share-on-whsp'>PARTAGER SUR : <\/div><a data-text='AFFAIRE AMADOU SALL - Waly Seck bri\u00e8vement entendu par le pool judiciaire financier' data-link='https:\/\/www.nettali.com\/2025\/12\/02\/affaire-amadou-sall-waly-seck-brievement-entendu-par-le-pool-judiciaire-financier\/' class='whatsapp-button whatsapp-share'>WhatsApp<\/a><div class='clear '><\/div><\/div>","protected":false},"excerpt":{"rendered":"<p>NETTALI.COM - L\u2019artiste-chanteur Ibrahima Waly Seck a \u00e9t\u00e9 entendu ce matin par le pr\u00e9sident du coll\u00e8ge des juges d\u2019instruction du pool judiciaire financier, Idrissa Diarra, en pr\u00e9sence du procureur de la R\u00e9publique, Ibrahima Faye. L\u2019audition, qui s\u2019inscrit dans le cadre de l\u2019enqu\u00eate dite \u00ab affaire Amadou Sall \u00bb, a dur\u00e9 moins de vingt minutes. Selon [&hellip;]<\/p>\n","protected":false},"author":4,"featured_media":165671,"comment_status":"open","ping_status":"open","sticky":false,"template":"","format":"standard","meta":{"_et_pb_use_builder":"","_et_pb_old_content":""},"categories":[3],"tags":[],"yoast_head":"<!-- This site is optimized with the Yoast SEO Premium plugin v17.8 (Yoast SEO v17.8) - https:\/\/yoast.com\/wordpress\/plugins\/seo\/ -->\n<title>AFFAIRE AMADOU SALL - Waly Seck bri\u00e8vement entendu par le pool judiciaire financier | Nettali.com<\/title>\n<meta name=\"robots\" content=\"index, follow, max-snippet:-1, max-image-preview:large, max-video-preview:-1\" \/>\n<link rel=\"canonical\" href=\"https:\/\/www.nettali.com\/2025\/12\/02\/affaire-amadou-sall-waly-seck-brievement-entendu-par-le-pool-judiciaire-financier\/\" \/>\n<meta property=\"og:locale\" content=\"fr_FR\" \/>\n<meta property=\"og:type\" content=\"article\" \/>\n<meta property=\"og:title\" content=\"AFFAIRE AMADOU SALL - Waly Seck bri\u00e8vement entendu par le pool judiciaire financier\" \/>\n<meta property=\"og:description\" content=\"NETTALI.COM - L\u2019artiste-chanteur Ibrahima Waly Seck a \u00e9t\u00e9 entendu ce matin par le pr\u00e9sident du coll\u00e8ge des juges d\u2019instruction du pool judiciaire financier, Idrissa Diarra, en pr\u00e9sence du procureur de la R\u00e9publique, Ibrahima Faye. L\u2019audition, qui s\u2019inscrit dans le cadre de l\u2019enqu\u00eate dite \u00ab affaire Amadou Sall \u00bb, a dur\u00e9 moins de vingt minutes. Selon [&hellip;]\" \/>\n<meta property=\"og:url\" content=\"https:\/\/www.nettali.com\/2025\/12\/02\/affaire-amadou-sall-waly-seck-brievement-entendu-par-le-pool-judiciaire-financier\/\" \/>\n<meta property=\"og:site_name\" content=\"Nettali.com\" \/>\n<meta property=\"article:publisher\" content=\"https:\/\/www.facebook.com\/nettalicom\" \/>\n<meta property=\"article:published_time\" content=\"2025-12-02T14:33:40+00:00\" \/>\n<meta property=\"article:modified_time\" content=\"2025-12-02T17:52:27+00:00\" \/>\n<meta property=\"og:image\" content=\"https:\/\/www.nettali.com\/wp-content\/uploads\/2025\/12\/wally-seck.jpg\" \/>\n\t<meta property=\"og:image:width\" content=\"1200\" \/>\n\t<meta property=\"og:image:height\" content=\"675\" \/>\n<meta name=\"twitter:card\" content=\"summary_large_image\" \/>\n<meta name=\"twitter:label1\" content=\"\u00c9crit par\" \/>\n\t<meta name=\"twitter:data1\" content=\"Daouda\" \/>\n\t<meta name=\"twitter:label2\" content=\"Dur\u00e9e de lecture estim\u00e9e\" \/>\n\t<meta name=\"twitter:data2\" content=\"1 minute\" \/>\n<script type=\"application\/ld+json\" class=\"yoast-schema-graph\">{\"@context\":\"https:\/\/schema.org\",\"@graph\":[{\"@type\":\"WebSite\",\"@id\":\"https:\/\/www.nettali.com\/#website\",\"url\":\"https:\/\/www.nettali.com\/\",\"name\":\"Nettali.com\",\"description\":\"Le rendez-vous critique du Net\",\"potentialAction\":[{\"@type\":\"SearchAction\",\"target\":{\"@type\":\"EntryPoint\",\"urlTemplate\":\"https:\/\/www.nettali.com\/?s={search_term_string}\"},\"query-input\":\"required name=search_term_string\"}],\"inLanguage\":\"fr-FR\"},{\"@type\":\"ImageObject\",\"@id\":\"https:\/\/www.nettali.com\/2025\/12\/02\/affaire-amadou-sall-waly-seck-brievement-entendu-par-le-pool-judiciaire-financier\/#primaryimage\",\"inLanguage\":\"fr-FR\",\"url\":\"https:\/\/www.nettali.com\/wp-content\/uploads\/2025\/12\/wally-seck.jpg\",\"contentUrl\":\"https:\/\/www.nettali.com\/wp-content\/uploads\/2025\/12\/wally-seck.jpg\",\"width\":1200,\"height\":675},{\"@type\":\"WebPage\",\"@id\":\"https:\/\/www.nettali.com\/2025\/12\/02\/affaire-amadou-sall-waly-seck-brievement-entendu-par-le-pool-judiciaire-financier\/#webpage\",\"url\":\"https:\/\/www.nettali.com\/2025\/12\/02\/affaire-amadou-sall-waly-seck-brievement-entendu-par-le-pool-judiciaire-financier\/\",\"name\":\"AFFAIRE AMADOU SALL - Waly Seck bri\\u00e8vement entendu par le pool judiciaire financier | Nettali.com\",\"isPartOf\":{\"@id\":\"https:\/\/www.nettali.com\/#website\"},\"primaryImageOfPage\":{\"@id\":\"https:\/\/www.nettali.com\/2025\/12\/02\/affaire-amadou-sall-waly-seck-brievement-entendu-par-le-pool-judiciaire-financier\/#primaryimage\"},\"datePublished\":\"2025-12-02T14:33:40+00:00\",\"dateModified\":\"2025-12-02T17:52:27+00:00\",\"author\":{\"@id\":\"https:\/\/www.nettali.com\/#\/schema\/person\/3317e0bb3aa1da309fbf7b2780901bf4\"},\"breadcrumb\":{\"@id\":\"https:\/\/www.nettali.com\/2025\/12\/02\/affaire-amadou-sall-waly-seck-brievement-entendu-par-le-pool-judiciaire-financier\/#breadcrumb\"},\"inLanguage\":\"fr-FR\",\"potentialAction\":[{\"@type\":\"ReadAction\",\"target\":[\"https:\/\/www.nettali.com\/2025\/12\/02\/affaire-amadou-sall-waly-seck-brievement-entendu-par-le-pool-judiciaire-financier\/\"]}]},{\"@type\":\"BreadcrumbList\",\"@id\":\"https:\/\/www.nettali.com\/2025\/12\/02\/affaire-amadou-sall-waly-seck-brievement-entendu-par-le-pool-judiciaire-financier\/#breadcrumb\",\"itemListElement\":[{\"@type\":\"ListItem\",\"position\":1,\"name\":\"Accueil\",\"item\":\"https:\/\/www.nettali.com\/\"},{\"@type\":\"ListItem\",\"position\":2,\"name\":\"AFFAIRE AMADOU SALL - Waly Seck bri\\u00e8vement entendu par le pool judiciaire financier\"}]},{\"@type\":\"Person\",\"@id\":\"https:\/\/www.nettali.com\/#\/schema\/person\/3317e0bb3aa1da309fbf7b2780901bf4\",\"name\":\"Daouda\",\"image\":{\"@type\":\"ImageObject\",\"@id\":\"https:\/\/www.nettali.com\/#personlogo\",\"inLanguage\":\"fr-FR\",\"url\":\"https:\/\/secure.gravatar.com\/avatar\/8d143b5a49345098ddcfee1c49c2f47c?s=96&d=mm&r=g\",\"contentUrl\":\"https:\/\/secure.gravatar.com\/avatar\/8d143b5a49345098ddcfee1c49c2f47c?s=96&d=mm&r=g\",\"caption\":\"Daouda\"},\"sameAs\":[\"https:\/\/www.nettali.com\"]}]}<\/script>\n<!-- \/ Yoast SEO Premium plugin. -->","yoast_head_json":{"title":"AFFAIRE AMADOU SALL - Waly Seck bri\u00e8vement entendu par le pool judiciaire financier | Nettali.com","robots":{"index":"index","follow":"follow","max-snippet":"max-snippet:-1","max-image-preview":"max-image-preview:large","max-video-preview":"max-video-preview:-1"},"canonical":"https:\/\/www.nettali.com\/2025\/12\/02\/affaire-amadou-sall-waly-seck-brievement-entendu-par-le-pool-judiciaire-financier\/","og_locale":"fr_FR","og_type":"article","og_title":"AFFAIRE AMADOU SALL - Waly Seck bri\u00e8vement entendu par le pool judiciaire financier","og_description":"NETTALI.COM - L\u2019artiste-chanteur Ibrahima Waly Seck a \u00e9t\u00e9 entendu ce matin par le pr\u00e9sident du coll\u00e8ge des juges d\u2019instruction du pool judiciaire financier, Idrissa Diarra, en pr\u00e9sence du procureur de la R\u00e9publique, Ibrahima Faye. L\u2019audition, qui s\u2019inscrit dans le cadre de l\u2019enqu\u00eate dite \u00ab affaire Amadou Sall \u00bb, a dur\u00e9 moins de vingt minutes. Selon [&hellip;]","og_url":"https:\/\/www.nettali.com\/2025\/12\/02\/affaire-amadou-sall-waly-seck-brievement-entendu-par-le-pool-judiciaire-financier\/","og_site_name":"Nettali.com","article_publisher":"https:\/\/www.facebook.com\/nettalicom","article_published_time":"2025-12-02T14:33:40+00:00","article_modified_time":"2025-12-02T17:52:27+00:00","og_image":[{"width":1200,"height":675,"url":"https:\/\/www.nettali.com\/wp-content\/uploads\/2025\/12\/wally-seck.jpg","type":"image\/jpeg"}],"twitter_card":"summary_large_image","twitter_misc":{"\u00c9crit par":"Daouda","Dur\u00e9e de lecture estim\u00e9e":"1 minute"},"schema":{"@context":"https:\/\/schema.org","@graph":[{"@type":"WebSite","@id":"https:\/\/www.nettali.com\/#website","url":"https:\/\/www.nettali.com\/","name":"Nettali.com","description":"Le rendez-vous critique du Net","potentialAction":[{"@type":"SearchAction","target":{"@type":"EntryPoint","urlTemplate":"https:\/\/www.nettali.com\/?s={search_term_string}"},"query-input":"required name=search_term_string"}],"inLanguage":"fr-FR"},{"@type":"ImageObject","@id":"https:\/\/www.nettali.com\/2025\/12\/02\/affaire-amadou-sall-waly-seck-brievement-entendu-par-le-pool-judiciaire-financier\/#primaryimage","inLanguage":"fr-FR","url":"https:\/\/www.nettali.com\/wp-content\/uploads\/2025\/12\/wally-seck.jpg","contentUrl":"https:\/\/www.nettali.com\/wp-content\/uploads\/2025\/12\/wally-seck.jpg","width":1200,"height":675},{"@type":"WebPage","@id":"https:\/\/www.nettali.com\/2025\/12\/02\/affaire-amadou-sall-waly-seck-brievement-entendu-par-le-pool-judiciaire-financier\/#webpage","url":"https:\/\/www.nettali.com\/2025\/12\/02\/affaire-amadou-sall-waly-seck-brievement-entendu-par-le-pool-judiciaire-financier\/","name":"AFFAIRE AMADOU SALL - Waly Seck bri\u00e8vement entendu par le pool judiciaire financier | Nettali.com","isPartOf":{"@id":"https:\/\/www.nettali.com\/#website"},"primaryImageOfPage":{"@id":"https:\/\/www.nettali.com\/2025\/12\/02\/affaire-amadou-sall-waly-seck-brievement-entendu-par-le-pool-judiciaire-financier\/#primaryimage"},"datePublished":"2025-12-02T14:33:40+00:00","dateModified":"2025-12-02T17:52:27+00:00","author":{"@id":"https:\/\/www.nettali.com\/#\/schema\/person\/3317e0bb3aa1da309fbf7b2780901bf4"},"breadcrumb":{"@id":"https:\/\/www.nettali.com\/2025\/12\/02\/affaire-amadou-sall-waly-seck-brievement-entendu-par-le-pool-judiciaire-financier\/#breadcrumb"},"inLanguage":"fr-FR","potentialAction":[{"@type":"ReadAction","target":["https:\/\/www.nettali.com\/2025\/12\/02\/affaire-amadou-sall-waly-seck-brievement-entendu-par-le-pool-judiciaire-financier\/"]}]},{"@type":"BreadcrumbList","@id":"https:\/\/www.nettali.com\/2025\/12\/02\/affaire-amadou-sall-waly-seck-brievement-entendu-par-le-pool-judiciaire-financier\/#breadcrumb","itemListElement":[{"@type":"ListItem","position":1,"name":"Accueil","item":"https:\/\/www.nettali.com\/"},{"@type":"ListItem","position":2,"name":"AFFAIRE AMADOU SALL - Waly Seck bri\u00e8vement entendu par le pool judiciaire financier"}]},{"@type":"Person","@id":"https:\/\/www.nettali.com\/#\/schema\/person\/3317e0bb3aa1da309fbf7b2780901bf4","name":"Daouda","image":{"@type":"ImageObject","@id":"https:\/\/www.nettali.com\/#personlogo","inLanguage":"fr-FR","url":"https:\/\/secure.gravatar.com\/avatar\/8d143b5a49345098ddcfee1c49c2f47c?s=96&d=mm&r=g","contentUrl":"https:\/\/secure.gravatar.com\/avatar\/8d143b5a49345098ddcfee1c49c2f47c?s=96&d=mm&r=g","caption":"Daouda"},"sameAs":["https:\/\/www.nettali.com"]}]}},"_links":{"self":[{"href":"https:\/\/www.nettali.com\/rest\/wp\/v2\/posts\/165670"}],"collection":[{"href":"https:\/\/www.nettali.com\/rest\/wp\/v2\/posts"}],"about":[{"href":"https:\/\/www.nettali.com\/rest\/wp\/v2\/types\/post"}],"author":[{"embeddable":true,"href":"https:\/\/www.nettali.com\/rest\/wp\/v2\/users\/4"}],"replies":[{"embeddable":true,"href":"https:\/\/www.nettali.com\/rest\/wp\/v2\/comments?post=165670"}],"version-history":[{"count":1,"href":"https:\/\/www.nettali.com\/rest\/wp\/v2\/posts\/165670\/revisions"}],"predecessor-version":[{"id":165672,"href":"https:\/\/www.nettali.com\/rest\/wp\/v2\/posts\/165670\/revisions\/165672"}],"wp:featuredmedia":[{"embeddable":true,"href":"https:\/\/www.nettali.com\/rest\/wp\/v2\/media\/165671"}],"wp:attachment":[{"href":"https:\/\/www.nettali.com\/rest\/wp\/v2\/media?parent=165670"}],"wp:term":[{"taxonomy":"category","embeddable":true,"href":"https:\/\/www.nettali.com\/rest\/wp\/v2\/categories?post=165670"},{"taxonomy":"post_tag","embeddable":true,"href":"https:\/\/www.nettali.com\/rest\/wp\/v2\/tags?post=165670"}],"curies":[{"name":"wp","href":"https:\/\/api.w.org\/{rel}","templated":true}]}}