{"id":165668,"date":"2025-12-02T16:54:22","date_gmt":"2025-12-02T16:54:22","guid":{"rendered":"https:\/\/www.nettali.com\/?p=165668"},"modified":"2025-12-02T17:49:47","modified_gmt":"2025-12-02T17:49:47","slug":"assemblee-ce-que-el-malick-compte-faire-contre-les-deputes-absenteistes","status":"publish","type":"post","link":"https:\/\/www.nettali.com\/2025\/12\/02\/assemblee-ce-que-el-malick-compte-faire-contre-les-deputes-absenteistes\/","title":{"rendered":"ASSEMBLEE - Ce que El Malick compte faire contre les d\u00e9put\u00e9s absent\u00e9istes"},"content":{"rendered":"<p data-start=\"166\" data-end=\"553\"><strong>NETTALI.COM - Une s\u00e9ance mouvement\u00e9e s\u2019est tenue hier \u00e0 l\u2019Assembl\u00e9e nationale, o\u00f9 une d\u00e9put\u00e9e de la majorit\u00e9 a \u00e9lev\u00e9 la voix contre ce qu\u2019elle qualifie d\u2019\u00ab indiscipline chronique \u00bb au sein de l\u2019h\u00e9micycle. En pr\u00e9sence du pr\u00e9sident de l\u2019institution, El Malick Ndiaye, l\u2019\u00e9lue a d\u00e9nonc\u00e9 avec virulence l\u2019absent\u00e9isme et les retards r\u00e9p\u00e9t\u00e9s de plusieurs parlementaires, principalement issus de l\u2019opposition.<\/strong><\/p>\n<p data-start=\"555\" data-end=\"803\"><em>\u00ab Cela me fait mal et je le r\u00e9p\u00e9terai chaque fois que je prendrai la parole \u00bb<\/em>, a-t-elle d\u00e9clar\u00e9, visiblement exasp\u00e9r\u00e9e. Selon elle, certains d\u00e9put\u00e9s de l\u2019opposition <em>\u00ab ne respectent ni l\u2019institution ni les citoyens qui leur ont confi\u00e9 un mandat \u00bb<\/em>.<\/p>\n<p data-start=\"805\" data-end=\"1187\">Elle affirme que ces \u00e9lus brillent par leurs retards fr\u00e9quents ou leurs passages \u00e9clairs au Parlement. <em>\u00ab Soit ils ne viennent pas, soit ils arrivent uniquement pour prendre la parole avant de repartir. Quand la s\u00e9ance d\u00e9marre \u00e0 9 heures, ils arrivent \u00e0 11 heures. Et le soir, ils ne sont jamais l\u00e0, pendant que les d\u00e9put\u00e9s de la majorit\u00e9 si\u00e8gent de 9 h \u00e0 minuit \u00bb<\/em>, a-t-elle insist\u00e9.<\/p>\n<p data-start=\"1189\" data-end=\"1433\">Face \u00e0 ce qu\u2019elle consid\u00e8re comme des comportements \u00ab inadmissibles \u00bb, la d\u00e9put\u00e9e a appel\u00e9 le bureau de l\u2019Assembl\u00e9e \u00e0 prendre des mesures strictes pour mettre fin \u00e0 ces d\u00e9rives qui, selon elle, nuisent au fonctionnement normal de l\u2019institution.<\/p>\n<p data-start=\"1435\" data-end=\"1751\">R\u00e9agissant \u00e0 cette interpellation, le pr\u00e9sident de l\u2019Assembl\u00e9e nationale, El Malick Ndiaye, a assur\u00e9 que des directives sont d\u00e9j\u00e0 pr\u00eates pour renforcer la discipline, la pr\u00e9sence effective et l\u2019organisation interne des travaux parlementaires. Leur application devrait entrer en vigueur prochainement, a-t-il pr\u00e9cis\u00e9.<\/p>\n<div class='share-to-whatsapp-wrapper'><div class='share-on-whsp'>PARTAGER SUR : <\/div><a data-text='ASSEMBLEE - Ce que El Malick compte faire contre les d\u00e9put\u00e9s absent\u00e9istes' data-link='https:\/\/www.nettali.com\/2025\/12\/02\/assemblee-ce-que-el-malick-compte-faire-contre-les-deputes-absenteistes\/' class='whatsapp-button whatsapp-share'>WhatsApp<\/a><div class='clear '><\/div><\/div>","protected":false},"excerpt":{"rendered":"<p>NETTALI.COM - Une s\u00e9ance mouvement\u00e9e s\u2019est tenue hier \u00e0 l\u2019Assembl\u00e9e nationale, o\u00f9 une d\u00e9put\u00e9e de la majorit\u00e9 a \u00e9lev\u00e9 la voix contre ce qu\u2019elle qualifie d\u2019\u00ab indiscipline chronique \u00bb au sein de l\u2019h\u00e9micycle. En pr\u00e9sence du pr\u00e9sident de l\u2019institution, El Malick Ndiaye, l\u2019\u00e9lue a d\u00e9nonc\u00e9 avec virulence l\u2019absent\u00e9isme et les retards r\u00e9p\u00e9t\u00e9s de plusieurs parlementaires, [&hellip;]<\/p>\n","protected":false},"author":4,"featured_media":156748,"comment_status":"open","ping_status":"open","sticky":false,"template":"","format":"standard","meta":{"_et_pb_use_builder":"","_et_pb_old_content":""},"categories":[2],"tags":[],"yoast_head":"<!-- This site is optimized with the Yoast SEO Premium plugin v17.8 (Yoast SEO v17.8) - https:\/\/yoast.com\/wordpress\/plugins\/seo\/ -->\n<title>ASSEMBLEE - Ce que El Malick compte faire contre les d\u00e9put\u00e9s absent\u00e9istes | Nettali.com<\/title>\n<meta name=\"robots\" content=\"index, follow, max-snippet:-1, max-image-preview:large, max-video-preview:-1\" \/>\n<link rel=\"canonical\" href=\"https:\/\/www.nettali.com\/2025\/12\/02\/assemblee-ce-que-el-malick-compte-faire-contre-les-deputes-absenteistes\/\" \/>\n<meta property=\"og:locale\" content=\"fr_FR\" \/>\n<meta property=\"og:type\" content=\"article\" \/>\n<meta property=\"og:title\" content=\"ASSEMBLEE - Ce que El Malick compte faire contre les d\u00e9put\u00e9s absent\u00e9istes\" \/>\n<meta property=\"og:description\" content=\"NETTALI.COM - Une s\u00e9ance mouvement\u00e9e s\u2019est tenue hier \u00e0 l\u2019Assembl\u00e9e nationale, o\u00f9 une d\u00e9put\u00e9e de la majorit\u00e9 a \u00e9lev\u00e9 la voix contre ce qu\u2019elle qualifie d\u2019\u00ab indiscipline chronique \u00bb au sein de l\u2019h\u00e9micycle. En pr\u00e9sence du pr\u00e9sident de l\u2019institution, El Malick Ndiaye, l\u2019\u00e9lue a d\u00e9nonc\u00e9 avec virulence l\u2019absent\u00e9isme et les retards r\u00e9p\u00e9t\u00e9s de plusieurs parlementaires, [&hellip;]\" \/>\n<meta property=\"og:url\" content=\"https:\/\/www.nettali.com\/2025\/12\/02\/assemblee-ce-que-el-malick-compte-faire-contre-les-deputes-absenteistes\/\" \/>\n<meta property=\"og:site_name\" content=\"Nettali.com\" \/>\n<meta property=\"article:publisher\" content=\"https:\/\/www.facebook.com\/nettalicom\" \/>\n<meta property=\"article:published_time\" content=\"2025-12-02T16:54:22+00:00\" \/>\n<meta property=\"article:modified_time\" content=\"2025-12-02T17:49:47+00:00\" \/>\n<meta property=\"og:image\" content=\"https:\/\/www.nettali.com\/wp-content\/uploads\/2025\/07\/el-malick-ndiaye-1.jpg\" \/>\n\t<meta property=\"og:image:width\" content=\"868\" \/>\n\t<meta property=\"og:image:height\" content=\"511\" \/>\n<meta name=\"twitter:card\" content=\"summary_large_image\" \/>\n<meta name=\"twitter:label1\" content=\"\u00c9crit par\" \/>\n\t<meta name=\"twitter:data1\" content=\"Daouda\" \/>\n\t<meta name=\"twitter:label2\" content=\"Dur\u00e9e de lecture estim\u00e9e\" \/>\n\t<meta name=\"twitter:data2\" content=\"1 minute\" \/>\n<script type=\"application\/ld+json\" class=\"yoast-schema-graph\">{\"@context\":\"https:\/\/schema.org\",\"@graph\":[{\"@type\":\"WebSite\",\"@id\":\"https:\/\/www.nettali.com\/#website\",\"url\":\"https:\/\/www.nettali.com\/\",\"name\":\"Nettali.com\",\"description\":\"Le rendez-vous critique du Net\",\"potentialAction\":[{\"@type\":\"SearchAction\",\"target\":{\"@type\":\"EntryPoint\",\"urlTemplate\":\"https:\/\/www.nettali.com\/?s={search_term_string}\"},\"query-input\":\"required name=search_term_string\"}],\"inLanguage\":\"fr-FR\"},{\"@type\":\"ImageObject\",\"@id\":\"https:\/\/www.nettali.com\/2025\/12\/02\/assemblee-ce-que-el-malick-compte-faire-contre-les-deputes-absenteistes\/#primaryimage\",\"inLanguage\":\"fr-FR\",\"url\":\"https:\/\/www.nettali.com\/wp-content\/uploads\/2025\/07\/el-malick-ndiaye-1.jpg\",\"contentUrl\":\"https:\/\/www.nettali.com\/wp-content\/uploads\/2025\/07\/el-malick-ndiaye-1.jpg\",\"width\":868,\"height\":511},{\"@type\":\"WebPage\",\"@id\":\"https:\/\/www.nettali.com\/2025\/12\/02\/assemblee-ce-que-el-malick-compte-faire-contre-les-deputes-absenteistes\/#webpage\",\"url\":\"https:\/\/www.nettali.com\/2025\/12\/02\/assemblee-ce-que-el-malick-compte-faire-contre-les-deputes-absenteistes\/\",\"name\":\"ASSEMBLEE - Ce que El Malick compte faire contre les d\\u00e9put\\u00e9s absent\\u00e9istes | Nettali.com\",\"isPartOf\":{\"@id\":\"https:\/\/www.nettali.com\/#website\"},\"primaryImageOfPage\":{\"@id\":\"https:\/\/www.nettali.com\/2025\/12\/02\/assemblee-ce-que-el-malick-compte-faire-contre-les-deputes-absenteistes\/#primaryimage\"},\"datePublished\":\"2025-12-02T16:54:22+00:00\",\"dateModified\":\"2025-12-02T17:49:47+00:00\",\"author\":{\"@id\":\"https:\/\/www.nettali.com\/#\/schema\/person\/3317e0bb3aa1da309fbf7b2780901bf4\"},\"breadcrumb\":{\"@id\":\"https:\/\/www.nettali.com\/2025\/12\/02\/assemblee-ce-que-el-malick-compte-faire-contre-les-deputes-absenteistes\/#breadcrumb\"},\"inLanguage\":\"fr-FR\",\"potentialAction\":[{\"@type\":\"ReadAction\",\"target\":[\"https:\/\/www.nettali.com\/2025\/12\/02\/assemblee-ce-que-el-malick-compte-faire-contre-les-deputes-absenteistes\/\"]}]},{\"@type\":\"BreadcrumbList\",\"@id\":\"https:\/\/www.nettali.com\/2025\/12\/02\/assemblee-ce-que-el-malick-compte-faire-contre-les-deputes-absenteistes\/#breadcrumb\",\"itemListElement\":[{\"@type\":\"ListItem\",\"position\":1,\"name\":\"Accueil\",\"item\":\"https:\/\/www.nettali.com\/\"},{\"@type\":\"ListItem\",\"position\":2,\"name\":\"ASSEMBLEE - Ce que El Malick compte faire contre les d\\u00e9put\\u00e9s absent\\u00e9istes\"}]},{\"@type\":\"Person\",\"@id\":\"https:\/\/www.nettali.com\/#\/schema\/person\/3317e0bb3aa1da309fbf7b2780901bf4\",\"name\":\"Daouda\",\"image\":{\"@type\":\"ImageObject\",\"@id\":\"https:\/\/www.nettali.com\/#personlogo\",\"inLanguage\":\"fr-FR\",\"url\":\"https:\/\/secure.gravatar.com\/avatar\/8d143b5a49345098ddcfee1c49c2f47c?s=96&d=mm&r=g\",\"contentUrl\":\"https:\/\/secure.gravatar.com\/avatar\/8d143b5a49345098ddcfee1c49c2f47c?s=96&d=mm&r=g\",\"caption\":\"Daouda\"},\"sameAs\":[\"https:\/\/www.nettali.com\"]}]}<\/script>\n<!-- \/ Yoast SEO Premium plugin. -->","yoast_head_json":{"title":"ASSEMBLEE - Ce que El Malick compte faire contre les d\u00e9put\u00e9s absent\u00e9istes | Nettali.com","robots":{"index":"index","follow":"follow","max-snippet":"max-snippet:-1","max-image-preview":"max-image-preview:large","max-video-preview":"max-video-preview:-1"},"canonical":"https:\/\/www.nettali.com\/2025\/12\/02\/assemblee-ce-que-el-malick-compte-faire-contre-les-deputes-absenteistes\/","og_locale":"fr_FR","og_type":"article","og_title":"ASSEMBLEE - Ce que El Malick compte faire contre les d\u00e9put\u00e9s absent\u00e9istes","og_description":"NETTALI.COM - Une s\u00e9ance mouvement\u00e9e s\u2019est tenue hier \u00e0 l\u2019Assembl\u00e9e nationale, o\u00f9 une d\u00e9put\u00e9e de la majorit\u00e9 a \u00e9lev\u00e9 la voix contre ce qu\u2019elle qualifie d\u2019\u00ab indiscipline chronique \u00bb au sein de l\u2019h\u00e9micycle. En pr\u00e9sence du pr\u00e9sident de l\u2019institution, El Malick Ndiaye, l\u2019\u00e9lue a d\u00e9nonc\u00e9 avec virulence l\u2019absent\u00e9isme et les retards r\u00e9p\u00e9t\u00e9s de plusieurs parlementaires, [&hellip;]","og_url":"https:\/\/www.nettali.com\/2025\/12\/02\/assemblee-ce-que-el-malick-compte-faire-contre-les-deputes-absenteistes\/","og_site_name":"Nettali.com","article_publisher":"https:\/\/www.facebook.com\/nettalicom","article_published_time":"2025-12-02T16:54:22+00:00","article_modified_time":"2025-12-02T17:49:47+00:00","og_image":[{"width":868,"height":511,"url":"https:\/\/www.nettali.com\/wp-content\/uploads\/2025\/07\/el-malick-ndiaye-1.jpg","type":"image\/jpeg"}],"twitter_card":"summary_large_image","twitter_misc":{"\u00c9crit par":"Daouda","Dur\u00e9e de lecture estim\u00e9e":"1 minute"},"schema":{"@context":"https:\/\/schema.org","@graph":[{"@type":"WebSite","@id":"https:\/\/www.nettali.com\/#website","url":"https:\/\/www.nettali.com\/","name":"Nettali.com","description":"Le rendez-vous critique du Net","potentialAction":[{"@type":"SearchAction","target":{"@type":"EntryPoint","urlTemplate":"https:\/\/www.nettali.com\/?s={search_term_string}"},"query-input":"required name=search_term_string"}],"inLanguage":"fr-FR"},{"@type":"ImageObject","@id":"https:\/\/www.nettali.com\/2025\/12\/02\/assemblee-ce-que-el-malick-compte-faire-contre-les-deputes-absenteistes\/#primaryimage","inLanguage":"fr-FR","url":"https:\/\/www.nettali.com\/wp-content\/uploads\/2025\/07\/el-malick-ndiaye-1.jpg","contentUrl":"https:\/\/www.nettali.com\/wp-content\/uploads\/2025\/07\/el-malick-ndiaye-1.jpg","width":868,"height":511},{"@type":"WebPage","@id":"https:\/\/www.nettali.com\/2025\/12\/02\/assemblee-ce-que-el-malick-compte-faire-contre-les-deputes-absenteistes\/#webpage","url":"https:\/\/www.nettali.com\/2025\/12\/02\/assemblee-ce-que-el-malick-compte-faire-contre-les-deputes-absenteistes\/","name":"ASSEMBLEE - Ce que El Malick compte faire contre les d\u00e9put\u00e9s absent\u00e9istes | Nettali.com","isPartOf":{"@id":"https:\/\/www.nettali.com\/#website"},"primaryImageOfPage":{"@id":"https:\/\/www.nettali.com\/2025\/12\/02\/assemblee-ce-que-el-malick-compte-faire-contre-les-deputes-absenteistes\/#primaryimage"},"datePublished":"2025-12-02T16:54:22+00:00","dateModified":"2025-12-02T17:49:47+00:00","author":{"@id":"https:\/\/www.nettali.com\/#\/schema\/person\/3317e0bb3aa1da309fbf7b2780901bf4"},"breadcrumb":{"@id":"https:\/\/www.nettali.com\/2025\/12\/02\/assemblee-ce-que-el-malick-compte-faire-contre-les-deputes-absenteistes\/#breadcrumb"},"inLanguage":"fr-FR","potentialAction":[{"@type":"ReadAction","target":["https:\/\/www.nettali.com\/2025\/12\/02\/assemblee-ce-que-el-malick-compte-faire-contre-les-deputes-absenteistes\/"]}]},{"@type":"BreadcrumbList","@id":"https:\/\/www.nettali.com\/2025\/12\/02\/assemblee-ce-que-el-malick-compte-faire-contre-les-deputes-absenteistes\/#breadcrumb","itemListElement":[{"@type":"ListItem","position":1,"name":"Accueil","item":"https:\/\/www.nettali.com\/"},{"@type":"ListItem","position":2,"name":"ASSEMBLEE - Ce que El Malick compte faire contre les d\u00e9put\u00e9s absent\u00e9istes"}]},{"@type":"Person","@id":"https:\/\/www.nettali.com\/#\/schema\/person\/3317e0bb3aa1da309fbf7b2780901bf4","name":"Daouda","image":{"@type":"ImageObject","@id":"https:\/\/www.nettali.com\/#personlogo","inLanguage":"fr-FR","url":"https:\/\/secure.gravatar.com\/avatar\/8d143b5a49345098ddcfee1c49c2f47c?s=96&d=mm&r=g","contentUrl":"https:\/\/secure.gravatar.com\/avatar\/8d143b5a49345098ddcfee1c49c2f47c?s=96&d=mm&r=g","caption":"Daouda"},"sameAs":["https:\/\/www.nettali.com"]}]}},"_links":{"self":[{"href":"https:\/\/www.nettali.com\/rest\/wp\/v2\/posts\/165668"}],"collection":[{"href":"https:\/\/www.nettali.com\/rest\/wp\/v2\/posts"}],"about":[{"href":"https:\/\/www.nettali.com\/rest\/wp\/v2\/types\/post"}],"author":[{"embeddable":true,"href":"https:\/\/www.nettali.com\/rest\/wp\/v2\/users\/4"}],"replies":[{"embeddable":true,"href":"https:\/\/www.nettali.com\/rest\/wp\/v2\/comments?post=165668"}],"version-history":[{"count":1,"href":"https:\/\/www.nettali.com\/rest\/wp\/v2\/posts\/165668\/revisions"}],"predecessor-version":[{"id":165669,"href":"https:\/\/www.nettali.com\/rest\/wp\/v2\/posts\/165668\/revisions\/165669"}],"wp:featuredmedia":[{"embeddable":true,"href":"https:\/\/www.nettali.com\/rest\/wp\/v2\/media\/156748"}],"wp:attachment":[{"href":"https:\/\/www.nettali.com\/rest\/wp\/v2\/media?parent=165668"}],"wp:term":[{"taxonomy":"category","embeddable":true,"href":"https:\/\/www.nettali.com\/rest\/wp\/v2\/categories?post=165668"},{"taxonomy":"post_tag","embeddable":true,"href":"https:\/\/www.nettali.com\/rest\/wp\/v2\/tags?post=165668"}],"curies":[{"name":"wp","href":"https:\/\/api.w.org\/{rel}","templated":true}]}}