{"id":165650,"date":"2025-12-02T10:20:15","date_gmt":"2025-12-02T10:20:15","guid":{"rendered":"https:\/\/www.nettali.com\/?p=165650"},"modified":"2025-12-02T08:20:47","modified_gmt":"2025-12-02T08:20:47","slug":"cameroun-onana-et-abubakar-zappes-pour-la-can","status":"publish","type":"post","link":"https:\/\/www.nettali.com\/2025\/12\/02\/cameroun-onana-et-abubakar-zappes-pour-la-can\/","title":{"rendered":"CAMEROUN - Onana et Abubakar zapp\u00e9s pour la CAN"},"content":{"rendered":"<div align=\"left\">\n<p dir=\"ltr\"><strong>NETTALI.COM - A quelques semaines du d\u00e9but de la Coupe d\u2019Afrique des Nations au Maroc (du 21 d\u00e9cembre au 18 janvier), le Cameroun a d\u00e9voil\u00e9 une liste de 28 joueurs avec quelques surprises. Certaines stars des Lions indomptables, dont Vincent Aboubakar et Andr\u00e9 Onana, ne seront pas du voyage.<\/strong><\/p>\n<p dir=\"ltr\">La CAN 2025 n\u2019a pas encore commenc\u00e9 qu\u2019elle r\u00e9serve d\u00e9j\u00e0 des surprises. Et le Cameroun pourrait bien jouer les premiers r\u00f4les. Quelques heures apr\u00e8s avoir vir\u00e9 le s\u00e9lectionneur Marc Brys, la F\u00e9d\u00e9ration camerounaise a publi\u00e9 sur ses r\u00e9seaux sociaux la liste des 28 joueurs convoqu\u00e9s par son rempla\u00e7ant David Pagou qui s\u2019envoleront au Maroc \u00e0 partir du 21 d\u00e9cembre.<\/p>\n<p dir=\"ltr\">Plusieurs noms manquent \u00e0 l\u2019appel, \u00e0 l\u2019image du gardien embl\u00e9matique des Lions Indomptables Andr\u00e9 Onana (29 ans, 53 s\u00e9lections, Trabzonspor), au m\u00eame titre que le buteur Vincent Aboubakar (117 s\u00e9lections), pourtant consid\u00e9r\u00e9 comme un taulier malgr\u00e9 ses 33 ans. Touch\u00e9 \u00e0 une cuisse d\u00e9but novembre, Andr\u00e9-Frank Zambo Anguissa est lui forfait.<\/p>\n<p dir=\"ltr\">Bryan Mbeumo de Manchester United s\u2019apparente donc comme le leader d\u2019une \u00e9quipe qui n\u2019a plus gagn\u00e9 la CAN depuis 2017. Des nouveaux joueurs vont toutefois avoir l\u2019honneur de porter le maillot national, avec notamment Junior Dina-Ebimbe (Brest) et Christian Kofane (Bayer Leverkusen).<\/p>\n<p dir=\"ltr\">\"<em>Le football, c\u2019est la jeunesse. Jeunesse ne rime pas toujours avec inexp\u00e9rience. Jeunesse peut rimer avec la qualit\u00e9, la maturit\u00e9 [\u2026] Il y a Nyamsi Gerzino, des jeunes qui sont fiers de venir servir le Cameroun<\/em>\", a notamment expliqu\u00e9 le nouveau s\u00e9lectionneur en conf\u00e9rence de presse.<\/p>\n<p dir=\"ltr\">A rappeler que le Cameroun affrontera la C\u00f4t\u00e9 d\u2019Ivoire, le Mozambique et le Gabon dans le groupe F de la comp\u00e9tition et tentera de faire mieux que son huiti\u00e8me de finale en 2023.<\/p>\n<\/div>\n<div class='share-to-whatsapp-wrapper'><div class='share-on-whsp'>PARTAGER SUR : <\/div><a data-text='CAMEROUN - Onana et Abubakar zapp\u00e9s pour la CAN' data-link='https:\/\/www.nettali.com\/2025\/12\/02\/cameroun-onana-et-abubakar-zappes-pour-la-can\/' class='whatsapp-button whatsapp-share'>WhatsApp<\/a><div class='clear '><\/div><\/div>","protected":false},"excerpt":{"rendered":"<p>NETTALI.COM - A quelques semaines du d\u00e9but de la Coupe d\u2019Afrique des Nations au Maroc (du 21 d\u00e9cembre au 18 janvier), le Cameroun a d\u00e9voil\u00e9 une liste de 28 joueurs avec quelques surprises. Certaines stars des Lions indomptables, dont Vincent Aboubakar et Andr\u00e9 Onana, ne seront pas du voyage. La CAN 2025 n\u2019a pas encore [&hellip;]<\/p>\n","protected":false},"author":5,"featured_media":165651,"comment_status":"open","ping_status":"open","sticky":false,"template":"","format":"standard","meta":{"_et_pb_use_builder":"","_et_pb_old_content":""},"categories":[6],"tags":[],"yoast_head":"<!-- This site is optimized with the Yoast SEO Premium plugin v17.8 (Yoast SEO v17.8) - https:\/\/yoast.com\/wordpress\/plugins\/seo\/ -->\n<title>CAMEROUN - Onana et Abubakar zapp\u00e9s pour la CAN | Nettali.com<\/title>\n<meta name=\"robots\" content=\"index, follow, max-snippet:-1, max-image-preview:large, max-video-preview:-1\" \/>\n<link rel=\"canonical\" href=\"https:\/\/www.nettali.com\/2025\/12\/02\/cameroun-onana-et-abubakar-zappes-pour-la-can\/\" \/>\n<meta property=\"og:locale\" content=\"fr_FR\" \/>\n<meta property=\"og:type\" content=\"article\" \/>\n<meta property=\"og:title\" content=\"CAMEROUN - Onana et Abubakar zapp\u00e9s pour la CAN\" \/>\n<meta property=\"og:description\" content=\"NETTALI.COM - A quelques semaines du d\u00e9but de la Coupe d\u2019Afrique des Nations au Maroc (du 21 d\u00e9cembre au 18 janvier), le Cameroun a d\u00e9voil\u00e9 une liste de 28 joueurs avec quelques surprises. Certaines stars des Lions indomptables, dont Vincent Aboubakar et Andr\u00e9 Onana, ne seront pas du voyage. La CAN 2025 n\u2019a pas encore [&hellip;]\" \/>\n<meta property=\"og:url\" content=\"https:\/\/www.nettali.com\/2025\/12\/02\/cameroun-onana-et-abubakar-zappes-pour-la-can\/\" \/>\n<meta property=\"og:site_name\" content=\"Nettali.com\" \/>\n<meta property=\"article:publisher\" content=\"https:\/\/www.facebook.com\/nettalicom\" \/>\n<meta property=\"article:published_time\" content=\"2025-12-02T10:20:15+00:00\" \/>\n<meta property=\"article:modified_time\" content=\"2025-12-02T08:20:47+00:00\" \/>\n<meta property=\"og:image\" content=\"https:\/\/www.nettali.com\/wp-content\/uploads\/2025\/12\/FB_IMG_1764662101238.jpg\" \/>\n\t<meta property=\"og:image:width\" content=\"807\" \/>\n\t<meta property=\"og:image:height\" content=\"563\" \/>\n<meta name=\"twitter:card\" content=\"summary_large_image\" \/>\n<meta name=\"twitter:label1\" content=\"\u00c9crit par\" \/>\n\t<meta name=\"twitter:data1\" content=\"Ibrahima\" \/>\n\t<meta name=\"twitter:label2\" content=\"Dur\u00e9e de lecture estim\u00e9e\" \/>\n\t<meta name=\"twitter:data2\" content=\"2 minutes\" \/>\n<script type=\"application\/ld+json\" class=\"yoast-schema-graph\">{\"@context\":\"https:\/\/schema.org\",\"@graph\":[{\"@type\":\"WebSite\",\"@id\":\"https:\/\/www.nettali.com\/#website\",\"url\":\"https:\/\/www.nettali.com\/\",\"name\":\"Nettali.com\",\"description\":\"Le rendez-vous critique du Net\",\"potentialAction\":[{\"@type\":\"SearchAction\",\"target\":{\"@type\":\"EntryPoint\",\"urlTemplate\":\"https:\/\/www.nettali.com\/?s={search_term_string}\"},\"query-input\":\"required name=search_term_string\"}],\"inLanguage\":\"fr-FR\"},{\"@type\":\"ImageObject\",\"@id\":\"https:\/\/www.nettali.com\/2025\/12\/02\/cameroun-onana-et-abubakar-zappes-pour-la-can\/#primaryimage\",\"inLanguage\":\"fr-FR\",\"url\":\"https:\/\/www.nettali.com\/wp-content\/uploads\/2025\/12\/FB_IMG_1764662101238.jpg\",\"contentUrl\":\"https:\/\/www.nettali.com\/wp-content\/uploads\/2025\/12\/FB_IMG_1764662101238.jpg\",\"width\":807,\"height\":563},{\"@type\":\"WebPage\",\"@id\":\"https:\/\/www.nettali.com\/2025\/12\/02\/cameroun-onana-et-abubakar-zappes-pour-la-can\/#webpage\",\"url\":\"https:\/\/www.nettali.com\/2025\/12\/02\/cameroun-onana-et-abubakar-zappes-pour-la-can\/\",\"name\":\"CAMEROUN - Onana et Abubakar zapp\\u00e9s pour la CAN | Nettali.com\",\"isPartOf\":{\"@id\":\"https:\/\/www.nettali.com\/#website\"},\"primaryImageOfPage\":{\"@id\":\"https:\/\/www.nettali.com\/2025\/12\/02\/cameroun-onana-et-abubakar-zappes-pour-la-can\/#primaryimage\"},\"datePublished\":\"2025-12-02T10:20:15+00:00\",\"dateModified\":\"2025-12-02T08:20:47+00:00\",\"author\":{\"@id\":\"https:\/\/www.nettali.com\/#\/schema\/person\/bb147657c2986240405a608162b9bb23\"},\"breadcrumb\":{\"@id\":\"https:\/\/www.nettali.com\/2025\/12\/02\/cameroun-onana-et-abubakar-zappes-pour-la-can\/#breadcrumb\"},\"inLanguage\":\"fr-FR\",\"potentialAction\":[{\"@type\":\"ReadAction\",\"target\":[\"https:\/\/www.nettali.com\/2025\/12\/02\/cameroun-onana-et-abubakar-zappes-pour-la-can\/\"]}]},{\"@type\":\"BreadcrumbList\",\"@id\":\"https:\/\/www.nettali.com\/2025\/12\/02\/cameroun-onana-et-abubakar-zappes-pour-la-can\/#breadcrumb\",\"itemListElement\":[{\"@type\":\"ListItem\",\"position\":1,\"name\":\"Accueil\",\"item\":\"https:\/\/www.nettali.com\/\"},{\"@type\":\"ListItem\",\"position\":2,\"name\":\"CAMEROUN - Onana et Abubakar zapp\\u00e9s pour la CAN\"}]},{\"@type\":\"Person\",\"@id\":\"https:\/\/www.nettali.com\/#\/schema\/person\/bb147657c2986240405a608162b9bb23\",\"name\":\"Ibrahima\",\"image\":{\"@type\":\"ImageObject\",\"@id\":\"https:\/\/www.nettali.com\/#personlogo\",\"inLanguage\":\"fr-FR\",\"url\":\"https:\/\/secure.gravatar.com\/avatar\/26a8a81f09f0dd7624c9d5c36c9ba3a2?s=96&d=mm&r=g\",\"contentUrl\":\"https:\/\/secure.gravatar.com\/avatar\/26a8a81f09f0dd7624c9d5c36c9ba3a2?s=96&d=mm&r=g\",\"caption\":\"Ibrahima\"},\"sameAs\":[\"https:\/\/www.nettali.com\"]}]}<\/script>\n<!-- \/ Yoast SEO Premium plugin. -->","yoast_head_json":{"title":"CAMEROUN - Onana et Abubakar zapp\u00e9s pour la CAN | Nettali.com","robots":{"index":"index","follow":"follow","max-snippet":"max-snippet:-1","max-image-preview":"max-image-preview:large","max-video-preview":"max-video-preview:-1"},"canonical":"https:\/\/www.nettali.com\/2025\/12\/02\/cameroun-onana-et-abubakar-zappes-pour-la-can\/","og_locale":"fr_FR","og_type":"article","og_title":"CAMEROUN - Onana et Abubakar zapp\u00e9s pour la CAN","og_description":"NETTALI.COM - A quelques semaines du d\u00e9but de la Coupe d\u2019Afrique des Nations au Maroc (du 21 d\u00e9cembre au 18 janvier), le Cameroun a d\u00e9voil\u00e9 une liste de 28 joueurs avec quelques surprises. Certaines stars des Lions indomptables, dont Vincent Aboubakar et Andr\u00e9 Onana, ne seront pas du voyage. La CAN 2025 n\u2019a pas encore [&hellip;]","og_url":"https:\/\/www.nettali.com\/2025\/12\/02\/cameroun-onana-et-abubakar-zappes-pour-la-can\/","og_site_name":"Nettali.com","article_publisher":"https:\/\/www.facebook.com\/nettalicom","article_published_time":"2025-12-02T10:20:15+00:00","article_modified_time":"2025-12-02T08:20:47+00:00","og_image":[{"width":807,"height":563,"url":"https:\/\/www.nettali.com\/wp-content\/uploads\/2025\/12\/FB_IMG_1764662101238.jpg","type":"image\/jpeg"}],"twitter_card":"summary_large_image","twitter_misc":{"\u00c9crit par":"Ibrahima","Dur\u00e9e de lecture estim\u00e9e":"2 minutes"},"schema":{"@context":"https:\/\/schema.org","@graph":[{"@type":"WebSite","@id":"https:\/\/www.nettali.com\/#website","url":"https:\/\/www.nettali.com\/","name":"Nettali.com","description":"Le rendez-vous critique du Net","potentialAction":[{"@type":"SearchAction","target":{"@type":"EntryPoint","urlTemplate":"https:\/\/www.nettali.com\/?s={search_term_string}"},"query-input":"required name=search_term_string"}],"inLanguage":"fr-FR"},{"@type":"ImageObject","@id":"https:\/\/www.nettali.com\/2025\/12\/02\/cameroun-onana-et-abubakar-zappes-pour-la-can\/#primaryimage","inLanguage":"fr-FR","url":"https:\/\/www.nettali.com\/wp-content\/uploads\/2025\/12\/FB_IMG_1764662101238.jpg","contentUrl":"https:\/\/www.nettali.com\/wp-content\/uploads\/2025\/12\/FB_IMG_1764662101238.jpg","width":807,"height":563},{"@type":"WebPage","@id":"https:\/\/www.nettali.com\/2025\/12\/02\/cameroun-onana-et-abubakar-zappes-pour-la-can\/#webpage","url":"https:\/\/www.nettali.com\/2025\/12\/02\/cameroun-onana-et-abubakar-zappes-pour-la-can\/","name":"CAMEROUN - Onana et Abubakar zapp\u00e9s pour la CAN | Nettali.com","isPartOf":{"@id":"https:\/\/www.nettali.com\/#website"},"primaryImageOfPage":{"@id":"https:\/\/www.nettali.com\/2025\/12\/02\/cameroun-onana-et-abubakar-zappes-pour-la-can\/#primaryimage"},"datePublished":"2025-12-02T10:20:15+00:00","dateModified":"2025-12-02T08:20:47+00:00","author":{"@id":"https:\/\/www.nettali.com\/#\/schema\/person\/bb147657c2986240405a608162b9bb23"},"breadcrumb":{"@id":"https:\/\/www.nettali.com\/2025\/12\/02\/cameroun-onana-et-abubakar-zappes-pour-la-can\/#breadcrumb"},"inLanguage":"fr-FR","potentialAction":[{"@type":"ReadAction","target":["https:\/\/www.nettali.com\/2025\/12\/02\/cameroun-onana-et-abubakar-zappes-pour-la-can\/"]}]},{"@type":"BreadcrumbList","@id":"https:\/\/www.nettali.com\/2025\/12\/02\/cameroun-onana-et-abubakar-zappes-pour-la-can\/#breadcrumb","itemListElement":[{"@type":"ListItem","position":1,"name":"Accueil","item":"https:\/\/www.nettali.com\/"},{"@type":"ListItem","position":2,"name":"CAMEROUN - Onana et Abubakar zapp\u00e9s pour la CAN"}]},{"@type":"Person","@id":"https:\/\/www.nettali.com\/#\/schema\/person\/bb147657c2986240405a608162b9bb23","name":"Ibrahima","image":{"@type":"ImageObject","@id":"https:\/\/www.nettali.com\/#personlogo","inLanguage":"fr-FR","url":"https:\/\/secure.gravatar.com\/avatar\/26a8a81f09f0dd7624c9d5c36c9ba3a2?s=96&d=mm&r=g","contentUrl":"https:\/\/secure.gravatar.com\/avatar\/26a8a81f09f0dd7624c9d5c36c9ba3a2?s=96&d=mm&r=g","caption":"Ibrahima"},"sameAs":["https:\/\/www.nettali.com"]}]}},"_links":{"self":[{"href":"https:\/\/www.nettali.com\/rest\/wp\/v2\/posts\/165650"}],"collection":[{"href":"https:\/\/www.nettali.com\/rest\/wp\/v2\/posts"}],"about":[{"href":"https:\/\/www.nettali.com\/rest\/wp\/v2\/types\/post"}],"author":[{"embeddable":true,"href":"https:\/\/www.nettali.com\/rest\/wp\/v2\/users\/5"}],"replies":[{"embeddable":true,"href":"https:\/\/www.nettali.com\/rest\/wp\/v2\/comments?post=165650"}],"version-history":[{"count":1,"href":"https:\/\/www.nettali.com\/rest\/wp\/v2\/posts\/165650\/revisions"}],"predecessor-version":[{"id":165653,"href":"https:\/\/www.nettali.com\/rest\/wp\/v2\/posts\/165650\/revisions\/165653"}],"wp:featuredmedia":[{"embeddable":true,"href":"https:\/\/www.nettali.com\/rest\/wp\/v2\/media\/165651"}],"wp:attachment":[{"href":"https:\/\/www.nettali.com\/rest\/wp\/v2\/media?parent=165650"}],"wp:term":[{"taxonomy":"category","embeddable":true,"href":"https:\/\/www.nettali.com\/rest\/wp\/v2\/categories?post=165650"},{"taxonomy":"post_tag","embeddable":true,"href":"https:\/\/www.nettali.com\/rest\/wp\/v2\/tags?post=165650"}],"curies":[{"name":"wp","href":"https:\/\/api.w.org\/{rel}","templated":true}]}}