{"id":165173,"date":"2025-11-22T20:27:46","date_gmt":"2025-11-22T20:27:46","guid":{"rendered":"https:\/\/www.nettali.com\/?p=165173"},"modified":"2025-11-22T20:27:46","modified_gmt":"2025-11-22T20:27:46","slug":"famille-decimee-aux-usa-lidentite-de-lauteur-de-lincendie-revelee","status":"publish","type":"post","link":"https:\/\/www.nettali.com\/2025\/11\/22\/famille-decimee-aux-usa-lidentite-de-lauteur-de-lincendie-revelee\/","title":{"rendered":"FAMILLE D\u00c9CIM\u00c9E AUX USA - L'identit\u00e9 de l'auteur de l'incendie\u00a0r\u00e9v\u00e9l\u00e9e"},"content":{"rendered":"<p><strong>NETTALI.COM - L\u2019enqu\u00eate ouverte apr\u00e8s l\u2019incendie qui a d\u00e9cim\u00e9 une famille s\u00e9n\u00e9galaise \u00e0 Columbus, aux \u00c9tats-Unis, a conclu \u00e0 un acte volontaire. Pire, rapporte Les \u00c9chos, citant des m\u00e9dias am\u00e9ricains : le feu aurait \u00e9t\u00e9 d\u00e9clench\u00e9 par le fils du couple, Cheikh Di\u00e8ye, 25 ans, lui-m\u00eame d\u00e9c\u00e9d\u00e9 dans le drame.<\/strong><\/p>\n<p>L\u2019incendie a co\u00fbt\u00e9 la vie aux parents, Safi\u00e9tou Diop (57 ans) et Mame Di\u00e8ye (61 ans), ainsi qu\u2019\u00e0 leur fils Cheikh. Leurs corps ont \u00e9t\u00e9 retrouv\u00e9s \u00e0 l\u2019\u00e9tage, o\u00f9 ils \u00e9taient coinc\u00e9s. Deux personnes ont toutefois surv\u00e9cu : une femme, qui a saut\u00e9 du deuxi\u00e8me \u00e9tage et se trouve dans un \u00e9tat stable, et un enfant, lanc\u00e9 par la fen\u00eatre avant d\u2019\u00eatre r\u00e9cup\u00e9r\u00e9 par les secours. Ce dernier est toujours dans un \u00e9tat critique.<\/p>\n<p>Selon la m\u00eame source, des images de cam\u00e9ras-pi\u00e9tons montrent les policiers peinant \u00e0 entrer dans la maison, la porte principale semblant bloqu\u00e9e de l\u2019int\u00e9rieur, ce qui a retard\u00e9 l\u2019intervention.<\/p>\n<p>Les \u00c9chos ajoute que les archives ont r\u00e9v\u00e9l\u00e9 pr\u00e8s de vingt appels au 911 en trois ans pour des disputes et troubles domestiques, laissant appara\u00eetre un climat familial particuli\u00e8rement tendu.<\/p>\n<p>L\u2019enqu\u00eate se poursuit afin de d\u00e9terminer le mobile de l\u2019acte. En attendant, pr\u00e9cise le journal, la communaut\u00e9 s\u00e9n\u00e9galaise de Columbus, profond\u00e9ment boulevers\u00e9e, s\u2019est mobilis\u00e9e : pri\u00e8res, rencontres de solidarit\u00e9 et collecte GoFundMe pour soutenir l\u2019enfant hospitalis\u00e9 et pr\u00e9parer, si n\u00e9cessaire, le rapatriement des corps.<\/p>\n<div class='share-to-whatsapp-wrapper'><div class='share-on-whsp'>PARTAGER SUR : <\/div><a data-text='FAMILLE D\u00c9CIM\u00c9E AUX USA - L'identit\u00e9 de l'auteur de l'incendie\u00a0r\u00e9v\u00e9l\u00e9e' data-link='https:\/\/www.nettali.com\/2025\/11\/22\/famille-decimee-aux-usa-lidentite-de-lauteur-de-lincendie-revelee\/' class='whatsapp-button whatsapp-share'>WhatsApp<\/a><div class='clear '><\/div><\/div>","protected":false},"excerpt":{"rendered":"<p>NETTALI.COM - L\u2019enqu\u00eate ouverte apr\u00e8s l\u2019incendie qui a d\u00e9cim\u00e9 une famille s\u00e9n\u00e9galaise \u00e0 Columbus, aux \u00c9tats-Unis, a conclu \u00e0 un acte volontaire. Pire, rapporte Les \u00c9chos, citant des m\u00e9dias am\u00e9ricains : le feu aurait \u00e9t\u00e9 d\u00e9clench\u00e9 par le fils du couple, Cheikh Di\u00e8ye, 25 ans, lui-m\u00eame d\u00e9c\u00e9d\u00e9 dans le drame. L\u2019incendie a co\u00fbt\u00e9 la vie [&hellip;]<\/p>\n","protected":false},"author":5,"featured_media":165174,"comment_status":"open","ping_status":"open","sticky":false,"template":"","format":"standard","meta":{"_et_pb_use_builder":"","_et_pb_old_content":""},"categories":[3],"tags":[],"yoast_head":"<!-- This site is optimized with the Yoast SEO Premium plugin v17.8 (Yoast SEO v17.8) - https:\/\/yoast.com\/wordpress\/plugins\/seo\/ -->\n<title>FAMILLE D\u00c9CIM\u00c9E AUX USA - L&#039;identit\u00e9 de l&#039;auteur de l&#039;incendie\u00a0r\u00e9v\u00e9l\u00e9e | Nettali.com<\/title>\n<meta name=\"robots\" content=\"index, follow, max-snippet:-1, max-image-preview:large, max-video-preview:-1\" \/>\n<link rel=\"canonical\" href=\"https:\/\/www.nettali.com\/2025\/11\/22\/famille-decimee-aux-usa-lidentite-de-lauteur-de-lincendie-revelee\/\" \/>\n<meta property=\"og:locale\" content=\"fr_FR\" \/>\n<meta property=\"og:type\" content=\"article\" \/>\n<meta property=\"og:title\" content=\"FAMILLE D\u00c9CIM\u00c9E AUX USA - L&#039;identit\u00e9 de l&#039;auteur de l&#039;incendie\u00a0r\u00e9v\u00e9l\u00e9e\" \/>\n<meta property=\"og:description\" content=\"NETTALI.COM - L\u2019enqu\u00eate ouverte apr\u00e8s l\u2019incendie qui a d\u00e9cim\u00e9 une famille s\u00e9n\u00e9galaise \u00e0 Columbus, aux \u00c9tats-Unis, a conclu \u00e0 un acte volontaire. Pire, rapporte Les \u00c9chos, citant des m\u00e9dias am\u00e9ricains : le feu aurait \u00e9t\u00e9 d\u00e9clench\u00e9 par le fils du couple, Cheikh Di\u00e8ye, 25 ans, lui-m\u00eame d\u00e9c\u00e9d\u00e9 dans le drame. L\u2019incendie a co\u00fbt\u00e9 la vie [&hellip;]\" \/>\n<meta property=\"og:url\" content=\"https:\/\/www.nettali.com\/2025\/11\/22\/famille-decimee-aux-usa-lidentite-de-lauteur-de-lincendie-revelee\/\" \/>\n<meta property=\"og:site_name\" content=\"Nettali.com\" \/>\n<meta property=\"article:publisher\" content=\"https:\/\/www.facebook.com\/nettalicom\" \/>\n<meta property=\"article:published_time\" content=\"2025-11-22T20:27:46+00:00\" \/>\n<meta property=\"og:image\" content=\"https:\/\/www.nettali.com\/wp-content\/uploads\/2025\/11\/thumb_1260x800_691f216f5c708_LOLoIuZ9T5.jpg\" \/>\n\t<meta property=\"og:image:width\" content=\"1260\" \/>\n\t<meta property=\"og:image:height\" content=\"607\" \/>\n<meta name=\"twitter:card\" content=\"summary_large_image\" \/>\n<meta name=\"twitter:label1\" content=\"\u00c9crit par\" \/>\n\t<meta name=\"twitter:data1\" content=\"Ibrahima\" \/>\n\t<meta name=\"twitter:label2\" content=\"Dur\u00e9e de lecture estim\u00e9e\" \/>\n\t<meta name=\"twitter:data2\" content=\"2 minutes\" \/>\n<script type=\"application\/ld+json\" class=\"yoast-schema-graph\">{\"@context\":\"https:\/\/schema.org\",\"@graph\":[{\"@type\":\"WebSite\",\"@id\":\"https:\/\/www.nettali.com\/#website\",\"url\":\"https:\/\/www.nettali.com\/\",\"name\":\"Nettali.com\",\"description\":\"Le rendez-vous critique du Net\",\"potentialAction\":[{\"@type\":\"SearchAction\",\"target\":{\"@type\":\"EntryPoint\",\"urlTemplate\":\"https:\/\/www.nettali.com\/?s={search_term_string}\"},\"query-input\":\"required name=search_term_string\"}],\"inLanguage\":\"fr-FR\"},{\"@type\":\"ImageObject\",\"@id\":\"https:\/\/www.nettali.com\/2025\/11\/22\/famille-decimee-aux-usa-lidentite-de-lauteur-de-lincendie-revelee\/#primaryimage\",\"inLanguage\":\"fr-FR\",\"url\":\"https:\/\/www.nettali.com\/wp-content\/uploads\/2025\/11\/thumb_1260x800_691f216f5c708_LOLoIuZ9T5.jpg\",\"contentUrl\":\"https:\/\/www.nettali.com\/wp-content\/uploads\/2025\/11\/thumb_1260x800_691f216f5c708_LOLoIuZ9T5.jpg\",\"width\":1260,\"height\":607},{\"@type\":\"WebPage\",\"@id\":\"https:\/\/www.nettali.com\/2025\/11\/22\/famille-decimee-aux-usa-lidentite-de-lauteur-de-lincendie-revelee\/#webpage\",\"url\":\"https:\/\/www.nettali.com\/2025\/11\/22\/famille-decimee-aux-usa-lidentite-de-lauteur-de-lincendie-revelee\/\",\"name\":\"FAMILLE D\\u00c9CIM\\u00c9E AUX USA - L'identit\\u00e9 de l'auteur de l'incendie\\u00a0r\\u00e9v\\u00e9l\\u00e9e | Nettali.com\",\"isPartOf\":{\"@id\":\"https:\/\/www.nettali.com\/#website\"},\"primaryImageOfPage\":{\"@id\":\"https:\/\/www.nettali.com\/2025\/11\/22\/famille-decimee-aux-usa-lidentite-de-lauteur-de-lincendie-revelee\/#primaryimage\"},\"datePublished\":\"2025-11-22T20:27:46+00:00\",\"dateModified\":\"2025-11-22T20:27:46+00:00\",\"author\":{\"@id\":\"https:\/\/www.nettali.com\/#\/schema\/person\/bb147657c2986240405a608162b9bb23\"},\"breadcrumb\":{\"@id\":\"https:\/\/www.nettali.com\/2025\/11\/22\/famille-decimee-aux-usa-lidentite-de-lauteur-de-lincendie-revelee\/#breadcrumb\"},\"inLanguage\":\"fr-FR\",\"potentialAction\":[{\"@type\":\"ReadAction\",\"target\":[\"https:\/\/www.nettali.com\/2025\/11\/22\/famille-decimee-aux-usa-lidentite-de-lauteur-de-lincendie-revelee\/\"]}]},{\"@type\":\"BreadcrumbList\",\"@id\":\"https:\/\/www.nettali.com\/2025\/11\/22\/famille-decimee-aux-usa-lidentite-de-lauteur-de-lincendie-revelee\/#breadcrumb\",\"itemListElement\":[{\"@type\":\"ListItem\",\"position\":1,\"name\":\"Accueil\",\"item\":\"https:\/\/www.nettali.com\/\"},{\"@type\":\"ListItem\",\"position\":2,\"name\":\"FAMILLE D\\u00c9CIM\\u00c9E AUX USA - L'identit\\u00e9 de l'auteur de l'incendie\\u00a0r\\u00e9v\\u00e9l\\u00e9e\"}]},{\"@type\":\"Person\",\"@id\":\"https:\/\/www.nettali.com\/#\/schema\/person\/bb147657c2986240405a608162b9bb23\",\"name\":\"Ibrahima\",\"image\":{\"@type\":\"ImageObject\",\"@id\":\"https:\/\/www.nettali.com\/#personlogo\",\"inLanguage\":\"fr-FR\",\"url\":\"https:\/\/secure.gravatar.com\/avatar\/26a8a81f09f0dd7624c9d5c36c9ba3a2?s=96&d=mm&r=g\",\"contentUrl\":\"https:\/\/secure.gravatar.com\/avatar\/26a8a81f09f0dd7624c9d5c36c9ba3a2?s=96&d=mm&r=g\",\"caption\":\"Ibrahima\"},\"sameAs\":[\"https:\/\/www.nettali.com\"]}]}<\/script>\n<!-- \/ Yoast SEO Premium plugin. -->","yoast_head_json":{"title":"FAMILLE D\u00c9CIM\u00c9E AUX USA - L'identit\u00e9 de l'auteur de l'incendie\u00a0r\u00e9v\u00e9l\u00e9e | Nettali.com","robots":{"index":"index","follow":"follow","max-snippet":"max-snippet:-1","max-image-preview":"max-image-preview:large","max-video-preview":"max-video-preview:-1"},"canonical":"https:\/\/www.nettali.com\/2025\/11\/22\/famille-decimee-aux-usa-lidentite-de-lauteur-de-lincendie-revelee\/","og_locale":"fr_FR","og_type":"article","og_title":"FAMILLE D\u00c9CIM\u00c9E AUX USA - L'identit\u00e9 de l'auteur de l'incendie\u00a0r\u00e9v\u00e9l\u00e9e","og_description":"NETTALI.COM - L\u2019enqu\u00eate ouverte apr\u00e8s l\u2019incendie qui a d\u00e9cim\u00e9 une famille s\u00e9n\u00e9galaise \u00e0 Columbus, aux \u00c9tats-Unis, a conclu \u00e0 un acte volontaire. Pire, rapporte Les \u00c9chos, citant des m\u00e9dias am\u00e9ricains : le feu aurait \u00e9t\u00e9 d\u00e9clench\u00e9 par le fils du couple, Cheikh Di\u00e8ye, 25 ans, lui-m\u00eame d\u00e9c\u00e9d\u00e9 dans le drame. L\u2019incendie a co\u00fbt\u00e9 la vie [&hellip;]","og_url":"https:\/\/www.nettali.com\/2025\/11\/22\/famille-decimee-aux-usa-lidentite-de-lauteur-de-lincendie-revelee\/","og_site_name":"Nettali.com","article_publisher":"https:\/\/www.facebook.com\/nettalicom","article_published_time":"2025-11-22T20:27:46+00:00","og_image":[{"width":1260,"height":607,"url":"https:\/\/www.nettali.com\/wp-content\/uploads\/2025\/11\/thumb_1260x800_691f216f5c708_LOLoIuZ9T5.jpg","type":"image\/jpeg"}],"twitter_card":"summary_large_image","twitter_misc":{"\u00c9crit par":"Ibrahima","Dur\u00e9e de lecture estim\u00e9e":"2 minutes"},"schema":{"@context":"https:\/\/schema.org","@graph":[{"@type":"WebSite","@id":"https:\/\/www.nettali.com\/#website","url":"https:\/\/www.nettali.com\/","name":"Nettali.com","description":"Le rendez-vous critique du Net","potentialAction":[{"@type":"SearchAction","target":{"@type":"EntryPoint","urlTemplate":"https:\/\/www.nettali.com\/?s={search_term_string}"},"query-input":"required name=search_term_string"}],"inLanguage":"fr-FR"},{"@type":"ImageObject","@id":"https:\/\/www.nettali.com\/2025\/11\/22\/famille-decimee-aux-usa-lidentite-de-lauteur-de-lincendie-revelee\/#primaryimage","inLanguage":"fr-FR","url":"https:\/\/www.nettali.com\/wp-content\/uploads\/2025\/11\/thumb_1260x800_691f216f5c708_LOLoIuZ9T5.jpg","contentUrl":"https:\/\/www.nettali.com\/wp-content\/uploads\/2025\/11\/thumb_1260x800_691f216f5c708_LOLoIuZ9T5.jpg","width":1260,"height":607},{"@type":"WebPage","@id":"https:\/\/www.nettali.com\/2025\/11\/22\/famille-decimee-aux-usa-lidentite-de-lauteur-de-lincendie-revelee\/#webpage","url":"https:\/\/www.nettali.com\/2025\/11\/22\/famille-decimee-aux-usa-lidentite-de-lauteur-de-lincendie-revelee\/","name":"FAMILLE D\u00c9CIM\u00c9E AUX USA - L'identit\u00e9 de l'auteur de l'incendie\u00a0r\u00e9v\u00e9l\u00e9e | Nettali.com","isPartOf":{"@id":"https:\/\/www.nettali.com\/#website"},"primaryImageOfPage":{"@id":"https:\/\/www.nettali.com\/2025\/11\/22\/famille-decimee-aux-usa-lidentite-de-lauteur-de-lincendie-revelee\/#primaryimage"},"datePublished":"2025-11-22T20:27:46+00:00","dateModified":"2025-11-22T20:27:46+00:00","author":{"@id":"https:\/\/www.nettali.com\/#\/schema\/person\/bb147657c2986240405a608162b9bb23"},"breadcrumb":{"@id":"https:\/\/www.nettali.com\/2025\/11\/22\/famille-decimee-aux-usa-lidentite-de-lauteur-de-lincendie-revelee\/#breadcrumb"},"inLanguage":"fr-FR","potentialAction":[{"@type":"ReadAction","target":["https:\/\/www.nettali.com\/2025\/11\/22\/famille-decimee-aux-usa-lidentite-de-lauteur-de-lincendie-revelee\/"]}]},{"@type":"BreadcrumbList","@id":"https:\/\/www.nettali.com\/2025\/11\/22\/famille-decimee-aux-usa-lidentite-de-lauteur-de-lincendie-revelee\/#breadcrumb","itemListElement":[{"@type":"ListItem","position":1,"name":"Accueil","item":"https:\/\/www.nettali.com\/"},{"@type":"ListItem","position":2,"name":"FAMILLE D\u00c9CIM\u00c9E AUX USA - L'identit\u00e9 de l'auteur de l'incendie\u00a0r\u00e9v\u00e9l\u00e9e"}]},{"@type":"Person","@id":"https:\/\/www.nettali.com\/#\/schema\/person\/bb147657c2986240405a608162b9bb23","name":"Ibrahima","image":{"@type":"ImageObject","@id":"https:\/\/www.nettali.com\/#personlogo","inLanguage":"fr-FR","url":"https:\/\/secure.gravatar.com\/avatar\/26a8a81f09f0dd7624c9d5c36c9ba3a2?s=96&d=mm&r=g","contentUrl":"https:\/\/secure.gravatar.com\/avatar\/26a8a81f09f0dd7624c9d5c36c9ba3a2?s=96&d=mm&r=g","caption":"Ibrahima"},"sameAs":["https:\/\/www.nettali.com"]}]}},"_links":{"self":[{"href":"https:\/\/www.nettali.com\/rest\/wp\/v2\/posts\/165173"}],"collection":[{"href":"https:\/\/www.nettali.com\/rest\/wp\/v2\/posts"}],"about":[{"href":"https:\/\/www.nettali.com\/rest\/wp\/v2\/types\/post"}],"author":[{"embeddable":true,"href":"https:\/\/www.nettali.com\/rest\/wp\/v2\/users\/5"}],"replies":[{"embeddable":true,"href":"https:\/\/www.nettali.com\/rest\/wp\/v2\/comments?post=165173"}],"version-history":[{"count":1,"href":"https:\/\/www.nettali.com\/rest\/wp\/v2\/posts\/165173\/revisions"}],"predecessor-version":[{"id":165175,"href":"https:\/\/www.nettali.com\/rest\/wp\/v2\/posts\/165173\/revisions\/165175"}],"wp:featuredmedia":[{"embeddable":true,"href":"https:\/\/www.nettali.com\/rest\/wp\/v2\/media\/165174"}],"wp:attachment":[{"href":"https:\/\/www.nettali.com\/rest\/wp\/v2\/media?parent=165173"}],"wp:term":[{"taxonomy":"category","embeddable":true,"href":"https:\/\/www.nettali.com\/rest\/wp\/v2\/categories?post=165173"},{"taxonomy":"post_tag","embeddable":true,"href":"https:\/\/www.nettali.com\/rest\/wp\/v2\/tags?post=165173"}],"curies":[{"name":"wp","href":"https:\/\/api.w.org\/{rel}","templated":true}]}}