{"id":164648,"date":"2025-11-14T11:12:24","date_gmt":"2025-11-14T11:12:24","guid":{"rendered":"https:\/\/www.nettali.com\/?p=164648"},"modified":"2025-11-14T11:12:24","modified_gmt":"2025-11-14T11:12:24","slug":"affaire-sonko-diomaye-seydina-oumar-toure-met-en-garde-contre-les-tentatives-de-division","status":"publish","type":"post","link":"https:\/\/www.nettali.com\/2025\/11\/14\/affaire-sonko-diomaye-seydina-oumar-toure-met-en-garde-contre-les-tentatives-de-division\/","title":{"rendered":"AFFAIRE SONKO-DIOMAYE : Seydina Oumar Tour\u00e9 met en garde contre les tentatives de division\u00a0"},"content":{"rendered":"<p data-start=\"163\" data-end=\"472\"><strong>NETTALI.COM - Seydina Oumar Tour\u00e9, Directeur g\u00e9n\u00e9ral de l\u2019Agence d\u2019assistance \u00e0 la s\u00e9curit\u00e9 de proximit\u00e9 (ASP), a exprim\u00e9 sa \u00ab profonde inqui\u00e9tude \u00bb face aux tentatives visant \u00e0 alimenter, selon lui, une \u00ab ridicule \u00bb divergence entre le Premier ministre Ousmane Sonko et le Pr\u00e9sident de la R\u00e9publique Bassirou Diomaye Faye.<\/strong><\/p>\n<p data-start=\"474\" data-end=\"745\">L\u2019ancien capitaine de la gendarmerie estime que, dans le contexte actuel, la v\u00e9ritable attitude responsable consiste \u00e0 privil\u00e9gier la retenue et la lucidit\u00e9. Il rappelle qu\u2019il ne s\u2019agit nullement de choisir un camp, mais de pr\u00e9server \u00ab l\u2019int\u00e9r\u00eat sup\u00e9rieur de la Nation \u00bb.<\/p>\n<p data-start=\"747\" data-end=\"896\">Il appelle ainsi \u00e0 prier pour que <em>\u00ab jamais ne se fissure l\u2019unit\u00e9 \u00bb<\/em> entre les deux dirigeants, dont la compl\u00e9mentarit\u00e9 a port\u00e9 l\u2019espoir de changement.<\/p>\n<p data-start=\"898\" data-end=\"1199\">Seydina Oumar Tour\u00e9 a \u00e9galement rappel\u00e9 le lourd tribut pay\u00e9 par de nombreux S\u00e9n\u00e9galais \u2014 vies perdues, bless\u00e9s, pertes d\u2019emploi \u2014 pour que le pays emprunte une voie <em>\u00ab plus juste, plus prometteuse et plus \u00e9thique \u00bb<\/em>. Il exhorte d\u00e8s lors \u00e0 ne pas <em>\u00ab ternir leur sacrifice avec des d\u00e9bats vides de sens \u00bb.<\/em><\/p>\n<p data-start=\"1201\" data-end=\"1420\">Selon lui, le Chef de l\u2019\u00c9tat et le Chef du Gouvernement <em>\u00ab ont indubitablement besoin l\u2019un de l\u2019autre \u00bb<\/em>. Leur solidarit\u00e9 et leur vision commune constituent, dit-il, la cl\u00e9 d\u2019un S\u00e9n\u00e9gal plus \u00e9quitable, stable et prosp\u00e8re.<\/p>\n<p data-start=\"1422\" data-end=\"1583\">Il conclut en appelant \u00e0 entretenir la coh\u00e9sion, \u00e0 combattre les divisions inutiles et \u00e0 pr\u00e9server l\u2019unit\u00e9 qui a permis l\u2019av\u00e8nement d\u2019une nouvelle \u00e8re politique.<\/p>\n<div class='share-to-whatsapp-wrapper'><div class='share-on-whsp'>PARTAGER SUR : <\/div><a data-text='AFFAIRE SONKO-DIOMAYE : Seydina Oumar Tour\u00e9 met en garde contre les tentatives de division\u00a0' data-link='https:\/\/www.nettali.com\/2025\/11\/14\/affaire-sonko-diomaye-seydina-oumar-toure-met-en-garde-contre-les-tentatives-de-division\/' class='whatsapp-button whatsapp-share'>WhatsApp<\/a><div class='clear '><\/div><\/div>","protected":false},"excerpt":{"rendered":"<p>NETTALI.COM - Seydina Oumar Tour\u00e9, Directeur g\u00e9n\u00e9ral de l\u2019Agence d\u2019assistance \u00e0 la s\u00e9curit\u00e9 de proximit\u00e9 (ASP), a exprim\u00e9 sa \u00ab profonde inqui\u00e9tude \u00bb face aux tentatives visant \u00e0 alimenter, selon lui, une \u00ab ridicule \u00bb divergence entre le Premier ministre Ousmane Sonko et le Pr\u00e9sident de la R\u00e9publique Bassirou Diomaye Faye. L\u2019ancien capitaine de la [&hellip;]<\/p>\n","protected":false},"author":4,"featured_media":161943,"comment_status":"open","ping_status":"open","sticky":false,"template":"","format":"standard","meta":{"_et_pb_use_builder":"","_et_pb_old_content":""},"categories":[2],"tags":[],"yoast_head":"<!-- This site is optimized with the Yoast SEO Premium plugin v17.8 (Yoast SEO v17.8) - https:\/\/yoast.com\/wordpress\/plugins\/seo\/ -->\n<title>AFFAIRE SONKO-DIOMAYE : Seydina Oumar Tour\u00e9 met en garde contre les tentatives de division\u00a0 | Nettali.com<\/title>\n<meta name=\"robots\" content=\"index, follow, max-snippet:-1, max-image-preview:large, max-video-preview:-1\" \/>\n<link rel=\"canonical\" href=\"https:\/\/www.nettali.com\/2025\/11\/14\/affaire-sonko-diomaye-seydina-oumar-toure-met-en-garde-contre-les-tentatives-de-division\/\" \/>\n<meta property=\"og:locale\" content=\"fr_FR\" \/>\n<meta property=\"og:type\" content=\"article\" \/>\n<meta property=\"og:title\" content=\"AFFAIRE SONKO-DIOMAYE : Seydina Oumar Tour\u00e9 met en garde contre les tentatives de division\u00a0\" \/>\n<meta property=\"og:description\" content=\"NETTALI.COM - Seydina Oumar Tour\u00e9, Directeur g\u00e9n\u00e9ral de l\u2019Agence d\u2019assistance \u00e0 la s\u00e9curit\u00e9 de proximit\u00e9 (ASP), a exprim\u00e9 sa \u00ab profonde inqui\u00e9tude \u00bb face aux tentatives visant \u00e0 alimenter, selon lui, une \u00ab ridicule \u00bb divergence entre le Premier ministre Ousmane Sonko et le Pr\u00e9sident de la R\u00e9publique Bassirou Diomaye Faye. L\u2019ancien capitaine de la [&hellip;]\" \/>\n<meta property=\"og:url\" content=\"https:\/\/www.nettali.com\/2025\/11\/14\/affaire-sonko-diomaye-seydina-oumar-toure-met-en-garde-contre-les-tentatives-de-division\/\" \/>\n<meta property=\"og:site_name\" content=\"Nettali.com\" \/>\n<meta property=\"article:publisher\" content=\"https:\/\/www.facebook.com\/nettalicom\" \/>\n<meta property=\"article:published_time\" content=\"2025-11-14T11:12:24+00:00\" \/>\n<meta property=\"og:image\" content=\"https:\/\/www.nettali.com\/wp-content\/uploads\/2025\/09\/seydina-oumar-toure.jpg\" \/>\n\t<meta property=\"og:image:width\" content=\"898\" \/>\n\t<meta property=\"og:image:height\" content=\"524\" \/>\n<meta name=\"twitter:card\" content=\"summary_large_image\" \/>\n<meta name=\"twitter:label1\" content=\"\u00c9crit par\" \/>\n\t<meta name=\"twitter:data1\" content=\"Daouda\" \/>\n\t<meta name=\"twitter:label2\" content=\"Dur\u00e9e de lecture estim\u00e9e\" \/>\n\t<meta name=\"twitter:data2\" content=\"2 minutes\" \/>\n<script type=\"application\/ld+json\" class=\"yoast-schema-graph\">{\"@context\":\"https:\/\/schema.org\",\"@graph\":[{\"@type\":\"WebSite\",\"@id\":\"https:\/\/www.nettali.com\/#website\",\"url\":\"https:\/\/www.nettali.com\/\",\"name\":\"Nettali.com\",\"description\":\"Le rendez-vous critique du Net\",\"potentialAction\":[{\"@type\":\"SearchAction\",\"target\":{\"@type\":\"EntryPoint\",\"urlTemplate\":\"https:\/\/www.nettali.com\/?s={search_term_string}\"},\"query-input\":\"required name=search_term_string\"}],\"inLanguage\":\"fr-FR\"},{\"@type\":\"ImageObject\",\"@id\":\"https:\/\/www.nettali.com\/2025\/11\/14\/affaire-sonko-diomaye-seydina-oumar-toure-met-en-garde-contre-les-tentatives-de-division\/#primaryimage\",\"inLanguage\":\"fr-FR\",\"url\":\"https:\/\/www.nettali.com\/wp-content\/uploads\/2025\/09\/seydina-oumar-toure.jpg\",\"contentUrl\":\"https:\/\/www.nettali.com\/wp-content\/uploads\/2025\/09\/seydina-oumar-toure.jpg\",\"width\":898,\"height\":524},{\"@type\":\"WebPage\",\"@id\":\"https:\/\/www.nettali.com\/2025\/11\/14\/affaire-sonko-diomaye-seydina-oumar-toure-met-en-garde-contre-les-tentatives-de-division\/#webpage\",\"url\":\"https:\/\/www.nettali.com\/2025\/11\/14\/affaire-sonko-diomaye-seydina-oumar-toure-met-en-garde-contre-les-tentatives-de-division\/\",\"name\":\"AFFAIRE SONKO-DIOMAYE : Seydina Oumar Tour\\u00e9 met en garde contre les tentatives de division\\u00a0 | Nettali.com\",\"isPartOf\":{\"@id\":\"https:\/\/www.nettali.com\/#website\"},\"primaryImageOfPage\":{\"@id\":\"https:\/\/www.nettali.com\/2025\/11\/14\/affaire-sonko-diomaye-seydina-oumar-toure-met-en-garde-contre-les-tentatives-de-division\/#primaryimage\"},\"datePublished\":\"2025-11-14T11:12:24+00:00\",\"dateModified\":\"2025-11-14T11:12:24+00:00\",\"author\":{\"@id\":\"https:\/\/www.nettali.com\/#\/schema\/person\/3317e0bb3aa1da309fbf7b2780901bf4\"},\"breadcrumb\":{\"@id\":\"https:\/\/www.nettali.com\/2025\/11\/14\/affaire-sonko-diomaye-seydina-oumar-toure-met-en-garde-contre-les-tentatives-de-division\/#breadcrumb\"},\"inLanguage\":\"fr-FR\",\"potentialAction\":[{\"@type\":\"ReadAction\",\"target\":[\"https:\/\/www.nettali.com\/2025\/11\/14\/affaire-sonko-diomaye-seydina-oumar-toure-met-en-garde-contre-les-tentatives-de-division\/\"]}]},{\"@type\":\"BreadcrumbList\",\"@id\":\"https:\/\/www.nettali.com\/2025\/11\/14\/affaire-sonko-diomaye-seydina-oumar-toure-met-en-garde-contre-les-tentatives-de-division\/#breadcrumb\",\"itemListElement\":[{\"@type\":\"ListItem\",\"position\":1,\"name\":\"Accueil\",\"item\":\"https:\/\/www.nettali.com\/\"},{\"@type\":\"ListItem\",\"position\":2,\"name\":\"AFFAIRE SONKO-DIOMAYE : Seydina Oumar Tour\\u00e9 met en garde contre les tentatives de division\\u00a0\"}]},{\"@type\":\"Person\",\"@id\":\"https:\/\/www.nettali.com\/#\/schema\/person\/3317e0bb3aa1da309fbf7b2780901bf4\",\"name\":\"Daouda\",\"image\":{\"@type\":\"ImageObject\",\"@id\":\"https:\/\/www.nettali.com\/#personlogo\",\"inLanguage\":\"fr-FR\",\"url\":\"https:\/\/secure.gravatar.com\/avatar\/8d143b5a49345098ddcfee1c49c2f47c?s=96&d=mm&r=g\",\"contentUrl\":\"https:\/\/secure.gravatar.com\/avatar\/8d143b5a49345098ddcfee1c49c2f47c?s=96&d=mm&r=g\",\"caption\":\"Daouda\"},\"sameAs\":[\"https:\/\/www.nettali.com\"]}]}<\/script>\n<!-- \/ Yoast SEO Premium plugin. -->","yoast_head_json":{"title":"AFFAIRE SONKO-DIOMAYE : Seydina Oumar Tour\u00e9 met en garde contre les tentatives de division\u00a0 | Nettali.com","robots":{"index":"index","follow":"follow","max-snippet":"max-snippet:-1","max-image-preview":"max-image-preview:large","max-video-preview":"max-video-preview:-1"},"canonical":"https:\/\/www.nettali.com\/2025\/11\/14\/affaire-sonko-diomaye-seydina-oumar-toure-met-en-garde-contre-les-tentatives-de-division\/","og_locale":"fr_FR","og_type":"article","og_title":"AFFAIRE SONKO-DIOMAYE : Seydina Oumar Tour\u00e9 met en garde contre les tentatives de division\u00a0","og_description":"NETTALI.COM - Seydina Oumar Tour\u00e9, Directeur g\u00e9n\u00e9ral de l\u2019Agence d\u2019assistance \u00e0 la s\u00e9curit\u00e9 de proximit\u00e9 (ASP), a exprim\u00e9 sa \u00ab profonde inqui\u00e9tude \u00bb face aux tentatives visant \u00e0 alimenter, selon lui, une \u00ab ridicule \u00bb divergence entre le Premier ministre Ousmane Sonko et le Pr\u00e9sident de la R\u00e9publique Bassirou Diomaye Faye. L\u2019ancien capitaine de la [&hellip;]","og_url":"https:\/\/www.nettali.com\/2025\/11\/14\/affaire-sonko-diomaye-seydina-oumar-toure-met-en-garde-contre-les-tentatives-de-division\/","og_site_name":"Nettali.com","article_publisher":"https:\/\/www.facebook.com\/nettalicom","article_published_time":"2025-11-14T11:12:24+00:00","og_image":[{"width":898,"height":524,"url":"https:\/\/www.nettali.com\/wp-content\/uploads\/2025\/09\/seydina-oumar-toure.jpg","type":"image\/jpeg"}],"twitter_card":"summary_large_image","twitter_misc":{"\u00c9crit par":"Daouda","Dur\u00e9e de lecture estim\u00e9e":"2 minutes"},"schema":{"@context":"https:\/\/schema.org","@graph":[{"@type":"WebSite","@id":"https:\/\/www.nettali.com\/#website","url":"https:\/\/www.nettali.com\/","name":"Nettali.com","description":"Le rendez-vous critique du Net","potentialAction":[{"@type":"SearchAction","target":{"@type":"EntryPoint","urlTemplate":"https:\/\/www.nettali.com\/?s={search_term_string}"},"query-input":"required name=search_term_string"}],"inLanguage":"fr-FR"},{"@type":"ImageObject","@id":"https:\/\/www.nettali.com\/2025\/11\/14\/affaire-sonko-diomaye-seydina-oumar-toure-met-en-garde-contre-les-tentatives-de-division\/#primaryimage","inLanguage":"fr-FR","url":"https:\/\/www.nettali.com\/wp-content\/uploads\/2025\/09\/seydina-oumar-toure.jpg","contentUrl":"https:\/\/www.nettali.com\/wp-content\/uploads\/2025\/09\/seydina-oumar-toure.jpg","width":898,"height":524},{"@type":"WebPage","@id":"https:\/\/www.nettali.com\/2025\/11\/14\/affaire-sonko-diomaye-seydina-oumar-toure-met-en-garde-contre-les-tentatives-de-division\/#webpage","url":"https:\/\/www.nettali.com\/2025\/11\/14\/affaire-sonko-diomaye-seydina-oumar-toure-met-en-garde-contre-les-tentatives-de-division\/","name":"AFFAIRE SONKO-DIOMAYE : Seydina Oumar Tour\u00e9 met en garde contre les tentatives de division\u00a0 | Nettali.com","isPartOf":{"@id":"https:\/\/www.nettali.com\/#website"},"primaryImageOfPage":{"@id":"https:\/\/www.nettali.com\/2025\/11\/14\/affaire-sonko-diomaye-seydina-oumar-toure-met-en-garde-contre-les-tentatives-de-division\/#primaryimage"},"datePublished":"2025-11-14T11:12:24+00:00","dateModified":"2025-11-14T11:12:24+00:00","author":{"@id":"https:\/\/www.nettali.com\/#\/schema\/person\/3317e0bb3aa1da309fbf7b2780901bf4"},"breadcrumb":{"@id":"https:\/\/www.nettali.com\/2025\/11\/14\/affaire-sonko-diomaye-seydina-oumar-toure-met-en-garde-contre-les-tentatives-de-division\/#breadcrumb"},"inLanguage":"fr-FR","potentialAction":[{"@type":"ReadAction","target":["https:\/\/www.nettali.com\/2025\/11\/14\/affaire-sonko-diomaye-seydina-oumar-toure-met-en-garde-contre-les-tentatives-de-division\/"]}]},{"@type":"BreadcrumbList","@id":"https:\/\/www.nettali.com\/2025\/11\/14\/affaire-sonko-diomaye-seydina-oumar-toure-met-en-garde-contre-les-tentatives-de-division\/#breadcrumb","itemListElement":[{"@type":"ListItem","position":1,"name":"Accueil","item":"https:\/\/www.nettali.com\/"},{"@type":"ListItem","position":2,"name":"AFFAIRE SONKO-DIOMAYE : Seydina Oumar Tour\u00e9 met en garde contre les tentatives de division\u00a0"}]},{"@type":"Person","@id":"https:\/\/www.nettali.com\/#\/schema\/person\/3317e0bb3aa1da309fbf7b2780901bf4","name":"Daouda","image":{"@type":"ImageObject","@id":"https:\/\/www.nettali.com\/#personlogo","inLanguage":"fr-FR","url":"https:\/\/secure.gravatar.com\/avatar\/8d143b5a49345098ddcfee1c49c2f47c?s=96&d=mm&r=g","contentUrl":"https:\/\/secure.gravatar.com\/avatar\/8d143b5a49345098ddcfee1c49c2f47c?s=96&d=mm&r=g","caption":"Daouda"},"sameAs":["https:\/\/www.nettali.com"]}]}},"_links":{"self":[{"href":"https:\/\/www.nettali.com\/rest\/wp\/v2\/posts\/164648"}],"collection":[{"href":"https:\/\/www.nettali.com\/rest\/wp\/v2\/posts"}],"about":[{"href":"https:\/\/www.nettali.com\/rest\/wp\/v2\/types\/post"}],"author":[{"embeddable":true,"href":"https:\/\/www.nettali.com\/rest\/wp\/v2\/users\/4"}],"replies":[{"embeddable":true,"href":"https:\/\/www.nettali.com\/rest\/wp\/v2\/comments?post=164648"}],"version-history":[{"count":1,"href":"https:\/\/www.nettali.com\/rest\/wp\/v2\/posts\/164648\/revisions"}],"predecessor-version":[{"id":164649,"href":"https:\/\/www.nettali.com\/rest\/wp\/v2\/posts\/164648\/revisions\/164649"}],"wp:featuredmedia":[{"embeddable":true,"href":"https:\/\/www.nettali.com\/rest\/wp\/v2\/media\/161943"}],"wp:attachment":[{"href":"https:\/\/www.nettali.com\/rest\/wp\/v2\/media?parent=164648"}],"wp:term":[{"taxonomy":"category","embeddable":true,"href":"https:\/\/www.nettali.com\/rest\/wp\/v2\/categories?post=164648"},{"taxonomy":"post_tag","embeddable":true,"href":"https:\/\/www.nettali.com\/rest\/wp\/v2\/tags?post=164648"}],"curies":[{"name":"wp","href":"https:\/\/api.w.org\/{rel}","templated":true}]}}