{"id":164628,"date":"2025-11-14T07:19:32","date_gmt":"2025-11-14T07:19:32","guid":{"rendered":"https:\/\/www.nettali.com\/?p=164628"},"modified":"2025-11-14T07:21:55","modified_gmt":"2025-11-14T07:21:55","slug":"crise-au-mali-le-pit-appelle-le-president-diomaye-faye-a-simpliquer-pour-une-reconciliation-nationale","status":"publish","type":"post","link":"https:\/\/www.nettali.com\/2025\/11\/14\/crise-au-mali-le-pit-appelle-le-president-diomaye-faye-a-simpliquer-pour-une-reconciliation-nationale\/","title":{"rendered":"CRISE AU MALI - Le PIT appelle le pr\u00e9sident Diomaye Faye \u00e0 s\u2019impliquer pour une r\u00e9conciliation nationale"},"content":{"rendered":"<p data-start=\"202\" data-end=\"625\"><strong>NETTALI.COM - Le Parti de l\u2019ind\u00e9pendance et du travail (PIT) du S\u00e9n\u00e9gal alerte sur la gravit\u00e9 de la situation au Mali et appelle le pr\u00e9sident s\u00e9n\u00e9galais, Bassirou Diomaye Faye, \u00e0 \u00ab s\u2019engager r\u00e9solument \u00bb en faveur d\u2019un processus de r\u00e9conciliation nationale dans ce pays voisin. Dans une d\u00e9claration, le Secr\u00e9tariat du comit\u00e9 central souligne que les enjeux maliens concernent directement le S\u00e9n\u00e9gal : \u00ab Le Mali, c\u2019est aussi le S\u00e9n\u00e9gal. \u00bb<\/strong><\/p>\n<p data-start=\"627\" data-end=\"1244\">Selon le PIT, la progression continue des groupes rebelles vers Bamako fait peser \u00ab des menaces grandissantes \u00bb sur la capitale malienne. Le parti \u00e9voque une arm\u00e9e r\u00e9guli\u00e8re en difficult\u00e9 sur plusieurs fronts, une population prise au pi\u00e8ge et des p\u00e9nuries inqui\u00e9tantes. \u00ab Des images effrayantes, relay\u00e9es massivement sur les r\u00e9seaux sociaux, montrent des civils confront\u00e9s \u00e0 une situation insoutenable \u00bb, indique le communiqu\u00e9. \u00c0 ce jour, la plupart des voies d\u2019approvisionnement en carburant seraient coup\u00e9es, provoquant une flamb\u00e9e des prix, notamment du riz, vendu d\u00e9sormais \u00e0 \u00ab plusieurs milliers de francs CFA \u00bb.<\/p>\n<p data-start=\"1246\" data-end=\"1729\">Le PIT estime que \u00ab la prise de Bamako n\u2019est plus un sc\u00e9nario lointain \u00bb malgr\u00e9 le soutien annonc\u00e9 des partenaires de l\u2019Alliance des \u00c9tats du Sahel (AES). Face \u00e0 une crise qui s\u2019aggrave, le parti s\u00e9n\u00e9galais juge que \u00ab la solution strictement militaire a atteint ses limites \u00bb et appelle la junte malienne \u00e0 prendre ses responsabilit\u00e9s en engageant un dialogue inclusif. \u00ab Il n\u2019existe aucune alternative cr\u00e9dible \u00e0 la paix pour abr\u00e9ger les souffrances des populations \u00bb, mart\u00e8le-t-il.<\/p>\n<p data-start=\"1731\" data-end=\"2033\">Le parti exprime sa \u00ab profonde d\u00e9solation \u00bb face \u00e0 l\u2019effondrement progressif d\u2019un pays \u00ab min\u00e9 par un conflit interminable \u00bb et exhorte les autorit\u00e9s maliennes \u00e0 faire preuve de d\u00e9passement, \u00e0 tendre la main \u00e0 tous les acteurs susceptibles de ramener la s\u00e9r\u00e9nit\u00e9, et \u00e0 obtenir un cessez-le-feu imm\u00e9diat.<\/p>\n<p data-start=\"2035\" data-end=\"2273\">Le PIT interpelle \u00e9galement la CEDEAO, l\u2019Union africaine, l\u2019ONU ainsi que les forces d\u00e9mocratiques de la sous-r\u00e9gion, les invitant \u00e0 agir pour \u00ab l\u2019apaisement \u00bb et la lev\u00e9e du blocus qui prive les populations de nourriture et de carburant.<\/p>\n<p data-start=\"2275\" data-end=\"2482\">Enfin, le parti rappelle les liens historiques qui unissent le S\u00e9n\u00e9gal et le Mali, deux nations ayant autrefois form\u00e9 un seul et m\u00eame \u00c9tat, pour souligner l\u2019urgence d\u2019une mobilisation diplomatique r\u00e9gionale.<\/p>\n<div class='share-to-whatsapp-wrapper'><div class='share-on-whsp'>PARTAGER SUR : <\/div><a data-text='CRISE AU MALI - Le PIT appelle le pr\u00e9sident Diomaye Faye \u00e0 s\u2019impliquer pour une r\u00e9conciliation nationale' data-link='https:\/\/www.nettali.com\/2025\/11\/14\/crise-au-mali-le-pit-appelle-le-president-diomaye-faye-a-simpliquer-pour-une-reconciliation-nationale\/' class='whatsapp-button whatsapp-share'>WhatsApp<\/a><div class='clear '><\/div><\/div>","protected":false},"excerpt":{"rendered":"<p>NETTALI.COM - Le Parti de l\u2019ind\u00e9pendance et du travail (PIT) du S\u00e9n\u00e9gal alerte sur la gravit\u00e9 de la situation au Mali et appelle le pr\u00e9sident s\u00e9n\u00e9galais, Bassirou Diomaye Faye, \u00e0 \u00ab s\u2019engager r\u00e9solument \u00bb en faveur d\u2019un processus de r\u00e9conciliation nationale dans ce pays voisin. Dans une d\u00e9claration, le Secr\u00e9tariat du comit\u00e9 central souligne que [&hellip;]<\/p>\n","protected":false},"author":4,"featured_media":150730,"comment_status":"open","ping_status":"open","sticky":false,"template":"","format":"standard","meta":{"_et_pb_use_builder":"","_et_pb_old_content":""},"categories":[2],"tags":[],"yoast_head":"<!-- This site is optimized with the Yoast SEO Premium plugin v17.8 (Yoast SEO v17.8) - https:\/\/yoast.com\/wordpress\/plugins\/seo\/ -->\n<title>CRISE AU MALI - Le PIT appelle le pr\u00e9sident Diomaye Faye \u00e0 s\u2019impliquer pour une r\u00e9conciliation nationale | Nettali.com<\/title>\n<meta name=\"robots\" content=\"index, follow, max-snippet:-1, max-image-preview:large, max-video-preview:-1\" \/>\n<link rel=\"canonical\" href=\"https:\/\/www.nettali.com\/2025\/11\/14\/crise-au-mali-le-pit-appelle-le-president-diomaye-faye-a-simpliquer-pour-une-reconciliation-nationale\/\" \/>\n<meta property=\"og:locale\" content=\"fr_FR\" \/>\n<meta property=\"og:type\" content=\"article\" \/>\n<meta property=\"og:title\" content=\"CRISE AU MALI - Le PIT appelle le pr\u00e9sident Diomaye Faye \u00e0 s\u2019impliquer pour une r\u00e9conciliation nationale\" \/>\n<meta property=\"og:description\" content=\"NETTALI.COM - Le Parti de l\u2019ind\u00e9pendance et du travail (PIT) du S\u00e9n\u00e9gal alerte sur la gravit\u00e9 de la situation au Mali et appelle le pr\u00e9sident s\u00e9n\u00e9galais, Bassirou Diomaye Faye, \u00e0 \u00ab s\u2019engager r\u00e9solument \u00bb en faveur d\u2019un processus de r\u00e9conciliation nationale dans ce pays voisin. Dans une d\u00e9claration, le Secr\u00e9tariat du comit\u00e9 central souligne que [&hellip;]\" \/>\n<meta property=\"og:url\" content=\"https:\/\/www.nettali.com\/2025\/11\/14\/crise-au-mali-le-pit-appelle-le-president-diomaye-faye-a-simpliquer-pour-une-reconciliation-nationale\/\" \/>\n<meta property=\"og:site_name\" content=\"Nettali.com\" \/>\n<meta property=\"article:publisher\" content=\"https:\/\/www.facebook.com\/nettalicom\" \/>\n<meta property=\"article:published_time\" content=\"2025-11-14T07:19:32+00:00\" \/>\n<meta property=\"article:modified_time\" content=\"2025-11-14T07:21:55+00:00\" \/>\n<meta property=\"og:image\" content=\"https:\/\/www.nettali.com\/wp-content\/uploads\/2025\/03\/pit-senegal.jpg\" \/>\n\t<meta property=\"og:image:width\" content=\"612\" \/>\n\t<meta property=\"og:image:height\" content=\"330\" \/>\n<meta name=\"twitter:card\" content=\"summary_large_image\" \/>\n<meta name=\"twitter:label1\" content=\"\u00c9crit par\" \/>\n\t<meta name=\"twitter:data1\" content=\"Daouda\" \/>\n\t<meta name=\"twitter:label2\" content=\"Dur\u00e9e de lecture estim\u00e9e\" \/>\n\t<meta name=\"twitter:data2\" content=\"2 minutes\" \/>\n<script type=\"application\/ld+json\" class=\"yoast-schema-graph\">{\"@context\":\"https:\/\/schema.org\",\"@graph\":[{\"@type\":\"WebSite\",\"@id\":\"https:\/\/www.nettali.com\/#website\",\"url\":\"https:\/\/www.nettali.com\/\",\"name\":\"Nettali.com\",\"description\":\"Le rendez-vous critique du Net\",\"potentialAction\":[{\"@type\":\"SearchAction\",\"target\":{\"@type\":\"EntryPoint\",\"urlTemplate\":\"https:\/\/www.nettali.com\/?s={search_term_string}\"},\"query-input\":\"required name=search_term_string\"}],\"inLanguage\":\"fr-FR\"},{\"@type\":\"ImageObject\",\"@id\":\"https:\/\/www.nettali.com\/2025\/11\/14\/crise-au-mali-le-pit-appelle-le-president-diomaye-faye-a-simpliquer-pour-une-reconciliation-nationale\/#primaryimage\",\"inLanguage\":\"fr-FR\",\"url\":\"https:\/\/www.nettali.com\/wp-content\/uploads\/2025\/03\/pit-senegal.jpg\",\"contentUrl\":\"https:\/\/www.nettali.com\/wp-content\/uploads\/2025\/03\/pit-senegal.jpg\",\"width\":612,\"height\":330},{\"@type\":\"WebPage\",\"@id\":\"https:\/\/www.nettali.com\/2025\/11\/14\/crise-au-mali-le-pit-appelle-le-president-diomaye-faye-a-simpliquer-pour-une-reconciliation-nationale\/#webpage\",\"url\":\"https:\/\/www.nettali.com\/2025\/11\/14\/crise-au-mali-le-pit-appelle-le-president-diomaye-faye-a-simpliquer-pour-une-reconciliation-nationale\/\",\"name\":\"CRISE AU MALI - Le PIT appelle le pr\\u00e9sident Diomaye Faye \\u00e0 s\\u2019impliquer pour une r\\u00e9conciliation nationale | Nettali.com\",\"isPartOf\":{\"@id\":\"https:\/\/www.nettali.com\/#website\"},\"primaryImageOfPage\":{\"@id\":\"https:\/\/www.nettali.com\/2025\/11\/14\/crise-au-mali-le-pit-appelle-le-president-diomaye-faye-a-simpliquer-pour-une-reconciliation-nationale\/#primaryimage\"},\"datePublished\":\"2025-11-14T07:19:32+00:00\",\"dateModified\":\"2025-11-14T07:21:55+00:00\",\"author\":{\"@id\":\"https:\/\/www.nettali.com\/#\/schema\/person\/3317e0bb3aa1da309fbf7b2780901bf4\"},\"breadcrumb\":{\"@id\":\"https:\/\/www.nettali.com\/2025\/11\/14\/crise-au-mali-le-pit-appelle-le-president-diomaye-faye-a-simpliquer-pour-une-reconciliation-nationale\/#breadcrumb\"},\"inLanguage\":\"fr-FR\",\"potentialAction\":[{\"@type\":\"ReadAction\",\"target\":[\"https:\/\/www.nettali.com\/2025\/11\/14\/crise-au-mali-le-pit-appelle-le-president-diomaye-faye-a-simpliquer-pour-une-reconciliation-nationale\/\"]}]},{\"@type\":\"BreadcrumbList\",\"@id\":\"https:\/\/www.nettali.com\/2025\/11\/14\/crise-au-mali-le-pit-appelle-le-president-diomaye-faye-a-simpliquer-pour-une-reconciliation-nationale\/#breadcrumb\",\"itemListElement\":[{\"@type\":\"ListItem\",\"position\":1,\"name\":\"Accueil\",\"item\":\"https:\/\/www.nettali.com\/\"},{\"@type\":\"ListItem\",\"position\":2,\"name\":\"CRISE AU MALI - Le PIT appelle le pr\\u00e9sident Diomaye Faye \\u00e0 s\\u2019impliquer pour une r\\u00e9conciliation nationale\"}]},{\"@type\":\"Person\",\"@id\":\"https:\/\/www.nettali.com\/#\/schema\/person\/3317e0bb3aa1da309fbf7b2780901bf4\",\"name\":\"Daouda\",\"image\":{\"@type\":\"ImageObject\",\"@id\":\"https:\/\/www.nettali.com\/#personlogo\",\"inLanguage\":\"fr-FR\",\"url\":\"https:\/\/secure.gravatar.com\/avatar\/8d143b5a49345098ddcfee1c49c2f47c?s=96&d=mm&r=g\",\"contentUrl\":\"https:\/\/secure.gravatar.com\/avatar\/8d143b5a49345098ddcfee1c49c2f47c?s=96&d=mm&r=g\",\"caption\":\"Daouda\"},\"sameAs\":[\"https:\/\/www.nettali.com\"]}]}<\/script>\n<!-- \/ Yoast SEO Premium plugin. -->","yoast_head_json":{"title":"CRISE AU MALI - Le PIT appelle le pr\u00e9sident Diomaye Faye \u00e0 s\u2019impliquer pour une r\u00e9conciliation nationale | Nettali.com","robots":{"index":"index","follow":"follow","max-snippet":"max-snippet:-1","max-image-preview":"max-image-preview:large","max-video-preview":"max-video-preview:-1"},"canonical":"https:\/\/www.nettali.com\/2025\/11\/14\/crise-au-mali-le-pit-appelle-le-president-diomaye-faye-a-simpliquer-pour-une-reconciliation-nationale\/","og_locale":"fr_FR","og_type":"article","og_title":"CRISE AU MALI - Le PIT appelle le pr\u00e9sident Diomaye Faye \u00e0 s\u2019impliquer pour une r\u00e9conciliation nationale","og_description":"NETTALI.COM - Le Parti de l\u2019ind\u00e9pendance et du travail (PIT) du S\u00e9n\u00e9gal alerte sur la gravit\u00e9 de la situation au Mali et appelle le pr\u00e9sident s\u00e9n\u00e9galais, Bassirou Diomaye Faye, \u00e0 \u00ab s\u2019engager r\u00e9solument \u00bb en faveur d\u2019un processus de r\u00e9conciliation nationale dans ce pays voisin. Dans une d\u00e9claration, le Secr\u00e9tariat du comit\u00e9 central souligne que [&hellip;]","og_url":"https:\/\/www.nettali.com\/2025\/11\/14\/crise-au-mali-le-pit-appelle-le-president-diomaye-faye-a-simpliquer-pour-une-reconciliation-nationale\/","og_site_name":"Nettali.com","article_publisher":"https:\/\/www.facebook.com\/nettalicom","article_published_time":"2025-11-14T07:19:32+00:00","article_modified_time":"2025-11-14T07:21:55+00:00","og_image":[{"width":612,"height":330,"url":"https:\/\/www.nettali.com\/wp-content\/uploads\/2025\/03\/pit-senegal.jpg","type":"image\/jpeg"}],"twitter_card":"summary_large_image","twitter_misc":{"\u00c9crit par":"Daouda","Dur\u00e9e de lecture estim\u00e9e":"2 minutes"},"schema":{"@context":"https:\/\/schema.org","@graph":[{"@type":"WebSite","@id":"https:\/\/www.nettali.com\/#website","url":"https:\/\/www.nettali.com\/","name":"Nettali.com","description":"Le rendez-vous critique du Net","potentialAction":[{"@type":"SearchAction","target":{"@type":"EntryPoint","urlTemplate":"https:\/\/www.nettali.com\/?s={search_term_string}"},"query-input":"required name=search_term_string"}],"inLanguage":"fr-FR"},{"@type":"ImageObject","@id":"https:\/\/www.nettali.com\/2025\/11\/14\/crise-au-mali-le-pit-appelle-le-president-diomaye-faye-a-simpliquer-pour-une-reconciliation-nationale\/#primaryimage","inLanguage":"fr-FR","url":"https:\/\/www.nettali.com\/wp-content\/uploads\/2025\/03\/pit-senegal.jpg","contentUrl":"https:\/\/www.nettali.com\/wp-content\/uploads\/2025\/03\/pit-senegal.jpg","width":612,"height":330},{"@type":"WebPage","@id":"https:\/\/www.nettali.com\/2025\/11\/14\/crise-au-mali-le-pit-appelle-le-president-diomaye-faye-a-simpliquer-pour-une-reconciliation-nationale\/#webpage","url":"https:\/\/www.nettali.com\/2025\/11\/14\/crise-au-mali-le-pit-appelle-le-president-diomaye-faye-a-simpliquer-pour-une-reconciliation-nationale\/","name":"CRISE AU MALI - Le PIT appelle le pr\u00e9sident Diomaye Faye \u00e0 s\u2019impliquer pour une r\u00e9conciliation nationale | Nettali.com","isPartOf":{"@id":"https:\/\/www.nettali.com\/#website"},"primaryImageOfPage":{"@id":"https:\/\/www.nettali.com\/2025\/11\/14\/crise-au-mali-le-pit-appelle-le-president-diomaye-faye-a-simpliquer-pour-une-reconciliation-nationale\/#primaryimage"},"datePublished":"2025-11-14T07:19:32+00:00","dateModified":"2025-11-14T07:21:55+00:00","author":{"@id":"https:\/\/www.nettali.com\/#\/schema\/person\/3317e0bb3aa1da309fbf7b2780901bf4"},"breadcrumb":{"@id":"https:\/\/www.nettali.com\/2025\/11\/14\/crise-au-mali-le-pit-appelle-le-president-diomaye-faye-a-simpliquer-pour-une-reconciliation-nationale\/#breadcrumb"},"inLanguage":"fr-FR","potentialAction":[{"@type":"ReadAction","target":["https:\/\/www.nettali.com\/2025\/11\/14\/crise-au-mali-le-pit-appelle-le-president-diomaye-faye-a-simpliquer-pour-une-reconciliation-nationale\/"]}]},{"@type":"BreadcrumbList","@id":"https:\/\/www.nettali.com\/2025\/11\/14\/crise-au-mali-le-pit-appelle-le-president-diomaye-faye-a-simpliquer-pour-une-reconciliation-nationale\/#breadcrumb","itemListElement":[{"@type":"ListItem","position":1,"name":"Accueil","item":"https:\/\/www.nettali.com\/"},{"@type":"ListItem","position":2,"name":"CRISE AU MALI - Le PIT appelle le pr\u00e9sident Diomaye Faye \u00e0 s\u2019impliquer pour une r\u00e9conciliation nationale"}]},{"@type":"Person","@id":"https:\/\/www.nettali.com\/#\/schema\/person\/3317e0bb3aa1da309fbf7b2780901bf4","name":"Daouda","image":{"@type":"ImageObject","@id":"https:\/\/www.nettali.com\/#personlogo","inLanguage":"fr-FR","url":"https:\/\/secure.gravatar.com\/avatar\/8d143b5a49345098ddcfee1c49c2f47c?s=96&d=mm&r=g","contentUrl":"https:\/\/secure.gravatar.com\/avatar\/8d143b5a49345098ddcfee1c49c2f47c?s=96&d=mm&r=g","caption":"Daouda"},"sameAs":["https:\/\/www.nettali.com"]}]}},"_links":{"self":[{"href":"https:\/\/www.nettali.com\/rest\/wp\/v2\/posts\/164628"}],"collection":[{"href":"https:\/\/www.nettali.com\/rest\/wp\/v2\/posts"}],"about":[{"href":"https:\/\/www.nettali.com\/rest\/wp\/v2\/types\/post"}],"author":[{"embeddable":true,"href":"https:\/\/www.nettali.com\/rest\/wp\/v2\/users\/4"}],"replies":[{"embeddable":true,"href":"https:\/\/www.nettali.com\/rest\/wp\/v2\/comments?post=164628"}],"version-history":[{"count":1,"href":"https:\/\/www.nettali.com\/rest\/wp\/v2\/posts\/164628\/revisions"}],"predecessor-version":[{"id":164629,"href":"https:\/\/www.nettali.com\/rest\/wp\/v2\/posts\/164628\/revisions\/164629"}],"wp:featuredmedia":[{"embeddable":true,"href":"https:\/\/www.nettali.com\/rest\/wp\/v2\/media\/150730"}],"wp:attachment":[{"href":"https:\/\/www.nettali.com\/rest\/wp\/v2\/media?parent=164628"}],"wp:term":[{"taxonomy":"category","embeddable":true,"href":"https:\/\/www.nettali.com\/rest\/wp\/v2\/categories?post=164628"},{"taxonomy":"post_tag","embeddable":true,"href":"https:\/\/www.nettali.com\/rest\/wp\/v2\/tags?post=164628"}],"curies":[{"name":"wp","href":"https:\/\/api.w.org\/{rel}","templated":true}]}}