{"id":164625,"date":"2025-11-14T07:10:56","date_gmt":"2025-11-14T07:10:56","guid":{"rendered":"https:\/\/www.nettali.com\/?p=164625"},"modified":"2025-11-14T07:10:56","modified_gmt":"2025-11-14T07:10:56","slug":"crise-politique-la-visite-du-premier-ministre-mauritanien-a-dakar-reportee","status":"publish","type":"post","link":"https:\/\/www.nettali.com\/2025\/11\/14\/crise-politique-la-visite-du-premier-ministre-mauritanien-a-dakar-reportee\/","title":{"rendered":"CRISE POLITIQUE - La visite du Premier ministre mauritanien \u00e0 Dakar report\u00e9e"},"content":{"rendered":"<p data-start=\"146\" data-end=\"342\"><strong>NETTALI.COM - La visite de travail du Premier ministre mauritanien, Mokhtar Ould Djay, qui devait se tenir la semaine prochaine \u00e0 Dakar, a finalement \u00e9t\u00e9 report\u00e9e, indiquent plusieurs m\u00e9dias mauritaniens.<\/strong><\/p>\n<p data-start=\"344\" data-end=\"451\">Aucune nouvelle date n\u2019a pour l\u2019instant \u00e9t\u00e9 fix\u00e9e, mais un reprogrammation est attendue \u00ab ult\u00e9rieurement \u00bb.<\/p>\n<p data-start=\"453\" data-end=\"788\">Selon des sources concordantes, la d\u00e9cision a \u00e9t\u00e9 prise d\u2019un commun accord entre les autorit\u00e9s mauritaniennes et s\u00e9n\u00e9galaises. Le report tiendrait compte de la situation actuelle au S\u00e9n\u00e9gal, afin de garantir des conditions optimales pour la tenue de la visite ainsi que pour l\u2019avancement des dossiers de coop\u00e9ration bilat\u00e9rale.<\/p>\n<div class='share-to-whatsapp-wrapper'><div class='share-on-whsp'>PARTAGER SUR : <\/div><a data-text='CRISE POLITIQUE - La visite du Premier ministre mauritanien \u00e0 Dakar report\u00e9e' data-link='https:\/\/www.nettali.com\/2025\/11\/14\/crise-politique-la-visite-du-premier-ministre-mauritanien-a-dakar-reportee\/' class='whatsapp-button whatsapp-share'>WhatsApp<\/a><div class='clear '><\/div><\/div>","protected":false},"excerpt":{"rendered":"<p>NETTALI.COM - La visite de travail du Premier ministre mauritanien, Mokhtar Ould Djay, qui devait se tenir la semaine prochaine \u00e0 Dakar, a finalement \u00e9t\u00e9 report\u00e9e, indiquent plusieurs m\u00e9dias mauritaniens. Aucune nouvelle date n\u2019a pour l\u2019instant \u00e9t\u00e9 fix\u00e9e, mais un reprogrammation est attendue \u00ab ult\u00e9rieurement \u00bb. Selon des sources concordantes, la d\u00e9cision a \u00e9t\u00e9 prise [&hellip;]<\/p>\n","protected":false},"author":4,"featured_media":164626,"comment_status":"open","ping_status":"open","sticky":false,"template":"","format":"standard","meta":{"_et_pb_use_builder":"","_et_pb_old_content":""},"categories":[2],"tags":[],"yoast_head":"<!-- This site is optimized with the Yoast SEO Premium plugin v17.8 (Yoast SEO v17.8) - https:\/\/yoast.com\/wordpress\/plugins\/seo\/ -->\n<title>CRISE POLITIQUE - La visite du Premier ministre mauritanien \u00e0 Dakar report\u00e9e | Nettali.com<\/title>\n<meta name=\"robots\" content=\"index, follow, max-snippet:-1, max-image-preview:large, max-video-preview:-1\" \/>\n<link rel=\"canonical\" href=\"https:\/\/www.nettali.com\/2025\/11\/14\/crise-politique-la-visite-du-premier-ministre-mauritanien-a-dakar-reportee\/\" \/>\n<meta property=\"og:locale\" content=\"fr_FR\" \/>\n<meta property=\"og:type\" content=\"article\" \/>\n<meta property=\"og:title\" content=\"CRISE POLITIQUE - La visite du Premier ministre mauritanien \u00e0 Dakar report\u00e9e\" \/>\n<meta property=\"og:description\" content=\"NETTALI.COM - La visite de travail du Premier ministre mauritanien, Mokhtar Ould Djay, qui devait se tenir la semaine prochaine \u00e0 Dakar, a finalement \u00e9t\u00e9 report\u00e9e, indiquent plusieurs m\u00e9dias mauritaniens. Aucune nouvelle date n\u2019a pour l\u2019instant \u00e9t\u00e9 fix\u00e9e, mais un reprogrammation est attendue \u00ab ult\u00e9rieurement \u00bb. Selon des sources concordantes, la d\u00e9cision a \u00e9t\u00e9 prise [&hellip;]\" \/>\n<meta property=\"og:url\" content=\"https:\/\/www.nettali.com\/2025\/11\/14\/crise-politique-la-visite-du-premier-ministre-mauritanien-a-dakar-reportee\/\" \/>\n<meta property=\"og:site_name\" content=\"Nettali.com\" \/>\n<meta property=\"article:publisher\" content=\"https:\/\/www.facebook.com\/nettalicom\" \/>\n<meta property=\"article:published_time\" content=\"2025-11-14T07:10:56+00:00\" \/>\n<meta property=\"og:image\" content=\"https:\/\/www.nettali.com\/wp-content\/uploads\/2025\/11\/Capture-de\u0301cran-2025-11-14-a\u0300-07.09.44.png\" \/>\n\t<meta property=\"og:image:width\" content=\"1006\" \/>\n\t<meta property=\"og:image:height\" content=\"562\" \/>\n<meta name=\"twitter:card\" content=\"summary_large_image\" \/>\n<meta name=\"twitter:label1\" content=\"\u00c9crit par\" \/>\n\t<meta name=\"twitter:data1\" content=\"Daouda\" \/>\n\t<meta name=\"twitter:label2\" content=\"Dur\u00e9e de lecture estim\u00e9e\" \/>\n\t<meta name=\"twitter:data2\" content=\"1 minute\" \/>\n<script type=\"application\/ld+json\" class=\"yoast-schema-graph\">{\"@context\":\"https:\/\/schema.org\",\"@graph\":[{\"@type\":\"WebSite\",\"@id\":\"https:\/\/www.nettali.com\/#website\",\"url\":\"https:\/\/www.nettali.com\/\",\"name\":\"Nettali.com\",\"description\":\"Le rendez-vous critique du Net\",\"potentialAction\":[{\"@type\":\"SearchAction\",\"target\":{\"@type\":\"EntryPoint\",\"urlTemplate\":\"https:\/\/www.nettali.com\/?s={search_term_string}\"},\"query-input\":\"required name=search_term_string\"}],\"inLanguage\":\"fr-FR\"},{\"@type\":\"ImageObject\",\"@id\":\"https:\/\/www.nettali.com\/2025\/11\/14\/crise-politique-la-visite-du-premier-ministre-mauritanien-a-dakar-reportee\/#primaryimage\",\"inLanguage\":\"fr-FR\",\"url\":\"https:\/\/www.nettali.com\/wp-content\/uploads\/2025\/11\/Capture-de\\u0301cran-2025-11-14-a\\u0300-07.09.44.png\",\"contentUrl\":\"https:\/\/www.nettali.com\/wp-content\/uploads\/2025\/11\/Capture-de\\u0301cran-2025-11-14-a\\u0300-07.09.44.png\",\"width\":1006,\"height\":562},{\"@type\":\"WebPage\",\"@id\":\"https:\/\/www.nettali.com\/2025\/11\/14\/crise-politique-la-visite-du-premier-ministre-mauritanien-a-dakar-reportee\/#webpage\",\"url\":\"https:\/\/www.nettali.com\/2025\/11\/14\/crise-politique-la-visite-du-premier-ministre-mauritanien-a-dakar-reportee\/\",\"name\":\"CRISE POLITIQUE - La visite du Premier ministre mauritanien \\u00e0 Dakar report\\u00e9e | Nettali.com\",\"isPartOf\":{\"@id\":\"https:\/\/www.nettali.com\/#website\"},\"primaryImageOfPage\":{\"@id\":\"https:\/\/www.nettali.com\/2025\/11\/14\/crise-politique-la-visite-du-premier-ministre-mauritanien-a-dakar-reportee\/#primaryimage\"},\"datePublished\":\"2025-11-14T07:10:56+00:00\",\"dateModified\":\"2025-11-14T07:10:56+00:00\",\"author\":{\"@id\":\"https:\/\/www.nettali.com\/#\/schema\/person\/3317e0bb3aa1da309fbf7b2780901bf4\"},\"breadcrumb\":{\"@id\":\"https:\/\/www.nettali.com\/2025\/11\/14\/crise-politique-la-visite-du-premier-ministre-mauritanien-a-dakar-reportee\/#breadcrumb\"},\"inLanguage\":\"fr-FR\",\"potentialAction\":[{\"@type\":\"ReadAction\",\"target\":[\"https:\/\/www.nettali.com\/2025\/11\/14\/crise-politique-la-visite-du-premier-ministre-mauritanien-a-dakar-reportee\/\"]}]},{\"@type\":\"BreadcrumbList\",\"@id\":\"https:\/\/www.nettali.com\/2025\/11\/14\/crise-politique-la-visite-du-premier-ministre-mauritanien-a-dakar-reportee\/#breadcrumb\",\"itemListElement\":[{\"@type\":\"ListItem\",\"position\":1,\"name\":\"Accueil\",\"item\":\"https:\/\/www.nettali.com\/\"},{\"@type\":\"ListItem\",\"position\":2,\"name\":\"CRISE POLITIQUE - La visite du Premier ministre mauritanien \\u00e0 Dakar report\\u00e9e\"}]},{\"@type\":\"Person\",\"@id\":\"https:\/\/www.nettali.com\/#\/schema\/person\/3317e0bb3aa1da309fbf7b2780901bf4\",\"name\":\"Daouda\",\"image\":{\"@type\":\"ImageObject\",\"@id\":\"https:\/\/www.nettali.com\/#personlogo\",\"inLanguage\":\"fr-FR\",\"url\":\"https:\/\/secure.gravatar.com\/avatar\/8d143b5a49345098ddcfee1c49c2f47c?s=96&d=mm&r=g\",\"contentUrl\":\"https:\/\/secure.gravatar.com\/avatar\/8d143b5a49345098ddcfee1c49c2f47c?s=96&d=mm&r=g\",\"caption\":\"Daouda\"},\"sameAs\":[\"https:\/\/www.nettali.com\"]}]}<\/script>\n<!-- \/ Yoast SEO Premium plugin. -->","yoast_head_json":{"title":"CRISE POLITIQUE - La visite du Premier ministre mauritanien \u00e0 Dakar report\u00e9e | Nettali.com","robots":{"index":"index","follow":"follow","max-snippet":"max-snippet:-1","max-image-preview":"max-image-preview:large","max-video-preview":"max-video-preview:-1"},"canonical":"https:\/\/www.nettali.com\/2025\/11\/14\/crise-politique-la-visite-du-premier-ministre-mauritanien-a-dakar-reportee\/","og_locale":"fr_FR","og_type":"article","og_title":"CRISE POLITIQUE - La visite du Premier ministre mauritanien \u00e0 Dakar report\u00e9e","og_description":"NETTALI.COM - La visite de travail du Premier ministre mauritanien, Mokhtar Ould Djay, qui devait se tenir la semaine prochaine \u00e0 Dakar, a finalement \u00e9t\u00e9 report\u00e9e, indiquent plusieurs m\u00e9dias mauritaniens. Aucune nouvelle date n\u2019a pour l\u2019instant \u00e9t\u00e9 fix\u00e9e, mais un reprogrammation est attendue \u00ab ult\u00e9rieurement \u00bb. Selon des sources concordantes, la d\u00e9cision a \u00e9t\u00e9 prise [&hellip;]","og_url":"https:\/\/www.nettali.com\/2025\/11\/14\/crise-politique-la-visite-du-premier-ministre-mauritanien-a-dakar-reportee\/","og_site_name":"Nettali.com","article_publisher":"https:\/\/www.facebook.com\/nettalicom","article_published_time":"2025-11-14T07:10:56+00:00","og_image":[{"width":1006,"height":562,"url":"https:\/\/www.nettali.com\/wp-content\/uploads\/2025\/11\/Capture-de\u0301cran-2025-11-14-a\u0300-07.09.44.png","type":"image\/png"}],"twitter_card":"summary_large_image","twitter_misc":{"\u00c9crit par":"Daouda","Dur\u00e9e de lecture estim\u00e9e":"1 minute"},"schema":{"@context":"https:\/\/schema.org","@graph":[{"@type":"WebSite","@id":"https:\/\/www.nettali.com\/#website","url":"https:\/\/www.nettali.com\/","name":"Nettali.com","description":"Le rendez-vous critique du Net","potentialAction":[{"@type":"SearchAction","target":{"@type":"EntryPoint","urlTemplate":"https:\/\/www.nettali.com\/?s={search_term_string}"},"query-input":"required name=search_term_string"}],"inLanguage":"fr-FR"},{"@type":"ImageObject","@id":"https:\/\/www.nettali.com\/2025\/11\/14\/crise-politique-la-visite-du-premier-ministre-mauritanien-a-dakar-reportee\/#primaryimage","inLanguage":"fr-FR","url":"https:\/\/www.nettali.com\/wp-content\/uploads\/2025\/11\/Capture-de\u0301cran-2025-11-14-a\u0300-07.09.44.png","contentUrl":"https:\/\/www.nettali.com\/wp-content\/uploads\/2025\/11\/Capture-de\u0301cran-2025-11-14-a\u0300-07.09.44.png","width":1006,"height":562},{"@type":"WebPage","@id":"https:\/\/www.nettali.com\/2025\/11\/14\/crise-politique-la-visite-du-premier-ministre-mauritanien-a-dakar-reportee\/#webpage","url":"https:\/\/www.nettali.com\/2025\/11\/14\/crise-politique-la-visite-du-premier-ministre-mauritanien-a-dakar-reportee\/","name":"CRISE POLITIQUE - La visite du Premier ministre mauritanien \u00e0 Dakar report\u00e9e | Nettali.com","isPartOf":{"@id":"https:\/\/www.nettali.com\/#website"},"primaryImageOfPage":{"@id":"https:\/\/www.nettali.com\/2025\/11\/14\/crise-politique-la-visite-du-premier-ministre-mauritanien-a-dakar-reportee\/#primaryimage"},"datePublished":"2025-11-14T07:10:56+00:00","dateModified":"2025-11-14T07:10:56+00:00","author":{"@id":"https:\/\/www.nettali.com\/#\/schema\/person\/3317e0bb3aa1da309fbf7b2780901bf4"},"breadcrumb":{"@id":"https:\/\/www.nettali.com\/2025\/11\/14\/crise-politique-la-visite-du-premier-ministre-mauritanien-a-dakar-reportee\/#breadcrumb"},"inLanguage":"fr-FR","potentialAction":[{"@type":"ReadAction","target":["https:\/\/www.nettali.com\/2025\/11\/14\/crise-politique-la-visite-du-premier-ministre-mauritanien-a-dakar-reportee\/"]}]},{"@type":"BreadcrumbList","@id":"https:\/\/www.nettali.com\/2025\/11\/14\/crise-politique-la-visite-du-premier-ministre-mauritanien-a-dakar-reportee\/#breadcrumb","itemListElement":[{"@type":"ListItem","position":1,"name":"Accueil","item":"https:\/\/www.nettali.com\/"},{"@type":"ListItem","position":2,"name":"CRISE POLITIQUE - La visite du Premier ministre mauritanien \u00e0 Dakar report\u00e9e"}]},{"@type":"Person","@id":"https:\/\/www.nettali.com\/#\/schema\/person\/3317e0bb3aa1da309fbf7b2780901bf4","name":"Daouda","image":{"@type":"ImageObject","@id":"https:\/\/www.nettali.com\/#personlogo","inLanguage":"fr-FR","url":"https:\/\/secure.gravatar.com\/avatar\/8d143b5a49345098ddcfee1c49c2f47c?s=96&d=mm&r=g","contentUrl":"https:\/\/secure.gravatar.com\/avatar\/8d143b5a49345098ddcfee1c49c2f47c?s=96&d=mm&r=g","caption":"Daouda"},"sameAs":["https:\/\/www.nettali.com"]}]}},"_links":{"self":[{"href":"https:\/\/www.nettali.com\/rest\/wp\/v2\/posts\/164625"}],"collection":[{"href":"https:\/\/www.nettali.com\/rest\/wp\/v2\/posts"}],"about":[{"href":"https:\/\/www.nettali.com\/rest\/wp\/v2\/types\/post"}],"author":[{"embeddable":true,"href":"https:\/\/www.nettali.com\/rest\/wp\/v2\/users\/4"}],"replies":[{"embeddable":true,"href":"https:\/\/www.nettali.com\/rest\/wp\/v2\/comments?post=164625"}],"version-history":[{"count":1,"href":"https:\/\/www.nettali.com\/rest\/wp\/v2\/posts\/164625\/revisions"}],"predecessor-version":[{"id":164627,"href":"https:\/\/www.nettali.com\/rest\/wp\/v2\/posts\/164625\/revisions\/164627"}],"wp:featuredmedia":[{"embeddable":true,"href":"https:\/\/www.nettali.com\/rest\/wp\/v2\/media\/164626"}],"wp:attachment":[{"href":"https:\/\/www.nettali.com\/rest\/wp\/v2\/media?parent=164625"}],"wp:term":[{"taxonomy":"category","embeddable":true,"href":"https:\/\/www.nettali.com\/rest\/wp\/v2\/categories?post=164625"},{"taxonomy":"post_tag","embeddable":true,"href":"https:\/\/www.nettali.com\/rest\/wp\/v2\/tags?post=164625"}],"curies":[{"name":"wp","href":"https:\/\/api.w.org\/{rel}","templated":true}]}}