{"id":164620,"date":"2025-11-14T07:04:41","date_gmt":"2025-11-14T07:04:41","guid":{"rendered":"https:\/\/www.nettali.com\/?p=164620"},"modified":"2025-11-14T07:04:41","modified_gmt":"2025-11-14T07:04:41","slug":"liberation-du-militaire-pris-en-otage-le-mfdc-se-felicite-de-limplication-de-serigne-mountakha-et-aly-ngouille-ndiaye","status":"publish","type":"post","link":"https:\/\/www.nettali.com\/2025\/11\/14\/liberation-du-militaire-pris-en-otage-le-mfdc-se-felicite-de-limplication-de-serigne-mountakha-et-aly-ngouille-ndiaye\/","title":{"rendered":"LIBERATION DU MILITAIRE PRIS EN OTAGE- Le Mfdc se f\u00e9licite de l'implication de Serigne Mountakha et Aly Ngouille Ndiaye"},"content":{"rendered":"<p data-start=\"253\" data-end=\"587\"><strong>NETTALI.COM - Le MFDC\/La Coalition a annonc\u00e9 la lib\u00e9ration du M\u00e9decin Lieutenant de l\u2019Arm\u00e9e s\u00e9n\u00e9galaise, retenu depuis les incidents survenus dans la nuit du 13 avril 2025, dans la zone de Djignaki (d\u00e9partement de Bignona). L\u2019information est contenue dans un communiqu\u00e9 sign\u00e9 par le Chef d\u2019\u00c9tat-Major de la faction, Mamady Coly.<\/strong><\/p>\n<p data-start=\"589\" data-end=\"876\">La lib\u00e9ration de l\u2019officier, pr\u00e9cise le mouvement ind\u00e9pendantiste, a \u00e9t\u00e9 d\u00e9cid\u00e9e \u00ab sans exigence d\u2019aucune contrepartie \u00bb. Le militaire a \u00e9t\u00e9 remis au Comit\u00e9 international de la Croix-Rouge (CICR), apr\u00e8s un accord entre les n\u00e9gociateurs et le Chef d\u2019\u00c9tat-Major g\u00e9n\u00e9ral des Arm\u00e9es.<\/p>\n<p data-start=\"955\" data-end=\"1030\">Le communiqu\u00e9 souligne l\u2019implication d\u00e9terminante de deux personnalit\u00e9s : Serigne Mountakha Mback\u00e9, Khalife g\u00e9n\u00e9ral des Mourides, salu\u00e9 pour son \u00ab implication depuis qu\u2019il en a \u00e9t\u00e9 inform\u00e9 \u00bb et Aly Ngouille Ndiaye, ancien ministre de l\u2019Int\u00e9rieur, remerci\u00e9 pour son \u00ab engagement \u00bb ayant permis le d\u00e9nouement de la situation ce 11 novembre 2025.<\/p>\n<p data-start=\"1318\" data-end=\"1491\">Le MFDC\/La Coalition a \u00e9galement exprim\u00e9 sa reconnaissance au CICR, aux femmes du bois sar\u00e9, ainsi qu\u2019\u00e0 toutes les personnes ayant contribu\u00e9 \u00e0 cette issue favorable.<\/p>\n<p data-start=\"1531\" data-end=\"1679\">Dans son communiqu\u00e9, le Chef d\u2019\u00c9tat-Major du mouvement, Mamady Coly, r\u00e9it\u00e8re la volont\u00e9 du MFDC\/La Coalition de renouer avec les pourparlers : <em>\u00ab Le MFDC\/La Coalition lance un appel au Pr\u00e9sident de la R\u00e9publique Bassirou Diomaye Faye pour que les deux parties reviennent \u00e0 la table des n\u00e9gociations afin que la paix r\u00e8gne d\u00e9finitivement en Casamance. \u00bb<\/em><\/p>\n<p data-start=\"1893\" data-end=\"2048\">Le mouvement affirme avoir officiellement saisi le chef de l\u2019\u00c9tat pour proposer Aly Ngouille Ndiaye comme facilitateur des prochaines n\u00e9gociations.<\/p>\n<p data-start=\"1893\" data-end=\"2048\"><img loading=\"lazy\" class=\"alignnone wp-image-164623 size-large\" src=\"https:\/\/www.nettali.com\/wp-content\/uploads\/2025\/11\/MFDC-768x1024.jpg\" alt=\"\" width=\"768\" height=\"1024\" \/><\/p>\n<div class='share-to-whatsapp-wrapper'><div class='share-on-whsp'>PARTAGER SUR : <\/div><a data-text='LIBERATION DU MILITAIRE PRIS EN OTAGE- Le Mfdc se f\u00e9licite de l'implication de Serigne Mountakha et Aly Ngouille Ndiaye' data-link='https:\/\/www.nettali.com\/2025\/11\/14\/liberation-du-militaire-pris-en-otage-le-mfdc-se-felicite-de-limplication-de-serigne-mountakha-et-aly-ngouille-ndiaye\/' class='whatsapp-button whatsapp-share'>WhatsApp<\/a><div class='clear '><\/div><\/div>","protected":false},"excerpt":{"rendered":"<p>NETTALI.COM - Le MFDC\/La Coalition a annonc\u00e9 la lib\u00e9ration du M\u00e9decin Lieutenant de l\u2019Arm\u00e9e s\u00e9n\u00e9galaise, retenu depuis les incidents survenus dans la nuit du 13 avril 2025, dans la zone de Djignaki (d\u00e9partement de Bignona). L\u2019information est contenue dans un communiqu\u00e9 sign\u00e9 par le Chef d\u2019\u00c9tat-Major de la faction, Mamady Coly. La lib\u00e9ration de l\u2019officier, [&hellip;]<\/p>\n","protected":false},"author":4,"featured_media":164622,"comment_status":"open","ping_status":"open","sticky":false,"template":"","format":"standard","meta":{"_et_pb_use_builder":"","_et_pb_old_content":""},"categories":[3],"tags":[],"yoast_head":"<!-- This site is optimized with the Yoast SEO Premium plugin v17.8 (Yoast SEO v17.8) - https:\/\/yoast.com\/wordpress\/plugins\/seo\/ -->\n<title>LIBERATION DU MILITAIRE PRIS EN OTAGE- Le Mfdc se f\u00e9licite de l&#039;implication de Serigne Mountakha et Aly Ngouille Ndiaye | Nettali.com<\/title>\n<meta name=\"robots\" content=\"index, follow, max-snippet:-1, max-image-preview:large, max-video-preview:-1\" \/>\n<link rel=\"canonical\" href=\"https:\/\/www.nettali.com\/2025\/11\/14\/liberation-du-militaire-pris-en-otage-le-mfdc-se-felicite-de-limplication-de-serigne-mountakha-et-aly-ngouille-ndiaye\/\" \/>\n<meta property=\"og:locale\" content=\"fr_FR\" \/>\n<meta property=\"og:type\" content=\"article\" \/>\n<meta property=\"og:title\" content=\"LIBERATION DU MILITAIRE PRIS EN OTAGE- Le Mfdc se f\u00e9licite de l&#039;implication de Serigne Mountakha et Aly Ngouille Ndiaye\" \/>\n<meta property=\"og:description\" content=\"NETTALI.COM - Le MFDC\/La Coalition a annonc\u00e9 la lib\u00e9ration du M\u00e9decin Lieutenant de l\u2019Arm\u00e9e s\u00e9n\u00e9galaise, retenu depuis les incidents survenus dans la nuit du 13 avril 2025, dans la zone de Djignaki (d\u00e9partement de Bignona). L\u2019information est contenue dans un communiqu\u00e9 sign\u00e9 par le Chef d\u2019\u00c9tat-Major de la faction, Mamady Coly. La lib\u00e9ration de l\u2019officier, [&hellip;]\" \/>\n<meta property=\"og:url\" content=\"https:\/\/www.nettali.com\/2025\/11\/14\/liberation-du-militaire-pris-en-otage-le-mfdc-se-felicite-de-limplication-de-serigne-mountakha-et-aly-ngouille-ndiaye\/\" \/>\n<meta property=\"og:site_name\" content=\"Nettali.com\" \/>\n<meta property=\"article:publisher\" content=\"https:\/\/www.facebook.com\/nettalicom\" \/>\n<meta property=\"article:published_time\" content=\"2025-11-14T07:04:41+00:00\" \/>\n<meta property=\"og:image\" content=\"https:\/\/www.nettali.com\/wp-content\/uploads\/2025\/11\/Aly-Ngouille-Serigne-Mountakha.jpeg\" \/>\n\t<meta property=\"og:image:width\" content=\"1260\" \/>\n\t<meta property=\"og:image:height\" content=\"800\" \/>\n<meta name=\"twitter:card\" content=\"summary_large_image\" \/>\n<meta name=\"twitter:label1\" content=\"\u00c9crit par\" \/>\n\t<meta name=\"twitter:data1\" content=\"Daouda\" \/>\n\t<meta name=\"twitter:label2\" content=\"Dur\u00e9e de lecture estim\u00e9e\" \/>\n\t<meta name=\"twitter:data2\" content=\"2 minutes\" \/>\n<script type=\"application\/ld+json\" class=\"yoast-schema-graph\">{\"@context\":\"https:\/\/schema.org\",\"@graph\":[{\"@type\":\"WebSite\",\"@id\":\"https:\/\/www.nettali.com\/#website\",\"url\":\"https:\/\/www.nettali.com\/\",\"name\":\"Nettali.com\",\"description\":\"Le rendez-vous critique du Net\",\"potentialAction\":[{\"@type\":\"SearchAction\",\"target\":{\"@type\":\"EntryPoint\",\"urlTemplate\":\"https:\/\/www.nettali.com\/?s={search_term_string}\"},\"query-input\":\"required name=search_term_string\"}],\"inLanguage\":\"fr-FR\"},{\"@type\":\"ImageObject\",\"@id\":\"https:\/\/www.nettali.com\/2025\/11\/14\/liberation-du-militaire-pris-en-otage-le-mfdc-se-felicite-de-limplication-de-serigne-mountakha-et-aly-ngouille-ndiaye\/#primaryimage\",\"inLanguage\":\"fr-FR\",\"url\":\"https:\/\/www.nettali.com\/wp-content\/uploads\/2025\/11\/Aly-Ngouille-Serigne-Mountakha.jpeg\",\"contentUrl\":\"https:\/\/www.nettali.com\/wp-content\/uploads\/2025\/11\/Aly-Ngouille-Serigne-Mountakha.jpeg\",\"width\":1260,\"height\":800},{\"@type\":\"WebPage\",\"@id\":\"https:\/\/www.nettali.com\/2025\/11\/14\/liberation-du-militaire-pris-en-otage-le-mfdc-se-felicite-de-limplication-de-serigne-mountakha-et-aly-ngouille-ndiaye\/#webpage\",\"url\":\"https:\/\/www.nettali.com\/2025\/11\/14\/liberation-du-militaire-pris-en-otage-le-mfdc-se-felicite-de-limplication-de-serigne-mountakha-et-aly-ngouille-ndiaye\/\",\"name\":\"LIBERATION DU MILITAIRE PRIS EN OTAGE- Le Mfdc se f\\u00e9licite de l'implication de Serigne Mountakha et Aly Ngouille Ndiaye | Nettali.com\",\"isPartOf\":{\"@id\":\"https:\/\/www.nettali.com\/#website\"},\"primaryImageOfPage\":{\"@id\":\"https:\/\/www.nettali.com\/2025\/11\/14\/liberation-du-militaire-pris-en-otage-le-mfdc-se-felicite-de-limplication-de-serigne-mountakha-et-aly-ngouille-ndiaye\/#primaryimage\"},\"datePublished\":\"2025-11-14T07:04:41+00:00\",\"dateModified\":\"2025-11-14T07:04:41+00:00\",\"author\":{\"@id\":\"https:\/\/www.nettali.com\/#\/schema\/person\/3317e0bb3aa1da309fbf7b2780901bf4\"},\"breadcrumb\":{\"@id\":\"https:\/\/www.nettali.com\/2025\/11\/14\/liberation-du-militaire-pris-en-otage-le-mfdc-se-felicite-de-limplication-de-serigne-mountakha-et-aly-ngouille-ndiaye\/#breadcrumb\"},\"inLanguage\":\"fr-FR\",\"potentialAction\":[{\"@type\":\"ReadAction\",\"target\":[\"https:\/\/www.nettali.com\/2025\/11\/14\/liberation-du-militaire-pris-en-otage-le-mfdc-se-felicite-de-limplication-de-serigne-mountakha-et-aly-ngouille-ndiaye\/\"]}]},{\"@type\":\"BreadcrumbList\",\"@id\":\"https:\/\/www.nettali.com\/2025\/11\/14\/liberation-du-militaire-pris-en-otage-le-mfdc-se-felicite-de-limplication-de-serigne-mountakha-et-aly-ngouille-ndiaye\/#breadcrumb\",\"itemListElement\":[{\"@type\":\"ListItem\",\"position\":1,\"name\":\"Accueil\",\"item\":\"https:\/\/www.nettali.com\/\"},{\"@type\":\"ListItem\",\"position\":2,\"name\":\"LIBERATION DU MILITAIRE PRIS EN OTAGE- Le Mfdc se f\\u00e9licite de l'implication de Serigne Mountakha et Aly Ngouille Ndiaye\"}]},{\"@type\":\"Person\",\"@id\":\"https:\/\/www.nettali.com\/#\/schema\/person\/3317e0bb3aa1da309fbf7b2780901bf4\",\"name\":\"Daouda\",\"image\":{\"@type\":\"ImageObject\",\"@id\":\"https:\/\/www.nettali.com\/#personlogo\",\"inLanguage\":\"fr-FR\",\"url\":\"https:\/\/secure.gravatar.com\/avatar\/8d143b5a49345098ddcfee1c49c2f47c?s=96&d=mm&r=g\",\"contentUrl\":\"https:\/\/secure.gravatar.com\/avatar\/8d143b5a49345098ddcfee1c49c2f47c?s=96&d=mm&r=g\",\"caption\":\"Daouda\"},\"sameAs\":[\"https:\/\/www.nettali.com\"]}]}<\/script>\n<!-- \/ Yoast SEO Premium plugin. -->","yoast_head_json":{"title":"LIBERATION DU MILITAIRE PRIS EN OTAGE- Le Mfdc se f\u00e9licite de l'implication de Serigne Mountakha et Aly Ngouille Ndiaye | Nettali.com","robots":{"index":"index","follow":"follow","max-snippet":"max-snippet:-1","max-image-preview":"max-image-preview:large","max-video-preview":"max-video-preview:-1"},"canonical":"https:\/\/www.nettali.com\/2025\/11\/14\/liberation-du-militaire-pris-en-otage-le-mfdc-se-felicite-de-limplication-de-serigne-mountakha-et-aly-ngouille-ndiaye\/","og_locale":"fr_FR","og_type":"article","og_title":"LIBERATION DU MILITAIRE PRIS EN OTAGE- Le Mfdc se f\u00e9licite de l'implication de Serigne Mountakha et Aly Ngouille Ndiaye","og_description":"NETTALI.COM - Le MFDC\/La Coalition a annonc\u00e9 la lib\u00e9ration du M\u00e9decin Lieutenant de l\u2019Arm\u00e9e s\u00e9n\u00e9galaise, retenu depuis les incidents survenus dans la nuit du 13 avril 2025, dans la zone de Djignaki (d\u00e9partement de Bignona). L\u2019information est contenue dans un communiqu\u00e9 sign\u00e9 par le Chef d\u2019\u00c9tat-Major de la faction, Mamady Coly. La lib\u00e9ration de l\u2019officier, [&hellip;]","og_url":"https:\/\/www.nettali.com\/2025\/11\/14\/liberation-du-militaire-pris-en-otage-le-mfdc-se-felicite-de-limplication-de-serigne-mountakha-et-aly-ngouille-ndiaye\/","og_site_name":"Nettali.com","article_publisher":"https:\/\/www.facebook.com\/nettalicom","article_published_time":"2025-11-14T07:04:41+00:00","og_image":[{"width":1260,"height":800,"url":"https:\/\/www.nettali.com\/wp-content\/uploads\/2025\/11\/Aly-Ngouille-Serigne-Mountakha.jpeg","type":"image\/jpeg"}],"twitter_card":"summary_large_image","twitter_misc":{"\u00c9crit par":"Daouda","Dur\u00e9e de lecture estim\u00e9e":"2 minutes"},"schema":{"@context":"https:\/\/schema.org","@graph":[{"@type":"WebSite","@id":"https:\/\/www.nettali.com\/#website","url":"https:\/\/www.nettali.com\/","name":"Nettali.com","description":"Le rendez-vous critique du Net","potentialAction":[{"@type":"SearchAction","target":{"@type":"EntryPoint","urlTemplate":"https:\/\/www.nettali.com\/?s={search_term_string}"},"query-input":"required name=search_term_string"}],"inLanguage":"fr-FR"},{"@type":"ImageObject","@id":"https:\/\/www.nettali.com\/2025\/11\/14\/liberation-du-militaire-pris-en-otage-le-mfdc-se-felicite-de-limplication-de-serigne-mountakha-et-aly-ngouille-ndiaye\/#primaryimage","inLanguage":"fr-FR","url":"https:\/\/www.nettali.com\/wp-content\/uploads\/2025\/11\/Aly-Ngouille-Serigne-Mountakha.jpeg","contentUrl":"https:\/\/www.nettali.com\/wp-content\/uploads\/2025\/11\/Aly-Ngouille-Serigne-Mountakha.jpeg","width":1260,"height":800},{"@type":"WebPage","@id":"https:\/\/www.nettali.com\/2025\/11\/14\/liberation-du-militaire-pris-en-otage-le-mfdc-se-felicite-de-limplication-de-serigne-mountakha-et-aly-ngouille-ndiaye\/#webpage","url":"https:\/\/www.nettali.com\/2025\/11\/14\/liberation-du-militaire-pris-en-otage-le-mfdc-se-felicite-de-limplication-de-serigne-mountakha-et-aly-ngouille-ndiaye\/","name":"LIBERATION DU MILITAIRE PRIS EN OTAGE- Le Mfdc se f\u00e9licite de l'implication de Serigne Mountakha et Aly Ngouille Ndiaye | Nettali.com","isPartOf":{"@id":"https:\/\/www.nettali.com\/#website"},"primaryImageOfPage":{"@id":"https:\/\/www.nettali.com\/2025\/11\/14\/liberation-du-militaire-pris-en-otage-le-mfdc-se-felicite-de-limplication-de-serigne-mountakha-et-aly-ngouille-ndiaye\/#primaryimage"},"datePublished":"2025-11-14T07:04:41+00:00","dateModified":"2025-11-14T07:04:41+00:00","author":{"@id":"https:\/\/www.nettali.com\/#\/schema\/person\/3317e0bb3aa1da309fbf7b2780901bf4"},"breadcrumb":{"@id":"https:\/\/www.nettali.com\/2025\/11\/14\/liberation-du-militaire-pris-en-otage-le-mfdc-se-felicite-de-limplication-de-serigne-mountakha-et-aly-ngouille-ndiaye\/#breadcrumb"},"inLanguage":"fr-FR","potentialAction":[{"@type":"ReadAction","target":["https:\/\/www.nettali.com\/2025\/11\/14\/liberation-du-militaire-pris-en-otage-le-mfdc-se-felicite-de-limplication-de-serigne-mountakha-et-aly-ngouille-ndiaye\/"]}]},{"@type":"BreadcrumbList","@id":"https:\/\/www.nettali.com\/2025\/11\/14\/liberation-du-militaire-pris-en-otage-le-mfdc-se-felicite-de-limplication-de-serigne-mountakha-et-aly-ngouille-ndiaye\/#breadcrumb","itemListElement":[{"@type":"ListItem","position":1,"name":"Accueil","item":"https:\/\/www.nettali.com\/"},{"@type":"ListItem","position":2,"name":"LIBERATION DU MILITAIRE PRIS EN OTAGE- Le Mfdc se f\u00e9licite de l'implication de Serigne Mountakha et Aly Ngouille Ndiaye"}]},{"@type":"Person","@id":"https:\/\/www.nettali.com\/#\/schema\/person\/3317e0bb3aa1da309fbf7b2780901bf4","name":"Daouda","image":{"@type":"ImageObject","@id":"https:\/\/www.nettali.com\/#personlogo","inLanguage":"fr-FR","url":"https:\/\/secure.gravatar.com\/avatar\/8d143b5a49345098ddcfee1c49c2f47c?s=96&d=mm&r=g","contentUrl":"https:\/\/secure.gravatar.com\/avatar\/8d143b5a49345098ddcfee1c49c2f47c?s=96&d=mm&r=g","caption":"Daouda"},"sameAs":["https:\/\/www.nettali.com"]}]}},"_links":{"self":[{"href":"https:\/\/www.nettali.com\/rest\/wp\/v2\/posts\/164620"}],"collection":[{"href":"https:\/\/www.nettali.com\/rest\/wp\/v2\/posts"}],"about":[{"href":"https:\/\/www.nettali.com\/rest\/wp\/v2\/types\/post"}],"author":[{"embeddable":true,"href":"https:\/\/www.nettali.com\/rest\/wp\/v2\/users\/4"}],"replies":[{"embeddable":true,"href":"https:\/\/www.nettali.com\/rest\/wp\/v2\/comments?post=164620"}],"version-history":[{"count":1,"href":"https:\/\/www.nettali.com\/rest\/wp\/v2\/posts\/164620\/revisions"}],"predecessor-version":[{"id":164624,"href":"https:\/\/www.nettali.com\/rest\/wp\/v2\/posts\/164620\/revisions\/164624"}],"wp:featuredmedia":[{"embeddable":true,"href":"https:\/\/www.nettali.com\/rest\/wp\/v2\/media\/164622"}],"wp:attachment":[{"href":"https:\/\/www.nettali.com\/rest\/wp\/v2\/media?parent=164620"}],"wp:term":[{"taxonomy":"category","embeddable":true,"href":"https:\/\/www.nettali.com\/rest\/wp\/v2\/categories?post=164620"},{"taxonomy":"post_tag","embeddable":true,"href":"https:\/\/www.nettali.com\/rest\/wp\/v2\/tags?post=164620"}],"curies":[{"name":"wp","href":"https:\/\/api.w.org\/{rel}","templated":true}]}}