{"id":164615,"date":"2025-11-14T06:52:16","date_gmt":"2025-11-14T06:52:16","guid":{"rendered":"https:\/\/www.nettali.com\/?p=164615"},"modified":"2025-11-15T09:25:48","modified_gmt":"2025-11-15T09:25:48","slug":"affaire-madiambal-diagne-la-justice-francaise-leve-les-mesures-de-controle-judiciaire","status":"publish","type":"post","link":"https:\/\/www.nettali.com\/2025\/11\/14\/affaire-madiambal-diagne-la-justice-francaise-leve-les-mesures-de-controle-judiciaire\/","title":{"rendered":"AFFAIRE MADIAMBAL DIAGNE - La justice fran\u00e7aise l\u00e8ve les mesures de contr\u00f4le judiciaire"},"content":{"rendered":"<p data-start=\"283\" data-end=\"613\"><strong>NETTALI.COM - Le journaliste et homme d\u2019affaires s\u00e9n\u00e9galais Madiambal Diagne a remport\u00e9 une \u00e9tape importante dans la proc\u00e9dure judiciaire qui l\u2019oppose \u00e0 l\u2019\u00c9tat du S\u00e9n\u00e9gal. En France, la justice a d\u00e9cid\u00e9 de lever les mesures de contr\u00f4le judiciaire qui limitaient jusqu\u2019ici sa libert\u00e9, a d\u00e9clar\u00e9 l\u2019un de ses avocats, Me Ousmane Thiam.<\/strong><\/p>\n<p data-start=\"615\" data-end=\"791\">Cette d\u00e9cision intervient alors que la Cour d\u2019appel de Versailles doit statuer le 25 novembre 2025 sur la demande d\u2019extradition formul\u00e9e par les autorit\u00e9s s\u00e9n\u00e9galaises.<\/p>\n<p data-start=\"793\" data-end=\"1126\">Lors de l\u2019audience du 4 novembre 2025, les avocats de Madiambal Diagne avaient d\u00e9pos\u00e9 leur m\u00e9moire, soulevant plusieurs irr\u00e9gularit\u00e9s concernant le mandat d\u2019arr\u00eat international \u00e9mis par Dakar. La d\u00e9fense avait \u00e9galement alert\u00e9 sur les risques d\u2019un proc\u00e8s in\u00e9quitable pour leur client en cas d\u2019extradition vers le S\u00e9n\u00e9gal.<\/p>\n<p data-start=\"1128\" data-end=\"1294\">En attendant la d\u00e9cision finale, la lev\u00e9e des mesures de contr\u00f4le judiciaire offre au patron de presse une libert\u00e9 de mouvement totale sur le territoire fran\u00e7ais.<\/p>\n<div class='share-to-whatsapp-wrapper'><div class='share-on-whsp'>PARTAGER SUR : <\/div><a data-text='AFFAIRE MADIAMBAL DIAGNE - La justice fran\u00e7aise l\u00e8ve les mesures de contr\u00f4le judiciaire' data-link='https:\/\/www.nettali.com\/2025\/11\/14\/affaire-madiambal-diagne-la-justice-francaise-leve-les-mesures-de-controle-judiciaire\/' class='whatsapp-button whatsapp-share'>WhatsApp<\/a><div class='clear '><\/div><\/div>","protected":false},"excerpt":{"rendered":"<p>NETTALI.COM - Le journaliste et homme d\u2019affaires s\u00e9n\u00e9galais Madiambal Diagne a remport\u00e9 une \u00e9tape importante dans la proc\u00e9dure judiciaire qui l\u2019oppose \u00e0 l\u2019\u00c9tat du S\u00e9n\u00e9gal. En France, la justice a d\u00e9cid\u00e9 de lever les mesures de contr\u00f4le judiciaire qui limitaient jusqu\u2019ici sa libert\u00e9, a d\u00e9clar\u00e9 l\u2019un de ses avocats, Me Ousmane Thiam. Cette d\u00e9cision intervient [&hellip;]<\/p>\n","protected":false},"author":4,"featured_media":117823,"comment_status":"open","ping_status":"open","sticky":false,"template":"","format":"standard","meta":{"_et_pb_use_builder":"","_et_pb_old_content":""},"categories":[3],"tags":[],"yoast_head":"<!-- This site is optimized with the Yoast SEO Premium plugin v17.8 (Yoast SEO v17.8) - https:\/\/yoast.com\/wordpress\/plugins\/seo\/ -->\n<title>AFFAIRE MADIAMBAL DIAGNE - La justice fran\u00e7aise l\u00e8ve les mesures de contr\u00f4le judiciaire | Nettali.com<\/title>\n<meta name=\"robots\" content=\"index, follow, max-snippet:-1, max-image-preview:large, max-video-preview:-1\" \/>\n<link rel=\"canonical\" href=\"https:\/\/www.nettali.com\/2025\/11\/14\/affaire-madiambal-diagne-la-justice-francaise-leve-les-mesures-de-controle-judiciaire\/\" \/>\n<meta property=\"og:locale\" content=\"fr_FR\" \/>\n<meta property=\"og:type\" content=\"article\" \/>\n<meta property=\"og:title\" content=\"AFFAIRE MADIAMBAL DIAGNE - La justice fran\u00e7aise l\u00e8ve les mesures de contr\u00f4le judiciaire\" \/>\n<meta property=\"og:description\" content=\"NETTALI.COM - Le journaliste et homme d\u2019affaires s\u00e9n\u00e9galais Madiambal Diagne a remport\u00e9 une \u00e9tape importante dans la proc\u00e9dure judiciaire qui l\u2019oppose \u00e0 l\u2019\u00c9tat du S\u00e9n\u00e9gal. En France, la justice a d\u00e9cid\u00e9 de lever les mesures de contr\u00f4le judiciaire qui limitaient jusqu\u2019ici sa libert\u00e9, a d\u00e9clar\u00e9 l\u2019un de ses avocats, Me Ousmane Thiam. Cette d\u00e9cision intervient [&hellip;]\" \/>\n<meta property=\"og:url\" content=\"https:\/\/www.nettali.com\/2025\/11\/14\/affaire-madiambal-diagne-la-justice-francaise-leve-les-mesures-de-controle-judiciaire\/\" \/>\n<meta property=\"og:site_name\" content=\"Nettali.com\" \/>\n<meta property=\"article:publisher\" content=\"https:\/\/www.facebook.com\/nettalicom\" \/>\n<meta property=\"article:published_time\" content=\"2025-11-14T06:52:16+00:00\" \/>\n<meta property=\"article:modified_time\" content=\"2025-11-15T09:25:48+00:00\" \/>\n<meta property=\"og:image\" content=\"https:\/\/www.nettali.com\/wp-content\/uploads\/2023\/09\/Madiambal-Diagne-2.jpg\" \/>\n\t<meta property=\"og:image:width\" content=\"650\" \/>\n\t<meta property=\"og:image:height\" content=\"432\" \/>\n<meta name=\"twitter:card\" content=\"summary_large_image\" \/>\n<meta name=\"twitter:label1\" content=\"\u00c9crit par\" \/>\n\t<meta name=\"twitter:data1\" content=\"Daouda\" \/>\n\t<meta name=\"twitter:label2\" content=\"Dur\u00e9e de lecture estim\u00e9e\" \/>\n\t<meta name=\"twitter:data2\" content=\"1 minute\" \/>\n<script type=\"application\/ld+json\" class=\"yoast-schema-graph\">{\"@context\":\"https:\/\/schema.org\",\"@graph\":[{\"@type\":\"WebSite\",\"@id\":\"https:\/\/www.nettali.com\/#website\",\"url\":\"https:\/\/www.nettali.com\/\",\"name\":\"Nettali.com\",\"description\":\"Le rendez-vous critique du Net\",\"potentialAction\":[{\"@type\":\"SearchAction\",\"target\":{\"@type\":\"EntryPoint\",\"urlTemplate\":\"https:\/\/www.nettali.com\/?s={search_term_string}\"},\"query-input\":\"required name=search_term_string\"}],\"inLanguage\":\"fr-FR\"},{\"@type\":\"ImageObject\",\"@id\":\"https:\/\/www.nettali.com\/2025\/11\/14\/affaire-madiambal-diagne-la-justice-francaise-leve-les-mesures-de-controle-judiciaire\/#primaryimage\",\"inLanguage\":\"fr-FR\",\"url\":\"https:\/\/www.nettali.com\/wp-content\/uploads\/2023\/09\/Madiambal-Diagne-2.jpg\",\"contentUrl\":\"https:\/\/www.nettali.com\/wp-content\/uploads\/2023\/09\/Madiambal-Diagne-2.jpg\",\"width\":650,\"height\":432},{\"@type\":\"WebPage\",\"@id\":\"https:\/\/www.nettali.com\/2025\/11\/14\/affaire-madiambal-diagne-la-justice-francaise-leve-les-mesures-de-controle-judiciaire\/#webpage\",\"url\":\"https:\/\/www.nettali.com\/2025\/11\/14\/affaire-madiambal-diagne-la-justice-francaise-leve-les-mesures-de-controle-judiciaire\/\",\"name\":\"AFFAIRE MADIAMBAL DIAGNE - La justice fran\\u00e7aise l\\u00e8ve les mesures de contr\\u00f4le judiciaire | Nettali.com\",\"isPartOf\":{\"@id\":\"https:\/\/www.nettali.com\/#website\"},\"primaryImageOfPage\":{\"@id\":\"https:\/\/www.nettali.com\/2025\/11\/14\/affaire-madiambal-diagne-la-justice-francaise-leve-les-mesures-de-controle-judiciaire\/#primaryimage\"},\"datePublished\":\"2025-11-14T06:52:16+00:00\",\"dateModified\":\"2025-11-15T09:25:48+00:00\",\"author\":{\"@id\":\"https:\/\/www.nettali.com\/#\/schema\/person\/3317e0bb3aa1da309fbf7b2780901bf4\"},\"breadcrumb\":{\"@id\":\"https:\/\/www.nettali.com\/2025\/11\/14\/affaire-madiambal-diagne-la-justice-francaise-leve-les-mesures-de-controle-judiciaire\/#breadcrumb\"},\"inLanguage\":\"fr-FR\",\"potentialAction\":[{\"@type\":\"ReadAction\",\"target\":[\"https:\/\/www.nettali.com\/2025\/11\/14\/affaire-madiambal-diagne-la-justice-francaise-leve-les-mesures-de-controle-judiciaire\/\"]}]},{\"@type\":\"BreadcrumbList\",\"@id\":\"https:\/\/www.nettali.com\/2025\/11\/14\/affaire-madiambal-diagne-la-justice-francaise-leve-les-mesures-de-controle-judiciaire\/#breadcrumb\",\"itemListElement\":[{\"@type\":\"ListItem\",\"position\":1,\"name\":\"Accueil\",\"item\":\"https:\/\/www.nettali.com\/\"},{\"@type\":\"ListItem\",\"position\":2,\"name\":\"AFFAIRE MADIAMBAL DIAGNE - La justice fran\\u00e7aise l\\u00e8ve les mesures de contr\\u00f4le judiciaire\"}]},{\"@type\":\"Person\",\"@id\":\"https:\/\/www.nettali.com\/#\/schema\/person\/3317e0bb3aa1da309fbf7b2780901bf4\",\"name\":\"Daouda\",\"image\":{\"@type\":\"ImageObject\",\"@id\":\"https:\/\/www.nettali.com\/#personlogo\",\"inLanguage\":\"fr-FR\",\"url\":\"https:\/\/secure.gravatar.com\/avatar\/8d143b5a49345098ddcfee1c49c2f47c?s=96&d=mm&r=g\",\"contentUrl\":\"https:\/\/secure.gravatar.com\/avatar\/8d143b5a49345098ddcfee1c49c2f47c?s=96&d=mm&r=g\",\"caption\":\"Daouda\"},\"sameAs\":[\"https:\/\/www.nettali.com\"]}]}<\/script>\n<!-- \/ Yoast SEO Premium plugin. -->","yoast_head_json":{"title":"AFFAIRE MADIAMBAL DIAGNE - La justice fran\u00e7aise l\u00e8ve les mesures de contr\u00f4le judiciaire | Nettali.com","robots":{"index":"index","follow":"follow","max-snippet":"max-snippet:-1","max-image-preview":"max-image-preview:large","max-video-preview":"max-video-preview:-1"},"canonical":"https:\/\/www.nettali.com\/2025\/11\/14\/affaire-madiambal-diagne-la-justice-francaise-leve-les-mesures-de-controle-judiciaire\/","og_locale":"fr_FR","og_type":"article","og_title":"AFFAIRE MADIAMBAL DIAGNE - La justice fran\u00e7aise l\u00e8ve les mesures de contr\u00f4le judiciaire","og_description":"NETTALI.COM - Le journaliste et homme d\u2019affaires s\u00e9n\u00e9galais Madiambal Diagne a remport\u00e9 une \u00e9tape importante dans la proc\u00e9dure judiciaire qui l\u2019oppose \u00e0 l\u2019\u00c9tat du S\u00e9n\u00e9gal. En France, la justice a d\u00e9cid\u00e9 de lever les mesures de contr\u00f4le judiciaire qui limitaient jusqu\u2019ici sa libert\u00e9, a d\u00e9clar\u00e9 l\u2019un de ses avocats, Me Ousmane Thiam. Cette d\u00e9cision intervient [&hellip;]","og_url":"https:\/\/www.nettali.com\/2025\/11\/14\/affaire-madiambal-diagne-la-justice-francaise-leve-les-mesures-de-controle-judiciaire\/","og_site_name":"Nettali.com","article_publisher":"https:\/\/www.facebook.com\/nettalicom","article_published_time":"2025-11-14T06:52:16+00:00","article_modified_time":"2025-11-15T09:25:48+00:00","og_image":[{"width":650,"height":432,"url":"https:\/\/www.nettali.com\/wp-content\/uploads\/2023\/09\/Madiambal-Diagne-2.jpg","type":"image\/jpeg"}],"twitter_card":"summary_large_image","twitter_misc":{"\u00c9crit par":"Daouda","Dur\u00e9e de lecture estim\u00e9e":"1 minute"},"schema":{"@context":"https:\/\/schema.org","@graph":[{"@type":"WebSite","@id":"https:\/\/www.nettali.com\/#website","url":"https:\/\/www.nettali.com\/","name":"Nettali.com","description":"Le rendez-vous critique du Net","potentialAction":[{"@type":"SearchAction","target":{"@type":"EntryPoint","urlTemplate":"https:\/\/www.nettali.com\/?s={search_term_string}"},"query-input":"required name=search_term_string"}],"inLanguage":"fr-FR"},{"@type":"ImageObject","@id":"https:\/\/www.nettali.com\/2025\/11\/14\/affaire-madiambal-diagne-la-justice-francaise-leve-les-mesures-de-controle-judiciaire\/#primaryimage","inLanguage":"fr-FR","url":"https:\/\/www.nettali.com\/wp-content\/uploads\/2023\/09\/Madiambal-Diagne-2.jpg","contentUrl":"https:\/\/www.nettali.com\/wp-content\/uploads\/2023\/09\/Madiambal-Diagne-2.jpg","width":650,"height":432},{"@type":"WebPage","@id":"https:\/\/www.nettali.com\/2025\/11\/14\/affaire-madiambal-diagne-la-justice-francaise-leve-les-mesures-de-controle-judiciaire\/#webpage","url":"https:\/\/www.nettali.com\/2025\/11\/14\/affaire-madiambal-diagne-la-justice-francaise-leve-les-mesures-de-controle-judiciaire\/","name":"AFFAIRE MADIAMBAL DIAGNE - La justice fran\u00e7aise l\u00e8ve les mesures de contr\u00f4le judiciaire | Nettali.com","isPartOf":{"@id":"https:\/\/www.nettali.com\/#website"},"primaryImageOfPage":{"@id":"https:\/\/www.nettali.com\/2025\/11\/14\/affaire-madiambal-diagne-la-justice-francaise-leve-les-mesures-de-controle-judiciaire\/#primaryimage"},"datePublished":"2025-11-14T06:52:16+00:00","dateModified":"2025-11-15T09:25:48+00:00","author":{"@id":"https:\/\/www.nettali.com\/#\/schema\/person\/3317e0bb3aa1da309fbf7b2780901bf4"},"breadcrumb":{"@id":"https:\/\/www.nettali.com\/2025\/11\/14\/affaire-madiambal-diagne-la-justice-francaise-leve-les-mesures-de-controle-judiciaire\/#breadcrumb"},"inLanguage":"fr-FR","potentialAction":[{"@type":"ReadAction","target":["https:\/\/www.nettali.com\/2025\/11\/14\/affaire-madiambal-diagne-la-justice-francaise-leve-les-mesures-de-controle-judiciaire\/"]}]},{"@type":"BreadcrumbList","@id":"https:\/\/www.nettali.com\/2025\/11\/14\/affaire-madiambal-diagne-la-justice-francaise-leve-les-mesures-de-controle-judiciaire\/#breadcrumb","itemListElement":[{"@type":"ListItem","position":1,"name":"Accueil","item":"https:\/\/www.nettali.com\/"},{"@type":"ListItem","position":2,"name":"AFFAIRE MADIAMBAL DIAGNE - La justice fran\u00e7aise l\u00e8ve les mesures de contr\u00f4le judiciaire"}]},{"@type":"Person","@id":"https:\/\/www.nettali.com\/#\/schema\/person\/3317e0bb3aa1da309fbf7b2780901bf4","name":"Daouda","image":{"@type":"ImageObject","@id":"https:\/\/www.nettali.com\/#personlogo","inLanguage":"fr-FR","url":"https:\/\/secure.gravatar.com\/avatar\/8d143b5a49345098ddcfee1c49c2f47c?s=96&d=mm&r=g","contentUrl":"https:\/\/secure.gravatar.com\/avatar\/8d143b5a49345098ddcfee1c49c2f47c?s=96&d=mm&r=g","caption":"Daouda"},"sameAs":["https:\/\/www.nettali.com"]}]}},"_links":{"self":[{"href":"https:\/\/www.nettali.com\/rest\/wp\/v2\/posts\/164615"}],"collection":[{"href":"https:\/\/www.nettali.com\/rest\/wp\/v2\/posts"}],"about":[{"href":"https:\/\/www.nettali.com\/rest\/wp\/v2\/types\/post"}],"author":[{"embeddable":true,"href":"https:\/\/www.nettali.com\/rest\/wp\/v2\/users\/4"}],"replies":[{"embeddable":true,"href":"https:\/\/www.nettali.com\/rest\/wp\/v2\/comments?post=164615"}],"version-history":[{"count":1,"href":"https:\/\/www.nettali.com\/rest\/wp\/v2\/posts\/164615\/revisions"}],"predecessor-version":[{"id":164616,"href":"https:\/\/www.nettali.com\/rest\/wp\/v2\/posts\/164615\/revisions\/164616"}],"wp:featuredmedia":[{"embeddable":true,"href":"https:\/\/www.nettali.com\/rest\/wp\/v2\/media\/117823"}],"wp:attachment":[{"href":"https:\/\/www.nettali.com\/rest\/wp\/v2\/media?parent=164615"}],"wp:term":[{"taxonomy":"category","embeddable":true,"href":"https:\/\/www.nettali.com\/rest\/wp\/v2\/categories?post=164615"},{"taxonomy":"post_tag","embeddable":true,"href":"https:\/\/www.nettali.com\/rest\/wp\/v2\/tags?post=164615"}],"curies":[{"name":"wp","href":"https:\/\/api.w.org\/{rel}","templated":true}]}}