{"id":164613,"date":"2025-11-14T06:43:36","date_gmt":"2025-11-14T06:43:36","guid":{"rendered":"https:\/\/www.nettali.com\/?p=164613"},"modified":"2025-11-14T06:43:36","modified_gmt":"2025-11-14T06:43:36","slug":"recrudescence-de-lextremisme-violent-au-mali-le-gradec-invite-le-senegal-a-prendre-des-initiatives-urgentes","status":"publish","type":"post","link":"https:\/\/www.nettali.com\/2025\/11\/14\/recrudescence-de-lextremisme-violent-au-mali-le-gradec-invite-le-senegal-a-prendre-des-initiatives-urgentes\/","title":{"rendered":"RECRUDESCENCE DE L\u2019EXTR\u00c9MISME VIOLENT AU MALI - Le GRADEC invite le S\u00e9n\u00e9gal \u00e0 prendre des \u00ab initiatives urgentes \u00bb"},"content":{"rendered":"<p><strong>NETTALI.COM- Le Groupe de recherche et d\u2019appui-conseil pour la d\u00e9mocratie participative et la bonne gouvernance (Gradec), lance un appel pressant au S\u00e9n\u00e9gal et aux instances r\u00e9gionales face \u00e0 la situation au Mali. Estimant que l'effondrement du pays menacerait l'ensemble de la sous-r\u00e9gion, l'organisation de la soci\u00e9t\u00e9 civile exhorte Dakar \u00e0 prendre des initiatives urgentes pour enrayer la crise s\u00e9curitaire croissante. <\/strong><\/p>\n<p>Depuis plusieurs semaines, le Mali fait face \u00e0 une recrudescence alarmante de l\u2019extr\u00e9misme violent. Une situation qui met sous haute tension la stabilit\u00e9 du pays et de ses voisins. Selon le Groupe de recherche et d\u2019appui-conseil pour la d\u00e9mocratie participative et la bonne gouvernance (GRADEC), des groupes arm\u00e9s ont intensifi\u00e9 leur strat\u00e9gie visant \u00e0 couper les principales voies de communication du pays.<\/p>\n<p>Pour l'organisation de la soci\u00e9t\u00e9 civile dirig\u00e9e par Ababacar Fall, l'objectif de cette man\u0153uvre est clair : assi\u00e9ger la capitale, Bamako, et bloquer l'approvisionnement en carburant et en denr\u00e9es essentielles, dans le but d'asphyxier l'\u00e9conomie malienne.<\/p>\n<p>Cette strat\u00e9gie se traduit selon elle par des attaques meurtri\u00e8res de plus en plus fr\u00e9quentes contre des civils innocents, semant le d\u00e9sarroi et la d\u00e9solation. Bien que le gouvernement malien et ses forces arm\u00e9es fassent preuve de d\u00e9termination et aient mis en \u0153uvre une strat\u00e9gie s\u00e9curitaire, le pays peine \u00e0 sortir de l'instabilit\u00e9, comme le constate le GRADEC.<\/p>\n<p>L'organisation souligne le risque d'un effondrement du Mali, dont les cons\u00e9quences humanitaires et \u00e9conomiques seraient \u00ab graves \u00bb pour les pays limitrophes, notamment le S\u00e9n\u00e9gal.<\/p>\n<p>Face \u00e0 ce p\u00e9ril, le Gradec interpelle directement la communaut\u00e9 r\u00e9gionale. En raison des liens g\u00e9ographiques, \u00e9conomiques et historiques profonds qu\u2019il partage avec le Mali, le gouvernement s\u00e9n\u00e9galais est le premier sollicit\u00e9. Le GRADEC lui lance un appel pressant \u00e0 prendre des \u00ab initiatives urgentes \u00bb en collaboration avec les organisations sous-r\u00e9gionales et r\u00e9gionales pour \u00ab sauver le Mali \u00bb.<\/p>\n<p>Parall\u00e8lement, l'organisation invite la CEDEAO et l'Union Africaine \u00e0 soutenir activement toute initiative \u00e9manant du S\u00e9n\u00e9gal. L'objectif ultime est de pr\u00e9server un environnement de paix et de stabilit\u00e9, jug\u00e9 indispensable pour le d\u00e9veloppement durable de l\u2019ensemble de la sous-r\u00e9gion ouest-africaine.<\/p>\n<p>&nbsp;<\/p>\n<p>&nbsp;<\/p>\n<p>&nbsp;<\/p>\n<div class='share-to-whatsapp-wrapper'><div class='share-on-whsp'>PARTAGER SUR : <\/div><a data-text='RECRUDESCENCE DE L\u2019EXTR\u00c9MISME VIOLENT AU MALI - Le GRADEC invite le S\u00e9n\u00e9gal \u00e0 prendre des \u00ab initiatives urgentes \u00bb' data-link='https:\/\/www.nettali.com\/2025\/11\/14\/recrudescence-de-lextremisme-violent-au-mali-le-gradec-invite-le-senegal-a-prendre-des-initiatives-urgentes\/' class='whatsapp-button whatsapp-share'>WhatsApp<\/a><div class='clear '><\/div><\/div>","protected":false},"excerpt":{"rendered":"<p>NETTALI.COM- Le Groupe de recherche et d\u2019appui-conseil pour la d\u00e9mocratie participative et la bonne gouvernance (Gradec), lance un appel pressant au S\u00e9n\u00e9gal et aux instances r\u00e9gionales face \u00e0 la situation au Mali. Estimant que l'effondrement du pays menacerait l'ensemble de la sous-r\u00e9gion, l'organisation de la soci\u00e9t\u00e9 civile exhorte Dakar \u00e0 prendre des initiatives urgentes pour [&hellip;]<\/p>\n","protected":false},"author":6,"featured_media":117842,"comment_status":"open","ping_status":"open","sticky":false,"template":"","format":"standard","meta":{"_et_pb_use_builder":"","_et_pb_old_content":""},"categories":[2],"tags":[],"yoast_head":"<!-- This site is optimized with the Yoast SEO Premium plugin v17.8 (Yoast SEO v17.8) - https:\/\/yoast.com\/wordpress\/plugins\/seo\/ -->\n<title>RECRUDESCENCE DE L\u2019EXTR\u00c9MISME VIOLENT AU MALI - Le GRADEC invite le S\u00e9n\u00e9gal \u00e0 prendre des \u00ab initiatives urgentes \u00bb | Nettali.com<\/title>\n<meta name=\"robots\" content=\"index, follow, max-snippet:-1, max-image-preview:large, max-video-preview:-1\" \/>\n<link rel=\"canonical\" href=\"https:\/\/www.nettali.com\/2025\/11\/14\/recrudescence-de-lextremisme-violent-au-mali-le-gradec-invite-le-senegal-a-prendre-des-initiatives-urgentes\/\" \/>\n<meta property=\"og:locale\" content=\"fr_FR\" \/>\n<meta property=\"og:type\" content=\"article\" \/>\n<meta property=\"og:title\" content=\"RECRUDESCENCE DE L\u2019EXTR\u00c9MISME VIOLENT AU MALI - Le GRADEC invite le S\u00e9n\u00e9gal \u00e0 prendre des \u00ab initiatives urgentes \u00bb\" \/>\n<meta property=\"og:description\" content=\"NETTALI.COM- Le Groupe de recherche et d\u2019appui-conseil pour la d\u00e9mocratie participative et la bonne gouvernance (Gradec), lance un appel pressant au S\u00e9n\u00e9gal et aux instances r\u00e9gionales face \u00e0 la situation au Mali. Estimant que l&#039;effondrement du pays menacerait l&#039;ensemble de la sous-r\u00e9gion, l&#039;organisation de la soci\u00e9t\u00e9 civile exhorte Dakar \u00e0 prendre des initiatives urgentes pour [&hellip;]\" \/>\n<meta property=\"og:url\" content=\"https:\/\/www.nettali.com\/2025\/11\/14\/recrudescence-de-lextremisme-violent-au-mali-le-gradec-invite-le-senegal-a-prendre-des-initiatives-urgentes\/\" \/>\n<meta property=\"og:site_name\" content=\"Nettali.com\" \/>\n<meta property=\"article:publisher\" content=\"https:\/\/www.facebook.com\/nettalicom\" \/>\n<meta property=\"article:published_time\" content=\"2025-11-14T06:43:36+00:00\" \/>\n<meta property=\"og:image\" content=\"https:\/\/www.nettali.com\/wp-content\/uploads\/2023\/09\/ababacar-fall-gradec.jpg\" \/>\n\t<meta property=\"og:image:width\" content=\"650\" \/>\n\t<meta property=\"og:image:height\" content=\"488\" \/>\n<meta name=\"twitter:card\" content=\"summary_large_image\" \/>\n<meta name=\"twitter:label1\" content=\"\u00c9crit par\" \/>\n\t<meta name=\"twitter:data1\" content=\"Fatou\" \/>\n\t<meta name=\"twitter:label2\" content=\"Dur\u00e9e de lecture estim\u00e9e\" \/>\n\t<meta name=\"twitter:data2\" content=\"2 minutes\" \/>\n<script type=\"application\/ld+json\" class=\"yoast-schema-graph\">{\"@context\":\"https:\/\/schema.org\",\"@graph\":[{\"@type\":\"WebSite\",\"@id\":\"https:\/\/www.nettali.com\/#website\",\"url\":\"https:\/\/www.nettali.com\/\",\"name\":\"Nettali.com\",\"description\":\"Le rendez-vous critique du Net\",\"potentialAction\":[{\"@type\":\"SearchAction\",\"target\":{\"@type\":\"EntryPoint\",\"urlTemplate\":\"https:\/\/www.nettali.com\/?s={search_term_string}\"},\"query-input\":\"required name=search_term_string\"}],\"inLanguage\":\"fr-FR\"},{\"@type\":\"ImageObject\",\"@id\":\"https:\/\/www.nettali.com\/2025\/11\/14\/recrudescence-de-lextremisme-violent-au-mali-le-gradec-invite-le-senegal-a-prendre-des-initiatives-urgentes\/#primaryimage\",\"inLanguage\":\"fr-FR\",\"url\":\"https:\/\/www.nettali.com\/wp-content\/uploads\/2023\/09\/ababacar-fall-gradec.jpg\",\"contentUrl\":\"https:\/\/www.nettali.com\/wp-content\/uploads\/2023\/09\/ababacar-fall-gradec.jpg\",\"width\":650,\"height\":488},{\"@type\":\"WebPage\",\"@id\":\"https:\/\/www.nettali.com\/2025\/11\/14\/recrudescence-de-lextremisme-violent-au-mali-le-gradec-invite-le-senegal-a-prendre-des-initiatives-urgentes\/#webpage\",\"url\":\"https:\/\/www.nettali.com\/2025\/11\/14\/recrudescence-de-lextremisme-violent-au-mali-le-gradec-invite-le-senegal-a-prendre-des-initiatives-urgentes\/\",\"name\":\"RECRUDESCENCE DE L\\u2019EXTR\\u00c9MISME VIOLENT AU MALI - Le GRADEC invite le S\\u00e9n\\u00e9gal \\u00e0 prendre des \\u00ab initiatives urgentes \\u00bb | Nettali.com\",\"isPartOf\":{\"@id\":\"https:\/\/www.nettali.com\/#website\"},\"primaryImageOfPage\":{\"@id\":\"https:\/\/www.nettali.com\/2025\/11\/14\/recrudescence-de-lextremisme-violent-au-mali-le-gradec-invite-le-senegal-a-prendre-des-initiatives-urgentes\/#primaryimage\"},\"datePublished\":\"2025-11-14T06:43:36+00:00\",\"dateModified\":\"2025-11-14T06:43:36+00:00\",\"author\":{\"@id\":\"https:\/\/www.nettali.com\/#\/schema\/person\/418274a86bdf87caff7a3ef476bd0bbf\"},\"breadcrumb\":{\"@id\":\"https:\/\/www.nettali.com\/2025\/11\/14\/recrudescence-de-lextremisme-violent-au-mali-le-gradec-invite-le-senegal-a-prendre-des-initiatives-urgentes\/#breadcrumb\"},\"inLanguage\":\"fr-FR\",\"potentialAction\":[{\"@type\":\"ReadAction\",\"target\":[\"https:\/\/www.nettali.com\/2025\/11\/14\/recrudescence-de-lextremisme-violent-au-mali-le-gradec-invite-le-senegal-a-prendre-des-initiatives-urgentes\/\"]}]},{\"@type\":\"BreadcrumbList\",\"@id\":\"https:\/\/www.nettali.com\/2025\/11\/14\/recrudescence-de-lextremisme-violent-au-mali-le-gradec-invite-le-senegal-a-prendre-des-initiatives-urgentes\/#breadcrumb\",\"itemListElement\":[{\"@type\":\"ListItem\",\"position\":1,\"name\":\"Accueil\",\"item\":\"https:\/\/www.nettali.com\/\"},{\"@type\":\"ListItem\",\"position\":2,\"name\":\"RECRUDESCENCE DE L\\u2019EXTR\\u00c9MISME VIOLENT AU MALI - Le GRADEC invite le S\\u00e9n\\u00e9gal \\u00e0 prendre des \\u00ab initiatives urgentes \\u00bb\"}]},{\"@type\":\"Person\",\"@id\":\"https:\/\/www.nettali.com\/#\/schema\/person\/418274a86bdf87caff7a3ef476bd0bbf\",\"name\":\"Fatou\",\"image\":{\"@type\":\"ImageObject\",\"@id\":\"https:\/\/www.nettali.com\/#personlogo\",\"inLanguage\":\"fr-FR\",\"url\":\"https:\/\/secure.gravatar.com\/avatar\/5a9442a2bee7b4dcf167cab035858e9a?s=96&d=mm&r=g\",\"contentUrl\":\"https:\/\/secure.gravatar.com\/avatar\/5a9442a2bee7b4dcf167cab035858e9a?s=96&d=mm&r=g\",\"caption\":\"Fatou\"},\"sameAs\":[\"https:\/\/www.nettali.com\"]}]}<\/script>\n<!-- \/ Yoast SEO Premium plugin. -->","yoast_head_json":{"title":"RECRUDESCENCE DE L\u2019EXTR\u00c9MISME VIOLENT AU MALI - Le GRADEC invite le S\u00e9n\u00e9gal \u00e0 prendre des \u00ab initiatives urgentes \u00bb | Nettali.com","robots":{"index":"index","follow":"follow","max-snippet":"max-snippet:-1","max-image-preview":"max-image-preview:large","max-video-preview":"max-video-preview:-1"},"canonical":"https:\/\/www.nettali.com\/2025\/11\/14\/recrudescence-de-lextremisme-violent-au-mali-le-gradec-invite-le-senegal-a-prendre-des-initiatives-urgentes\/","og_locale":"fr_FR","og_type":"article","og_title":"RECRUDESCENCE DE L\u2019EXTR\u00c9MISME VIOLENT AU MALI - Le GRADEC invite le S\u00e9n\u00e9gal \u00e0 prendre des \u00ab initiatives urgentes \u00bb","og_description":"NETTALI.COM- Le Groupe de recherche et d\u2019appui-conseil pour la d\u00e9mocratie participative et la bonne gouvernance (Gradec), lance un appel pressant au S\u00e9n\u00e9gal et aux instances r\u00e9gionales face \u00e0 la situation au Mali. Estimant que l'effondrement du pays menacerait l'ensemble de la sous-r\u00e9gion, l'organisation de la soci\u00e9t\u00e9 civile exhorte Dakar \u00e0 prendre des initiatives urgentes pour [&hellip;]","og_url":"https:\/\/www.nettali.com\/2025\/11\/14\/recrudescence-de-lextremisme-violent-au-mali-le-gradec-invite-le-senegal-a-prendre-des-initiatives-urgentes\/","og_site_name":"Nettali.com","article_publisher":"https:\/\/www.facebook.com\/nettalicom","article_published_time":"2025-11-14T06:43:36+00:00","og_image":[{"width":650,"height":488,"url":"https:\/\/www.nettali.com\/wp-content\/uploads\/2023\/09\/ababacar-fall-gradec.jpg","type":"image\/jpeg"}],"twitter_card":"summary_large_image","twitter_misc":{"\u00c9crit par":"Fatou","Dur\u00e9e de lecture estim\u00e9e":"2 minutes"},"schema":{"@context":"https:\/\/schema.org","@graph":[{"@type":"WebSite","@id":"https:\/\/www.nettali.com\/#website","url":"https:\/\/www.nettali.com\/","name":"Nettali.com","description":"Le rendez-vous critique du Net","potentialAction":[{"@type":"SearchAction","target":{"@type":"EntryPoint","urlTemplate":"https:\/\/www.nettali.com\/?s={search_term_string}"},"query-input":"required name=search_term_string"}],"inLanguage":"fr-FR"},{"@type":"ImageObject","@id":"https:\/\/www.nettali.com\/2025\/11\/14\/recrudescence-de-lextremisme-violent-au-mali-le-gradec-invite-le-senegal-a-prendre-des-initiatives-urgentes\/#primaryimage","inLanguage":"fr-FR","url":"https:\/\/www.nettali.com\/wp-content\/uploads\/2023\/09\/ababacar-fall-gradec.jpg","contentUrl":"https:\/\/www.nettali.com\/wp-content\/uploads\/2023\/09\/ababacar-fall-gradec.jpg","width":650,"height":488},{"@type":"WebPage","@id":"https:\/\/www.nettali.com\/2025\/11\/14\/recrudescence-de-lextremisme-violent-au-mali-le-gradec-invite-le-senegal-a-prendre-des-initiatives-urgentes\/#webpage","url":"https:\/\/www.nettali.com\/2025\/11\/14\/recrudescence-de-lextremisme-violent-au-mali-le-gradec-invite-le-senegal-a-prendre-des-initiatives-urgentes\/","name":"RECRUDESCENCE DE L\u2019EXTR\u00c9MISME VIOLENT AU MALI - Le GRADEC invite le S\u00e9n\u00e9gal \u00e0 prendre des \u00ab initiatives urgentes \u00bb | Nettali.com","isPartOf":{"@id":"https:\/\/www.nettali.com\/#website"},"primaryImageOfPage":{"@id":"https:\/\/www.nettali.com\/2025\/11\/14\/recrudescence-de-lextremisme-violent-au-mali-le-gradec-invite-le-senegal-a-prendre-des-initiatives-urgentes\/#primaryimage"},"datePublished":"2025-11-14T06:43:36+00:00","dateModified":"2025-11-14T06:43:36+00:00","author":{"@id":"https:\/\/www.nettali.com\/#\/schema\/person\/418274a86bdf87caff7a3ef476bd0bbf"},"breadcrumb":{"@id":"https:\/\/www.nettali.com\/2025\/11\/14\/recrudescence-de-lextremisme-violent-au-mali-le-gradec-invite-le-senegal-a-prendre-des-initiatives-urgentes\/#breadcrumb"},"inLanguage":"fr-FR","potentialAction":[{"@type":"ReadAction","target":["https:\/\/www.nettali.com\/2025\/11\/14\/recrudescence-de-lextremisme-violent-au-mali-le-gradec-invite-le-senegal-a-prendre-des-initiatives-urgentes\/"]}]},{"@type":"BreadcrumbList","@id":"https:\/\/www.nettali.com\/2025\/11\/14\/recrudescence-de-lextremisme-violent-au-mali-le-gradec-invite-le-senegal-a-prendre-des-initiatives-urgentes\/#breadcrumb","itemListElement":[{"@type":"ListItem","position":1,"name":"Accueil","item":"https:\/\/www.nettali.com\/"},{"@type":"ListItem","position":2,"name":"RECRUDESCENCE DE L\u2019EXTR\u00c9MISME VIOLENT AU MALI - Le GRADEC invite le S\u00e9n\u00e9gal \u00e0 prendre des \u00ab initiatives urgentes \u00bb"}]},{"@type":"Person","@id":"https:\/\/www.nettali.com\/#\/schema\/person\/418274a86bdf87caff7a3ef476bd0bbf","name":"Fatou","image":{"@type":"ImageObject","@id":"https:\/\/www.nettali.com\/#personlogo","inLanguage":"fr-FR","url":"https:\/\/secure.gravatar.com\/avatar\/5a9442a2bee7b4dcf167cab035858e9a?s=96&d=mm&r=g","contentUrl":"https:\/\/secure.gravatar.com\/avatar\/5a9442a2bee7b4dcf167cab035858e9a?s=96&d=mm&r=g","caption":"Fatou"},"sameAs":["https:\/\/www.nettali.com"]}]}},"_links":{"self":[{"href":"https:\/\/www.nettali.com\/rest\/wp\/v2\/posts\/164613"}],"collection":[{"href":"https:\/\/www.nettali.com\/rest\/wp\/v2\/posts"}],"about":[{"href":"https:\/\/www.nettali.com\/rest\/wp\/v2\/types\/post"}],"author":[{"embeddable":true,"href":"https:\/\/www.nettali.com\/rest\/wp\/v2\/users\/6"}],"replies":[{"embeddable":true,"href":"https:\/\/www.nettali.com\/rest\/wp\/v2\/comments?post=164613"}],"version-history":[{"count":1,"href":"https:\/\/www.nettali.com\/rest\/wp\/v2\/posts\/164613\/revisions"}],"predecessor-version":[{"id":164614,"href":"https:\/\/www.nettali.com\/rest\/wp\/v2\/posts\/164613\/revisions\/164614"}],"wp:featuredmedia":[{"embeddable":true,"href":"https:\/\/www.nettali.com\/rest\/wp\/v2\/media\/117842"}],"wp:attachment":[{"href":"https:\/\/www.nettali.com\/rest\/wp\/v2\/media?parent=164613"}],"wp:term":[{"taxonomy":"category","embeddable":true,"href":"https:\/\/www.nettali.com\/rest\/wp\/v2\/categories?post=164613"},{"taxonomy":"post_tag","embeddable":true,"href":"https:\/\/www.nettali.com\/rest\/wp\/v2\/tags?post=164613"}],"curies":[{"name":"wp","href":"https:\/\/api.w.org\/{rel}","templated":true}]}}