{"id":164608,"date":"2025-11-13T20:12:36","date_gmt":"2025-11-13T20:12:36","guid":{"rendered":"https:\/\/www.nettali.com\/?p=164608"},"modified":"2025-11-13T20:12:36","modified_gmt":"2025-11-13T20:12:36","slug":"quand-le-pouvoir-oublie-le-peuple","status":"publish","type":"post","link":"https:\/\/www.nettali.com\/2025\/11\/13\/quand-le-pouvoir-oublie-le-peuple\/","title":{"rendered":"Quand le pouvoir oublie le peuple\u00a0"},"content":{"rendered":"<p><strong>CONTRIBUTION -<\/strong> Le S\u00e9n\u00e9gal vient \u00e0 peine de tourner la page d\u2019un long cycle politique qu\u2019il semble d\u00e9j\u00e0 retomber dans ses vieux travers. Un peu plus d\u2019un an apr\u00e8s la mise en place de la coalition \u00ab Diomaye Pr\u00e9sident \u00bb, qui a port\u00e9 Bassirou Diomaye Faye \u00e0 la t\u00eate de l\u2019\u00c9tat, les signes de tension se multiplient. Cette coalition, cens\u00e9e incarner la rupture et la sobri\u00e9t\u00e9, s\u2019enlise aujourd\u2019hui dans des querelles internes. La nomination d\u2019Aminata Tour\u00e9 \u00e0 la coordination de la coalition en est le dernier sympt\u00f4me. Derri\u00e8re cette d\u00e9cision se joue plus qu\u2019une simple question d\u2019organisation. C\u2019est la nature m\u00eame du rapport entre le pr\u00e9sident et son Premier ministre, Ousmane Sonko, qui se r\u00e9v\u00e8le au grand jour.<\/p>\n<p>Il faut se souvenir que tout est parti d\u2019un pacte de confiance. Lorsque Sonko, leader du PASTEF, a \u00e9t\u00e9 emp\u00each\u00e9 de concourir \u00e0 la pr\u00e9sidentielle de 2024, il a d\u00e9sign\u00e9 son camarade de parti, Bassirou Diomaye Faye, pour porter le flambeau. Ce choix, au-del\u00e0 du geste politique, repr\u00e9sentait un acte de loyaut\u00e9 et de continuit\u00e9. Ensemble, ils ont incarn\u00e9 un projet de rupture, une promesse de justice et d\u2019\u00e9thique qui avait rallum\u00e9 l\u2019esp\u00e9rance populaire.<\/p>\n<p>Un an apr\u00e8s leur victoire, cette alliance qui semblait solide montre d\u00e9j\u00e0 des fissures. Ce qui se joue \u00e0 travers le d\u00e9saccord sur la coordination de la coalition, c\u2019est un bras de fer symbolique. Ousmane Sonko, Premier ministre, demeure une figure militante et charismatique, dot\u00e9e d\u2019une base populaire forte et fid\u00e8le. Bassirou Diomaye Faye, pr\u00e9sident de la R\u00e9publique, cherche \u00e0 consolider son autorit\u00e9, \u00e0 se d\u00e9tacher de l\u2019ombre de celui qui l\u2019a propuls\u00e9. Entre les deux, la tension est subtile mais r\u00e9elle. Certains y voient une lutte d\u2019ego, d\u2019autres une divergence de strat\u00e9gie ou de vision politique.<\/p>\n<p>Dans tous les cas, cette rivalit\u00e9 interne d\u00e9tourne l\u2019attention de l\u2019essentiel. Le peuple s\u00e9n\u00e9galais, celui qui a vot\u00e9 pour le changement, attend autre chose. Il ne demande pas \u00e0 savoir qui dirige la coalition, mais comment ses conditions de vie vont s\u2019am\u00e9liorer. Il ne veut pas entendre parler de coordonnatrice, de communiqu\u00e9 ou de posture politique. Il veut du pain moins cher, un emploi stable, un avenir pour ses enfants. Le v\u00e9ritable danger, c\u2019est que la confiance du peuple s\u2019effrite. Elle s\u2019est construite autour d\u2019un id\u00e9al collectif, pas autour d\u2019ambitions concurrentes. Pendant que le pouvoir se fragilise, le pays affronte une situation \u00e9conomique pr\u00e9occupante.<\/p>\n<p>La dette publique atteint des niveaux qui inqui\u00e8tent les partenaires internationaux. Le FMI, \u00e0 plusieurs reprises, a exprim\u00e9 des r\u00e9serves face aux engagements financiers du S\u00e9n\u00e9gal et \u00e0 la question des dettes dites \u00ab cach\u00e9es \u00bb, h\u00e9rit\u00e9es de l\u2019ancien r\u00e9gime. Le pays a d\u00fb n\u00e9gocier \u00e2prement pour \u00e9viter une suspension de soutien financier, dans un contexte o\u00f9 les marges budg\u00e9taires se r\u00e9duisent et o\u00f9 la population peine d\u00e9j\u00e0 \u00e0 supporter la chert\u00e9 de la vie. Chaque tiraillement au sommet renforce ainsi le sentiment d\u2019instabilit\u00e9. Il fait rena\u00eetre les r\u00e9flexes d\u2019un syst\u00e8me politique que les S\u00e9n\u00e9galais pensaient r\u00e9volu. Le pays, confront\u00e9 \u00e0 la pr\u00e9carit\u00e9, \u00e0 l\u2019endettement et \u00e0 la d\u00e9sillusion sociale, ne peut plus se permettre cette perte d\u2019\u00e9nergie politique. Il ne s\u2019agit pas de choisir un camp entre Diomaye Faye et Ousmane Sonko.<\/p>\n<p>Il s\u2019agit de rappeler que le S\u00e9n\u00e9gal vit une phase d\u00e9cisive, une phase o\u00f9 l\u2019action doit primer sur la posture. Les S\u00e9n\u00e9galais ont vot\u00e9 pour une vision, pas pour une comp\u00e9tition interne. Ils ont esp\u00e9r\u00e9 une gouvernance sobre, pas une bataille de l\u00e9gitimit\u00e9. Le pouvoir partag\u00e9 exige de la maturit\u00e9, de l\u2019humilit\u00e9 et du discernement. Ce que l\u2019histoire retiendra, ce n\u2019est pas qui aura domin\u00e9 l\u2019autre, mais qui aura su pr\u00e9server l\u2019unit\u00e9 au nom du peuple. Le S\u00e9n\u00e9gal n\u2019attend pas de nouveaux h\u00e9ros, il attend des r\u00e9sultats. Et c\u2019est peut-\u00eatre l\u00e0 que se jouera, une fois encore, la v\u00e9ritable signification du mot \u201crupture\u201d.<\/p>\n<div class='share-to-whatsapp-wrapper'><div class='share-on-whsp'>PARTAGER SUR : <\/div><a data-text='Quand le pouvoir oublie le peuple\u00a0' data-link='https:\/\/www.nettali.com\/2025\/11\/13\/quand-le-pouvoir-oublie-le-peuple\/' class='whatsapp-button whatsapp-share'>WhatsApp<\/a><div class='clear '><\/div><\/div>","protected":false},"excerpt":{"rendered":"<p>CONTRIBUTION - Le S\u00e9n\u00e9gal vient \u00e0 peine de tourner la page d\u2019un long cycle politique qu\u2019il semble d\u00e9j\u00e0 retomber dans ses vieux travers. Un peu plus d\u2019un an apr\u00e8s la mise en place de la coalition \u00ab Diomaye Pr\u00e9sident \u00bb, qui a port\u00e9 Bassirou Diomaye Faye \u00e0 la t\u00eate de l\u2019\u00c9tat, les signes de tension [&hellip;]<\/p>\n","protected":false},"author":2,"featured_media":164492,"comment_status":"open","ping_status":"open","sticky":false,"template":"","format":"standard","meta":{"_et_pb_use_builder":"","_et_pb_old_content":""},"categories":[2],"tags":[],"yoast_head":"<!-- This site is optimized with the Yoast SEO Premium plugin v17.8 (Yoast SEO v17.8) - https:\/\/yoast.com\/wordpress\/plugins\/seo\/ -->\n<title>Quand le pouvoir oublie le peuple\u00a0 | Nettali.com<\/title>\n<meta name=\"robots\" content=\"index, follow, max-snippet:-1, max-image-preview:large, max-video-preview:-1\" \/>\n<link rel=\"canonical\" href=\"https:\/\/www.nettali.com\/2025\/11\/13\/quand-le-pouvoir-oublie-le-peuple\/\" \/>\n<meta property=\"og:locale\" content=\"fr_FR\" \/>\n<meta property=\"og:type\" content=\"article\" \/>\n<meta property=\"og:title\" content=\"Quand le pouvoir oublie le peuple\u00a0\" \/>\n<meta property=\"og:description\" content=\"CONTRIBUTION - Le S\u00e9n\u00e9gal vient \u00e0 peine de tourner la page d\u2019un long cycle politique qu\u2019il semble d\u00e9j\u00e0 retomber dans ses vieux travers. Un peu plus d\u2019un an apr\u00e8s la mise en place de la coalition \u00ab Diomaye Pr\u00e9sident \u00bb, qui a port\u00e9 Bassirou Diomaye Faye \u00e0 la t\u00eate de l\u2019\u00c9tat, les signes de tension [&hellip;]\" \/>\n<meta property=\"og:url\" content=\"https:\/\/www.nettali.com\/2025\/11\/13\/quand-le-pouvoir-oublie-le-peuple\/\" \/>\n<meta property=\"og:site_name\" content=\"Nettali.com\" \/>\n<meta property=\"article:publisher\" content=\"https:\/\/www.facebook.com\/nettalicom\" \/>\n<meta property=\"article:published_time\" content=\"2025-11-13T20:12:36+00:00\" \/>\n<meta property=\"og:image\" content=\"https:\/\/www.nettali.com\/wp-content\/uploads\/2025\/11\/SONKO-FAYE.jpg\" \/>\n\t<meta property=\"og:image:width\" content=\"1200\" \/>\n\t<meta property=\"og:image:height\" content=\"800\" \/>\n<meta name=\"twitter:card\" content=\"summary_large_image\" \/>\n<meta name=\"twitter:label1\" content=\"\u00c9crit par\" \/>\n\t<meta name=\"twitter:data1\" content=\"CK\" \/>\n\t<meta name=\"twitter:label2\" content=\"Dur\u00e9e de lecture estim\u00e9e\" \/>\n\t<meta name=\"twitter:data2\" content=\"4 minutes\" \/>\n<script type=\"application\/ld+json\" class=\"yoast-schema-graph\">{\"@context\":\"https:\/\/schema.org\",\"@graph\":[{\"@type\":\"WebSite\",\"@id\":\"https:\/\/www.nettali.com\/#website\",\"url\":\"https:\/\/www.nettali.com\/\",\"name\":\"Nettali.com\",\"description\":\"Le rendez-vous critique du Net\",\"potentialAction\":[{\"@type\":\"SearchAction\",\"target\":{\"@type\":\"EntryPoint\",\"urlTemplate\":\"https:\/\/www.nettali.com\/?s={search_term_string}\"},\"query-input\":\"required name=search_term_string\"}],\"inLanguage\":\"fr-FR\"},{\"@type\":\"ImageObject\",\"@id\":\"https:\/\/www.nettali.com\/2025\/11\/13\/quand-le-pouvoir-oublie-le-peuple\/#primaryimage\",\"inLanguage\":\"fr-FR\",\"url\":\"https:\/\/www.nettali.com\/wp-content\/uploads\/2025\/11\/SONKO-FAYE.jpg\",\"contentUrl\":\"https:\/\/www.nettali.com\/wp-content\/uploads\/2025\/11\/SONKO-FAYE.jpg\",\"width\":1200,\"height\":800},{\"@type\":\"WebPage\",\"@id\":\"https:\/\/www.nettali.com\/2025\/11\/13\/quand-le-pouvoir-oublie-le-peuple\/#webpage\",\"url\":\"https:\/\/www.nettali.com\/2025\/11\/13\/quand-le-pouvoir-oublie-le-peuple\/\",\"name\":\"Quand le pouvoir oublie le peuple\\u00a0 | Nettali.com\",\"isPartOf\":{\"@id\":\"https:\/\/www.nettali.com\/#website\"},\"primaryImageOfPage\":{\"@id\":\"https:\/\/www.nettali.com\/2025\/11\/13\/quand-le-pouvoir-oublie-le-peuple\/#primaryimage\"},\"datePublished\":\"2025-11-13T20:12:36+00:00\",\"dateModified\":\"2025-11-13T20:12:36+00:00\",\"author\":{\"@id\":\"https:\/\/www.nettali.com\/#\/schema\/person\/d8ac7b7e27ddad43f1c0d2ef090d7f71\"},\"breadcrumb\":{\"@id\":\"https:\/\/www.nettali.com\/2025\/11\/13\/quand-le-pouvoir-oublie-le-peuple\/#breadcrumb\"},\"inLanguage\":\"fr-FR\",\"potentialAction\":[{\"@type\":\"ReadAction\",\"target\":[\"https:\/\/www.nettali.com\/2025\/11\/13\/quand-le-pouvoir-oublie-le-peuple\/\"]}]},{\"@type\":\"BreadcrumbList\",\"@id\":\"https:\/\/www.nettali.com\/2025\/11\/13\/quand-le-pouvoir-oublie-le-peuple\/#breadcrumb\",\"itemListElement\":[{\"@type\":\"ListItem\",\"position\":1,\"name\":\"Accueil\",\"item\":\"https:\/\/www.nettali.com\/\"},{\"@type\":\"ListItem\",\"position\":2,\"name\":\"Quand le pouvoir oublie le peuple\\u00a0\"}]},{\"@type\":\"Person\",\"@id\":\"https:\/\/www.nettali.com\/#\/schema\/person\/d8ac7b7e27ddad43f1c0d2ef090d7f71\",\"name\":\"CK\",\"image\":{\"@type\":\"ImageObject\",\"@id\":\"https:\/\/www.nettali.com\/#personlogo\",\"inLanguage\":\"fr-FR\",\"url\":\"https:\/\/secure.gravatar.com\/avatar\/1d8d5118b9327d94da7cd4ce7f17fec2?s=96&d=mm&r=g\",\"contentUrl\":\"https:\/\/secure.gravatar.com\/avatar\/1d8d5118b9327d94da7cd4ce7f17fec2?s=96&d=mm&r=g\",\"caption\":\"CK\"},\"sameAs\":[\"https:\/\/www.nettali.com\"]}]}<\/script>\n<!-- \/ Yoast SEO Premium plugin. -->","yoast_head_json":{"title":"Quand le pouvoir oublie le peuple\u00a0 | Nettali.com","robots":{"index":"index","follow":"follow","max-snippet":"max-snippet:-1","max-image-preview":"max-image-preview:large","max-video-preview":"max-video-preview:-1"},"canonical":"https:\/\/www.nettali.com\/2025\/11\/13\/quand-le-pouvoir-oublie-le-peuple\/","og_locale":"fr_FR","og_type":"article","og_title":"Quand le pouvoir oublie le peuple\u00a0","og_description":"CONTRIBUTION - Le S\u00e9n\u00e9gal vient \u00e0 peine de tourner la page d\u2019un long cycle politique qu\u2019il semble d\u00e9j\u00e0 retomber dans ses vieux travers. Un peu plus d\u2019un an apr\u00e8s la mise en place de la coalition \u00ab Diomaye Pr\u00e9sident \u00bb, qui a port\u00e9 Bassirou Diomaye Faye \u00e0 la t\u00eate de l\u2019\u00c9tat, les signes de tension [&hellip;]","og_url":"https:\/\/www.nettali.com\/2025\/11\/13\/quand-le-pouvoir-oublie-le-peuple\/","og_site_name":"Nettali.com","article_publisher":"https:\/\/www.facebook.com\/nettalicom","article_published_time":"2025-11-13T20:12:36+00:00","og_image":[{"width":1200,"height":800,"url":"https:\/\/www.nettali.com\/wp-content\/uploads\/2025\/11\/SONKO-FAYE.jpg","type":"image\/jpeg"}],"twitter_card":"summary_large_image","twitter_misc":{"\u00c9crit par":"CK","Dur\u00e9e de lecture estim\u00e9e":"4 minutes"},"schema":{"@context":"https:\/\/schema.org","@graph":[{"@type":"WebSite","@id":"https:\/\/www.nettali.com\/#website","url":"https:\/\/www.nettali.com\/","name":"Nettali.com","description":"Le rendez-vous critique du Net","potentialAction":[{"@type":"SearchAction","target":{"@type":"EntryPoint","urlTemplate":"https:\/\/www.nettali.com\/?s={search_term_string}"},"query-input":"required name=search_term_string"}],"inLanguage":"fr-FR"},{"@type":"ImageObject","@id":"https:\/\/www.nettali.com\/2025\/11\/13\/quand-le-pouvoir-oublie-le-peuple\/#primaryimage","inLanguage":"fr-FR","url":"https:\/\/www.nettali.com\/wp-content\/uploads\/2025\/11\/SONKO-FAYE.jpg","contentUrl":"https:\/\/www.nettali.com\/wp-content\/uploads\/2025\/11\/SONKO-FAYE.jpg","width":1200,"height":800},{"@type":"WebPage","@id":"https:\/\/www.nettali.com\/2025\/11\/13\/quand-le-pouvoir-oublie-le-peuple\/#webpage","url":"https:\/\/www.nettali.com\/2025\/11\/13\/quand-le-pouvoir-oublie-le-peuple\/","name":"Quand le pouvoir oublie le peuple\u00a0 | Nettali.com","isPartOf":{"@id":"https:\/\/www.nettali.com\/#website"},"primaryImageOfPage":{"@id":"https:\/\/www.nettali.com\/2025\/11\/13\/quand-le-pouvoir-oublie-le-peuple\/#primaryimage"},"datePublished":"2025-11-13T20:12:36+00:00","dateModified":"2025-11-13T20:12:36+00:00","author":{"@id":"https:\/\/www.nettali.com\/#\/schema\/person\/d8ac7b7e27ddad43f1c0d2ef090d7f71"},"breadcrumb":{"@id":"https:\/\/www.nettali.com\/2025\/11\/13\/quand-le-pouvoir-oublie-le-peuple\/#breadcrumb"},"inLanguage":"fr-FR","potentialAction":[{"@type":"ReadAction","target":["https:\/\/www.nettali.com\/2025\/11\/13\/quand-le-pouvoir-oublie-le-peuple\/"]}]},{"@type":"BreadcrumbList","@id":"https:\/\/www.nettali.com\/2025\/11\/13\/quand-le-pouvoir-oublie-le-peuple\/#breadcrumb","itemListElement":[{"@type":"ListItem","position":1,"name":"Accueil","item":"https:\/\/www.nettali.com\/"},{"@type":"ListItem","position":2,"name":"Quand le pouvoir oublie le peuple\u00a0"}]},{"@type":"Person","@id":"https:\/\/www.nettali.com\/#\/schema\/person\/d8ac7b7e27ddad43f1c0d2ef090d7f71","name":"CK","image":{"@type":"ImageObject","@id":"https:\/\/www.nettali.com\/#personlogo","inLanguage":"fr-FR","url":"https:\/\/secure.gravatar.com\/avatar\/1d8d5118b9327d94da7cd4ce7f17fec2?s=96&d=mm&r=g","contentUrl":"https:\/\/secure.gravatar.com\/avatar\/1d8d5118b9327d94da7cd4ce7f17fec2?s=96&d=mm&r=g","caption":"CK"},"sameAs":["https:\/\/www.nettali.com"]}]}},"_links":{"self":[{"href":"https:\/\/www.nettali.com\/rest\/wp\/v2\/posts\/164608"}],"collection":[{"href":"https:\/\/www.nettali.com\/rest\/wp\/v2\/posts"}],"about":[{"href":"https:\/\/www.nettali.com\/rest\/wp\/v2\/types\/post"}],"author":[{"embeddable":true,"href":"https:\/\/www.nettali.com\/rest\/wp\/v2\/users\/2"}],"replies":[{"embeddable":true,"href":"https:\/\/www.nettali.com\/rest\/wp\/v2\/comments?post=164608"}],"version-history":[{"count":1,"href":"https:\/\/www.nettali.com\/rest\/wp\/v2\/posts\/164608\/revisions"}],"predecessor-version":[{"id":164609,"href":"https:\/\/www.nettali.com\/rest\/wp\/v2\/posts\/164608\/revisions\/164609"}],"wp:featuredmedia":[{"embeddable":true,"href":"https:\/\/www.nettali.com\/rest\/wp\/v2\/media\/164492"}],"wp:attachment":[{"href":"https:\/\/www.nettali.com\/rest\/wp\/v2\/media?parent=164608"}],"wp:term":[{"taxonomy":"category","embeddable":true,"href":"https:\/\/www.nettali.com\/rest\/wp\/v2\/categories?post=164608"},{"taxonomy":"post_tag","embeddable":true,"href":"https:\/\/www.nettali.com\/rest\/wp\/v2\/tags?post=164608"}],"curies":[{"name":"wp","href":"https:\/\/api.w.org\/{rel}","templated":true}]}}