{"id":164605,"date":"2025-11-13T20:04:37","date_gmt":"2025-11-13T20:04:37","guid":{"rendered":"https:\/\/www.nettali.com\/?p=164605"},"modified":"2025-11-13T20:04:37","modified_gmt":"2025-11-13T20:04:37","slug":"real-xabi-alonso-le-vestiaire-divise","status":"publish","type":"post","link":"https:\/\/www.nettali.com\/2025\/11\/13\/real-xabi-alonso-le-vestiaire-divise\/","title":{"rendered":"REAL - Xabi Alonso, le vestiaire divis\u00e9"},"content":{"rendered":"<p><strong>NETTALI.COM -<\/strong> Arriv\u00e9 cet \u00e9t\u00e9 pour succ\u00e9der \u00e0 Carlo Ancelotti, Xabi Alonso vit ses premi\u00e8res turbulences \u00e0 la t\u00eate du Real Madrid. Selon I\u00f1aki Angulo et Romain Molina, le technicien basque a impos\u00e9 une discipline bien plus stricte que son pr\u00e9d\u00e9cesseur : horaires resserr\u00e9s, pr\u00e9sence obligatoire \u00e0 Valdebebas et r\u00e8gles pr\u00e9cises sur la r\u00e9cup\u00e9ration.<\/p>\n<p>Cette rigueur, salu\u00e9e par certains, a toutefois tendu le vestiaire madril\u00e8ne. Vinicius Junior a mal dig\u00e9r\u00e9 son remplacement lors du dernier Clasico et le ton est mont\u00e9 entre les deux hommes.<\/p>\n<p>D'autres cadres, moins habitu\u00e9s \u00e0 ce degr\u00e9 d'exigence, peinent \u00e0 s'adapter. \u00c0 l'inverse, Aur\u00e9lien Tchouam\u00e9ni, Kylian Mbapp\u00e9 ou encore \u00c9der Milit\u00e3o soutiennent pleinement leur entra\u00eeneur.<\/p>\n<p>En pleine zone de tension, Xabi Alonso garde le cap et compte sur les prochaines rencontres pour apaiser les esprits et r\u00e9affirmer son autorit\u00e9.<\/p>\n<div class='share-to-whatsapp-wrapper'><div class='share-on-whsp'>PARTAGER SUR : <\/div><a data-text='REAL - Xabi Alonso, le vestiaire divis\u00e9' data-link='https:\/\/www.nettali.com\/2025\/11\/13\/real-xabi-alonso-le-vestiaire-divise\/' class='whatsapp-button whatsapp-share'>WhatsApp<\/a><div class='clear '><\/div><\/div>","protected":false},"excerpt":{"rendered":"<p>NETTALI.COM - Arriv\u00e9 cet \u00e9t\u00e9 pour succ\u00e9der \u00e0 Carlo Ancelotti, Xabi Alonso vit ses premi\u00e8res turbulences \u00e0 la t\u00eate du Real Madrid. Selon I\u00f1aki Angulo et Romain Molina, le technicien basque a impos\u00e9 une discipline bien plus stricte que son pr\u00e9d\u00e9cesseur : horaires resserr\u00e9s, pr\u00e9sence obligatoire \u00e0 Valdebebas et r\u00e8gles pr\u00e9cises sur la r\u00e9cup\u00e9ration. Cette [&hellip;]<\/p>\n","protected":false},"author":2,"featured_media":164606,"comment_status":"open","ping_status":"open","sticky":false,"template":"","format":"standard","meta":{"_et_pb_use_builder":"","_et_pb_old_content":""},"categories":[6],"tags":[],"yoast_head":"<!-- This site is optimized with the Yoast SEO Premium plugin v17.8 (Yoast SEO v17.8) - https:\/\/yoast.com\/wordpress\/plugins\/seo\/ -->\n<title>REAL - Xabi Alonso, le vestiaire divis\u00e9 | Nettali.com<\/title>\n<meta name=\"robots\" content=\"index, follow, max-snippet:-1, max-image-preview:large, max-video-preview:-1\" \/>\n<link rel=\"canonical\" href=\"https:\/\/www.nettali.com\/2025\/11\/13\/real-xabi-alonso-le-vestiaire-divise\/\" \/>\n<meta property=\"og:locale\" content=\"fr_FR\" \/>\n<meta property=\"og:type\" content=\"article\" \/>\n<meta property=\"og:title\" content=\"REAL - Xabi Alonso, le vestiaire divis\u00e9\" \/>\n<meta property=\"og:description\" content=\"NETTALI.COM - Arriv\u00e9 cet \u00e9t\u00e9 pour succ\u00e9der \u00e0 Carlo Ancelotti, Xabi Alonso vit ses premi\u00e8res turbulences \u00e0 la t\u00eate du Real Madrid. Selon I\u00f1aki Angulo et Romain Molina, le technicien basque a impos\u00e9 une discipline bien plus stricte que son pr\u00e9d\u00e9cesseur : horaires resserr\u00e9s, pr\u00e9sence obligatoire \u00e0 Valdebebas et r\u00e8gles pr\u00e9cises sur la r\u00e9cup\u00e9ration. Cette [&hellip;]\" \/>\n<meta property=\"og:url\" content=\"https:\/\/www.nettali.com\/2025\/11\/13\/real-xabi-alonso-le-vestiaire-divise\/\" \/>\n<meta property=\"og:site_name\" content=\"Nettali.com\" \/>\n<meta property=\"article:publisher\" content=\"https:\/\/www.facebook.com\/nettalicom\" \/>\n<meta property=\"article:published_time\" content=\"2025-11-13T20:04:37+00:00\" \/>\n<meta property=\"og:image\" content=\"https:\/\/www.nettali.com\/wp-content\/uploads\/2025\/11\/ICONSPORT_270916_0281.jpg\" \/>\n\t<meta property=\"og:image:width\" content=\"1280\" \/>\n\t<meta property=\"og:image:height\" content=\"670\" \/>\n<meta name=\"twitter:card\" content=\"summary_large_image\" \/>\n<meta name=\"twitter:label1\" content=\"\u00c9crit par\" \/>\n\t<meta name=\"twitter:data1\" content=\"CK\" \/>\n\t<meta name=\"twitter:label2\" content=\"Dur\u00e9e de lecture estim\u00e9e\" \/>\n\t<meta name=\"twitter:data2\" content=\"1 minute\" \/>\n<script type=\"application\/ld+json\" class=\"yoast-schema-graph\">{\"@context\":\"https:\/\/schema.org\",\"@graph\":[{\"@type\":\"WebSite\",\"@id\":\"https:\/\/www.nettali.com\/#website\",\"url\":\"https:\/\/www.nettali.com\/\",\"name\":\"Nettali.com\",\"description\":\"Le rendez-vous critique du Net\",\"potentialAction\":[{\"@type\":\"SearchAction\",\"target\":{\"@type\":\"EntryPoint\",\"urlTemplate\":\"https:\/\/www.nettali.com\/?s={search_term_string}\"},\"query-input\":\"required name=search_term_string\"}],\"inLanguage\":\"fr-FR\"},{\"@type\":\"ImageObject\",\"@id\":\"https:\/\/www.nettali.com\/2025\/11\/13\/real-xabi-alonso-le-vestiaire-divise\/#primaryimage\",\"inLanguage\":\"fr-FR\",\"url\":\"https:\/\/www.nettali.com\/wp-content\/uploads\/2025\/11\/ICONSPORT_270916_0281.jpg\",\"contentUrl\":\"https:\/\/www.nettali.com\/wp-content\/uploads\/2025\/11\/ICONSPORT_270916_0281.jpg\",\"width\":1280,\"height\":670},{\"@type\":\"WebPage\",\"@id\":\"https:\/\/www.nettali.com\/2025\/11\/13\/real-xabi-alonso-le-vestiaire-divise\/#webpage\",\"url\":\"https:\/\/www.nettali.com\/2025\/11\/13\/real-xabi-alonso-le-vestiaire-divise\/\",\"name\":\"REAL - Xabi Alonso, le vestiaire divis\\u00e9 | Nettali.com\",\"isPartOf\":{\"@id\":\"https:\/\/www.nettali.com\/#website\"},\"primaryImageOfPage\":{\"@id\":\"https:\/\/www.nettali.com\/2025\/11\/13\/real-xabi-alonso-le-vestiaire-divise\/#primaryimage\"},\"datePublished\":\"2025-11-13T20:04:37+00:00\",\"dateModified\":\"2025-11-13T20:04:37+00:00\",\"author\":{\"@id\":\"https:\/\/www.nettali.com\/#\/schema\/person\/d8ac7b7e27ddad43f1c0d2ef090d7f71\"},\"breadcrumb\":{\"@id\":\"https:\/\/www.nettali.com\/2025\/11\/13\/real-xabi-alonso-le-vestiaire-divise\/#breadcrumb\"},\"inLanguage\":\"fr-FR\",\"potentialAction\":[{\"@type\":\"ReadAction\",\"target\":[\"https:\/\/www.nettali.com\/2025\/11\/13\/real-xabi-alonso-le-vestiaire-divise\/\"]}]},{\"@type\":\"BreadcrumbList\",\"@id\":\"https:\/\/www.nettali.com\/2025\/11\/13\/real-xabi-alonso-le-vestiaire-divise\/#breadcrumb\",\"itemListElement\":[{\"@type\":\"ListItem\",\"position\":1,\"name\":\"Accueil\",\"item\":\"https:\/\/www.nettali.com\/\"},{\"@type\":\"ListItem\",\"position\":2,\"name\":\"REAL - Xabi Alonso, le vestiaire divis\\u00e9\"}]},{\"@type\":\"Person\",\"@id\":\"https:\/\/www.nettali.com\/#\/schema\/person\/d8ac7b7e27ddad43f1c0d2ef090d7f71\",\"name\":\"CK\",\"image\":{\"@type\":\"ImageObject\",\"@id\":\"https:\/\/www.nettali.com\/#personlogo\",\"inLanguage\":\"fr-FR\",\"url\":\"https:\/\/secure.gravatar.com\/avatar\/1d8d5118b9327d94da7cd4ce7f17fec2?s=96&d=mm&r=g\",\"contentUrl\":\"https:\/\/secure.gravatar.com\/avatar\/1d8d5118b9327d94da7cd4ce7f17fec2?s=96&d=mm&r=g\",\"caption\":\"CK\"},\"sameAs\":[\"https:\/\/www.nettali.com\"]}]}<\/script>\n<!-- \/ Yoast SEO Premium plugin. -->","yoast_head_json":{"title":"REAL - Xabi Alonso, le vestiaire divis\u00e9 | Nettali.com","robots":{"index":"index","follow":"follow","max-snippet":"max-snippet:-1","max-image-preview":"max-image-preview:large","max-video-preview":"max-video-preview:-1"},"canonical":"https:\/\/www.nettali.com\/2025\/11\/13\/real-xabi-alonso-le-vestiaire-divise\/","og_locale":"fr_FR","og_type":"article","og_title":"REAL - Xabi Alonso, le vestiaire divis\u00e9","og_description":"NETTALI.COM - Arriv\u00e9 cet \u00e9t\u00e9 pour succ\u00e9der \u00e0 Carlo Ancelotti, Xabi Alonso vit ses premi\u00e8res turbulences \u00e0 la t\u00eate du Real Madrid. Selon I\u00f1aki Angulo et Romain Molina, le technicien basque a impos\u00e9 une discipline bien plus stricte que son pr\u00e9d\u00e9cesseur : horaires resserr\u00e9s, pr\u00e9sence obligatoire \u00e0 Valdebebas et r\u00e8gles pr\u00e9cises sur la r\u00e9cup\u00e9ration. Cette [&hellip;]","og_url":"https:\/\/www.nettali.com\/2025\/11\/13\/real-xabi-alonso-le-vestiaire-divise\/","og_site_name":"Nettali.com","article_publisher":"https:\/\/www.facebook.com\/nettalicom","article_published_time":"2025-11-13T20:04:37+00:00","og_image":[{"width":1280,"height":670,"url":"https:\/\/www.nettali.com\/wp-content\/uploads\/2025\/11\/ICONSPORT_270916_0281.jpg","type":"image\/jpeg"}],"twitter_card":"summary_large_image","twitter_misc":{"\u00c9crit par":"CK","Dur\u00e9e de lecture estim\u00e9e":"1 minute"},"schema":{"@context":"https:\/\/schema.org","@graph":[{"@type":"WebSite","@id":"https:\/\/www.nettali.com\/#website","url":"https:\/\/www.nettali.com\/","name":"Nettali.com","description":"Le rendez-vous critique du Net","potentialAction":[{"@type":"SearchAction","target":{"@type":"EntryPoint","urlTemplate":"https:\/\/www.nettali.com\/?s={search_term_string}"},"query-input":"required name=search_term_string"}],"inLanguage":"fr-FR"},{"@type":"ImageObject","@id":"https:\/\/www.nettali.com\/2025\/11\/13\/real-xabi-alonso-le-vestiaire-divise\/#primaryimage","inLanguage":"fr-FR","url":"https:\/\/www.nettali.com\/wp-content\/uploads\/2025\/11\/ICONSPORT_270916_0281.jpg","contentUrl":"https:\/\/www.nettali.com\/wp-content\/uploads\/2025\/11\/ICONSPORT_270916_0281.jpg","width":1280,"height":670},{"@type":"WebPage","@id":"https:\/\/www.nettali.com\/2025\/11\/13\/real-xabi-alonso-le-vestiaire-divise\/#webpage","url":"https:\/\/www.nettali.com\/2025\/11\/13\/real-xabi-alonso-le-vestiaire-divise\/","name":"REAL - Xabi Alonso, le vestiaire divis\u00e9 | Nettali.com","isPartOf":{"@id":"https:\/\/www.nettali.com\/#website"},"primaryImageOfPage":{"@id":"https:\/\/www.nettali.com\/2025\/11\/13\/real-xabi-alonso-le-vestiaire-divise\/#primaryimage"},"datePublished":"2025-11-13T20:04:37+00:00","dateModified":"2025-11-13T20:04:37+00:00","author":{"@id":"https:\/\/www.nettali.com\/#\/schema\/person\/d8ac7b7e27ddad43f1c0d2ef090d7f71"},"breadcrumb":{"@id":"https:\/\/www.nettali.com\/2025\/11\/13\/real-xabi-alonso-le-vestiaire-divise\/#breadcrumb"},"inLanguage":"fr-FR","potentialAction":[{"@type":"ReadAction","target":["https:\/\/www.nettali.com\/2025\/11\/13\/real-xabi-alonso-le-vestiaire-divise\/"]}]},{"@type":"BreadcrumbList","@id":"https:\/\/www.nettali.com\/2025\/11\/13\/real-xabi-alonso-le-vestiaire-divise\/#breadcrumb","itemListElement":[{"@type":"ListItem","position":1,"name":"Accueil","item":"https:\/\/www.nettali.com\/"},{"@type":"ListItem","position":2,"name":"REAL - Xabi Alonso, le vestiaire divis\u00e9"}]},{"@type":"Person","@id":"https:\/\/www.nettali.com\/#\/schema\/person\/d8ac7b7e27ddad43f1c0d2ef090d7f71","name":"CK","image":{"@type":"ImageObject","@id":"https:\/\/www.nettali.com\/#personlogo","inLanguage":"fr-FR","url":"https:\/\/secure.gravatar.com\/avatar\/1d8d5118b9327d94da7cd4ce7f17fec2?s=96&d=mm&r=g","contentUrl":"https:\/\/secure.gravatar.com\/avatar\/1d8d5118b9327d94da7cd4ce7f17fec2?s=96&d=mm&r=g","caption":"CK"},"sameAs":["https:\/\/www.nettali.com"]}]}},"_links":{"self":[{"href":"https:\/\/www.nettali.com\/rest\/wp\/v2\/posts\/164605"}],"collection":[{"href":"https:\/\/www.nettali.com\/rest\/wp\/v2\/posts"}],"about":[{"href":"https:\/\/www.nettali.com\/rest\/wp\/v2\/types\/post"}],"author":[{"embeddable":true,"href":"https:\/\/www.nettali.com\/rest\/wp\/v2\/users\/2"}],"replies":[{"embeddable":true,"href":"https:\/\/www.nettali.com\/rest\/wp\/v2\/comments?post=164605"}],"version-history":[{"count":1,"href":"https:\/\/www.nettali.com\/rest\/wp\/v2\/posts\/164605\/revisions"}],"predecessor-version":[{"id":164607,"href":"https:\/\/www.nettali.com\/rest\/wp\/v2\/posts\/164605\/revisions\/164607"}],"wp:featuredmedia":[{"embeddable":true,"href":"https:\/\/www.nettali.com\/rest\/wp\/v2\/media\/164606"}],"wp:attachment":[{"href":"https:\/\/www.nettali.com\/rest\/wp\/v2\/media?parent=164605"}],"wp:term":[{"taxonomy":"category","embeddable":true,"href":"https:\/\/www.nettali.com\/rest\/wp\/v2\/categories?post=164605"},{"taxonomy":"post_tag","embeddable":true,"href":"https:\/\/www.nettali.com\/rest\/wp\/v2\/tags?post=164605"}],"curies":[{"name":"wp","href":"https:\/\/api.w.org\/{rel}","templated":true}]}}