{"id":164597,"date":"2025-11-13T19:18:47","date_gmt":"2025-11-13T19:18:47","guid":{"rendered":"https:\/\/www.nettali.com\/?p=164597"},"modified":"2025-11-13T19:18:47","modified_gmt":"2025-11-13T19:18:47","slug":"crise-au-sommet-de-letat-la-coalition-djone-denonce-une-gouvernance-desordonnee-et-appelle-au-depart-du-premier-ministre","status":"publish","type":"post","link":"https:\/\/www.nettali.com\/2025\/11\/13\/crise-au-sommet-de-letat-la-coalition-djone-denonce-une-gouvernance-desordonnee-et-appelle-au-depart-du-premier-ministre\/","title":{"rendered":"CRISE AU SOMMET DE L\u2019\u00c9TAT- La Coalition Djone d\u00e9nonce une \u00ab Gouvernance D\u00e9sordonn\u00e9e \u00bb et appelle au d\u00e9part du Premier ministre"},"content":{"rendered":"<p><strong>NETTALI.COM- \u00c0 l\u2019issue de la r\u00e9union de son Secr\u00e9tariat politique, la coalition d\u2019opposition Djone a dress\u00e9 un tableau alarmant de la situation nationale. Dans un communiqu\u00e9 rendu public ce 13 novembre 2025, la coalition pointe du doigt des \u00ab querelles intestines \u00bb au sein de la mouvance pr\u00e9sidentielle, allant jusqu\u2019\u00e0 exiger le d\u00e9part du Premier ministre, Ousmane Sonko, consid\u00e9r\u00e9 comme \u00ab un obstacle au progr\u00e8s \u00e9conomique et social du S\u00e9n\u00e9gal \u00bb. <\/strong><\/p>\n<p>Le communiqu\u00e9 de la Coalition Djone met en lumi\u00e8re des divergences \u00ab irr\u00e9conciliables \u00bb entre le Pr\u00e9sident de la R\u00e9publique et son Premier ministre au d\u00e9triment de la vision, des priorit\u00e9s et des orientations du r\u00e9gime. Alors que le Chef de l\u2019\u00c9tat semble orient\u00e9 vers la r\u00e9conciliation nationale et le d\u00e9veloppement, Ousmane Sonko est enferm\u00e9, selon le Secr\u00e9tariat permanent dans une \u00ab l<em>ogique de confrontation fond\u00e9e sur une judiciarisation excessive du mandat confrontation\u00a0 assimilable \u00e0 un r\u00e8glement de comptes politiques<\/em> \u00bb.<\/p>\n<p>Selon cette frange de l\u2019opposition, la r\u00e9cente controverse autour de la restructuration de la coalition \u00ab Diomaye Pr\u00e9sident \u00bb n\u2019est que la partie \u00e9merg\u00e9e des luttes intestines, qui \u00ab <em>laissent pr\u00e9sager une crise institutionnelle et politique majeure<\/em> \u00bb. Aussi reproche-t-elle \u00e0 Ousmane Sonko un \u00ab <em>temp\u00e9rament conflictuel<\/em> \u00bb et un \u00ab <em>refus de la discipline administrative<\/em> \u00bb ont non seulement indispos\u00e9 l\u2019opposition, la presse et les magistrats, mais aussi les partenaires internationaux et les alli\u00e9s de son propre camp.<\/p>\n<p>Ainsi, selon la coalition le discours radical du Premier ministre a \u00ab <em>fragilis\u00e9 la confiance, d\u00e9courag\u00e9 l\u2019investissement et contribu\u00e9 \u00e0 la d\u00e9gradation g\u00e9n\u00e9rale de l\u2019\u00e9conomie<\/em> \u00bb. \u00ab <em>Le pays est aujourd\u2019hui confront\u00e9 aux cons\u00e9quences d\u2019une \u00ab gouvernance d\u00e9sordonn\u00e9e, marqu\u00e9es par une inflation persistante, la baisse du pouvoir d\u2019achat, des faillites d\u2019entreprises et des pertes massives d\u2019emplois<\/em> \u00bb, soutiennent Moustapha Diagne et ses partisans. Qui dans la foul\u00e9e, d\u00e9plorent une \u00e9conomie \u00ab <em>d\u00e9stabilis\u00e9e par un effort fiscal suppl\u00e9mentaire impos\u00e9 aux citoyens et qui ne fait qu\u2019aggraver les difficult\u00e9s de la population <\/em>\u00bb.<\/p>\n<p>Face \u00e0 cette impasse, le Coordonnateur national, Mohamed Moustapha Diagne, interpelle directement le Pr\u00e9sident de la R\u00e9publique. DJONE exhorte le Chef de l\u2019\u00c9tat \u00e0 \u00ab <em>assumer pleinement ses responsabilit\u00e9s<\/em> \u00bb et \u00e0 prendre conscience que Ousmane Sonko, davantage pr\u00e9occup\u00e9 par l\u2019\u00e9lection de 2029 que par le succ\u00e8s du mandat en cours, constitue d\u00e9sormais un blocage. Il l\u2019invite \u00e9galement \u00e0 trouver une \u00ab <em>porte de sortie honorable<\/em> \u00bb au Premier ministre, soulignant qu\u2019il ne peut y avoir ni stabilit\u00e9 ni prosp\u00e9rit\u00e9 durable \u00ab <em>sans un S\u00e9n\u00e9gal r\u00e9concili\u00e9, apais\u00e9 et juste \u00bb<\/em>.<\/p>\n<p>&nbsp;<\/p>\n<p>&nbsp;<\/p>\n<p>&nbsp;<\/p>\n<p>&nbsp;<\/p>\n<div class='share-to-whatsapp-wrapper'><div class='share-on-whsp'>PARTAGER SUR : <\/div><a data-text='CRISE AU SOMMET DE L\u2019\u00c9TAT- La Coalition Djone d\u00e9nonce une \u00ab Gouvernance D\u00e9sordonn\u00e9e \u00bb et appelle au d\u00e9part du Premier ministre' data-link='https:\/\/www.nettali.com\/2025\/11\/13\/crise-au-sommet-de-letat-la-coalition-djone-denonce-une-gouvernance-desordonnee-et-appelle-au-depart-du-premier-ministre\/' class='whatsapp-button whatsapp-share'>WhatsApp<\/a><div class='clear '><\/div><\/div>","protected":false},"excerpt":{"rendered":"<p>NETTALI.COM- \u00c0 l\u2019issue de la r\u00e9union de son Secr\u00e9tariat politique, la coalition d\u2019opposition Djone a dress\u00e9 un tableau alarmant de la situation nationale. Dans un communiqu\u00e9 rendu public ce 13 novembre 2025, la coalition pointe du doigt des \u00ab querelles intestines \u00bb au sein de la mouvance pr\u00e9sidentielle, allant jusqu\u2019\u00e0 exiger le d\u00e9part du Premier [&hellip;]<\/p>\n","protected":false},"author":6,"featured_media":164601,"comment_status":"open","ping_status":"open","sticky":false,"template":"","format":"standard","meta":{"_et_pb_use_builder":"","_et_pb_old_content":""},"categories":[2],"tags":[],"yoast_head":"<!-- This site is optimized with the Yoast SEO Premium plugin v17.8 (Yoast SEO v17.8) - https:\/\/yoast.com\/wordpress\/plugins\/seo\/ -->\n<title>CRISE AU SOMMET DE L\u2019\u00c9TAT- La Coalition Djone d\u00e9nonce une \u00ab Gouvernance D\u00e9sordonn\u00e9e \u00bb et appelle au d\u00e9part du Premier ministre | Nettali.com<\/title>\n<meta name=\"robots\" content=\"index, follow, max-snippet:-1, max-image-preview:large, max-video-preview:-1\" \/>\n<link rel=\"canonical\" href=\"https:\/\/www.nettali.com\/2025\/11\/13\/crise-au-sommet-de-letat-la-coalition-djone-denonce-une-gouvernance-desordonnee-et-appelle-au-depart-du-premier-ministre\/\" \/>\n<meta property=\"og:locale\" content=\"fr_FR\" \/>\n<meta property=\"og:type\" content=\"article\" \/>\n<meta property=\"og:title\" content=\"CRISE AU SOMMET DE L\u2019\u00c9TAT- La Coalition Djone d\u00e9nonce une \u00ab Gouvernance D\u00e9sordonn\u00e9e \u00bb et appelle au d\u00e9part du Premier ministre\" \/>\n<meta property=\"og:description\" content=\"NETTALI.COM- \u00c0 l\u2019issue de la r\u00e9union de son Secr\u00e9tariat politique, la coalition d\u2019opposition Djone a dress\u00e9 un tableau alarmant de la situation nationale. Dans un communiqu\u00e9 rendu public ce 13 novembre 2025, la coalition pointe du doigt des \u00ab querelles intestines \u00bb au sein de la mouvance pr\u00e9sidentielle, allant jusqu\u2019\u00e0 exiger le d\u00e9part du Premier [&hellip;]\" \/>\n<meta property=\"og:url\" content=\"https:\/\/www.nettali.com\/2025\/11\/13\/crise-au-sommet-de-letat-la-coalition-djone-denonce-une-gouvernance-desordonnee-et-appelle-au-depart-du-premier-ministre\/\" \/>\n<meta property=\"og:site_name\" content=\"Nettali.com\" \/>\n<meta property=\"article:publisher\" content=\"https:\/\/www.facebook.com\/nettalicom\" \/>\n<meta property=\"article:published_time\" content=\"2025-11-13T19:18:47+00:00\" \/>\n<meta property=\"og:image\" content=\"https:\/\/www.nettali.com\/wp-content\/uploads\/2025\/11\/Screenshot_20251113-185301.jpg\" \/>\n\t<meta property=\"og:image:width\" content=\"936\" \/>\n\t<meta property=\"og:image:height\" content=\"644\" \/>\n<meta name=\"twitter:card\" content=\"summary_large_image\" \/>\n<meta name=\"twitter:label1\" content=\"\u00c9crit par\" \/>\n\t<meta name=\"twitter:data1\" content=\"Fatou\" \/>\n\t<meta name=\"twitter:label2\" content=\"Dur\u00e9e de lecture estim\u00e9e\" \/>\n\t<meta name=\"twitter:data2\" content=\"2 minutes\" \/>\n<script type=\"application\/ld+json\" class=\"yoast-schema-graph\">{\"@context\":\"https:\/\/schema.org\",\"@graph\":[{\"@type\":\"WebSite\",\"@id\":\"https:\/\/www.nettali.com\/#website\",\"url\":\"https:\/\/www.nettali.com\/\",\"name\":\"Nettali.com\",\"description\":\"Le rendez-vous critique du Net\",\"potentialAction\":[{\"@type\":\"SearchAction\",\"target\":{\"@type\":\"EntryPoint\",\"urlTemplate\":\"https:\/\/www.nettali.com\/?s={search_term_string}\"},\"query-input\":\"required name=search_term_string\"}],\"inLanguage\":\"fr-FR\"},{\"@type\":\"ImageObject\",\"@id\":\"https:\/\/www.nettali.com\/2025\/11\/13\/crise-au-sommet-de-letat-la-coalition-djone-denonce-une-gouvernance-desordonnee-et-appelle-au-depart-du-premier-ministre\/#primaryimage\",\"inLanguage\":\"fr-FR\",\"url\":\"https:\/\/www.nettali.com\/wp-content\/uploads\/2025\/11\/Screenshot_20251113-185301.jpg\",\"contentUrl\":\"https:\/\/www.nettali.com\/wp-content\/uploads\/2025\/11\/Screenshot_20251113-185301.jpg\",\"width\":936,\"height\":644},{\"@type\":\"WebPage\",\"@id\":\"https:\/\/www.nettali.com\/2025\/11\/13\/crise-au-sommet-de-letat-la-coalition-djone-denonce-une-gouvernance-desordonnee-et-appelle-au-depart-du-premier-ministre\/#webpage\",\"url\":\"https:\/\/www.nettali.com\/2025\/11\/13\/crise-au-sommet-de-letat-la-coalition-djone-denonce-une-gouvernance-desordonnee-et-appelle-au-depart-du-premier-ministre\/\",\"name\":\"CRISE AU SOMMET DE L\\u2019\\u00c9TAT- La Coalition Djone d\\u00e9nonce une \\u00ab Gouvernance D\\u00e9sordonn\\u00e9e \\u00bb et appelle au d\\u00e9part du Premier ministre | Nettali.com\",\"isPartOf\":{\"@id\":\"https:\/\/www.nettali.com\/#website\"},\"primaryImageOfPage\":{\"@id\":\"https:\/\/www.nettali.com\/2025\/11\/13\/crise-au-sommet-de-letat-la-coalition-djone-denonce-une-gouvernance-desordonnee-et-appelle-au-depart-du-premier-ministre\/#primaryimage\"},\"datePublished\":\"2025-11-13T19:18:47+00:00\",\"dateModified\":\"2025-11-13T19:18:47+00:00\",\"author\":{\"@id\":\"https:\/\/www.nettali.com\/#\/schema\/person\/418274a86bdf87caff7a3ef476bd0bbf\"},\"breadcrumb\":{\"@id\":\"https:\/\/www.nettali.com\/2025\/11\/13\/crise-au-sommet-de-letat-la-coalition-djone-denonce-une-gouvernance-desordonnee-et-appelle-au-depart-du-premier-ministre\/#breadcrumb\"},\"inLanguage\":\"fr-FR\",\"potentialAction\":[{\"@type\":\"ReadAction\",\"target\":[\"https:\/\/www.nettali.com\/2025\/11\/13\/crise-au-sommet-de-letat-la-coalition-djone-denonce-une-gouvernance-desordonnee-et-appelle-au-depart-du-premier-ministre\/\"]}]},{\"@type\":\"BreadcrumbList\",\"@id\":\"https:\/\/www.nettali.com\/2025\/11\/13\/crise-au-sommet-de-letat-la-coalition-djone-denonce-une-gouvernance-desordonnee-et-appelle-au-depart-du-premier-ministre\/#breadcrumb\",\"itemListElement\":[{\"@type\":\"ListItem\",\"position\":1,\"name\":\"Accueil\",\"item\":\"https:\/\/www.nettali.com\/\"},{\"@type\":\"ListItem\",\"position\":2,\"name\":\"CRISE AU SOMMET DE L\\u2019\\u00c9TAT- La Coalition Djone d\\u00e9nonce une \\u00ab Gouvernance D\\u00e9sordonn\\u00e9e \\u00bb et appelle au d\\u00e9part du Premier ministre\"}]},{\"@type\":\"Person\",\"@id\":\"https:\/\/www.nettali.com\/#\/schema\/person\/418274a86bdf87caff7a3ef476bd0bbf\",\"name\":\"Fatou\",\"image\":{\"@type\":\"ImageObject\",\"@id\":\"https:\/\/www.nettali.com\/#personlogo\",\"inLanguage\":\"fr-FR\",\"url\":\"https:\/\/secure.gravatar.com\/avatar\/5a9442a2bee7b4dcf167cab035858e9a?s=96&d=mm&r=g\",\"contentUrl\":\"https:\/\/secure.gravatar.com\/avatar\/5a9442a2bee7b4dcf167cab035858e9a?s=96&d=mm&r=g\",\"caption\":\"Fatou\"},\"sameAs\":[\"https:\/\/www.nettali.com\"]}]}<\/script>\n<!-- \/ Yoast SEO Premium plugin. -->","yoast_head_json":{"title":"CRISE AU SOMMET DE L\u2019\u00c9TAT- La Coalition Djone d\u00e9nonce une \u00ab Gouvernance D\u00e9sordonn\u00e9e \u00bb et appelle au d\u00e9part du Premier ministre | Nettali.com","robots":{"index":"index","follow":"follow","max-snippet":"max-snippet:-1","max-image-preview":"max-image-preview:large","max-video-preview":"max-video-preview:-1"},"canonical":"https:\/\/www.nettali.com\/2025\/11\/13\/crise-au-sommet-de-letat-la-coalition-djone-denonce-une-gouvernance-desordonnee-et-appelle-au-depart-du-premier-ministre\/","og_locale":"fr_FR","og_type":"article","og_title":"CRISE AU SOMMET DE L\u2019\u00c9TAT- La Coalition Djone d\u00e9nonce une \u00ab Gouvernance D\u00e9sordonn\u00e9e \u00bb et appelle au d\u00e9part du Premier ministre","og_description":"NETTALI.COM- \u00c0 l\u2019issue de la r\u00e9union de son Secr\u00e9tariat politique, la coalition d\u2019opposition Djone a dress\u00e9 un tableau alarmant de la situation nationale. Dans un communiqu\u00e9 rendu public ce 13 novembre 2025, la coalition pointe du doigt des \u00ab querelles intestines \u00bb au sein de la mouvance pr\u00e9sidentielle, allant jusqu\u2019\u00e0 exiger le d\u00e9part du Premier [&hellip;]","og_url":"https:\/\/www.nettali.com\/2025\/11\/13\/crise-au-sommet-de-letat-la-coalition-djone-denonce-une-gouvernance-desordonnee-et-appelle-au-depart-du-premier-ministre\/","og_site_name":"Nettali.com","article_publisher":"https:\/\/www.facebook.com\/nettalicom","article_published_time":"2025-11-13T19:18:47+00:00","og_image":[{"width":936,"height":644,"url":"https:\/\/www.nettali.com\/wp-content\/uploads\/2025\/11\/Screenshot_20251113-185301.jpg","type":"image\/jpeg"}],"twitter_card":"summary_large_image","twitter_misc":{"\u00c9crit par":"Fatou","Dur\u00e9e de lecture estim\u00e9e":"2 minutes"},"schema":{"@context":"https:\/\/schema.org","@graph":[{"@type":"WebSite","@id":"https:\/\/www.nettali.com\/#website","url":"https:\/\/www.nettali.com\/","name":"Nettali.com","description":"Le rendez-vous critique du Net","potentialAction":[{"@type":"SearchAction","target":{"@type":"EntryPoint","urlTemplate":"https:\/\/www.nettali.com\/?s={search_term_string}"},"query-input":"required name=search_term_string"}],"inLanguage":"fr-FR"},{"@type":"ImageObject","@id":"https:\/\/www.nettali.com\/2025\/11\/13\/crise-au-sommet-de-letat-la-coalition-djone-denonce-une-gouvernance-desordonnee-et-appelle-au-depart-du-premier-ministre\/#primaryimage","inLanguage":"fr-FR","url":"https:\/\/www.nettali.com\/wp-content\/uploads\/2025\/11\/Screenshot_20251113-185301.jpg","contentUrl":"https:\/\/www.nettali.com\/wp-content\/uploads\/2025\/11\/Screenshot_20251113-185301.jpg","width":936,"height":644},{"@type":"WebPage","@id":"https:\/\/www.nettali.com\/2025\/11\/13\/crise-au-sommet-de-letat-la-coalition-djone-denonce-une-gouvernance-desordonnee-et-appelle-au-depart-du-premier-ministre\/#webpage","url":"https:\/\/www.nettali.com\/2025\/11\/13\/crise-au-sommet-de-letat-la-coalition-djone-denonce-une-gouvernance-desordonnee-et-appelle-au-depart-du-premier-ministre\/","name":"CRISE AU SOMMET DE L\u2019\u00c9TAT- La Coalition Djone d\u00e9nonce une \u00ab Gouvernance D\u00e9sordonn\u00e9e \u00bb et appelle au d\u00e9part du Premier ministre | Nettali.com","isPartOf":{"@id":"https:\/\/www.nettali.com\/#website"},"primaryImageOfPage":{"@id":"https:\/\/www.nettali.com\/2025\/11\/13\/crise-au-sommet-de-letat-la-coalition-djone-denonce-une-gouvernance-desordonnee-et-appelle-au-depart-du-premier-ministre\/#primaryimage"},"datePublished":"2025-11-13T19:18:47+00:00","dateModified":"2025-11-13T19:18:47+00:00","author":{"@id":"https:\/\/www.nettali.com\/#\/schema\/person\/418274a86bdf87caff7a3ef476bd0bbf"},"breadcrumb":{"@id":"https:\/\/www.nettali.com\/2025\/11\/13\/crise-au-sommet-de-letat-la-coalition-djone-denonce-une-gouvernance-desordonnee-et-appelle-au-depart-du-premier-ministre\/#breadcrumb"},"inLanguage":"fr-FR","potentialAction":[{"@type":"ReadAction","target":["https:\/\/www.nettali.com\/2025\/11\/13\/crise-au-sommet-de-letat-la-coalition-djone-denonce-une-gouvernance-desordonnee-et-appelle-au-depart-du-premier-ministre\/"]}]},{"@type":"BreadcrumbList","@id":"https:\/\/www.nettali.com\/2025\/11\/13\/crise-au-sommet-de-letat-la-coalition-djone-denonce-une-gouvernance-desordonnee-et-appelle-au-depart-du-premier-ministre\/#breadcrumb","itemListElement":[{"@type":"ListItem","position":1,"name":"Accueil","item":"https:\/\/www.nettali.com\/"},{"@type":"ListItem","position":2,"name":"CRISE AU SOMMET DE L\u2019\u00c9TAT- La Coalition Djone d\u00e9nonce une \u00ab Gouvernance D\u00e9sordonn\u00e9e \u00bb et appelle au d\u00e9part du Premier ministre"}]},{"@type":"Person","@id":"https:\/\/www.nettali.com\/#\/schema\/person\/418274a86bdf87caff7a3ef476bd0bbf","name":"Fatou","image":{"@type":"ImageObject","@id":"https:\/\/www.nettali.com\/#personlogo","inLanguage":"fr-FR","url":"https:\/\/secure.gravatar.com\/avatar\/5a9442a2bee7b4dcf167cab035858e9a?s=96&d=mm&r=g","contentUrl":"https:\/\/secure.gravatar.com\/avatar\/5a9442a2bee7b4dcf167cab035858e9a?s=96&d=mm&r=g","caption":"Fatou"},"sameAs":["https:\/\/www.nettali.com"]}]}},"_links":{"self":[{"href":"https:\/\/www.nettali.com\/rest\/wp\/v2\/posts\/164597"}],"collection":[{"href":"https:\/\/www.nettali.com\/rest\/wp\/v2\/posts"}],"about":[{"href":"https:\/\/www.nettali.com\/rest\/wp\/v2\/types\/post"}],"author":[{"embeddable":true,"href":"https:\/\/www.nettali.com\/rest\/wp\/v2\/users\/6"}],"replies":[{"embeddable":true,"href":"https:\/\/www.nettali.com\/rest\/wp\/v2\/comments?post=164597"}],"version-history":[{"count":3,"href":"https:\/\/www.nettali.com\/rest\/wp\/v2\/posts\/164597\/revisions"}],"predecessor-version":[{"id":164603,"href":"https:\/\/www.nettali.com\/rest\/wp\/v2\/posts\/164597\/revisions\/164603"}],"wp:featuredmedia":[{"embeddable":true,"href":"https:\/\/www.nettali.com\/rest\/wp\/v2\/media\/164601"}],"wp:attachment":[{"href":"https:\/\/www.nettali.com\/rest\/wp\/v2\/media?parent=164597"}],"wp:term":[{"taxonomy":"category","embeddable":true,"href":"https:\/\/www.nettali.com\/rest\/wp\/v2\/categories?post=164597"},{"taxonomy":"post_tag","embeddable":true,"href":"https:\/\/www.nettali.com\/rest\/wp\/v2\/tags?post=164597"}],"curies":[{"name":"wp","href":"https:\/\/api.w.org\/{rel}","templated":true}]}}