{"id":164575,"date":"2025-11-13T08:10:18","date_gmt":"2025-11-13T08:10:18","guid":{"rendered":"https:\/\/www.nettali.com\/?p=164575"},"modified":"2025-11-13T08:10:18","modified_gmt":"2025-11-13T08:10:18","slug":"menaces-de-mort-seydi-gassama-saisit-la-division-speciale-de-cybersecurite","status":"publish","type":"post","link":"https:\/\/www.nettali.com\/2025\/11\/13\/menaces-de-mort-seydi-gassama-saisit-la-division-speciale-de-cybersecurite\/","title":{"rendered":"MENACES DE MORT - Seydi Gassama saisit la Division sp\u00e9ciale de cybers\u00e9curit\u00e9"},"content":{"rendered":"<p data-start=\"216\" data-end=\"473\"><strong>NETTALI.COM - Le directeur ex\u00e9cutif d\u2019Amnesty International S\u00e9n\u00e9gal, Seydi Gassama, a d\u00e9pos\u00e9 une plainte aupr\u00e8s de la Division sp\u00e9ciale de cybers\u00e9curit\u00e9 (DSC) \u00e0 la suite de menaces de mort et d\u2019injures publiques prof\u00e9r\u00e9es contre lui sur les r\u00e9seaux sociaux.<\/strong><\/p>\n<p data-start=\"475\" data-end=\"736\">La plainte fait suite \u00e0 un commentaire publi\u00e9 sur Facebook en r\u00e9action \u00e0 un post o\u00f9 le d\u00e9fenseur des droits humains \u00e9voquait une <em>\u00ab amn\u00e9sie politique \u00bb<\/em> de l\u2019ancien pr\u00e9sident Macky Sall.<\/p>\n<p data-start=\"738\" data-end=\"1045\">L\u2019auteur du message incrimin\u00e9 \u2014 dont l\u2019identit\u00e9 n\u2019a pas \u00e9t\u00e9 r\u00e9v\u00e9l\u00e9e \u2014 aurait d\u00e9clar\u00e9 que Seydi Gassama \u201cm\u00e9ritait la mort\u201d, avant d\u2019ajouter qu\u2019il <em>\u201cs\u2019occuperait personnellement de lui\u201d<\/em>. Des propos d\u2019une extr\u00eame gravit\u00e9 qui ont conduit le responsable d\u2019Amnesty \u00e0 saisir les autorit\u00e9s comp\u00e9tentes.<\/p>\n<p data-start=\"1047\" data-end=\"1209\">La Division sp\u00e9ciale de cybers\u00e9curit\u00e9, relevant de la Police nationale, a ouvert une enqu\u00eate afin d\u2019identifier et d\u2019interpeller l\u2019auteur de ces menaces.<\/p>\n<p data-start=\"1211\" data-end=\"1589\">Militant de longue date pour les droits humains, Seydi Gassama est r\u00e9guli\u00e8rement la cible d\u2019attaques sur les r\u00e9seaux sociaux en raison de ses prises de position critiques \u00e0 l\u2019\u00e9gard du pouvoir comme de l\u2019opposition. Amnesty International S\u00e9n\u00e9gal a toujours d\u00e9nonc\u00e9 ces d\u00e9rives, appelant au respect du d\u00e9bat d\u00e9mocratique et \u00e0 la protection des d\u00e9fenseurs des droits humains.<\/p>\n<div class='share-to-whatsapp-wrapper'><div class='share-on-whsp'>PARTAGER SUR : <\/div><a data-text='MENACES DE MORT - Seydi Gassama saisit la Division sp\u00e9ciale de cybers\u00e9curit\u00e9' data-link='https:\/\/www.nettali.com\/2025\/11\/13\/menaces-de-mort-seydi-gassama-saisit-la-division-speciale-de-cybersecurite\/' class='whatsapp-button whatsapp-share'>WhatsApp<\/a><div class='clear '><\/div><\/div>","protected":false},"excerpt":{"rendered":"<p>NETTALI.COM - Le directeur ex\u00e9cutif d\u2019Amnesty International S\u00e9n\u00e9gal, Seydi Gassama, a d\u00e9pos\u00e9 une plainte aupr\u00e8s de la Division sp\u00e9ciale de cybers\u00e9curit\u00e9 (DSC) \u00e0 la suite de menaces de mort et d\u2019injures publiques prof\u00e9r\u00e9es contre lui sur les r\u00e9seaux sociaux. La plainte fait suite \u00e0 un commentaire publi\u00e9 sur Facebook en r\u00e9action \u00e0 un post o\u00f9 [&hellip;]<\/p>\n","protected":false},"author":4,"featured_media":120434,"comment_status":"open","ping_status":"open","sticky":false,"template":"","format":"standard","meta":{"_et_pb_use_builder":"","_et_pb_old_content":""},"categories":[3],"tags":[],"yoast_head":"<!-- This site is optimized with the Yoast SEO Premium plugin v17.8 (Yoast SEO v17.8) - https:\/\/yoast.com\/wordpress\/plugins\/seo\/ -->\n<title>MENACES DE MORT - Seydi Gassama saisit la Division sp\u00e9ciale de cybers\u00e9curit\u00e9 | Nettali.com<\/title>\n<meta name=\"robots\" content=\"index, follow, max-snippet:-1, max-image-preview:large, max-video-preview:-1\" \/>\n<link rel=\"canonical\" href=\"https:\/\/www.nettali.com\/2025\/11\/13\/menaces-de-mort-seydi-gassama-saisit-la-division-speciale-de-cybersecurite\/\" \/>\n<meta property=\"og:locale\" content=\"fr_FR\" \/>\n<meta property=\"og:type\" content=\"article\" \/>\n<meta property=\"og:title\" content=\"MENACES DE MORT - Seydi Gassama saisit la Division sp\u00e9ciale de cybers\u00e9curit\u00e9\" \/>\n<meta property=\"og:description\" content=\"NETTALI.COM - Le directeur ex\u00e9cutif d\u2019Amnesty International S\u00e9n\u00e9gal, Seydi Gassama, a d\u00e9pos\u00e9 une plainte aupr\u00e8s de la Division sp\u00e9ciale de cybers\u00e9curit\u00e9 (DSC) \u00e0 la suite de menaces de mort et d\u2019injures publiques prof\u00e9r\u00e9es contre lui sur les r\u00e9seaux sociaux. La plainte fait suite \u00e0 un commentaire publi\u00e9 sur Facebook en r\u00e9action \u00e0 un post o\u00f9 [&hellip;]\" \/>\n<meta property=\"og:url\" content=\"https:\/\/www.nettali.com\/2025\/11\/13\/menaces-de-mort-seydi-gassama-saisit-la-division-speciale-de-cybersecurite\/\" \/>\n<meta property=\"og:site_name\" content=\"Nettali.com\" \/>\n<meta property=\"article:publisher\" content=\"https:\/\/www.facebook.com\/nettalicom\" \/>\n<meta property=\"article:published_time\" content=\"2025-11-13T08:10:18+00:00\" \/>\n<meta property=\"og:image\" content=\"https:\/\/www.nettali.com\/wp-content\/uploads\/2023\/10\/Seydi-Gassama.jpg\" \/>\n\t<meta property=\"og:image:width\" content=\"1080\" \/>\n\t<meta property=\"og:image:height\" content=\"809\" \/>\n<meta name=\"twitter:card\" content=\"summary_large_image\" \/>\n<meta name=\"twitter:label1\" content=\"\u00c9crit par\" \/>\n\t<meta name=\"twitter:data1\" content=\"Daouda\" \/>\n\t<meta name=\"twitter:label2\" content=\"Dur\u00e9e de lecture estim\u00e9e\" \/>\n\t<meta name=\"twitter:data2\" content=\"1 minute\" \/>\n<script type=\"application\/ld+json\" class=\"yoast-schema-graph\">{\"@context\":\"https:\/\/schema.org\",\"@graph\":[{\"@type\":\"WebSite\",\"@id\":\"https:\/\/www.nettali.com\/#website\",\"url\":\"https:\/\/www.nettali.com\/\",\"name\":\"Nettali.com\",\"description\":\"Le rendez-vous critique du Net\",\"potentialAction\":[{\"@type\":\"SearchAction\",\"target\":{\"@type\":\"EntryPoint\",\"urlTemplate\":\"https:\/\/www.nettali.com\/?s={search_term_string}\"},\"query-input\":\"required name=search_term_string\"}],\"inLanguage\":\"fr-FR\"},{\"@type\":\"ImageObject\",\"@id\":\"https:\/\/www.nettali.com\/2025\/11\/13\/menaces-de-mort-seydi-gassama-saisit-la-division-speciale-de-cybersecurite\/#primaryimage\",\"inLanguage\":\"fr-FR\",\"url\":\"https:\/\/www.nettali.com\/wp-content\/uploads\/2023\/10\/Seydi-Gassama.jpg\",\"contentUrl\":\"https:\/\/www.nettali.com\/wp-content\/uploads\/2023\/10\/Seydi-Gassama.jpg\",\"width\":1080,\"height\":809},{\"@type\":\"WebPage\",\"@id\":\"https:\/\/www.nettali.com\/2025\/11\/13\/menaces-de-mort-seydi-gassama-saisit-la-division-speciale-de-cybersecurite\/#webpage\",\"url\":\"https:\/\/www.nettali.com\/2025\/11\/13\/menaces-de-mort-seydi-gassama-saisit-la-division-speciale-de-cybersecurite\/\",\"name\":\"MENACES DE MORT - Seydi Gassama saisit la Division sp\\u00e9ciale de cybers\\u00e9curit\\u00e9 | Nettali.com\",\"isPartOf\":{\"@id\":\"https:\/\/www.nettali.com\/#website\"},\"primaryImageOfPage\":{\"@id\":\"https:\/\/www.nettali.com\/2025\/11\/13\/menaces-de-mort-seydi-gassama-saisit-la-division-speciale-de-cybersecurite\/#primaryimage\"},\"datePublished\":\"2025-11-13T08:10:18+00:00\",\"dateModified\":\"2025-11-13T08:10:18+00:00\",\"author\":{\"@id\":\"https:\/\/www.nettali.com\/#\/schema\/person\/3317e0bb3aa1da309fbf7b2780901bf4\"},\"breadcrumb\":{\"@id\":\"https:\/\/www.nettali.com\/2025\/11\/13\/menaces-de-mort-seydi-gassama-saisit-la-division-speciale-de-cybersecurite\/#breadcrumb\"},\"inLanguage\":\"fr-FR\",\"potentialAction\":[{\"@type\":\"ReadAction\",\"target\":[\"https:\/\/www.nettali.com\/2025\/11\/13\/menaces-de-mort-seydi-gassama-saisit-la-division-speciale-de-cybersecurite\/\"]}]},{\"@type\":\"BreadcrumbList\",\"@id\":\"https:\/\/www.nettali.com\/2025\/11\/13\/menaces-de-mort-seydi-gassama-saisit-la-division-speciale-de-cybersecurite\/#breadcrumb\",\"itemListElement\":[{\"@type\":\"ListItem\",\"position\":1,\"name\":\"Accueil\",\"item\":\"https:\/\/www.nettali.com\/\"},{\"@type\":\"ListItem\",\"position\":2,\"name\":\"MENACES DE MORT - Seydi Gassama saisit la Division sp\\u00e9ciale de cybers\\u00e9curit\\u00e9\"}]},{\"@type\":\"Person\",\"@id\":\"https:\/\/www.nettali.com\/#\/schema\/person\/3317e0bb3aa1da309fbf7b2780901bf4\",\"name\":\"Daouda\",\"image\":{\"@type\":\"ImageObject\",\"@id\":\"https:\/\/www.nettali.com\/#personlogo\",\"inLanguage\":\"fr-FR\",\"url\":\"https:\/\/secure.gravatar.com\/avatar\/8d143b5a49345098ddcfee1c49c2f47c?s=96&d=mm&r=g\",\"contentUrl\":\"https:\/\/secure.gravatar.com\/avatar\/8d143b5a49345098ddcfee1c49c2f47c?s=96&d=mm&r=g\",\"caption\":\"Daouda\"},\"sameAs\":[\"https:\/\/www.nettali.com\"]}]}<\/script>\n<!-- \/ Yoast SEO Premium plugin. -->","yoast_head_json":{"title":"MENACES DE MORT - Seydi Gassama saisit la Division sp\u00e9ciale de cybers\u00e9curit\u00e9 | Nettali.com","robots":{"index":"index","follow":"follow","max-snippet":"max-snippet:-1","max-image-preview":"max-image-preview:large","max-video-preview":"max-video-preview:-1"},"canonical":"https:\/\/www.nettali.com\/2025\/11\/13\/menaces-de-mort-seydi-gassama-saisit-la-division-speciale-de-cybersecurite\/","og_locale":"fr_FR","og_type":"article","og_title":"MENACES DE MORT - Seydi Gassama saisit la Division sp\u00e9ciale de cybers\u00e9curit\u00e9","og_description":"NETTALI.COM - Le directeur ex\u00e9cutif d\u2019Amnesty International S\u00e9n\u00e9gal, Seydi Gassama, a d\u00e9pos\u00e9 une plainte aupr\u00e8s de la Division sp\u00e9ciale de cybers\u00e9curit\u00e9 (DSC) \u00e0 la suite de menaces de mort et d\u2019injures publiques prof\u00e9r\u00e9es contre lui sur les r\u00e9seaux sociaux. La plainte fait suite \u00e0 un commentaire publi\u00e9 sur Facebook en r\u00e9action \u00e0 un post o\u00f9 [&hellip;]","og_url":"https:\/\/www.nettali.com\/2025\/11\/13\/menaces-de-mort-seydi-gassama-saisit-la-division-speciale-de-cybersecurite\/","og_site_name":"Nettali.com","article_publisher":"https:\/\/www.facebook.com\/nettalicom","article_published_time":"2025-11-13T08:10:18+00:00","og_image":[{"width":1080,"height":809,"url":"https:\/\/www.nettali.com\/wp-content\/uploads\/2023\/10\/Seydi-Gassama.jpg","type":"image\/jpeg"}],"twitter_card":"summary_large_image","twitter_misc":{"\u00c9crit par":"Daouda","Dur\u00e9e de lecture estim\u00e9e":"1 minute"},"schema":{"@context":"https:\/\/schema.org","@graph":[{"@type":"WebSite","@id":"https:\/\/www.nettali.com\/#website","url":"https:\/\/www.nettali.com\/","name":"Nettali.com","description":"Le rendez-vous critique du Net","potentialAction":[{"@type":"SearchAction","target":{"@type":"EntryPoint","urlTemplate":"https:\/\/www.nettali.com\/?s={search_term_string}"},"query-input":"required name=search_term_string"}],"inLanguage":"fr-FR"},{"@type":"ImageObject","@id":"https:\/\/www.nettali.com\/2025\/11\/13\/menaces-de-mort-seydi-gassama-saisit-la-division-speciale-de-cybersecurite\/#primaryimage","inLanguage":"fr-FR","url":"https:\/\/www.nettali.com\/wp-content\/uploads\/2023\/10\/Seydi-Gassama.jpg","contentUrl":"https:\/\/www.nettali.com\/wp-content\/uploads\/2023\/10\/Seydi-Gassama.jpg","width":1080,"height":809},{"@type":"WebPage","@id":"https:\/\/www.nettali.com\/2025\/11\/13\/menaces-de-mort-seydi-gassama-saisit-la-division-speciale-de-cybersecurite\/#webpage","url":"https:\/\/www.nettali.com\/2025\/11\/13\/menaces-de-mort-seydi-gassama-saisit-la-division-speciale-de-cybersecurite\/","name":"MENACES DE MORT - Seydi Gassama saisit la Division sp\u00e9ciale de cybers\u00e9curit\u00e9 | Nettali.com","isPartOf":{"@id":"https:\/\/www.nettali.com\/#website"},"primaryImageOfPage":{"@id":"https:\/\/www.nettali.com\/2025\/11\/13\/menaces-de-mort-seydi-gassama-saisit-la-division-speciale-de-cybersecurite\/#primaryimage"},"datePublished":"2025-11-13T08:10:18+00:00","dateModified":"2025-11-13T08:10:18+00:00","author":{"@id":"https:\/\/www.nettali.com\/#\/schema\/person\/3317e0bb3aa1da309fbf7b2780901bf4"},"breadcrumb":{"@id":"https:\/\/www.nettali.com\/2025\/11\/13\/menaces-de-mort-seydi-gassama-saisit-la-division-speciale-de-cybersecurite\/#breadcrumb"},"inLanguage":"fr-FR","potentialAction":[{"@type":"ReadAction","target":["https:\/\/www.nettali.com\/2025\/11\/13\/menaces-de-mort-seydi-gassama-saisit-la-division-speciale-de-cybersecurite\/"]}]},{"@type":"BreadcrumbList","@id":"https:\/\/www.nettali.com\/2025\/11\/13\/menaces-de-mort-seydi-gassama-saisit-la-division-speciale-de-cybersecurite\/#breadcrumb","itemListElement":[{"@type":"ListItem","position":1,"name":"Accueil","item":"https:\/\/www.nettali.com\/"},{"@type":"ListItem","position":2,"name":"MENACES DE MORT - Seydi Gassama saisit la Division sp\u00e9ciale de cybers\u00e9curit\u00e9"}]},{"@type":"Person","@id":"https:\/\/www.nettali.com\/#\/schema\/person\/3317e0bb3aa1da309fbf7b2780901bf4","name":"Daouda","image":{"@type":"ImageObject","@id":"https:\/\/www.nettali.com\/#personlogo","inLanguage":"fr-FR","url":"https:\/\/secure.gravatar.com\/avatar\/8d143b5a49345098ddcfee1c49c2f47c?s=96&d=mm&r=g","contentUrl":"https:\/\/secure.gravatar.com\/avatar\/8d143b5a49345098ddcfee1c49c2f47c?s=96&d=mm&r=g","caption":"Daouda"},"sameAs":["https:\/\/www.nettali.com"]}]}},"_links":{"self":[{"href":"https:\/\/www.nettali.com\/rest\/wp\/v2\/posts\/164575"}],"collection":[{"href":"https:\/\/www.nettali.com\/rest\/wp\/v2\/posts"}],"about":[{"href":"https:\/\/www.nettali.com\/rest\/wp\/v2\/types\/post"}],"author":[{"embeddable":true,"href":"https:\/\/www.nettali.com\/rest\/wp\/v2\/users\/4"}],"replies":[{"embeddable":true,"href":"https:\/\/www.nettali.com\/rest\/wp\/v2\/comments?post=164575"}],"version-history":[{"count":1,"href":"https:\/\/www.nettali.com\/rest\/wp\/v2\/posts\/164575\/revisions"}],"predecessor-version":[{"id":164576,"href":"https:\/\/www.nettali.com\/rest\/wp\/v2\/posts\/164575\/revisions\/164576"}],"wp:featuredmedia":[{"embeddable":true,"href":"https:\/\/www.nettali.com\/rest\/wp\/v2\/media\/120434"}],"wp:attachment":[{"href":"https:\/\/www.nettali.com\/rest\/wp\/v2\/media?parent=164575"}],"wp:term":[{"taxonomy":"category","embeddable":true,"href":"https:\/\/www.nettali.com\/rest\/wp\/v2\/categories?post=164575"},{"taxonomy":"post_tag","embeddable":true,"href":"https:\/\/www.nettali.com\/rest\/wp\/v2\/tags?post=164575"}],"curies":[{"name":"wp","href":"https:\/\/api.w.org\/{rel}","templated":true}]}}