{"id":164543,"date":"2025-11-12T17:24:48","date_gmt":"2025-11-12T17:24:48","guid":{"rendered":"https:\/\/www.nettali.com\/?p=164543"},"modified":"2025-11-12T17:24:48","modified_gmt":"2025-11-12T17:24:48","slug":"tribunal-de-dakar-abdou-nguer-condamne-son-co-prevenu-relaxe","status":"publish","type":"post","link":"https:\/\/www.nettali.com\/2025\/11\/12\/tribunal-de-dakar-abdou-nguer-condamne-son-co-prevenu-relaxe\/","title":{"rendered":"TRIBUNAL DE DAKAR - Abdou Nguer condamn\u00e9, son co-pr\u00e9venu relax\u00e9"},"content":{"rendered":"<p><strong>NETTALI.COM - Le Tribunal correctionnel de Dakar a rendu, ce mercredi 12 novembre, son verdict dans le dossier impliquant le chroniqueur Abdou Nguer. Ce dernier a \u00e9t\u00e9 condamn\u00e9 \u00e0 six mois de prison, dont trois mois ferme, assortis d\u2019une amende de 200.000 FCFA. Son co-pr\u00e9venu, Pape Amadou Ndiaye Diaw, a pour sa part \u00e9t\u00e9 relax\u00e9.<\/strong><\/p>\n<p>Les deux hommes \u00e9taient poursuivis dans le cadre de l\u2019affaire relative au d\u00e9c\u00e8s de Mamadou Badio Camara, ancien pr\u00e9sident du Conseil constitutionnel. Le minist\u00e8re public reprochait notamment \u00e0 Abdou Nguer la diffusion de fausses nouvelles, \u00e0 la suite d\u2019un commentaire pol\u00e9mique publi\u00e9 sous un faux profil TikTok, dans lequel Diaw r\u00e9clamait une autopsie apr\u00e8s le d\u00e9c\u00e8s de Mamadou Badio Camara.<\/p>\n<p>Par ailleurs, Abdou Nguer devait \u00e9galement compara\u00eetre le m\u00eame jour dans une autre affaire l\u2019opposant \u00e0 l\u2019enseignant Ibrahima Barry Gassama, qui l\u2019accuse de diffamation. Ce dernier reproche au chroniqueur d\u2019avoir tenu, dans une vid\u00e9o, des propos mettant en doute sa l\u00e9gitimit\u00e9 \u00e0 participer \u00e0 un concours organis\u00e9 par le pr\u00e9sident de la R\u00e9publique, au motif qu\u2019il ne serait plus en activit\u00e9. Le verdict de ce second dossier a \u00e9t\u00e9 mis en d\u00e9lib\u00e9r\u00e9 pour ce mercredi 12 novembre.<\/p>\n<div class='share-to-whatsapp-wrapper'><div class='share-on-whsp'>PARTAGER SUR : <\/div><a data-text='TRIBUNAL DE DAKAR - Abdou Nguer condamn\u00e9, son co-pr\u00e9venu relax\u00e9' data-link='https:\/\/www.nettali.com\/2025\/11\/12\/tribunal-de-dakar-abdou-nguer-condamne-son-co-prevenu-relaxe\/' class='whatsapp-button whatsapp-share'>WhatsApp<\/a><div class='clear '><\/div><\/div>","protected":false},"excerpt":{"rendered":"<p>NETTALI.COM - Le Tribunal correctionnel de Dakar a rendu, ce mercredi 12 novembre, son verdict dans le dossier impliquant le chroniqueur Abdou Nguer. Ce dernier a \u00e9t\u00e9 condamn\u00e9 \u00e0 six mois de prison, dont trois mois ferme, assortis d\u2019une amende de 200.000 FCFA. Son co-pr\u00e9venu, Pape Amadou Ndiaye Diaw, a pour sa part \u00e9t\u00e9 relax\u00e9. [&hellip;]<\/p>\n","protected":false},"author":5,"featured_media":152661,"comment_status":"open","ping_status":"open","sticky":false,"template":"","format":"standard","meta":{"_et_pb_use_builder":"","_et_pb_old_content":""},"categories":[3],"tags":[],"yoast_head":"<!-- This site is optimized with the Yoast SEO Premium plugin v17.8 (Yoast SEO v17.8) - https:\/\/yoast.com\/wordpress\/plugins\/seo\/ -->\n<title>TRIBUNAL DE DAKAR - Abdou Nguer condamn\u00e9, son co-pr\u00e9venu relax\u00e9 | Nettali.com<\/title>\n<meta name=\"robots\" content=\"index, follow, max-snippet:-1, max-image-preview:large, max-video-preview:-1\" \/>\n<link rel=\"canonical\" href=\"https:\/\/www.nettali.com\/2025\/11\/12\/tribunal-de-dakar-abdou-nguer-condamne-son-co-prevenu-relaxe\/\" \/>\n<meta property=\"og:locale\" content=\"fr_FR\" \/>\n<meta property=\"og:type\" content=\"article\" \/>\n<meta property=\"og:title\" content=\"TRIBUNAL DE DAKAR - Abdou Nguer condamn\u00e9, son co-pr\u00e9venu relax\u00e9\" \/>\n<meta property=\"og:description\" content=\"NETTALI.COM - Le Tribunal correctionnel de Dakar a rendu, ce mercredi 12 novembre, son verdict dans le dossier impliquant le chroniqueur Abdou Nguer. Ce dernier a \u00e9t\u00e9 condamn\u00e9 \u00e0 six mois de prison, dont trois mois ferme, assortis d\u2019une amende de 200.000 FCFA. Son co-pr\u00e9venu, Pape Amadou Ndiaye Diaw, a pour sa part \u00e9t\u00e9 relax\u00e9. [&hellip;]\" \/>\n<meta property=\"og:url\" content=\"https:\/\/www.nettali.com\/2025\/11\/12\/tribunal-de-dakar-abdou-nguer-condamne-son-co-prevenu-relaxe\/\" \/>\n<meta property=\"og:site_name\" content=\"Nettali.com\" \/>\n<meta property=\"article:publisher\" content=\"https:\/\/www.facebook.com\/nettalicom\" \/>\n<meta property=\"article:published_time\" content=\"2025-11-12T17:24:48+00:00\" \/>\n<meta property=\"og:image\" content=\"https:\/\/www.nettali.com\/wp-content\/uploads\/2025\/04\/Abdou-Nguer.jpg\" \/>\n\t<meta property=\"og:image:width\" content=\"1280\" \/>\n\t<meta property=\"og:image:height\" content=\"811\" \/>\n<meta name=\"twitter:card\" content=\"summary_large_image\" \/>\n<meta name=\"twitter:label1\" content=\"\u00c9crit par\" \/>\n\t<meta name=\"twitter:data1\" content=\"Ibrahima\" \/>\n\t<meta name=\"twitter:label2\" content=\"Dur\u00e9e de lecture estim\u00e9e\" \/>\n\t<meta name=\"twitter:data2\" content=\"1 minute\" \/>\n<script type=\"application\/ld+json\" class=\"yoast-schema-graph\">{\"@context\":\"https:\/\/schema.org\",\"@graph\":[{\"@type\":\"WebSite\",\"@id\":\"https:\/\/www.nettali.com\/#website\",\"url\":\"https:\/\/www.nettali.com\/\",\"name\":\"Nettali.com\",\"description\":\"Le rendez-vous critique du Net\",\"potentialAction\":[{\"@type\":\"SearchAction\",\"target\":{\"@type\":\"EntryPoint\",\"urlTemplate\":\"https:\/\/www.nettali.com\/?s={search_term_string}\"},\"query-input\":\"required name=search_term_string\"}],\"inLanguage\":\"fr-FR\"},{\"@type\":\"ImageObject\",\"@id\":\"https:\/\/www.nettali.com\/2025\/11\/12\/tribunal-de-dakar-abdou-nguer-condamne-son-co-prevenu-relaxe\/#primaryimage\",\"inLanguage\":\"fr-FR\",\"url\":\"https:\/\/www.nettali.com\/wp-content\/uploads\/2025\/04\/Abdou-Nguer.jpg\",\"contentUrl\":\"https:\/\/www.nettali.com\/wp-content\/uploads\/2025\/04\/Abdou-Nguer.jpg\",\"width\":1280,\"height\":811},{\"@type\":\"WebPage\",\"@id\":\"https:\/\/www.nettali.com\/2025\/11\/12\/tribunal-de-dakar-abdou-nguer-condamne-son-co-prevenu-relaxe\/#webpage\",\"url\":\"https:\/\/www.nettali.com\/2025\/11\/12\/tribunal-de-dakar-abdou-nguer-condamne-son-co-prevenu-relaxe\/\",\"name\":\"TRIBUNAL DE DAKAR - Abdou Nguer condamn\\u00e9, son co-pr\\u00e9venu relax\\u00e9 | Nettali.com\",\"isPartOf\":{\"@id\":\"https:\/\/www.nettali.com\/#website\"},\"primaryImageOfPage\":{\"@id\":\"https:\/\/www.nettali.com\/2025\/11\/12\/tribunal-de-dakar-abdou-nguer-condamne-son-co-prevenu-relaxe\/#primaryimage\"},\"datePublished\":\"2025-11-12T17:24:48+00:00\",\"dateModified\":\"2025-11-12T17:24:48+00:00\",\"author\":{\"@id\":\"https:\/\/www.nettali.com\/#\/schema\/person\/bb147657c2986240405a608162b9bb23\"},\"breadcrumb\":{\"@id\":\"https:\/\/www.nettali.com\/2025\/11\/12\/tribunal-de-dakar-abdou-nguer-condamne-son-co-prevenu-relaxe\/#breadcrumb\"},\"inLanguage\":\"fr-FR\",\"potentialAction\":[{\"@type\":\"ReadAction\",\"target\":[\"https:\/\/www.nettali.com\/2025\/11\/12\/tribunal-de-dakar-abdou-nguer-condamne-son-co-prevenu-relaxe\/\"]}]},{\"@type\":\"BreadcrumbList\",\"@id\":\"https:\/\/www.nettali.com\/2025\/11\/12\/tribunal-de-dakar-abdou-nguer-condamne-son-co-prevenu-relaxe\/#breadcrumb\",\"itemListElement\":[{\"@type\":\"ListItem\",\"position\":1,\"name\":\"Accueil\",\"item\":\"https:\/\/www.nettali.com\/\"},{\"@type\":\"ListItem\",\"position\":2,\"name\":\"TRIBUNAL DE DAKAR - Abdou Nguer condamn\\u00e9, son co-pr\\u00e9venu relax\\u00e9\"}]},{\"@type\":\"Person\",\"@id\":\"https:\/\/www.nettali.com\/#\/schema\/person\/bb147657c2986240405a608162b9bb23\",\"name\":\"Ibrahima\",\"image\":{\"@type\":\"ImageObject\",\"@id\":\"https:\/\/www.nettali.com\/#personlogo\",\"inLanguage\":\"fr-FR\",\"url\":\"https:\/\/secure.gravatar.com\/avatar\/26a8a81f09f0dd7624c9d5c36c9ba3a2?s=96&d=mm&r=g\",\"contentUrl\":\"https:\/\/secure.gravatar.com\/avatar\/26a8a81f09f0dd7624c9d5c36c9ba3a2?s=96&d=mm&r=g\",\"caption\":\"Ibrahima\"},\"sameAs\":[\"https:\/\/www.nettali.com\"]}]}<\/script>\n<!-- \/ Yoast SEO Premium plugin. -->","yoast_head_json":{"title":"TRIBUNAL DE DAKAR - Abdou Nguer condamn\u00e9, son co-pr\u00e9venu relax\u00e9 | Nettali.com","robots":{"index":"index","follow":"follow","max-snippet":"max-snippet:-1","max-image-preview":"max-image-preview:large","max-video-preview":"max-video-preview:-1"},"canonical":"https:\/\/www.nettali.com\/2025\/11\/12\/tribunal-de-dakar-abdou-nguer-condamne-son-co-prevenu-relaxe\/","og_locale":"fr_FR","og_type":"article","og_title":"TRIBUNAL DE DAKAR - Abdou Nguer condamn\u00e9, son co-pr\u00e9venu relax\u00e9","og_description":"NETTALI.COM - Le Tribunal correctionnel de Dakar a rendu, ce mercredi 12 novembre, son verdict dans le dossier impliquant le chroniqueur Abdou Nguer. Ce dernier a \u00e9t\u00e9 condamn\u00e9 \u00e0 six mois de prison, dont trois mois ferme, assortis d\u2019une amende de 200.000 FCFA. Son co-pr\u00e9venu, Pape Amadou Ndiaye Diaw, a pour sa part \u00e9t\u00e9 relax\u00e9. [&hellip;]","og_url":"https:\/\/www.nettali.com\/2025\/11\/12\/tribunal-de-dakar-abdou-nguer-condamne-son-co-prevenu-relaxe\/","og_site_name":"Nettali.com","article_publisher":"https:\/\/www.facebook.com\/nettalicom","article_published_time":"2025-11-12T17:24:48+00:00","og_image":[{"width":1280,"height":811,"url":"https:\/\/www.nettali.com\/wp-content\/uploads\/2025\/04\/Abdou-Nguer.jpg","type":"image\/jpeg"}],"twitter_card":"summary_large_image","twitter_misc":{"\u00c9crit par":"Ibrahima","Dur\u00e9e de lecture estim\u00e9e":"1 minute"},"schema":{"@context":"https:\/\/schema.org","@graph":[{"@type":"WebSite","@id":"https:\/\/www.nettali.com\/#website","url":"https:\/\/www.nettali.com\/","name":"Nettali.com","description":"Le rendez-vous critique du Net","potentialAction":[{"@type":"SearchAction","target":{"@type":"EntryPoint","urlTemplate":"https:\/\/www.nettali.com\/?s={search_term_string}"},"query-input":"required name=search_term_string"}],"inLanguage":"fr-FR"},{"@type":"ImageObject","@id":"https:\/\/www.nettali.com\/2025\/11\/12\/tribunal-de-dakar-abdou-nguer-condamne-son-co-prevenu-relaxe\/#primaryimage","inLanguage":"fr-FR","url":"https:\/\/www.nettali.com\/wp-content\/uploads\/2025\/04\/Abdou-Nguer.jpg","contentUrl":"https:\/\/www.nettali.com\/wp-content\/uploads\/2025\/04\/Abdou-Nguer.jpg","width":1280,"height":811},{"@type":"WebPage","@id":"https:\/\/www.nettali.com\/2025\/11\/12\/tribunal-de-dakar-abdou-nguer-condamne-son-co-prevenu-relaxe\/#webpage","url":"https:\/\/www.nettali.com\/2025\/11\/12\/tribunal-de-dakar-abdou-nguer-condamne-son-co-prevenu-relaxe\/","name":"TRIBUNAL DE DAKAR - Abdou Nguer condamn\u00e9, son co-pr\u00e9venu relax\u00e9 | Nettali.com","isPartOf":{"@id":"https:\/\/www.nettali.com\/#website"},"primaryImageOfPage":{"@id":"https:\/\/www.nettali.com\/2025\/11\/12\/tribunal-de-dakar-abdou-nguer-condamne-son-co-prevenu-relaxe\/#primaryimage"},"datePublished":"2025-11-12T17:24:48+00:00","dateModified":"2025-11-12T17:24:48+00:00","author":{"@id":"https:\/\/www.nettali.com\/#\/schema\/person\/bb147657c2986240405a608162b9bb23"},"breadcrumb":{"@id":"https:\/\/www.nettali.com\/2025\/11\/12\/tribunal-de-dakar-abdou-nguer-condamne-son-co-prevenu-relaxe\/#breadcrumb"},"inLanguage":"fr-FR","potentialAction":[{"@type":"ReadAction","target":["https:\/\/www.nettali.com\/2025\/11\/12\/tribunal-de-dakar-abdou-nguer-condamne-son-co-prevenu-relaxe\/"]}]},{"@type":"BreadcrumbList","@id":"https:\/\/www.nettali.com\/2025\/11\/12\/tribunal-de-dakar-abdou-nguer-condamne-son-co-prevenu-relaxe\/#breadcrumb","itemListElement":[{"@type":"ListItem","position":1,"name":"Accueil","item":"https:\/\/www.nettali.com\/"},{"@type":"ListItem","position":2,"name":"TRIBUNAL DE DAKAR - Abdou Nguer condamn\u00e9, son co-pr\u00e9venu relax\u00e9"}]},{"@type":"Person","@id":"https:\/\/www.nettali.com\/#\/schema\/person\/bb147657c2986240405a608162b9bb23","name":"Ibrahima","image":{"@type":"ImageObject","@id":"https:\/\/www.nettali.com\/#personlogo","inLanguage":"fr-FR","url":"https:\/\/secure.gravatar.com\/avatar\/26a8a81f09f0dd7624c9d5c36c9ba3a2?s=96&d=mm&r=g","contentUrl":"https:\/\/secure.gravatar.com\/avatar\/26a8a81f09f0dd7624c9d5c36c9ba3a2?s=96&d=mm&r=g","caption":"Ibrahima"},"sameAs":["https:\/\/www.nettali.com"]}]}},"_links":{"self":[{"href":"https:\/\/www.nettali.com\/rest\/wp\/v2\/posts\/164543"}],"collection":[{"href":"https:\/\/www.nettali.com\/rest\/wp\/v2\/posts"}],"about":[{"href":"https:\/\/www.nettali.com\/rest\/wp\/v2\/types\/post"}],"author":[{"embeddable":true,"href":"https:\/\/www.nettali.com\/rest\/wp\/v2\/users\/5"}],"replies":[{"embeddable":true,"href":"https:\/\/www.nettali.com\/rest\/wp\/v2\/comments?post=164543"}],"version-history":[{"count":2,"href":"https:\/\/www.nettali.com\/rest\/wp\/v2\/posts\/164543\/revisions"}],"predecessor-version":[{"id":164552,"href":"https:\/\/www.nettali.com\/rest\/wp\/v2\/posts\/164543\/revisions\/164552"}],"wp:featuredmedia":[{"embeddable":true,"href":"https:\/\/www.nettali.com\/rest\/wp\/v2\/media\/152661"}],"wp:attachment":[{"href":"https:\/\/www.nettali.com\/rest\/wp\/v2\/media?parent=164543"}],"wp:term":[{"taxonomy":"category","embeddable":true,"href":"https:\/\/www.nettali.com\/rest\/wp\/v2\/categories?post=164543"},{"taxonomy":"post_tag","embeddable":true,"href":"https:\/\/www.nettali.com\/rest\/wp\/v2\/tags?post=164543"}],"curies":[{"name":"wp","href":"https:\/\/api.w.org\/{rel}","templated":true}]}}