{"id":164518,"date":"2025-11-12T13:00:49","date_gmt":"2025-11-12T13:00:49","guid":{"rendered":"https:\/\/www.nettali.com\/?p=164518"},"modified":"2025-11-12T17:26:49","modified_gmt":"2025-11-12T17:26:49","slug":"argentine-messi-ne-veut-pas-etre-un-fardeau","status":"publish","type":"post","link":"https:\/\/www.nettali.com\/2025\/11\/12\/argentine-messi-ne-veut-pas-etre-un-fardeau\/","title":{"rendered":"ARGENTINE - Messi ne veut pas \u00eatre un fardeau"},"content":{"rendered":"<p><strong>NETTALI.COM -<\/strong> S'il ne fait pas beaucoup de doute que Lionel Messi (38 ans, 195 s\u00e9lections et 114 buts) participera \u00e0 la Coupe du monde 2026, l'attaquant de l'Argentine \u00e9tait pourtant rest\u00e9 assez flou au sujet de sa participation au Mondial l'\u00e9t\u00e9 prochain.<\/p>\n<p>Excit\u00e9 par l'\u00e9v\u00e9nement, l'octuple Ballon d'Or ne souhaite pas repr\u00e9senter un poids pour sa s\u00e9lection, comme il l'a indiqu\u00e9 dans un entretien accord\u00e9 au journal Sport. \"<em>C'est une Coupe du monde particuli\u00e8re. C'est un honneur de jouer avec l'\u00e9quipe nationale et de participer \u00e0 d'autres comp\u00e9titions officielles importantes, surtout quand on pense \u00e0 ce que repr\u00e9sente une Coupe du monde, et apr\u00e8s l'avoir remport\u00e9e. Mais comme je le disais, je ne veux pas \u00eatre un fardeau. Je veux \u00eatre en pleine forme physique, \u00eatre s\u00fbr de pouvoir aider et contribuer au groupe, \u00e0 l'\u00e9quipe. Notre saison est diff\u00e9rente de la saison europ\u00e9enne. Nous aurons une pr\u00e9paration entre-temps, quelques matchs amicaux avant la Coupe du monde, et nous verrons au jour le jour si je me sens suffisamment en forme pour \u00eatre au niveau que je souhaite et pouvoir participer. Mais \u00e9videmment, je suis conscient qu'il s'agit d'une Coupe du monde, que c'est une comp\u00e9tition sp\u00e9ciale et la plus prestigieuse au monde. Alors, je suis impatient, mais j'y vais \u00e9tape par \u00e9tape<\/em>\", a expliqu\u00e9 Messi.<\/p>\n<p>On imagine mal l'Albiceleste se priver de son capitaine, qui \u00e9volue toujours \u00e0 un niveau exceptionnel en Major League Soccer.<\/p>\n<div class='share-to-whatsapp-wrapper'><div class='share-on-whsp'>PARTAGER SUR : <\/div><a data-text='ARGENTINE - Messi ne veut pas \u00eatre un fardeau' data-link='https:\/\/www.nettali.com\/2025\/11\/12\/argentine-messi-ne-veut-pas-etre-un-fardeau\/' class='whatsapp-button whatsapp-share'>WhatsApp<\/a><div class='clear '><\/div><\/div>","protected":false},"excerpt":{"rendered":"<p>NETTALI.COM - S'il ne fait pas beaucoup de doute que Lionel Messi (38 ans, 195 s\u00e9lections et 114 buts) participera \u00e0 la Coupe du monde 2026, l'attaquant de l'Argentine \u00e9tait pourtant rest\u00e9 assez flou au sujet de sa participation au Mondial l'\u00e9t\u00e9 prochain. Excit\u00e9 par l'\u00e9v\u00e9nement, l'octuple Ballon d'Or ne souhaite pas repr\u00e9senter un poids [&hellip;]<\/p>\n","protected":false},"author":2,"featured_media":164519,"comment_status":"open","ping_status":"open","sticky":false,"template":"","format":"standard","meta":{"_et_pb_use_builder":"","_et_pb_old_content":""},"categories":[6],"tags":[],"yoast_head":"<!-- This site is optimized with the Yoast SEO Premium plugin v17.8 (Yoast SEO v17.8) - https:\/\/yoast.com\/wordpress\/plugins\/seo\/ -->\n<title>ARGENTINE - Messi ne veut pas \u00eatre un fardeau | Nettali.com<\/title>\n<meta name=\"robots\" content=\"index, follow, max-snippet:-1, max-image-preview:large, max-video-preview:-1\" \/>\n<link rel=\"canonical\" href=\"https:\/\/www.nettali.com\/2025\/11\/12\/argentine-messi-ne-veut-pas-etre-un-fardeau\/\" \/>\n<meta property=\"og:locale\" content=\"fr_FR\" \/>\n<meta property=\"og:type\" content=\"article\" \/>\n<meta property=\"og:title\" content=\"ARGENTINE - Messi ne veut pas \u00eatre un fardeau\" \/>\n<meta property=\"og:description\" content=\"NETTALI.COM - S&#039;il ne fait pas beaucoup de doute que Lionel Messi (38 ans, 195 s\u00e9lections et 114 buts) participera \u00e0 la Coupe du monde 2026, l&#039;attaquant de l&#039;Argentine \u00e9tait pourtant rest\u00e9 assez flou au sujet de sa participation au Mondial l&#039;\u00e9t\u00e9 prochain. Excit\u00e9 par l&#039;\u00e9v\u00e9nement, l&#039;octuple Ballon d&#039;Or ne souhaite pas repr\u00e9senter un poids [&hellip;]\" \/>\n<meta property=\"og:url\" content=\"https:\/\/www.nettali.com\/2025\/11\/12\/argentine-messi-ne-veut-pas-etre-un-fardeau\/\" \/>\n<meta property=\"og:site_name\" content=\"Nettali.com\" \/>\n<meta property=\"article:publisher\" content=\"https:\/\/www.facebook.com\/nettalicom\" \/>\n<meta property=\"article:published_time\" content=\"2025-11-12T13:00:49+00:00\" \/>\n<meta property=\"article:modified_time\" content=\"2025-11-12T17:26:49+00:00\" \/>\n<meta property=\"og:image\" content=\"https:\/\/www.nettali.com\/wp-content\/uploads\/2025\/11\/Lionel-Messi-lors-du-match-Argentine-Perou-1-0-qualifs-Coupe-du-monde-2026-le-20-novembre-2024-2051466.jpg\" \/>\n\t<meta property=\"og:image:width\" content=\"2048\" \/>\n\t<meta property=\"og:image:height\" content=\"1536\" \/>\n<meta name=\"twitter:card\" content=\"summary_large_image\" \/>\n<meta name=\"twitter:label1\" content=\"\u00c9crit par\" \/>\n\t<meta name=\"twitter:data1\" content=\"CK\" \/>\n\t<meta name=\"twitter:label2\" content=\"Dur\u00e9e de lecture estim\u00e9e\" \/>\n\t<meta name=\"twitter:data2\" content=\"1 minute\" \/>\n<script type=\"application\/ld+json\" class=\"yoast-schema-graph\">{\"@context\":\"https:\/\/schema.org\",\"@graph\":[{\"@type\":\"WebSite\",\"@id\":\"https:\/\/www.nettali.com\/#website\",\"url\":\"https:\/\/www.nettali.com\/\",\"name\":\"Nettali.com\",\"description\":\"Le rendez-vous critique du Net\",\"potentialAction\":[{\"@type\":\"SearchAction\",\"target\":{\"@type\":\"EntryPoint\",\"urlTemplate\":\"https:\/\/www.nettali.com\/?s={search_term_string}\"},\"query-input\":\"required name=search_term_string\"}],\"inLanguage\":\"fr-FR\"},{\"@type\":\"ImageObject\",\"@id\":\"https:\/\/www.nettali.com\/2025\/11\/12\/argentine-messi-ne-veut-pas-etre-un-fardeau\/#primaryimage\",\"inLanguage\":\"fr-FR\",\"url\":\"https:\/\/www.nettali.com\/wp-content\/uploads\/2025\/11\/Lionel-Messi-lors-du-match-Argentine-Perou-1-0-qualifs-Coupe-du-monde-2026-le-20-novembre-2024-2051466.jpg\",\"contentUrl\":\"https:\/\/www.nettali.com\/wp-content\/uploads\/2025\/11\/Lionel-Messi-lors-du-match-Argentine-Perou-1-0-qualifs-Coupe-du-monde-2026-le-20-novembre-2024-2051466.jpg\",\"width\":2048,\"height\":1536},{\"@type\":\"WebPage\",\"@id\":\"https:\/\/www.nettali.com\/2025\/11\/12\/argentine-messi-ne-veut-pas-etre-un-fardeau\/#webpage\",\"url\":\"https:\/\/www.nettali.com\/2025\/11\/12\/argentine-messi-ne-veut-pas-etre-un-fardeau\/\",\"name\":\"ARGENTINE - Messi ne veut pas \\u00eatre un fardeau | Nettali.com\",\"isPartOf\":{\"@id\":\"https:\/\/www.nettali.com\/#website\"},\"primaryImageOfPage\":{\"@id\":\"https:\/\/www.nettali.com\/2025\/11\/12\/argentine-messi-ne-veut-pas-etre-un-fardeau\/#primaryimage\"},\"datePublished\":\"2025-11-12T13:00:49+00:00\",\"dateModified\":\"2025-11-12T17:26:49+00:00\",\"author\":{\"@id\":\"https:\/\/www.nettali.com\/#\/schema\/person\/d8ac7b7e27ddad43f1c0d2ef090d7f71\"},\"breadcrumb\":{\"@id\":\"https:\/\/www.nettali.com\/2025\/11\/12\/argentine-messi-ne-veut-pas-etre-un-fardeau\/#breadcrumb\"},\"inLanguage\":\"fr-FR\",\"potentialAction\":[{\"@type\":\"ReadAction\",\"target\":[\"https:\/\/www.nettali.com\/2025\/11\/12\/argentine-messi-ne-veut-pas-etre-un-fardeau\/\"]}]},{\"@type\":\"BreadcrumbList\",\"@id\":\"https:\/\/www.nettali.com\/2025\/11\/12\/argentine-messi-ne-veut-pas-etre-un-fardeau\/#breadcrumb\",\"itemListElement\":[{\"@type\":\"ListItem\",\"position\":1,\"name\":\"Accueil\",\"item\":\"https:\/\/www.nettali.com\/\"},{\"@type\":\"ListItem\",\"position\":2,\"name\":\"ARGENTINE - Messi ne veut pas \\u00eatre un fardeau\"}]},{\"@type\":\"Person\",\"@id\":\"https:\/\/www.nettali.com\/#\/schema\/person\/d8ac7b7e27ddad43f1c0d2ef090d7f71\",\"name\":\"CK\",\"image\":{\"@type\":\"ImageObject\",\"@id\":\"https:\/\/www.nettali.com\/#personlogo\",\"inLanguage\":\"fr-FR\",\"url\":\"https:\/\/secure.gravatar.com\/avatar\/1d8d5118b9327d94da7cd4ce7f17fec2?s=96&d=mm&r=g\",\"contentUrl\":\"https:\/\/secure.gravatar.com\/avatar\/1d8d5118b9327d94da7cd4ce7f17fec2?s=96&d=mm&r=g\",\"caption\":\"CK\"},\"sameAs\":[\"https:\/\/www.nettali.com\"]}]}<\/script>\n<!-- \/ Yoast SEO Premium plugin. -->","yoast_head_json":{"title":"ARGENTINE - Messi ne veut pas \u00eatre un fardeau | Nettali.com","robots":{"index":"index","follow":"follow","max-snippet":"max-snippet:-1","max-image-preview":"max-image-preview:large","max-video-preview":"max-video-preview:-1"},"canonical":"https:\/\/www.nettali.com\/2025\/11\/12\/argentine-messi-ne-veut-pas-etre-un-fardeau\/","og_locale":"fr_FR","og_type":"article","og_title":"ARGENTINE - Messi ne veut pas \u00eatre un fardeau","og_description":"NETTALI.COM - S'il ne fait pas beaucoup de doute que Lionel Messi (38 ans, 195 s\u00e9lections et 114 buts) participera \u00e0 la Coupe du monde 2026, l'attaquant de l'Argentine \u00e9tait pourtant rest\u00e9 assez flou au sujet de sa participation au Mondial l'\u00e9t\u00e9 prochain. Excit\u00e9 par l'\u00e9v\u00e9nement, l'octuple Ballon d'Or ne souhaite pas repr\u00e9senter un poids [&hellip;]","og_url":"https:\/\/www.nettali.com\/2025\/11\/12\/argentine-messi-ne-veut-pas-etre-un-fardeau\/","og_site_name":"Nettali.com","article_publisher":"https:\/\/www.facebook.com\/nettalicom","article_published_time":"2025-11-12T13:00:49+00:00","article_modified_time":"2025-11-12T17:26:49+00:00","og_image":[{"width":2048,"height":1536,"url":"https:\/\/www.nettali.com\/wp-content\/uploads\/2025\/11\/Lionel-Messi-lors-du-match-Argentine-Perou-1-0-qualifs-Coupe-du-monde-2026-le-20-novembre-2024-2051466.jpg","type":"image\/jpeg"}],"twitter_card":"summary_large_image","twitter_misc":{"\u00c9crit par":"CK","Dur\u00e9e de lecture estim\u00e9e":"1 minute"},"schema":{"@context":"https:\/\/schema.org","@graph":[{"@type":"WebSite","@id":"https:\/\/www.nettali.com\/#website","url":"https:\/\/www.nettali.com\/","name":"Nettali.com","description":"Le rendez-vous critique du Net","potentialAction":[{"@type":"SearchAction","target":{"@type":"EntryPoint","urlTemplate":"https:\/\/www.nettali.com\/?s={search_term_string}"},"query-input":"required name=search_term_string"}],"inLanguage":"fr-FR"},{"@type":"ImageObject","@id":"https:\/\/www.nettali.com\/2025\/11\/12\/argentine-messi-ne-veut-pas-etre-un-fardeau\/#primaryimage","inLanguage":"fr-FR","url":"https:\/\/www.nettali.com\/wp-content\/uploads\/2025\/11\/Lionel-Messi-lors-du-match-Argentine-Perou-1-0-qualifs-Coupe-du-monde-2026-le-20-novembre-2024-2051466.jpg","contentUrl":"https:\/\/www.nettali.com\/wp-content\/uploads\/2025\/11\/Lionel-Messi-lors-du-match-Argentine-Perou-1-0-qualifs-Coupe-du-monde-2026-le-20-novembre-2024-2051466.jpg","width":2048,"height":1536},{"@type":"WebPage","@id":"https:\/\/www.nettali.com\/2025\/11\/12\/argentine-messi-ne-veut-pas-etre-un-fardeau\/#webpage","url":"https:\/\/www.nettali.com\/2025\/11\/12\/argentine-messi-ne-veut-pas-etre-un-fardeau\/","name":"ARGENTINE - Messi ne veut pas \u00eatre un fardeau | Nettali.com","isPartOf":{"@id":"https:\/\/www.nettali.com\/#website"},"primaryImageOfPage":{"@id":"https:\/\/www.nettali.com\/2025\/11\/12\/argentine-messi-ne-veut-pas-etre-un-fardeau\/#primaryimage"},"datePublished":"2025-11-12T13:00:49+00:00","dateModified":"2025-11-12T17:26:49+00:00","author":{"@id":"https:\/\/www.nettali.com\/#\/schema\/person\/d8ac7b7e27ddad43f1c0d2ef090d7f71"},"breadcrumb":{"@id":"https:\/\/www.nettali.com\/2025\/11\/12\/argentine-messi-ne-veut-pas-etre-un-fardeau\/#breadcrumb"},"inLanguage":"fr-FR","potentialAction":[{"@type":"ReadAction","target":["https:\/\/www.nettali.com\/2025\/11\/12\/argentine-messi-ne-veut-pas-etre-un-fardeau\/"]}]},{"@type":"BreadcrumbList","@id":"https:\/\/www.nettali.com\/2025\/11\/12\/argentine-messi-ne-veut-pas-etre-un-fardeau\/#breadcrumb","itemListElement":[{"@type":"ListItem","position":1,"name":"Accueil","item":"https:\/\/www.nettali.com\/"},{"@type":"ListItem","position":2,"name":"ARGENTINE - Messi ne veut pas \u00eatre un fardeau"}]},{"@type":"Person","@id":"https:\/\/www.nettali.com\/#\/schema\/person\/d8ac7b7e27ddad43f1c0d2ef090d7f71","name":"CK","image":{"@type":"ImageObject","@id":"https:\/\/www.nettali.com\/#personlogo","inLanguage":"fr-FR","url":"https:\/\/secure.gravatar.com\/avatar\/1d8d5118b9327d94da7cd4ce7f17fec2?s=96&d=mm&r=g","contentUrl":"https:\/\/secure.gravatar.com\/avatar\/1d8d5118b9327d94da7cd4ce7f17fec2?s=96&d=mm&r=g","caption":"CK"},"sameAs":["https:\/\/www.nettali.com"]}]}},"_links":{"self":[{"href":"https:\/\/www.nettali.com\/rest\/wp\/v2\/posts\/164518"}],"collection":[{"href":"https:\/\/www.nettali.com\/rest\/wp\/v2\/posts"}],"about":[{"href":"https:\/\/www.nettali.com\/rest\/wp\/v2\/types\/post"}],"author":[{"embeddable":true,"href":"https:\/\/www.nettali.com\/rest\/wp\/v2\/users\/2"}],"replies":[{"embeddable":true,"href":"https:\/\/www.nettali.com\/rest\/wp\/v2\/comments?post=164518"}],"version-history":[{"count":1,"href":"https:\/\/www.nettali.com\/rest\/wp\/v2\/posts\/164518\/revisions"}],"predecessor-version":[{"id":164520,"href":"https:\/\/www.nettali.com\/rest\/wp\/v2\/posts\/164518\/revisions\/164520"}],"wp:featuredmedia":[{"embeddable":true,"href":"https:\/\/www.nettali.com\/rest\/wp\/v2\/media\/164519"}],"wp:attachment":[{"href":"https:\/\/www.nettali.com\/rest\/wp\/v2\/media?parent=164518"}],"wp:term":[{"taxonomy":"category","embeddable":true,"href":"https:\/\/www.nettali.com\/rest\/wp\/v2\/categories?post=164518"},{"taxonomy":"post_tag","embeddable":true,"href":"https:\/\/www.nettali.com\/rest\/wp\/v2\/tags?post=164518"}],"curies":[{"name":"wp","href":"https:\/\/api.w.org\/{rel}","templated":true}]}}