{"id":164515,"date":"2025-11-12T11:10:53","date_gmt":"2025-11-12T11:10:53","guid":{"rendered":"https:\/\/www.nettali.com\/?p=164515"},"modified":"2025-11-13T06:46:46","modified_gmt":"2025-11-13T06:46:46","slug":"espagne-pubalgie-de-yamal-la-version-du-barca","status":"publish","type":"post","link":"https:\/\/www.nettali.com\/2025\/11\/12\/espagne-pubalgie-de-yamal-la-version-du-barca\/","title":{"rendered":"ESPAGNE - Pubalgie de Yamal, la version du Bar\u00e7a"},"content":{"rendered":"<p><strong>NETTALI.COM -<\/strong> Ce mardi, la F\u00e9d\u00e9ration royale espagnole de football (RFEF) s'est \u00e9tonn\u00e9e que Lamine Yamal (18 ans, 23 s\u00e9lections et 6 buts) ait subi un traitement m\u00e9dical pour soigner sa pubalgie, lundi, sans que le FC Barcelone ne l'ait pr\u00e9venue. La version du club catalan est diff\u00e9rente.<\/p>\n<p>Selon la presse ib\u00e8re, le Bar\u00e7a assure qu'il n'a cess\u00e9 de tenir la RFEF inform\u00e9e de l'\u00e9volution de la blessure de l'ailier, ainsi que des interventions associ\u00e9es.<\/p>\n<p>Quoi qu'il en soit, Yamal, forfait, ne participera pas aux matchs face \u00e0 la G\u00e9orgie et la Turquie, les 15 et 18 novembre, dans le cadre des \u00e9liminatoires de la Coupe du monde 2026.<\/p>\n<div class='share-to-whatsapp-wrapper'><div class='share-on-whsp'>PARTAGER SUR : <\/div><a data-text='ESPAGNE - Pubalgie de Yamal, la version du Bar\u00e7a' data-link='https:\/\/www.nettali.com\/2025\/11\/12\/espagne-pubalgie-de-yamal-la-version-du-barca\/' class='whatsapp-button whatsapp-share'>WhatsApp<\/a><div class='clear '><\/div><\/div>","protected":false},"excerpt":{"rendered":"<p>NETTALI.COM - Ce mardi, la F\u00e9d\u00e9ration royale espagnole de football (RFEF) s'est \u00e9tonn\u00e9e que Lamine Yamal (18 ans, 23 s\u00e9lections et 6 buts) ait subi un traitement m\u00e9dical pour soigner sa pubalgie, lundi, sans que le FC Barcelone ne l'ait pr\u00e9venue. La version du club catalan est diff\u00e9rente. Selon la presse ib\u00e8re, le Bar\u00e7a assure [&hellip;]<\/p>\n","protected":false},"author":2,"featured_media":162330,"comment_status":"open","ping_status":"open","sticky":false,"template":"","format":"standard","meta":{"_et_pb_use_builder":"","_et_pb_old_content":""},"categories":[6],"tags":[],"yoast_head":"<!-- This site is optimized with the Yoast SEO Premium plugin v17.8 (Yoast SEO v17.8) - https:\/\/yoast.com\/wordpress\/plugins\/seo\/ -->\n<title>ESPAGNE - Pubalgie de Yamal, la version du Bar\u00e7a | Nettali.com<\/title>\n<meta name=\"robots\" content=\"index, follow, max-snippet:-1, max-image-preview:large, max-video-preview:-1\" \/>\n<link rel=\"canonical\" href=\"https:\/\/www.nettali.com\/2025\/11\/12\/espagne-pubalgie-de-yamal-la-version-du-barca\/\" \/>\n<meta property=\"og:locale\" content=\"fr_FR\" \/>\n<meta property=\"og:type\" content=\"article\" \/>\n<meta property=\"og:title\" content=\"ESPAGNE - Pubalgie de Yamal, la version du Bar\u00e7a\" \/>\n<meta property=\"og:description\" content=\"NETTALI.COM - Ce mardi, la F\u00e9d\u00e9ration royale espagnole de football (RFEF) s&#039;est \u00e9tonn\u00e9e que Lamine Yamal (18 ans, 23 s\u00e9lections et 6 buts) ait subi un traitement m\u00e9dical pour soigner sa pubalgie, lundi, sans que le FC Barcelone ne l&#039;ait pr\u00e9venue. La version du club catalan est diff\u00e9rente. Selon la presse ib\u00e8re, le Bar\u00e7a assure [&hellip;]\" \/>\n<meta property=\"og:url\" content=\"https:\/\/www.nettali.com\/2025\/11\/12\/espagne-pubalgie-de-yamal-la-version-du-barca\/\" \/>\n<meta property=\"og:site_name\" content=\"Nettali.com\" \/>\n<meta property=\"article:publisher\" content=\"https:\/\/www.facebook.com\/nettalicom\" \/>\n<meta property=\"article:published_time\" content=\"2025-11-12T11:10:53+00:00\" \/>\n<meta property=\"article:modified_time\" content=\"2025-11-13T06:46:46+00:00\" \/>\n<meta property=\"og:image\" content=\"https:\/\/www.nettali.com\/wp-content\/uploads\/2025\/10\/iconsport_268843_0024-1200x800.jpg.jpg\" \/>\n\t<meta property=\"og:image:width\" content=\"1188\" \/>\n\t<meta property=\"og:image:height\" content=\"784\" \/>\n<meta name=\"twitter:card\" content=\"summary_large_image\" \/>\n<meta name=\"twitter:label1\" content=\"\u00c9crit par\" \/>\n\t<meta name=\"twitter:data1\" content=\"CK\" \/>\n\t<meta name=\"twitter:label2\" content=\"Dur\u00e9e de lecture estim\u00e9e\" \/>\n\t<meta name=\"twitter:data2\" content=\"1 minute\" \/>\n<script type=\"application\/ld+json\" class=\"yoast-schema-graph\">{\"@context\":\"https:\/\/schema.org\",\"@graph\":[{\"@type\":\"WebSite\",\"@id\":\"https:\/\/www.nettali.com\/#website\",\"url\":\"https:\/\/www.nettali.com\/\",\"name\":\"Nettali.com\",\"description\":\"Le rendez-vous critique du Net\",\"potentialAction\":[{\"@type\":\"SearchAction\",\"target\":{\"@type\":\"EntryPoint\",\"urlTemplate\":\"https:\/\/www.nettali.com\/?s={search_term_string}\"},\"query-input\":\"required name=search_term_string\"}],\"inLanguage\":\"fr-FR\"},{\"@type\":\"ImageObject\",\"@id\":\"https:\/\/www.nettali.com\/2025\/11\/12\/espagne-pubalgie-de-yamal-la-version-du-barca\/#primaryimage\",\"inLanguage\":\"fr-FR\",\"url\":\"https:\/\/www.nettali.com\/wp-content\/uploads\/2025\/10\/iconsport_268843_0024-1200x800.jpg.jpg\",\"contentUrl\":\"https:\/\/www.nettali.com\/wp-content\/uploads\/2025\/10\/iconsport_268843_0024-1200x800.jpg.jpg\",\"width\":1188,\"height\":784},{\"@type\":\"WebPage\",\"@id\":\"https:\/\/www.nettali.com\/2025\/11\/12\/espagne-pubalgie-de-yamal-la-version-du-barca\/#webpage\",\"url\":\"https:\/\/www.nettali.com\/2025\/11\/12\/espagne-pubalgie-de-yamal-la-version-du-barca\/\",\"name\":\"ESPAGNE - Pubalgie de Yamal, la version du Bar\\u00e7a | Nettali.com\",\"isPartOf\":{\"@id\":\"https:\/\/www.nettali.com\/#website\"},\"primaryImageOfPage\":{\"@id\":\"https:\/\/www.nettali.com\/2025\/11\/12\/espagne-pubalgie-de-yamal-la-version-du-barca\/#primaryimage\"},\"datePublished\":\"2025-11-12T11:10:53+00:00\",\"dateModified\":\"2025-11-13T06:46:46+00:00\",\"author\":{\"@id\":\"https:\/\/www.nettali.com\/#\/schema\/person\/d8ac7b7e27ddad43f1c0d2ef090d7f71\"},\"breadcrumb\":{\"@id\":\"https:\/\/www.nettali.com\/2025\/11\/12\/espagne-pubalgie-de-yamal-la-version-du-barca\/#breadcrumb\"},\"inLanguage\":\"fr-FR\",\"potentialAction\":[{\"@type\":\"ReadAction\",\"target\":[\"https:\/\/www.nettali.com\/2025\/11\/12\/espagne-pubalgie-de-yamal-la-version-du-barca\/\"]}]},{\"@type\":\"BreadcrumbList\",\"@id\":\"https:\/\/www.nettali.com\/2025\/11\/12\/espagne-pubalgie-de-yamal-la-version-du-barca\/#breadcrumb\",\"itemListElement\":[{\"@type\":\"ListItem\",\"position\":1,\"name\":\"Accueil\",\"item\":\"https:\/\/www.nettali.com\/\"},{\"@type\":\"ListItem\",\"position\":2,\"name\":\"ESPAGNE - Pubalgie de Yamal, la version du Bar\\u00e7a\"}]},{\"@type\":\"Person\",\"@id\":\"https:\/\/www.nettali.com\/#\/schema\/person\/d8ac7b7e27ddad43f1c0d2ef090d7f71\",\"name\":\"CK\",\"image\":{\"@type\":\"ImageObject\",\"@id\":\"https:\/\/www.nettali.com\/#personlogo\",\"inLanguage\":\"fr-FR\",\"url\":\"https:\/\/secure.gravatar.com\/avatar\/1d8d5118b9327d94da7cd4ce7f17fec2?s=96&d=mm&r=g\",\"contentUrl\":\"https:\/\/secure.gravatar.com\/avatar\/1d8d5118b9327d94da7cd4ce7f17fec2?s=96&d=mm&r=g\",\"caption\":\"CK\"},\"sameAs\":[\"https:\/\/www.nettali.com\"]}]}<\/script>\n<!-- \/ Yoast SEO Premium plugin. -->","yoast_head_json":{"title":"ESPAGNE - Pubalgie de Yamal, la version du Bar\u00e7a | Nettali.com","robots":{"index":"index","follow":"follow","max-snippet":"max-snippet:-1","max-image-preview":"max-image-preview:large","max-video-preview":"max-video-preview:-1"},"canonical":"https:\/\/www.nettali.com\/2025\/11\/12\/espagne-pubalgie-de-yamal-la-version-du-barca\/","og_locale":"fr_FR","og_type":"article","og_title":"ESPAGNE - Pubalgie de Yamal, la version du Bar\u00e7a","og_description":"NETTALI.COM - Ce mardi, la F\u00e9d\u00e9ration royale espagnole de football (RFEF) s'est \u00e9tonn\u00e9e que Lamine Yamal (18 ans, 23 s\u00e9lections et 6 buts) ait subi un traitement m\u00e9dical pour soigner sa pubalgie, lundi, sans que le FC Barcelone ne l'ait pr\u00e9venue. La version du club catalan est diff\u00e9rente. Selon la presse ib\u00e8re, le Bar\u00e7a assure [&hellip;]","og_url":"https:\/\/www.nettali.com\/2025\/11\/12\/espagne-pubalgie-de-yamal-la-version-du-barca\/","og_site_name":"Nettali.com","article_publisher":"https:\/\/www.facebook.com\/nettalicom","article_published_time":"2025-11-12T11:10:53+00:00","article_modified_time":"2025-11-13T06:46:46+00:00","og_image":[{"width":1188,"height":784,"url":"https:\/\/www.nettali.com\/wp-content\/uploads\/2025\/10\/iconsport_268843_0024-1200x800.jpg.jpg","type":"image\/jpeg"}],"twitter_card":"summary_large_image","twitter_misc":{"\u00c9crit par":"CK","Dur\u00e9e de lecture estim\u00e9e":"1 minute"},"schema":{"@context":"https:\/\/schema.org","@graph":[{"@type":"WebSite","@id":"https:\/\/www.nettali.com\/#website","url":"https:\/\/www.nettali.com\/","name":"Nettali.com","description":"Le rendez-vous critique du Net","potentialAction":[{"@type":"SearchAction","target":{"@type":"EntryPoint","urlTemplate":"https:\/\/www.nettali.com\/?s={search_term_string}"},"query-input":"required name=search_term_string"}],"inLanguage":"fr-FR"},{"@type":"ImageObject","@id":"https:\/\/www.nettali.com\/2025\/11\/12\/espagne-pubalgie-de-yamal-la-version-du-barca\/#primaryimage","inLanguage":"fr-FR","url":"https:\/\/www.nettali.com\/wp-content\/uploads\/2025\/10\/iconsport_268843_0024-1200x800.jpg.jpg","contentUrl":"https:\/\/www.nettali.com\/wp-content\/uploads\/2025\/10\/iconsport_268843_0024-1200x800.jpg.jpg","width":1188,"height":784},{"@type":"WebPage","@id":"https:\/\/www.nettali.com\/2025\/11\/12\/espagne-pubalgie-de-yamal-la-version-du-barca\/#webpage","url":"https:\/\/www.nettali.com\/2025\/11\/12\/espagne-pubalgie-de-yamal-la-version-du-barca\/","name":"ESPAGNE - Pubalgie de Yamal, la version du Bar\u00e7a | Nettali.com","isPartOf":{"@id":"https:\/\/www.nettali.com\/#website"},"primaryImageOfPage":{"@id":"https:\/\/www.nettali.com\/2025\/11\/12\/espagne-pubalgie-de-yamal-la-version-du-barca\/#primaryimage"},"datePublished":"2025-11-12T11:10:53+00:00","dateModified":"2025-11-13T06:46:46+00:00","author":{"@id":"https:\/\/www.nettali.com\/#\/schema\/person\/d8ac7b7e27ddad43f1c0d2ef090d7f71"},"breadcrumb":{"@id":"https:\/\/www.nettali.com\/2025\/11\/12\/espagne-pubalgie-de-yamal-la-version-du-barca\/#breadcrumb"},"inLanguage":"fr-FR","potentialAction":[{"@type":"ReadAction","target":["https:\/\/www.nettali.com\/2025\/11\/12\/espagne-pubalgie-de-yamal-la-version-du-barca\/"]}]},{"@type":"BreadcrumbList","@id":"https:\/\/www.nettali.com\/2025\/11\/12\/espagne-pubalgie-de-yamal-la-version-du-barca\/#breadcrumb","itemListElement":[{"@type":"ListItem","position":1,"name":"Accueil","item":"https:\/\/www.nettali.com\/"},{"@type":"ListItem","position":2,"name":"ESPAGNE - Pubalgie de Yamal, la version du Bar\u00e7a"}]},{"@type":"Person","@id":"https:\/\/www.nettali.com\/#\/schema\/person\/d8ac7b7e27ddad43f1c0d2ef090d7f71","name":"CK","image":{"@type":"ImageObject","@id":"https:\/\/www.nettali.com\/#personlogo","inLanguage":"fr-FR","url":"https:\/\/secure.gravatar.com\/avatar\/1d8d5118b9327d94da7cd4ce7f17fec2?s=96&d=mm&r=g","contentUrl":"https:\/\/secure.gravatar.com\/avatar\/1d8d5118b9327d94da7cd4ce7f17fec2?s=96&d=mm&r=g","caption":"CK"},"sameAs":["https:\/\/www.nettali.com"]}]}},"_links":{"self":[{"href":"https:\/\/www.nettali.com\/rest\/wp\/v2\/posts\/164515"}],"collection":[{"href":"https:\/\/www.nettali.com\/rest\/wp\/v2\/posts"}],"about":[{"href":"https:\/\/www.nettali.com\/rest\/wp\/v2\/types\/post"}],"author":[{"embeddable":true,"href":"https:\/\/www.nettali.com\/rest\/wp\/v2\/users\/2"}],"replies":[{"embeddable":true,"href":"https:\/\/www.nettali.com\/rest\/wp\/v2\/comments?post=164515"}],"version-history":[{"count":1,"href":"https:\/\/www.nettali.com\/rest\/wp\/v2\/posts\/164515\/revisions"}],"predecessor-version":[{"id":164516,"href":"https:\/\/www.nettali.com\/rest\/wp\/v2\/posts\/164515\/revisions\/164516"}],"wp:featuredmedia":[{"embeddable":true,"href":"https:\/\/www.nettali.com\/rest\/wp\/v2\/media\/162330"}],"wp:attachment":[{"href":"https:\/\/www.nettali.com\/rest\/wp\/v2\/media?parent=164515"}],"wp:term":[{"taxonomy":"category","embeddable":true,"href":"https:\/\/www.nettali.com\/rest\/wp\/v2\/categories?post=164515"},{"taxonomy":"post_tag","embeddable":true,"href":"https:\/\/www.nettali.com\/rest\/wp\/v2\/tags?post=164515"}],"curies":[{"name":"wp","href":"https:\/\/api.w.org\/{rel}","templated":true}]}}