{"id":164493,"date":"2025-11-12T06:39:36","date_gmt":"2025-11-12T06:39:36","guid":{"rendered":"https:\/\/www.nettali.com\/?p=164493"},"modified":"2025-11-12T06:39:36","modified_gmt":"2025-11-12T06:39:36","slug":"juan-branco-les-numeros-2-ne-supportent-pas-leur-illegitimite","status":"publish","type":"post","link":"https:\/\/www.nettali.com\/2025\/11\/12\/juan-branco-les-numeros-2-ne-supportent-pas-leur-illegitimite\/","title":{"rendered":"JUAN BRANCO:\u00a0\u00ab\u00a0Les num\u00e9ros 2 ne supportent pas leur ill\u00e9gitimit\u00e9\u2026\u00bb"},"content":{"rendered":"<p><strong>NETTALI.COM - Alors que les rumeurs persistent autour de la nature des relations entre le pr\u00e9sident Bassirou Diomaye Faye et son Premier ministre Ousmane Sonko, un message publi\u00e9 par Juan Branco, avocat fran\u00e7ais proche de ce dernier, a raviv\u00e9 le d\u00e9bat.<\/strong><\/p>\n<p>Sur sa page Facebook, Juan Branco a \u00e9crit : <em>\u00ab Peu avant son arriv\u00e9e au pouvoir, j\u2019ai pr\u00e9venu un dirigeant politique d\u2019une r\u00e8gle d\u2019airain qui s\u2019est immanquablement v\u00e9rifi\u00e9e. Les num\u00e9ros deux ne supportent pas leur ill\u00e9gitimit\u00e9, et veillent \u00e0 massacrer ceux qui les ont consacr\u00e9s. C\u2019est l\u00e0 la nature de l\u2019exercice du pouvoir. \u00c0 chacun de le m\u00e9diter. \u00bb<\/em><\/p>\n<p><iframe loading=\"lazy\" src=\"https:\/\/www.facebook.com\/plugins\/post.php?href=https%3A%2F%2Fwww.facebook.com%2Fjuan.branco.98%2Fposts%2Fpfbid0312Y3H15kJudckWmhjT55JuV4ChqGTAMhgw35UiGa7qjyLdk6SqmmVEHfkxatnTu1l&show_text=true&width=500\" width=\"500\" height=\"239\" style=\"border:none;overflow:hidden\" scrolling=\"no\" frameborder=\"0\" allowfullscreen=\"true\" allow=\"autoplay; clipboard-write; encrypted-media; picture-in-picture; web-share\"><\/iframe><\/p>\n<p>Des propos jug\u00e9s \u00e9nigmatiques mais largement interpr\u00e9t\u00e9s sur les r\u00e9seaux sociaux comme une allusion au duo Diomaye-Sonko, au moment o\u00f9 le chef de l\u2019\u00c9tat vient de mettre fin aux fonctions d\u2019A\u00efda Mbodj \u00e0 la t\u00eate de la coalition <em>\u201cDiomaye Pr\u00e9sident\u201d<\/em>, d\u00e9sormais confi\u00e9e \u00e0 Aminata Tour\u00e9 (Mimi Tour\u00e9).<\/p>\n<p>Si aucune r\u00e9action officielle n\u2019a suivi cette publication, le message de l\u2019avocat fran\u00e7ais relance les sp\u00e9culations sur d\u2019\u00e9ventuelles tensions internes au sommet de l\u2019\u00c9tat, malgr\u00e9 les d\u00e9mentis r\u00e9guliers des responsables du Pastef sur l\u2019unit\u00e9 du tandem pr\u00e9sident-premier ministre.<\/p>\n<div class='share-to-whatsapp-wrapper'><div class='share-on-whsp'>PARTAGER SUR : <\/div><a data-text='JUAN BRANCO:\u00a0\u00ab\u00a0Les num\u00e9ros 2 ne supportent pas leur ill\u00e9gitimit\u00e9\u2026\u00bb' data-link='https:\/\/www.nettali.com\/2025\/11\/12\/juan-branco-les-numeros-2-ne-supportent-pas-leur-illegitimite\/' class='whatsapp-button whatsapp-share'>WhatsApp<\/a><div class='clear '><\/div><\/div>","protected":false},"excerpt":{"rendered":"<p>NETTALI.COM - Alors que les rumeurs persistent autour de la nature des relations entre le pr\u00e9sident Bassirou Diomaye Faye et son Premier ministre Ousmane Sonko, un message publi\u00e9 par Juan Branco, avocat fran\u00e7ais proche de ce dernier, a raviv\u00e9 le d\u00e9bat. Sur sa page Facebook, Juan Branco a \u00e9crit : \u00ab Peu avant son arriv\u00e9e [&hellip;]<\/p>\n","protected":false},"author":4,"featured_media":121109,"comment_status":"open","ping_status":"open","sticky":false,"template":"","format":"standard","meta":{"_et_pb_use_builder":"","_et_pb_old_content":""},"categories":[2],"tags":[],"yoast_head":"<!-- This site is optimized with the Yoast SEO Premium plugin v17.8 (Yoast SEO v17.8) - https:\/\/yoast.com\/wordpress\/plugins\/seo\/ -->\n<title>JUAN BRANCO:\u00a0\u00ab\u00a0Les num\u00e9ros 2 ne supportent pas leur ill\u00e9gitimit\u00e9\u2026\u00bb | Nettali.com<\/title>\n<meta name=\"robots\" content=\"index, follow, max-snippet:-1, max-image-preview:large, max-video-preview:-1\" \/>\n<link rel=\"canonical\" href=\"https:\/\/www.nettali.com\/2025\/11\/12\/juan-branco-les-numeros-2-ne-supportent-pas-leur-illegitimite\/\" \/>\n<meta property=\"og:locale\" content=\"fr_FR\" \/>\n<meta property=\"og:type\" content=\"article\" \/>\n<meta property=\"og:title\" content=\"JUAN BRANCO:\u00a0\u00ab\u00a0Les num\u00e9ros 2 ne supportent pas leur ill\u00e9gitimit\u00e9\u2026\u00bb\" \/>\n<meta property=\"og:description\" content=\"NETTALI.COM - Alors que les rumeurs persistent autour de la nature des relations entre le pr\u00e9sident Bassirou Diomaye Faye et son Premier ministre Ousmane Sonko, un message publi\u00e9 par Juan Branco, avocat fran\u00e7ais proche de ce dernier, a raviv\u00e9 le d\u00e9bat. Sur sa page Facebook, Juan Branco a \u00e9crit : \u00ab Peu avant son arriv\u00e9e [&hellip;]\" \/>\n<meta property=\"og:url\" content=\"https:\/\/www.nettali.com\/2025\/11\/12\/juan-branco-les-numeros-2-ne-supportent-pas-leur-illegitimite\/\" \/>\n<meta property=\"og:site_name\" content=\"Nettali.com\" \/>\n<meta property=\"article:publisher\" content=\"https:\/\/www.facebook.com\/nettalicom\" \/>\n<meta property=\"article:published_time\" content=\"2025-11-12T06:39:36+00:00\" \/>\n<meta property=\"og:image\" content=\"https:\/\/www.nettali.com\/wp-content\/uploads\/2023\/11\/OD3XR4CPWNGBJKYV7JMO6V6O5U.jpg\" \/>\n\t<meta property=\"og:image:width\" content=\"2048\" \/>\n\t<meta property=\"og:image:height\" content=\"1365\" \/>\n<meta name=\"twitter:card\" content=\"summary_large_image\" \/>\n<meta name=\"twitter:label1\" content=\"\u00c9crit par\" \/>\n\t<meta name=\"twitter:data1\" content=\"Daouda\" \/>\n\t<meta name=\"twitter:label2\" content=\"Dur\u00e9e de lecture estim\u00e9e\" \/>\n\t<meta name=\"twitter:data2\" content=\"1 minute\" \/>\n<script type=\"application\/ld+json\" class=\"yoast-schema-graph\">{\"@context\":\"https:\/\/schema.org\",\"@graph\":[{\"@type\":\"WebSite\",\"@id\":\"https:\/\/www.nettali.com\/#website\",\"url\":\"https:\/\/www.nettali.com\/\",\"name\":\"Nettali.com\",\"description\":\"Le rendez-vous critique du Net\",\"potentialAction\":[{\"@type\":\"SearchAction\",\"target\":{\"@type\":\"EntryPoint\",\"urlTemplate\":\"https:\/\/www.nettali.com\/?s={search_term_string}\"},\"query-input\":\"required name=search_term_string\"}],\"inLanguage\":\"fr-FR\"},{\"@type\":\"ImageObject\",\"@id\":\"https:\/\/www.nettali.com\/2025\/11\/12\/juan-branco-les-numeros-2-ne-supportent-pas-leur-illegitimite\/#primaryimage\",\"inLanguage\":\"fr-FR\",\"url\":\"https:\/\/www.nettali.com\/wp-content\/uploads\/2023\/11\/OD3XR4CPWNGBJKYV7JMO6V6O5U.jpg\",\"contentUrl\":\"https:\/\/www.nettali.com\/wp-content\/uploads\/2023\/11\/OD3XR4CPWNGBJKYV7JMO6V6O5U.jpg\",\"width\":2048,\"height\":1365,\"caption\":\"French lawyer Juan Branco poses during a photo session in Paris on June 5, 2018. (Photo by JOEL SAGET \/ AFP)\"},{\"@type\":\"WebPage\",\"@id\":\"https:\/\/www.nettali.com\/2025\/11\/12\/juan-branco-les-numeros-2-ne-supportent-pas-leur-illegitimite\/#webpage\",\"url\":\"https:\/\/www.nettali.com\/2025\/11\/12\/juan-branco-les-numeros-2-ne-supportent-pas-leur-illegitimite\/\",\"name\":\"JUAN BRANCO:\\u00a0\\u00ab\\u00a0Les num\\u00e9ros 2 ne supportent pas leur ill\\u00e9gitimit\\u00e9\\u2026\\u00bb | Nettali.com\",\"isPartOf\":{\"@id\":\"https:\/\/www.nettali.com\/#website\"},\"primaryImageOfPage\":{\"@id\":\"https:\/\/www.nettali.com\/2025\/11\/12\/juan-branco-les-numeros-2-ne-supportent-pas-leur-illegitimite\/#primaryimage\"},\"datePublished\":\"2025-11-12T06:39:36+00:00\",\"dateModified\":\"2025-11-12T06:39:36+00:00\",\"author\":{\"@id\":\"https:\/\/www.nettali.com\/#\/schema\/person\/3317e0bb3aa1da309fbf7b2780901bf4\"},\"breadcrumb\":{\"@id\":\"https:\/\/www.nettali.com\/2025\/11\/12\/juan-branco-les-numeros-2-ne-supportent-pas-leur-illegitimite\/#breadcrumb\"},\"inLanguage\":\"fr-FR\",\"potentialAction\":[{\"@type\":\"ReadAction\",\"target\":[\"https:\/\/www.nettali.com\/2025\/11\/12\/juan-branco-les-numeros-2-ne-supportent-pas-leur-illegitimite\/\"]}]},{\"@type\":\"BreadcrumbList\",\"@id\":\"https:\/\/www.nettali.com\/2025\/11\/12\/juan-branco-les-numeros-2-ne-supportent-pas-leur-illegitimite\/#breadcrumb\",\"itemListElement\":[{\"@type\":\"ListItem\",\"position\":1,\"name\":\"Accueil\",\"item\":\"https:\/\/www.nettali.com\/\"},{\"@type\":\"ListItem\",\"position\":2,\"name\":\"JUAN BRANCO:\\u00a0\\u00ab\\u00a0Les num\\u00e9ros 2 ne supportent pas leur ill\\u00e9gitimit\\u00e9\\u2026\\u00bb\"}]},{\"@type\":\"Person\",\"@id\":\"https:\/\/www.nettali.com\/#\/schema\/person\/3317e0bb3aa1da309fbf7b2780901bf4\",\"name\":\"Daouda\",\"image\":{\"@type\":\"ImageObject\",\"@id\":\"https:\/\/www.nettali.com\/#personlogo\",\"inLanguage\":\"fr-FR\",\"url\":\"https:\/\/secure.gravatar.com\/avatar\/8d143b5a49345098ddcfee1c49c2f47c?s=96&d=mm&r=g\",\"contentUrl\":\"https:\/\/secure.gravatar.com\/avatar\/8d143b5a49345098ddcfee1c49c2f47c?s=96&d=mm&r=g\",\"caption\":\"Daouda\"},\"sameAs\":[\"https:\/\/www.nettali.com\"]}]}<\/script>\n<!-- \/ Yoast SEO Premium plugin. -->","yoast_head_json":{"title":"JUAN BRANCO:\u00a0\u00ab\u00a0Les num\u00e9ros 2 ne supportent pas leur ill\u00e9gitimit\u00e9\u2026\u00bb | Nettali.com","robots":{"index":"index","follow":"follow","max-snippet":"max-snippet:-1","max-image-preview":"max-image-preview:large","max-video-preview":"max-video-preview:-1"},"canonical":"https:\/\/www.nettali.com\/2025\/11\/12\/juan-branco-les-numeros-2-ne-supportent-pas-leur-illegitimite\/","og_locale":"fr_FR","og_type":"article","og_title":"JUAN BRANCO:\u00a0\u00ab\u00a0Les num\u00e9ros 2 ne supportent pas leur ill\u00e9gitimit\u00e9\u2026\u00bb","og_description":"NETTALI.COM - Alors que les rumeurs persistent autour de la nature des relations entre le pr\u00e9sident Bassirou Diomaye Faye et son Premier ministre Ousmane Sonko, un message publi\u00e9 par Juan Branco, avocat fran\u00e7ais proche de ce dernier, a raviv\u00e9 le d\u00e9bat. Sur sa page Facebook, Juan Branco a \u00e9crit : \u00ab Peu avant son arriv\u00e9e [&hellip;]","og_url":"https:\/\/www.nettali.com\/2025\/11\/12\/juan-branco-les-numeros-2-ne-supportent-pas-leur-illegitimite\/","og_site_name":"Nettali.com","article_publisher":"https:\/\/www.facebook.com\/nettalicom","article_published_time":"2025-11-12T06:39:36+00:00","og_image":[{"width":2048,"height":1365,"url":"https:\/\/www.nettali.com\/wp-content\/uploads\/2023\/11\/OD3XR4CPWNGBJKYV7JMO6V6O5U.jpg","type":"image\/jpeg"}],"twitter_card":"summary_large_image","twitter_misc":{"\u00c9crit par":"Daouda","Dur\u00e9e de lecture estim\u00e9e":"1 minute"},"schema":{"@context":"https:\/\/schema.org","@graph":[{"@type":"WebSite","@id":"https:\/\/www.nettali.com\/#website","url":"https:\/\/www.nettali.com\/","name":"Nettali.com","description":"Le rendez-vous critique du Net","potentialAction":[{"@type":"SearchAction","target":{"@type":"EntryPoint","urlTemplate":"https:\/\/www.nettali.com\/?s={search_term_string}"},"query-input":"required name=search_term_string"}],"inLanguage":"fr-FR"},{"@type":"ImageObject","@id":"https:\/\/www.nettali.com\/2025\/11\/12\/juan-branco-les-numeros-2-ne-supportent-pas-leur-illegitimite\/#primaryimage","inLanguage":"fr-FR","url":"https:\/\/www.nettali.com\/wp-content\/uploads\/2023\/11\/OD3XR4CPWNGBJKYV7JMO6V6O5U.jpg","contentUrl":"https:\/\/www.nettali.com\/wp-content\/uploads\/2023\/11\/OD3XR4CPWNGBJKYV7JMO6V6O5U.jpg","width":2048,"height":1365,"caption":"French lawyer Juan Branco poses during a photo session in Paris on June 5, 2018. (Photo by JOEL SAGET \/ AFP)"},{"@type":"WebPage","@id":"https:\/\/www.nettali.com\/2025\/11\/12\/juan-branco-les-numeros-2-ne-supportent-pas-leur-illegitimite\/#webpage","url":"https:\/\/www.nettali.com\/2025\/11\/12\/juan-branco-les-numeros-2-ne-supportent-pas-leur-illegitimite\/","name":"JUAN BRANCO:\u00a0\u00ab\u00a0Les num\u00e9ros 2 ne supportent pas leur ill\u00e9gitimit\u00e9\u2026\u00bb | Nettali.com","isPartOf":{"@id":"https:\/\/www.nettali.com\/#website"},"primaryImageOfPage":{"@id":"https:\/\/www.nettali.com\/2025\/11\/12\/juan-branco-les-numeros-2-ne-supportent-pas-leur-illegitimite\/#primaryimage"},"datePublished":"2025-11-12T06:39:36+00:00","dateModified":"2025-11-12T06:39:36+00:00","author":{"@id":"https:\/\/www.nettali.com\/#\/schema\/person\/3317e0bb3aa1da309fbf7b2780901bf4"},"breadcrumb":{"@id":"https:\/\/www.nettali.com\/2025\/11\/12\/juan-branco-les-numeros-2-ne-supportent-pas-leur-illegitimite\/#breadcrumb"},"inLanguage":"fr-FR","potentialAction":[{"@type":"ReadAction","target":["https:\/\/www.nettali.com\/2025\/11\/12\/juan-branco-les-numeros-2-ne-supportent-pas-leur-illegitimite\/"]}]},{"@type":"BreadcrumbList","@id":"https:\/\/www.nettali.com\/2025\/11\/12\/juan-branco-les-numeros-2-ne-supportent-pas-leur-illegitimite\/#breadcrumb","itemListElement":[{"@type":"ListItem","position":1,"name":"Accueil","item":"https:\/\/www.nettali.com\/"},{"@type":"ListItem","position":2,"name":"JUAN BRANCO:\u00a0\u00ab\u00a0Les num\u00e9ros 2 ne supportent pas leur ill\u00e9gitimit\u00e9\u2026\u00bb"}]},{"@type":"Person","@id":"https:\/\/www.nettali.com\/#\/schema\/person\/3317e0bb3aa1da309fbf7b2780901bf4","name":"Daouda","image":{"@type":"ImageObject","@id":"https:\/\/www.nettali.com\/#personlogo","inLanguage":"fr-FR","url":"https:\/\/secure.gravatar.com\/avatar\/8d143b5a49345098ddcfee1c49c2f47c?s=96&d=mm&r=g","contentUrl":"https:\/\/secure.gravatar.com\/avatar\/8d143b5a49345098ddcfee1c49c2f47c?s=96&d=mm&r=g","caption":"Daouda"},"sameAs":["https:\/\/www.nettali.com"]}]}},"_links":{"self":[{"href":"https:\/\/www.nettali.com\/rest\/wp\/v2\/posts\/164493"}],"collection":[{"href":"https:\/\/www.nettali.com\/rest\/wp\/v2\/posts"}],"about":[{"href":"https:\/\/www.nettali.com\/rest\/wp\/v2\/types\/post"}],"author":[{"embeddable":true,"href":"https:\/\/www.nettali.com\/rest\/wp\/v2\/users\/4"}],"replies":[{"embeddable":true,"href":"https:\/\/www.nettali.com\/rest\/wp\/v2\/comments?post=164493"}],"version-history":[{"count":1,"href":"https:\/\/www.nettali.com\/rest\/wp\/v2\/posts\/164493\/revisions"}],"predecessor-version":[{"id":164494,"href":"https:\/\/www.nettali.com\/rest\/wp\/v2\/posts\/164493\/revisions\/164494"}],"wp:featuredmedia":[{"embeddable":true,"href":"https:\/\/www.nettali.com\/rest\/wp\/v2\/media\/121109"}],"wp:attachment":[{"href":"https:\/\/www.nettali.com\/rest\/wp\/v2\/media?parent=164493"}],"wp:term":[{"taxonomy":"category","embeddable":true,"href":"https:\/\/www.nettali.com\/rest\/wp\/v2\/categories?post=164493"},{"taxonomy":"post_tag","embeddable":true,"href":"https:\/\/www.nettali.com\/rest\/wp\/v2\/tags?post=164493"}],"curies":[{"name":"wp","href":"https:\/\/api.w.org\/{rel}","templated":true}]}}