{"id":164479,"date":"2025-11-11T19:36:45","date_gmt":"2025-11-11T19:36:45","guid":{"rendered":"https:\/\/www.nettali.com\/?p=164479"},"modified":"2025-11-13T07:24:24","modified_gmt":"2025-11-13T07:24:24","slug":"mouvance-presidentielle-diomaye-vire-aida-mbodj-et-nomme-aminata-toure","status":"publish","type":"post","link":"https:\/\/www.nettali.com\/2025\/11\/11\/mouvance-presidentielle-diomaye-vire-aida-mbodj-et-nomme-aminata-toure\/","title":{"rendered":"MOUVANCE PR\u00c9SIDENTIELLE  - Diomaye vire A\u00efda Mbodj et nomme Aminata Tour\u00e9"},"content":{"rendered":"<p><strong>NETTALI.COM - Voil\u00e0 une d\u00e9cision qui risque encore de faire beaucoup de bruits. Dans une note adress\u00e9e \u00e0 ses alli\u00e9s et dat\u00e9e de ce 11 novembre, Bassirou Diomaye Faye annonce une restructuration de la coalition \"Diomaye Pr\u00e9sident\". Et c'est Aminata Tour\u00e9 qui prend la place de Mme A\u00efda Mbodj.\u00a0<\/strong><\/p>\n<p>\"<em>Lettre d'information \u00e0 la coalition Diomaye Pr\u00e9sident. Telle est l'objet de la note que Bassirou Diomaye Faye a adress\u00e9e \u00e0 ses alli\u00e9s ce 11 novembre 2025. Et le contenu de ladite note va faire beaucoup de bruit. \"Par lettre en date du 10 septembre 2025, re\u00e7ue le m\u00eame jour, j'ai inform\u00e9 Mme A\u00efda Mbodj de la fin de sa mission \u00e0 la t\u00eate de la coalition Diomaye Pr\u00e9sident. Je l'ai remerci\u00e9e pour son engagement et son d\u00e9vouement sans commune mesure, \u00e0 la t\u00eate de la coalition, pour la victoire du 24 mars 2024<\/em>\", \u00e9crit Bassirou Diomaye Faye. Qui poursuit : \"<em>Dans la m\u00eame lettre, j'ai attir\u00e9 son attention sur une n\u00e9cessaire r\u00e9organisation de la coalition, dans le but de la rendre plus op\u00e9rationnelle, mieux structur\u00e9e et pleinement performante, au service de notre projet commun. Je lui pr\u00e9cisais que cette r\u00e9organisation devrait \u00eatre men\u00e9e dans une d\u00e9marche inclusive qui n\u00e9cessite la tenue d'une r\u00e9union de la conf\u00e9rence des leaders<\/em>.\"<\/p>\n<p>Et c'est la raison pour laquelle, toujours selon Bassirou Diomaye Faye, qu'il a demand\u00e9 \u00e0 A\u00efda Mbodj de convoquer, dans les meilleurs d\u00e9lais, la conf\u00e9rence des leaders afin de passer le t\u00e9moin \u00e0 son successeur qui prendrait le relais \u00e0 compter de cette date. \"<em>Deux mois plus tard, force est de constater que la l\u00e9thargie et les facteurs de division persistent malgr\u00e9 l'int\u00e9r\u00eat prononc\u00e9 que suscite la coalition Diomaye Pr\u00e9sident et les nombreuses demandes d'adh\u00e9sion exprim\u00e9es par plusieurs personnalit\u00e9s et organisations politiques partageant l'id\u00e9al politique et les valeurs de la coalition<\/em>\", d\u00e9plore Bassirou Diomaye Faye. Et d'ajouter : \"<em>Aussi, ai-je choisi Mme Aminata Tour\u00e9, superviseur g\u00e9n\u00e9ral de notre campagne \u00e9lectorale \u00e0 la pr\u00e9sidentielle de mars 2024, pour conduire ce processus qui devra \u00eatre marqu\u00e9 du sceau de l'ouverture et de la recherche de l'efficacit\u00e9 op\u00e9rationnelle.<\/em>\"<\/p>\n<p>\"<em>Je ne doute point que son exp\u00e9rience, son engagement et son esprit f\u00e9d\u00e9rateur nous seront d'un tr\u00e8s grand apport dans la restructuration de notre organisation qui devra d\u00e9boucher sur une coalition plus forte, au service de la vulgarisation positive de l'action du gouvernement, sous la conduite \u00e9clair\u00e9e du Premier ministre Ousmane Sonko<\/em>\", conclut Bassirou Diomaye Faye.<\/p>\n<p>Pour rappel, lors de son \"Tera meeting\" tenu samedi dernier, Ousmane Sonko s'en \u00e9tait pris, sans la nommer, \u00e0 Aminata Tour\u00e9 qu'il a accus\u00e9e de man\u0153uvrer pour prendre la t\u00eate de la coalition \"Diomaye Pr\u00e9sident\". Le pr\u00e9sident du Pastef avait averti que Mme A\u00efda Mbodj restait la seule pr\u00e9sidente de la coalition \"Diomaye Pr\u00e9sident\".<\/p>\n<div class='share-to-whatsapp-wrapper'><div class='share-on-whsp'>PARTAGER SUR : <\/div><a data-text='MOUVANCE PR\u00c9SIDENTIELLE  - Diomaye vire A\u00efda Mbodj et nomme Aminata Tour\u00e9' data-link='https:\/\/www.nettali.com\/2025\/11\/11\/mouvance-presidentielle-diomaye-vire-aida-mbodj-et-nomme-aminata-toure\/' class='whatsapp-button whatsapp-share'>WhatsApp<\/a><div class='clear '><\/div><\/div>","protected":false},"excerpt":{"rendered":"<p>NETTALI.COM - Voil\u00e0 une d\u00e9cision qui risque encore de faire beaucoup de bruits. Dans une note adress\u00e9e \u00e0 ses alli\u00e9s et dat\u00e9e de ce 11 novembre, Bassirou Diomaye Faye annonce une restructuration de la coalition \"Diomaye Pr\u00e9sident\". Et c'est Aminata Tour\u00e9 qui prend la place de Mme A\u00efda Mbodj.\u00a0 \"Lettre d'information \u00e0 la coalition Diomaye [&hellip;]<\/p>\n","protected":false},"author":3,"featured_media":164480,"comment_status":"open","ping_status":"open","sticky":false,"template":"","format":"standard","meta":{"_et_pb_use_builder":"","_et_pb_old_content":""},"categories":[2],"tags":[],"yoast_head":"<!-- This site is optimized with the Yoast SEO Premium plugin v17.8 (Yoast SEO v17.8) - https:\/\/yoast.com\/wordpress\/plugins\/seo\/ -->\n<title>MOUVANCE PR\u00c9SIDENTIELLE - Diomaye vire A\u00efda Mbodj et nomme Aminata Tour\u00e9 | Nettali.com<\/title>\n<meta name=\"robots\" content=\"index, follow, max-snippet:-1, max-image-preview:large, max-video-preview:-1\" \/>\n<link rel=\"canonical\" href=\"https:\/\/www.nettali.com\/2025\/11\/11\/mouvance-presidentielle-diomaye-vire-aida-mbodj-et-nomme-aminata-toure\/\" \/>\n<meta property=\"og:locale\" content=\"fr_FR\" \/>\n<meta property=\"og:type\" content=\"article\" \/>\n<meta property=\"og:title\" content=\"MOUVANCE PR\u00c9SIDENTIELLE - Diomaye vire A\u00efda Mbodj et nomme Aminata Tour\u00e9\" \/>\n<meta property=\"og:description\" content=\"NETTALI.COM - Voil\u00e0 une d\u00e9cision qui risque encore de faire beaucoup de bruits. Dans une note adress\u00e9e \u00e0 ses alli\u00e9s et dat\u00e9e de ce 11 novembre, Bassirou Diomaye Faye annonce une restructuration de la coalition &quot;Diomaye Pr\u00e9sident&quot;. Et c&#039;est Aminata Tour\u00e9 qui prend la place de Mme A\u00efda Mbodj.\u00a0 &quot;Lettre d&#039;information \u00e0 la coalition Diomaye [&hellip;]\" \/>\n<meta property=\"og:url\" content=\"https:\/\/www.nettali.com\/2025\/11\/11\/mouvance-presidentielle-diomaye-vire-aida-mbodj-et-nomme-aminata-toure\/\" \/>\n<meta property=\"og:site_name\" content=\"Nettali.com\" \/>\n<meta property=\"article:publisher\" content=\"https:\/\/www.facebook.com\/nettalicom\" \/>\n<meta property=\"article:published_time\" content=\"2025-11-11T19:36:45+00:00\" \/>\n<meta property=\"article:modified_time\" content=\"2025-11-13T07:24:24+00:00\" \/>\n<meta property=\"og:image\" content=\"https:\/\/www.nettali.com\/wp-content\/uploads\/2025\/11\/FB_IMG_1724793698497.jpg\" \/>\n\t<meta property=\"og:image:width\" content=\"1080\" \/>\n\t<meta property=\"og:image:height\" content=\"810\" \/>\n<meta name=\"twitter:card\" content=\"summary_large_image\" \/>\n<meta name=\"twitter:label1\" content=\"\u00c9crit par\" \/>\n\t<meta name=\"twitter:data1\" content=\"Moustapha\" \/>\n\t<meta name=\"twitter:label2\" content=\"Dur\u00e9e de lecture estim\u00e9e\" \/>\n\t<meta name=\"twitter:data2\" content=\"3 minutes\" \/>\n<script type=\"application\/ld+json\" class=\"yoast-schema-graph\">{\"@context\":\"https:\/\/schema.org\",\"@graph\":[{\"@type\":\"WebSite\",\"@id\":\"https:\/\/www.nettali.com\/#website\",\"url\":\"https:\/\/www.nettali.com\/\",\"name\":\"Nettali.com\",\"description\":\"Le rendez-vous critique du Net\",\"potentialAction\":[{\"@type\":\"SearchAction\",\"target\":{\"@type\":\"EntryPoint\",\"urlTemplate\":\"https:\/\/www.nettali.com\/?s={search_term_string}\"},\"query-input\":\"required name=search_term_string\"}],\"inLanguage\":\"fr-FR\"},{\"@type\":\"ImageObject\",\"@id\":\"https:\/\/www.nettali.com\/2025\/11\/11\/mouvance-presidentielle-diomaye-vire-aida-mbodj-et-nomme-aminata-toure\/#primaryimage\",\"inLanguage\":\"fr-FR\",\"url\":\"https:\/\/www.nettali.com\/wp-content\/uploads\/2025\/11\/FB_IMG_1724793698497.jpg\",\"contentUrl\":\"https:\/\/www.nettali.com\/wp-content\/uploads\/2025\/11\/FB_IMG_1724793698497.jpg\",\"width\":1080,\"height\":810},{\"@type\":\"WebPage\",\"@id\":\"https:\/\/www.nettali.com\/2025\/11\/11\/mouvance-presidentielle-diomaye-vire-aida-mbodj-et-nomme-aminata-toure\/#webpage\",\"url\":\"https:\/\/www.nettali.com\/2025\/11\/11\/mouvance-presidentielle-diomaye-vire-aida-mbodj-et-nomme-aminata-toure\/\",\"name\":\"MOUVANCE PR\\u00c9SIDENTIELLE - Diomaye vire A\\u00efda Mbodj et nomme Aminata Tour\\u00e9 | Nettali.com\",\"isPartOf\":{\"@id\":\"https:\/\/www.nettali.com\/#website\"},\"primaryImageOfPage\":{\"@id\":\"https:\/\/www.nettali.com\/2025\/11\/11\/mouvance-presidentielle-diomaye-vire-aida-mbodj-et-nomme-aminata-toure\/#primaryimage\"},\"datePublished\":\"2025-11-11T19:36:45+00:00\",\"dateModified\":\"2025-11-13T07:24:24+00:00\",\"author\":{\"@id\":\"https:\/\/www.nettali.com\/#\/schema\/person\/7962a12a6e0267f88f0ffa544c36469a\"},\"breadcrumb\":{\"@id\":\"https:\/\/www.nettali.com\/2025\/11\/11\/mouvance-presidentielle-diomaye-vire-aida-mbodj-et-nomme-aminata-toure\/#breadcrumb\"},\"inLanguage\":\"fr-FR\",\"potentialAction\":[{\"@type\":\"ReadAction\",\"target\":[\"https:\/\/www.nettali.com\/2025\/11\/11\/mouvance-presidentielle-diomaye-vire-aida-mbodj-et-nomme-aminata-toure\/\"]}]},{\"@type\":\"BreadcrumbList\",\"@id\":\"https:\/\/www.nettali.com\/2025\/11\/11\/mouvance-presidentielle-diomaye-vire-aida-mbodj-et-nomme-aminata-toure\/#breadcrumb\",\"itemListElement\":[{\"@type\":\"ListItem\",\"position\":1,\"name\":\"Accueil\",\"item\":\"https:\/\/www.nettali.com\/\"},{\"@type\":\"ListItem\",\"position\":2,\"name\":\"MOUVANCE PR\\u00c9SIDENTIELLE - Diomaye vire A\\u00efda Mbodj et nomme Aminata Tour\\u00e9\"}]},{\"@type\":\"Person\",\"@id\":\"https:\/\/www.nettali.com\/#\/schema\/person\/7962a12a6e0267f88f0ffa544c36469a\",\"name\":\"Moustapha\",\"image\":{\"@type\":\"ImageObject\",\"@id\":\"https:\/\/www.nettali.com\/#personlogo\",\"inLanguage\":\"fr-FR\",\"url\":\"https:\/\/secure.gravatar.com\/avatar\/10fdf6a071cccdcf374e3dbe45159590?s=96&d=mm&r=g\",\"contentUrl\":\"https:\/\/secure.gravatar.com\/avatar\/10fdf6a071cccdcf374e3dbe45159590?s=96&d=mm&r=g\",\"caption\":\"Moustapha\"},\"sameAs\":[\"https:\/\/www.nettali.com\"]}]}<\/script>\n<!-- \/ Yoast SEO Premium plugin. -->","yoast_head_json":{"title":"MOUVANCE PR\u00c9SIDENTIELLE - Diomaye vire A\u00efda Mbodj et nomme Aminata Tour\u00e9 | Nettali.com","robots":{"index":"index","follow":"follow","max-snippet":"max-snippet:-1","max-image-preview":"max-image-preview:large","max-video-preview":"max-video-preview:-1"},"canonical":"https:\/\/www.nettali.com\/2025\/11\/11\/mouvance-presidentielle-diomaye-vire-aida-mbodj-et-nomme-aminata-toure\/","og_locale":"fr_FR","og_type":"article","og_title":"MOUVANCE PR\u00c9SIDENTIELLE - Diomaye vire A\u00efda Mbodj et nomme Aminata Tour\u00e9","og_description":"NETTALI.COM - Voil\u00e0 une d\u00e9cision qui risque encore de faire beaucoup de bruits. Dans une note adress\u00e9e \u00e0 ses alli\u00e9s et dat\u00e9e de ce 11 novembre, Bassirou Diomaye Faye annonce une restructuration de la coalition \"Diomaye Pr\u00e9sident\". Et c'est Aminata Tour\u00e9 qui prend la place de Mme A\u00efda Mbodj.\u00a0 \"Lettre d'information \u00e0 la coalition Diomaye [&hellip;]","og_url":"https:\/\/www.nettali.com\/2025\/11\/11\/mouvance-presidentielle-diomaye-vire-aida-mbodj-et-nomme-aminata-toure\/","og_site_name":"Nettali.com","article_publisher":"https:\/\/www.facebook.com\/nettalicom","article_published_time":"2025-11-11T19:36:45+00:00","article_modified_time":"2025-11-13T07:24:24+00:00","og_image":[{"width":1080,"height":810,"url":"https:\/\/www.nettali.com\/wp-content\/uploads\/2025\/11\/FB_IMG_1724793698497.jpg","type":"image\/jpeg"}],"twitter_card":"summary_large_image","twitter_misc":{"\u00c9crit par":"Moustapha","Dur\u00e9e de lecture estim\u00e9e":"3 minutes"},"schema":{"@context":"https:\/\/schema.org","@graph":[{"@type":"WebSite","@id":"https:\/\/www.nettali.com\/#website","url":"https:\/\/www.nettali.com\/","name":"Nettali.com","description":"Le rendez-vous critique du Net","potentialAction":[{"@type":"SearchAction","target":{"@type":"EntryPoint","urlTemplate":"https:\/\/www.nettali.com\/?s={search_term_string}"},"query-input":"required name=search_term_string"}],"inLanguage":"fr-FR"},{"@type":"ImageObject","@id":"https:\/\/www.nettali.com\/2025\/11\/11\/mouvance-presidentielle-diomaye-vire-aida-mbodj-et-nomme-aminata-toure\/#primaryimage","inLanguage":"fr-FR","url":"https:\/\/www.nettali.com\/wp-content\/uploads\/2025\/11\/FB_IMG_1724793698497.jpg","contentUrl":"https:\/\/www.nettali.com\/wp-content\/uploads\/2025\/11\/FB_IMG_1724793698497.jpg","width":1080,"height":810},{"@type":"WebPage","@id":"https:\/\/www.nettali.com\/2025\/11\/11\/mouvance-presidentielle-diomaye-vire-aida-mbodj-et-nomme-aminata-toure\/#webpage","url":"https:\/\/www.nettali.com\/2025\/11\/11\/mouvance-presidentielle-diomaye-vire-aida-mbodj-et-nomme-aminata-toure\/","name":"MOUVANCE PR\u00c9SIDENTIELLE - Diomaye vire A\u00efda Mbodj et nomme Aminata Tour\u00e9 | Nettali.com","isPartOf":{"@id":"https:\/\/www.nettali.com\/#website"},"primaryImageOfPage":{"@id":"https:\/\/www.nettali.com\/2025\/11\/11\/mouvance-presidentielle-diomaye-vire-aida-mbodj-et-nomme-aminata-toure\/#primaryimage"},"datePublished":"2025-11-11T19:36:45+00:00","dateModified":"2025-11-13T07:24:24+00:00","author":{"@id":"https:\/\/www.nettali.com\/#\/schema\/person\/7962a12a6e0267f88f0ffa544c36469a"},"breadcrumb":{"@id":"https:\/\/www.nettali.com\/2025\/11\/11\/mouvance-presidentielle-diomaye-vire-aida-mbodj-et-nomme-aminata-toure\/#breadcrumb"},"inLanguage":"fr-FR","potentialAction":[{"@type":"ReadAction","target":["https:\/\/www.nettali.com\/2025\/11\/11\/mouvance-presidentielle-diomaye-vire-aida-mbodj-et-nomme-aminata-toure\/"]}]},{"@type":"BreadcrumbList","@id":"https:\/\/www.nettali.com\/2025\/11\/11\/mouvance-presidentielle-diomaye-vire-aida-mbodj-et-nomme-aminata-toure\/#breadcrumb","itemListElement":[{"@type":"ListItem","position":1,"name":"Accueil","item":"https:\/\/www.nettali.com\/"},{"@type":"ListItem","position":2,"name":"MOUVANCE PR\u00c9SIDENTIELLE - Diomaye vire A\u00efda Mbodj et nomme Aminata Tour\u00e9"}]},{"@type":"Person","@id":"https:\/\/www.nettali.com\/#\/schema\/person\/7962a12a6e0267f88f0ffa544c36469a","name":"Moustapha","image":{"@type":"ImageObject","@id":"https:\/\/www.nettali.com\/#personlogo","inLanguage":"fr-FR","url":"https:\/\/secure.gravatar.com\/avatar\/10fdf6a071cccdcf374e3dbe45159590?s=96&d=mm&r=g","contentUrl":"https:\/\/secure.gravatar.com\/avatar\/10fdf6a071cccdcf374e3dbe45159590?s=96&d=mm&r=g","caption":"Moustapha"},"sameAs":["https:\/\/www.nettali.com"]}]}},"_links":{"self":[{"href":"https:\/\/www.nettali.com\/rest\/wp\/v2\/posts\/164479"}],"collection":[{"href":"https:\/\/www.nettali.com\/rest\/wp\/v2\/posts"}],"about":[{"href":"https:\/\/www.nettali.com\/rest\/wp\/v2\/types\/post"}],"author":[{"embeddable":true,"href":"https:\/\/www.nettali.com\/rest\/wp\/v2\/users\/3"}],"replies":[{"embeddable":true,"href":"https:\/\/www.nettali.com\/rest\/wp\/v2\/comments?post=164479"}],"version-history":[{"count":4,"href":"https:\/\/www.nettali.com\/rest\/wp\/v2\/posts\/164479\/revisions"}],"predecessor-version":[{"id":164485,"href":"https:\/\/www.nettali.com\/rest\/wp\/v2\/posts\/164479\/revisions\/164485"}],"wp:featuredmedia":[{"embeddable":true,"href":"https:\/\/www.nettali.com\/rest\/wp\/v2\/media\/164480"}],"wp:attachment":[{"href":"https:\/\/www.nettali.com\/rest\/wp\/v2\/media?parent=164479"}],"wp:term":[{"taxonomy":"category","embeddable":true,"href":"https:\/\/www.nettali.com\/rest\/wp\/v2\/categories?post=164479"},{"taxonomy":"post_tag","embeddable":true,"href":"https:\/\/www.nettali.com\/rest\/wp\/v2\/tags?post=164479"}],"curies":[{"name":"wp","href":"https:\/\/api.w.org\/{rel}","templated":true}]}}