{"id":163824,"date":"2025-10-31T08:33:52","date_gmt":"2025-10-31T08:33:52","guid":{"rendered":"https:\/\/www.nettali.com\/?p=163824"},"modified":"2025-11-03T07:39:46","modified_gmt":"2025-11-03T07:39:46","slug":"edito-commun-la-presse-se-dresse-contre-le-monstre","status":"publish","type":"post","link":"https:\/\/www.nettali.com\/2025\/10\/31\/edito-commun-la-presse-se-dresse-contre-le-monstre\/","title":{"rendered":"EDITO COMMUN - La presse se dresse contre le monstre"},"content":{"rendered":"<p><strong>EDITO COMMUN -<\/strong> Il arrive, dans la vie d\u2019une nation, que les masques tombent et que les discours sur la d\u00e9mocratie se fracassent contre la brutalit\u00e9 des faits. Le S\u00e9n\u00e9gal vit ce moment. L\u2019\u00c9tat de droit vacille, la libert\u00e9 de la presse chancelle, et la machine r\u00e9pressive, que l\u2019on croyait endormie, tente de reprendre la main. Avec fracas, et une froide m\u00e9thode.<\/p>\n<p>Mardi 28 octobre, les forces de l\u2019ordre ont fait irruption dans les locaux de la 7TV, interrompant une \u00e9mission en direct. Sa directrice, Ma\u00efmouna Ndour Faye, a \u00e9t\u00e9 arr\u00eat\u00e9e sans m\u00e9nagement, sous le regard impuissant de ses collaborateurs et de milliers de t\u00e9l\u00e9spectateurs. Le lendemain, c\u2019est Babacar Fall, directeur de la r\u00e9daction de RFM, qui a \u00e9t\u00e9 interpell\u00e9 avec ses techniciens. Il a \u00e9t\u00e9 rel\u00e2ch\u00e9 tard dans la nuit. Mais le signal envoy\u00e9 est gla\u00e7ant. Plus personne n\u2019est \u00e0 l\u2019abri.<\/p>\n<p>Comme pour parachever l\u2019intimidation, les signaux de la 7TV et de la TFM ont \u00e9t\u00e9 suspendus sans justification. Le Conseil national de r\u00e9gulation de l\u2019audiovisuel (CNRA), cens\u00e9 garantir la libert\u00e9 et l\u2019ind\u00e9pendance de l\u2019information, s\u2019est enferm\u00e9 dans un silence assourdissant. O\u00f9 sont pass\u00e9es les garanties proc\u00e9durales, les droits de la d\u00e9fense, les principes m\u00eames de la l\u00e9galit\u00e9 ?<\/p>\n<p>Ces attaques surviennent alors que le secteur des m\u00e9dias traverse une crise \u00e9conomique d\u2019une gravit\u00e9 sans pr\u00e9c\u00e9dent. Pr\u00e8s de 400 entreprises au bord de la faillite, des arri\u00e9r\u00e9s de salaires atteignant parfois quatorze mois, des subventions publiques bloqu\u00e9es, des contrats publicitaires unilat\u00e9ralement suspendus et des con-tr\u00f4les fiscaux d\u00e9multipli\u00e9s. L\u2019objectif semble clair. Fragiliser pour mieux r\u00e9duire au silence. Une presse \u00e0 genoux \u00e9conomiquement est une presse plus facile \u00e0 faire taire politiquement.<\/p>\n<p>Mais cette fois, le coup de force a produit l\u2019effet inverse. Face \u00e0 l\u2019arbitraire, la presse s\u00e9n\u00e9galaise s\u2019organise. Ce mercredi 29 octobre, dans les locaux du Groupe Futurs M\u00e9dias, les organisations membres de la Coordination des Associations de Presse (CAP) ont d\u00e9cid\u00e9 de cr\u00e9er le Front pour la D\u00e9fense de la Libert\u00e9 de la Presse (FDLP). Ce front, qui r\u00e9unira toutes les organisations faiti\u00e8res et les personnalit\u00e9s du secteur, tiendra son Assembl\u00e9e g\u00e9n\u00e9rale constitutive le samedi 1er novembre 2025, \u00e0 la Maison de la Presse Babacar Tour\u00e9. Ce sera un moment de la refondation d\u2019une presse d\u00e9cid\u00e9e \u00e0 reprendre l\u2019initiative et \u00e0 d\u00e9fendre collectivement son ind\u00e9pendance.<\/p>\n<p>\u00c0 cette d\u00e9cision structurante s\u2019ajoute une initiative symbolique forte, qui est l\u2019op\u00e9ration \u201cAnonymous\u201d, pr\u00e9vue du 3 au 13 novembre 2025. Durant dix jours, nous sollicitons nos consoeurs et confr\u00e8res, de ne citer ni montrer les autorit\u00e9s officielles dans leurs couvertures m\u00e9diatiques. Les titres seront mentionn\u00e9s, mais les noms et images occult\u00e9s. Ce geste volontaire, pacifique et cr\u00e9atif, vise \u00e0 rappeler que l\u2019information n\u2019est pas un instrument du pouvoir, mais un droit du citoyen.<\/p>\n<p>Dans le m\u00eame esprit, un sit-in a eu lieu ce jeudi devant les locaux de la 7TV, suivi d\u2019un plateau sp\u00e9cial diffus\u00e9 simultan\u00e9ment sur plusieurs cha\u00eenes nationales. Ces moments de communion professionnelle ont d\u00e9montr\u00e9 que la presse s\u00e9n\u00e9galaise sait faire bloc lorsque ses libert\u00e9s sont menac\u00e9es. Une marche nationale est \u00e9galement en pr\u00e9paration. Sa date sera rendue publique dans les prochains jours. L\u2019objectif est de rassembler journalistes, techniciens, patrons de presse et citoyens autour d\u2019une m\u00eame cause. Celle de la d\u00e9fense de la libert\u00e9 d\u2019informer.<\/p>\n<p>Car il ne s\u2019agit pas seulement de d\u00e9fendre des confr\u00e8res injustement arr\u00eat\u00e9s. Il s\u2019agit de d\u00e9fendre un principe fondateur de toute d\u00e9mocratie : le droit de savoir. Sans presse libre, il n\u2019y a ni d\u00e9bat contradictoire, ni responsabilit\u00e9 publique, ni d\u00e9mocratie r\u00e9elle mais seulement une fa\u00e7ade, un d\u00e9cor sans substance.<\/p>\n<p>C\u2019est pourquoi nous appelons solennellement toute la presse s\u00e9n\u00e9galaise \u00e0 d\u00e9passer les divisions, \u00e0 refuser les querelles intestines et les calculs \u00e0 courte vue. Les int\u00e9r\u00eats individuels ne peuvent justifier la compromission collective. Le temps n\u2019est plus \u00e0 la dispersion, mais \u00e0 l\u2019unit\u00e9. Car ceux qui veulent faire taire la presse comptent sur nos fractures pour nous affaiblir. Nous leur opposerons un front uni, une solidarit\u00e9 sans faille.<\/p>\n<p>Nous interpellons enfin les organisations de d\u00e9fense des droits humains (Amnesty International, Human Rights Watch, la F\u00e9d\u00e9ration internationale des journalistes, Reporters sans Fronti\u00e8res, Article 19) ainsi que la communaut\u00e9 internationale pr\u00e9sente \u00e0 Dakar pour le SIMA. Vous d\u00e9battez de l\u2019avenir des m\u00e9dias africains alors que, sous vos yeux, la libert\u00e9 de la presse est bafou\u00e9e. Votre silence serait incompr\u00e9hensible et votre indiff\u00e9rence, une faute morale.<\/p>\n<p>Le pouvoir dispose peut-\u00eatre de la force, mais il n\u2019a pas la l\u00e9gitimit\u00e9. Cette l\u00e9gitimit\u00e9 appartient \u00e0 celles et ceux qui d\u00e9fendent les libert\u00e9s fondamentales, qui informent malgr\u00e9 la peur, qui refusent le silence des dictatures.<\/p>\n<p>La presse s\u00e9n\u00e9galaise a choisi de se lever. Elle n\u2019a pas les armes, mais elle a la parole. Et tant que cette parole existera, la d\u00e9mocratie respirera.<\/p>\n<div class='share-to-whatsapp-wrapper'><div class='share-on-whsp'>PARTAGER SUR : <\/div><a data-text='EDITO COMMUN - La presse se dresse contre le monstre' data-link='https:\/\/www.nettali.com\/2025\/10\/31\/edito-commun-la-presse-se-dresse-contre-le-monstre\/' class='whatsapp-button whatsapp-share'>WhatsApp<\/a><div class='clear '><\/div><\/div>","protected":false},"excerpt":{"rendered":"<p>EDITO COMMUN - Il arrive, dans la vie d\u2019une nation, que les masques tombent et que les discours sur la d\u00e9mocratie se fracassent contre la brutalit\u00e9 des faits. Le S\u00e9n\u00e9gal vit ce moment. L\u2019\u00c9tat de droit vacille, la libert\u00e9 de la presse chancelle, et la machine r\u00e9pressive, que l\u2019on croyait endormie, tente de reprendre la [&hellip;]<\/p>\n","protected":false},"author":2,"featured_media":163825,"comment_status":"open","ping_status":"open","sticky":false,"template":"","format":"standard","meta":{"_et_pb_use_builder":"","_et_pb_old_content":""},"categories":[34931],"tags":[],"yoast_head":"<!-- This site is optimized with the Yoast SEO Premium plugin v17.8 (Yoast SEO v17.8) - https:\/\/yoast.com\/wordpress\/plugins\/seo\/ -->\n<title>EDITO COMMUN - La presse se dresse contre le monstre | Nettali.com<\/title>\n<meta name=\"robots\" content=\"index, follow, max-snippet:-1, max-image-preview:large, max-video-preview:-1\" \/>\n<link rel=\"canonical\" href=\"https:\/\/www.nettali.com\/2025\/10\/31\/edito-commun-la-presse-se-dresse-contre-le-monstre\/\" \/>\n<meta property=\"og:locale\" content=\"fr_FR\" \/>\n<meta property=\"og:type\" content=\"article\" \/>\n<meta property=\"og:title\" content=\"EDITO COMMUN - La presse se dresse contre le monstre\" \/>\n<meta property=\"og:description\" content=\"EDITO COMMUN - Il arrive, dans la vie d\u2019une nation, que les masques tombent et que les discours sur la d\u00e9mocratie se fracassent contre la brutalit\u00e9 des faits. Le S\u00e9n\u00e9gal vit ce moment. L\u2019\u00c9tat de droit vacille, la libert\u00e9 de la presse chancelle, et la machine r\u00e9pressive, que l\u2019on croyait endormie, tente de reprendre la [&hellip;]\" \/>\n<meta property=\"og:url\" content=\"https:\/\/www.nettali.com\/2025\/10\/31\/edito-commun-la-presse-se-dresse-contre-le-monstre\/\" \/>\n<meta property=\"og:site_name\" content=\"Nettali.com\" \/>\n<meta property=\"article:publisher\" content=\"https:\/\/www.facebook.com\/nettalicom\" \/>\n<meta property=\"article:published_time\" content=\"2025-10-31T08:33:52+00:00\" \/>\n<meta property=\"article:modified_time\" content=\"2025-11-03T07:39:46+00:00\" \/>\n<meta property=\"og:image\" content=\"https:\/\/www.nettali.com\/wp-content\/uploads\/2025\/10\/IMG_6505.jpeg\" \/>\n\t<meta property=\"og:image:width\" content=\"678\" \/>\n\t<meta property=\"og:image:height\" content=\"381\" \/>\n<meta name=\"twitter:card\" content=\"summary_large_image\" \/>\n<meta name=\"twitter:label1\" content=\"\u00c9crit par\" \/>\n\t<meta name=\"twitter:data1\" content=\"CK\" \/>\n\t<meta name=\"twitter:label2\" content=\"Dur\u00e9e de lecture estim\u00e9e\" \/>\n\t<meta name=\"twitter:data2\" content=\"4 minutes\" \/>\n<script type=\"application\/ld+json\" class=\"yoast-schema-graph\">{\"@context\":\"https:\/\/schema.org\",\"@graph\":[{\"@type\":\"WebSite\",\"@id\":\"https:\/\/www.nettali.com\/#website\",\"url\":\"https:\/\/www.nettali.com\/\",\"name\":\"Nettali.com\",\"description\":\"Le rendez-vous critique du Net\",\"potentialAction\":[{\"@type\":\"SearchAction\",\"target\":{\"@type\":\"EntryPoint\",\"urlTemplate\":\"https:\/\/www.nettali.com\/?s={search_term_string}\"},\"query-input\":\"required name=search_term_string\"}],\"inLanguage\":\"fr-FR\"},{\"@type\":\"ImageObject\",\"@id\":\"https:\/\/www.nettali.com\/2025\/10\/31\/edito-commun-la-presse-se-dresse-contre-le-monstre\/#primaryimage\",\"inLanguage\":\"fr-FR\",\"url\":\"https:\/\/www.nettali.com\/wp-content\/uploads\/2025\/10\/IMG_6505.jpeg\",\"contentUrl\":\"https:\/\/www.nettali.com\/wp-content\/uploads\/2025\/10\/IMG_6505.jpeg\",\"width\":678,\"height\":381},{\"@type\":\"WebPage\",\"@id\":\"https:\/\/www.nettali.com\/2025\/10\/31\/edito-commun-la-presse-se-dresse-contre-le-monstre\/#webpage\",\"url\":\"https:\/\/www.nettali.com\/2025\/10\/31\/edito-commun-la-presse-se-dresse-contre-le-monstre\/\",\"name\":\"EDITO COMMUN - La presse se dresse contre le monstre | Nettali.com\",\"isPartOf\":{\"@id\":\"https:\/\/www.nettali.com\/#website\"},\"primaryImageOfPage\":{\"@id\":\"https:\/\/www.nettali.com\/2025\/10\/31\/edito-commun-la-presse-se-dresse-contre-le-monstre\/#primaryimage\"},\"datePublished\":\"2025-10-31T08:33:52+00:00\",\"dateModified\":\"2025-11-03T07:39:46+00:00\",\"author\":{\"@id\":\"https:\/\/www.nettali.com\/#\/schema\/person\/d8ac7b7e27ddad43f1c0d2ef090d7f71\"},\"breadcrumb\":{\"@id\":\"https:\/\/www.nettali.com\/2025\/10\/31\/edito-commun-la-presse-se-dresse-contre-le-monstre\/#breadcrumb\"},\"inLanguage\":\"fr-FR\",\"potentialAction\":[{\"@type\":\"ReadAction\",\"target\":[\"https:\/\/www.nettali.com\/2025\/10\/31\/edito-commun-la-presse-se-dresse-contre-le-monstre\/\"]}]},{\"@type\":\"BreadcrumbList\",\"@id\":\"https:\/\/www.nettali.com\/2025\/10\/31\/edito-commun-la-presse-se-dresse-contre-le-monstre\/#breadcrumb\",\"itemListElement\":[{\"@type\":\"ListItem\",\"position\":1,\"name\":\"Accueil\",\"item\":\"https:\/\/www.nettali.com\/\"},{\"@type\":\"ListItem\",\"position\":2,\"name\":\"EDITO COMMUN - La presse se dresse contre le monstre\"}]},{\"@type\":\"Person\",\"@id\":\"https:\/\/www.nettali.com\/#\/schema\/person\/d8ac7b7e27ddad43f1c0d2ef090d7f71\",\"name\":\"CK\",\"image\":{\"@type\":\"ImageObject\",\"@id\":\"https:\/\/www.nettali.com\/#personlogo\",\"inLanguage\":\"fr-FR\",\"url\":\"https:\/\/secure.gravatar.com\/avatar\/1d8d5118b9327d94da7cd4ce7f17fec2?s=96&d=mm&r=g\",\"contentUrl\":\"https:\/\/secure.gravatar.com\/avatar\/1d8d5118b9327d94da7cd4ce7f17fec2?s=96&d=mm&r=g\",\"caption\":\"CK\"},\"sameAs\":[\"https:\/\/www.nettali.com\"]}]}<\/script>\n<!-- \/ Yoast SEO Premium plugin. -->","yoast_head_json":{"title":"EDITO COMMUN - La presse se dresse contre le monstre | Nettali.com","robots":{"index":"index","follow":"follow","max-snippet":"max-snippet:-1","max-image-preview":"max-image-preview:large","max-video-preview":"max-video-preview:-1"},"canonical":"https:\/\/www.nettali.com\/2025\/10\/31\/edito-commun-la-presse-se-dresse-contre-le-monstre\/","og_locale":"fr_FR","og_type":"article","og_title":"EDITO COMMUN - La presse se dresse contre le monstre","og_description":"EDITO COMMUN - Il arrive, dans la vie d\u2019une nation, que les masques tombent et que les discours sur la d\u00e9mocratie se fracassent contre la brutalit\u00e9 des faits. Le S\u00e9n\u00e9gal vit ce moment. L\u2019\u00c9tat de droit vacille, la libert\u00e9 de la presse chancelle, et la machine r\u00e9pressive, que l\u2019on croyait endormie, tente de reprendre la [&hellip;]","og_url":"https:\/\/www.nettali.com\/2025\/10\/31\/edito-commun-la-presse-se-dresse-contre-le-monstre\/","og_site_name":"Nettali.com","article_publisher":"https:\/\/www.facebook.com\/nettalicom","article_published_time":"2025-10-31T08:33:52+00:00","article_modified_time":"2025-11-03T07:39:46+00:00","og_image":[{"width":678,"height":381,"url":"https:\/\/www.nettali.com\/wp-content\/uploads\/2025\/10\/IMG_6505.jpeg","type":"image\/jpeg"}],"twitter_card":"summary_large_image","twitter_misc":{"\u00c9crit par":"CK","Dur\u00e9e de lecture estim\u00e9e":"4 minutes"},"schema":{"@context":"https:\/\/schema.org","@graph":[{"@type":"WebSite","@id":"https:\/\/www.nettali.com\/#website","url":"https:\/\/www.nettali.com\/","name":"Nettali.com","description":"Le rendez-vous critique du Net","potentialAction":[{"@type":"SearchAction","target":{"@type":"EntryPoint","urlTemplate":"https:\/\/www.nettali.com\/?s={search_term_string}"},"query-input":"required name=search_term_string"}],"inLanguage":"fr-FR"},{"@type":"ImageObject","@id":"https:\/\/www.nettali.com\/2025\/10\/31\/edito-commun-la-presse-se-dresse-contre-le-monstre\/#primaryimage","inLanguage":"fr-FR","url":"https:\/\/www.nettali.com\/wp-content\/uploads\/2025\/10\/IMG_6505.jpeg","contentUrl":"https:\/\/www.nettali.com\/wp-content\/uploads\/2025\/10\/IMG_6505.jpeg","width":678,"height":381},{"@type":"WebPage","@id":"https:\/\/www.nettali.com\/2025\/10\/31\/edito-commun-la-presse-se-dresse-contre-le-monstre\/#webpage","url":"https:\/\/www.nettali.com\/2025\/10\/31\/edito-commun-la-presse-se-dresse-contre-le-monstre\/","name":"EDITO COMMUN - La presse se dresse contre le monstre | Nettali.com","isPartOf":{"@id":"https:\/\/www.nettali.com\/#website"},"primaryImageOfPage":{"@id":"https:\/\/www.nettali.com\/2025\/10\/31\/edito-commun-la-presse-se-dresse-contre-le-monstre\/#primaryimage"},"datePublished":"2025-10-31T08:33:52+00:00","dateModified":"2025-11-03T07:39:46+00:00","author":{"@id":"https:\/\/www.nettali.com\/#\/schema\/person\/d8ac7b7e27ddad43f1c0d2ef090d7f71"},"breadcrumb":{"@id":"https:\/\/www.nettali.com\/2025\/10\/31\/edito-commun-la-presse-se-dresse-contre-le-monstre\/#breadcrumb"},"inLanguage":"fr-FR","potentialAction":[{"@type":"ReadAction","target":["https:\/\/www.nettali.com\/2025\/10\/31\/edito-commun-la-presse-se-dresse-contre-le-monstre\/"]}]},{"@type":"BreadcrumbList","@id":"https:\/\/www.nettali.com\/2025\/10\/31\/edito-commun-la-presse-se-dresse-contre-le-monstre\/#breadcrumb","itemListElement":[{"@type":"ListItem","position":1,"name":"Accueil","item":"https:\/\/www.nettali.com\/"},{"@type":"ListItem","position":2,"name":"EDITO COMMUN - La presse se dresse contre le monstre"}]},{"@type":"Person","@id":"https:\/\/www.nettali.com\/#\/schema\/person\/d8ac7b7e27ddad43f1c0d2ef090d7f71","name":"CK","image":{"@type":"ImageObject","@id":"https:\/\/www.nettali.com\/#personlogo","inLanguage":"fr-FR","url":"https:\/\/secure.gravatar.com\/avatar\/1d8d5118b9327d94da7cd4ce7f17fec2?s=96&d=mm&r=g","contentUrl":"https:\/\/secure.gravatar.com\/avatar\/1d8d5118b9327d94da7cd4ce7f17fec2?s=96&d=mm&r=g","caption":"CK"},"sameAs":["https:\/\/www.nettali.com"]}]}},"_links":{"self":[{"href":"https:\/\/www.nettali.com\/rest\/wp\/v2\/posts\/163824"}],"collection":[{"href":"https:\/\/www.nettali.com\/rest\/wp\/v2\/posts"}],"about":[{"href":"https:\/\/www.nettali.com\/rest\/wp\/v2\/types\/post"}],"author":[{"embeddable":true,"href":"https:\/\/www.nettali.com\/rest\/wp\/v2\/users\/2"}],"replies":[{"embeddable":true,"href":"https:\/\/www.nettali.com\/rest\/wp\/v2\/comments?post=163824"}],"version-history":[{"count":1,"href":"https:\/\/www.nettali.com\/rest\/wp\/v2\/posts\/163824\/revisions"}],"predecessor-version":[{"id":163826,"href":"https:\/\/www.nettali.com\/rest\/wp\/v2\/posts\/163824\/revisions\/163826"}],"wp:featuredmedia":[{"embeddable":true,"href":"https:\/\/www.nettali.com\/rest\/wp\/v2\/media\/163825"}],"wp:attachment":[{"href":"https:\/\/www.nettali.com\/rest\/wp\/v2\/media?parent=163824"}],"wp:term":[{"taxonomy":"category","embeddable":true,"href":"https:\/\/www.nettali.com\/rest\/wp\/v2\/categories?post=163824"},{"taxonomy":"post_tag","embeddable":true,"href":"https:\/\/www.nettali.com\/rest\/wp\/v2\/tags?post=163824"}],"curies":[{"name":"wp","href":"https:\/\/api.w.org\/{rel}","templated":true}]}}