{"id":163747,"date":"2025-10-30T08:08:47","date_gmt":"2025-10-30T08:08:47","guid":{"rendered":"https:\/\/www.nettali.com\/?p=163747"},"modified":"2025-10-31T07:26:55","modified_gmt":"2025-10-31T07:26:55","slug":"madiambal-livre-sa-part-de-verite","status":"publish","type":"post","link":"https:\/\/www.nettali.com\/2025\/10\/30\/madiambal-livre-sa-part-de-verite\/","title":{"rendered":"Madiambal livre sa part de v\u00e9rit\u00e9"},"content":{"rendered":"<p><strong>NETTALI.COM - Emp\u00each\u00e9e de diffuser l\u2019\u00e9mission sur sa t\u00e9l\u00e9vision, la 7TV a finalement mis en ligne l\u2019int\u00e9gralit\u00e9 de l\u2019\u00e9mission \u00e0 travers sa cha\u00eene YouTube.<\/strong><\/p>\n<p>Face \u00e0 Maimouna Ndour Faye, le journaliste et homme d\u2019affaires, Madiambal Diagne, est revenu sur les p\u00e9rip\u00e9ties de son voyage vers la France. Alors que le ministre de l\u2019Int\u00e9rieur avait annonc\u00e9 qu\u2019il a quitt\u00e9 le pays malgr\u00e9 une opposition de sortie de territoire, le journaliste botte en touche et explique : \u201c<em>Dans la nuit du 23 au 24 septembre, je devais aller en France o\u00f9 j\u2019avais deux rendez-vous professionnels. Une fois \u00e0 l\u2019a\u00e9roport, j\u2019ai fait toutes les formalit\u00e9s de police. On m\u2019a m\u00eame fait mon cachet d\u00e9part. S\u2019il y avait une opposition, je n\u2019aurais pas pu remplir toutes ces formalit\u00e9s.<\/em>\u201d<\/p>\n<p>Qu\u2019est ce qui s\u2019est donc pass\u00e9 ? Apr\u00e8s avoir rempli toutes les formalit\u00e9s, l\u2019homme d\u2019affaires se dirigeait sereinement vers la salle d\u2019embarquement et c\u2019est l\u00e0 qu\u2019il a \u00e9t\u00e9 interpell\u00e9 pour des v\u00e9rifications suppl\u00e9mentaires. \u201c<em>Nous sommes all\u00e9s dans un bureau \u00e0 c\u00f4t\u00e9, les agents ont fait toutes sortes de v\u00e9rifications sur l\u2019ordinateur et n\u2019ont rien vu. Ils m\u2019ont quand m\u00eame demand\u00e9 de patienter un peu, le temps de faire certaines diligences<\/em>\u201d, a-t-il signal\u00e9. Lesquelles diligences ont tra\u00een\u00e9 jusqu\u2019au d\u00e9collage de son vol.<\/p>\n<p>C\u2019est alors que les policiers seraient revenus lui restituer son passeport et son t\u00e9l\u00e9phone qu\u2019ils avaient confisqu\u00e9s, tout en confiant que les instructions ont tard\u00e9. Alors qu\u2019il s\u2019appr\u00eatait \u00e0 entrer dans sa voiture pour rentrer, on l\u2019aurait rappel\u00e9 pour lui signifier qu\u2019il doit r\u00e9pondre le lendemain \u00e0 la Division des investigations criminelles.<\/p>\n<p>\u201c<em>Par la suite, une de mes sources m\u2019a contact\u00e9 pour me dire que des instructions fermes ont \u00e9t\u00e9 donn\u00e9es pour que cette fois je ne puisse pas rentrer comme lors des convocations pr\u00e9c\u00e9dentes. Il m\u2019a aussi conseill\u00e9 de faire attention \u00e0 ce que je consomme une fois en d\u00e9tention<\/em>\u201d, a-til confi\u00e9. Apr\u00e8s concertations avec son \u00e9pouse, il a alors pris la d\u00e9cision de sortir du pays la m\u00eame nuit.<\/p>\n<p>Une fois chez lui apr\u00e8s un crochet \u00e0 Thi\u00e8s, il a \u00e9teint son t\u00e9l\u00e9phone pour qu\u2019on ne puisse pas le localiser, avant de ressortir la m\u00eame nuit, pour poursuivre son voyage vers Paris, en passant par la Gambie. \u201c<em>Je suis parti par la voie terrestre. Je suis effectivement pass\u00e9 par la Gambie. \u00c0 partir de l\u00e0, j\u2019ai pris un billet de RAM pour partir sur Casa, avant de continuer sur Paris o\u00f9 je suis arriv\u00e9 \u00e0 midi le 24 septembre. J\u2019ai signal\u00e9 moim\u00eame que j\u2019\u00e9tais l\u00e0-bas, cela montre que je n\u2019avais aucune volont\u00e9 de me cacher<\/em>\u201d, se d\u00e9fend Monsieur Diagne qui estime avoir fait tout cela pour pr\u00e9parer sa d\u00e9fense et travailler \u00e0 la mise en place des conditions d\u2019un proc\u00e8s \u00e9quitable. \u00c0 ceux qui lui reprochent un manque de courage en abandonnant sur place sa famille, il a r\u00e9torqu\u00e9 \u00eatre en parfaite intelligence avec sa famille.<\/p>\n<p><strong>Sur les sanctions des patrons de la DIC et du Commissariat sp\u00e9cial de l\u2019a\u00e9roport <\/strong><\/p>\n<p>Sur les sanctions inflig\u00e9es aux patrons de la DIC et du Commissariat sp\u00e9cial de l\u2019a\u00e9roport, Madiambal les a trouv\u00e9es injustifi\u00e9es. En ce qui concerne le commissaire sp\u00e9cial de l\u2019a\u00e9roport, il l\u2019accuse d\u2019avoir m\u00eame fait preuve d\u2019un z\u00e8le en l\u2019emp\u00eachant de voyager, sans l\u2019existence d\u2019une quelconque interdiction.<\/p>\n<p>Quant \u00e0 son homologue de la DIC, selon Madiambal, il a montr\u00e9 devant des t\u00e9moins qu\u2019il n\u2019approuvait pas les circonstances d\u2019arrestation de l\u2019un des enfants de Madiambal. \u201c<em>Ce que je vais dire \u00e0 son propos peut lui porter pr\u00e9judice, mais je suis oblig\u00e9 de dire ce qui s\u2019est pass\u00e9. Mon fils \u00e9tait venu assister sa tante. Sur place, il a \u00e9t\u00e9 identifi\u00e9 comme \u00e9tant de la famille et on l\u2019a lui aussi interpell\u00e9, parce qu\u2019il est mon fils. Le commissaire a montr\u00e9 son d\u00e9saccord devant les avocats et devant tout le monde. Il a eu ce courage et c\u2019est pourquoi on l\u2019a sanctionn\u00e9<\/em>\u201d, a martel\u00e9 l\u2019homme d\u2019affaires et journaliste.<\/p>\n<p>Madiambal a, par ailleurs, menac\u00e9 de disposer d\u2019informations tr\u00e8s compromettantes pour le S\u00e9n\u00e9gal, et en particulier pour le Premier ministre. Il a menac\u00e9 de tout d\u00e9voiler si on le pousse \u00e0 bout. Le journaliste-homme d\u2019affaires du avoir inform\u00e9 les plus hautes autorit\u00e9s \u00e0 propos de ces dossiers.<\/p>\n<p><strong>Le contrat avec Ellipse <\/strong><\/p>\n<p>Poursuivi sur la base de contrats d\u2019affaires douteux \u00e9pingl\u00e9s par la Cellule nationale de traitement des informations financi\u00e8res (Centif ), Madiambal Diagne a rejet\u00e9 en bloc les accusations et estime avoir eu un contrat en bonne et due forme avec l\u2019entreprise fran\u00e7aise qu\u2019il a aid\u00e9 \u00e0 gagner des march\u00e9s juteux au S\u00e9n\u00e9gal. Apr\u00e8s avoir aid\u00e9 gratuitement l\u2019entreprise \u00e0 gagner le march\u00e9 de la construction des h\u00f4pitaux : Touba, Kaffrine, K\u00e9dougou et Sedhiou, l\u2019homme d\u2019affaires a nou\u00e9 un contrat avec Ellipse dans le cadre du march\u00e9 des infrastructures judiciaires.<\/p>\n<p>\u201c<em>Il faut pr\u00e9ciser que ce march\u00e9 \u00e9tait attribu\u00e9 dans un premier temps \u00e0 l\u2019entreprise chinoise qui a construit l\u2019autoroute \u00e0 p\u00e9age, pour un montant de 400 millions d\u2019euros. Ils devaient le faire sur 4 ans. Le S\u00e9n\u00e9gal avait propos\u00e9 de payer des annuit\u00e9s sur 10 ans. Les chinois n\u2019ont pas voulu courir le risque \u00e0 cause de l\u2019\u00e9lection<\/em>\u201d, selon les confidences de Monsieur Diagne. C\u2019est ainsi qu\u2019il a signal\u00e9 ce programme important de l\u2019Etat \u00e0 son partenaire fran\u00e7ais. Cette fois, comme il a une soci\u00e9t\u00e9 immobili\u00e8re, il leur a propos\u00e9 ses services, et en contrepartie des parts de march\u00e9s pour sa soci\u00e9t\u00e9 immobili\u00e8re.<\/p>\n<p>Pour lui, tout a \u00e9t\u00e9 ex\u00e9cut\u00e9 dans les r\u00e8gles de l\u2019art et \u00e0 la satisfaction de Ellipse. Ce qui est incoh\u00e9rent dans cette affaire selon lui, c\u2019est qu\u2019alors que l\u2019\u00c9tat s\u2019acharne sur lui, la soci\u00e9t\u00e9 fran\u00e7aise qui continue ses affaires au S\u00e9n\u00e9gal, n\u2019est gu\u00e8re inqui\u00e9t\u00e9e. \u201c<em>Il y a aussi ceux qui repr\u00e9sentaient \u2019\u00c9tat du S\u00e9n\u00e9gal qui sont l\u00e0 et qui ne sont pas inqui\u00e9t\u00e9s. Aussi, sur 49 sous-traitants, seul Madiambal semble les int\u00e9resser. Cela montre qu\u2019il y a un acharnement sur ma personne et qu\u2019il n\u2019y a rien de s\u00e9rieux dans le dossier<\/em>\u201d, a plaid\u00e9 l\u2019homme d\u2019affaires qui accuse m\u00eame un des avocats d\u2019Ousmane Sonko d\u2019\u00eatre devenue l\u2019avocat d\u2019Ellipse.<\/p>\n<p><strong>EnQu\u00eate<\/strong><\/p>\n<div class='share-to-whatsapp-wrapper'><div class='share-on-whsp'>PARTAGER SUR : <\/div><a data-text='Madiambal livre sa part de v\u00e9rit\u00e9' data-link='https:\/\/www.nettali.com\/2025\/10\/30\/madiambal-livre-sa-part-de-verite\/' class='whatsapp-button whatsapp-share'>WhatsApp<\/a><div class='clear '><\/div><\/div>","protected":false},"excerpt":{"rendered":"<p>NETTALI.COM - Emp\u00each\u00e9e de diffuser l\u2019\u00e9mission sur sa t\u00e9l\u00e9vision, la 7TV a finalement mis en ligne l\u2019int\u00e9gralit\u00e9 de l\u2019\u00e9mission \u00e0 travers sa cha\u00eene YouTube. Face \u00e0 Maimouna Ndour Faye, le journaliste et homme d\u2019affaires, Madiambal Diagne, est revenu sur les p\u00e9rip\u00e9ties de son voyage vers la France. Alors que le ministre de l\u2019Int\u00e9rieur avait annonc\u00e9 [&hellip;]<\/p>\n","protected":false},"author":2,"featured_media":162152,"comment_status":"open","ping_status":"open","sticky":false,"template":"","format":"standard","meta":{"_et_pb_use_builder":"","_et_pb_old_content":""},"categories":[34945],"tags":[],"yoast_head":"<!-- This site is optimized with the Yoast SEO Premium plugin v17.8 (Yoast SEO v17.8) - https:\/\/yoast.com\/wordpress\/plugins\/seo\/ -->\n<title>Madiambal livre sa part de v\u00e9rit\u00e9 | Nettali.com<\/title>\n<meta name=\"robots\" content=\"index, follow, max-snippet:-1, max-image-preview:large, max-video-preview:-1\" \/>\n<link rel=\"canonical\" href=\"https:\/\/www.nettali.com\/2025\/10\/30\/madiambal-livre-sa-part-de-verite\/\" \/>\n<meta property=\"og:locale\" content=\"fr_FR\" \/>\n<meta property=\"og:type\" content=\"article\" \/>\n<meta property=\"og:title\" content=\"Madiambal livre sa part de v\u00e9rit\u00e9\" \/>\n<meta property=\"og:description\" content=\"NETTALI.COM - Emp\u00each\u00e9e de diffuser l\u2019\u00e9mission sur sa t\u00e9l\u00e9vision, la 7TV a finalement mis en ligne l\u2019int\u00e9gralit\u00e9 de l\u2019\u00e9mission \u00e0 travers sa cha\u00eene YouTube. Face \u00e0 Maimouna Ndour Faye, le journaliste et homme d\u2019affaires, Madiambal Diagne, est revenu sur les p\u00e9rip\u00e9ties de son voyage vers la France. Alors que le ministre de l\u2019Int\u00e9rieur avait annonc\u00e9 [&hellip;]\" \/>\n<meta property=\"og:url\" content=\"https:\/\/www.nettali.com\/2025\/10\/30\/madiambal-livre-sa-part-de-verite\/\" \/>\n<meta property=\"og:site_name\" content=\"Nettali.com\" \/>\n<meta property=\"article:publisher\" content=\"https:\/\/www.facebook.com\/nettalicom\" \/>\n<meta property=\"article:published_time\" content=\"2025-10-30T08:08:47+00:00\" \/>\n<meta property=\"article:modified_time\" content=\"2025-10-31T07:26:55+00:00\" \/>\n<meta property=\"og:image\" content=\"https:\/\/www.nettali.com\/wp-content\/uploads\/2025\/10\/Madiambal-Diagne.jpg\" \/>\n\t<meta property=\"og:image:width\" content=\"1260\" \/>\n\t<meta property=\"og:image:height\" content=\"800\" \/>\n<meta name=\"twitter:card\" content=\"summary_large_image\" \/>\n<meta name=\"twitter:label1\" content=\"\u00c9crit par\" \/>\n\t<meta name=\"twitter:data1\" content=\"CK\" \/>\n\t<meta name=\"twitter:label2\" content=\"Dur\u00e9e de lecture estim\u00e9e\" \/>\n\t<meta name=\"twitter:data2\" content=\"6 minutes\" \/>\n<script type=\"application\/ld+json\" class=\"yoast-schema-graph\">{\"@context\":\"https:\/\/schema.org\",\"@graph\":[{\"@type\":\"WebSite\",\"@id\":\"https:\/\/www.nettali.com\/#website\",\"url\":\"https:\/\/www.nettali.com\/\",\"name\":\"Nettali.com\",\"description\":\"Le rendez-vous critique du Net\",\"potentialAction\":[{\"@type\":\"SearchAction\",\"target\":{\"@type\":\"EntryPoint\",\"urlTemplate\":\"https:\/\/www.nettali.com\/?s={search_term_string}\"},\"query-input\":\"required name=search_term_string\"}],\"inLanguage\":\"fr-FR\"},{\"@type\":\"ImageObject\",\"@id\":\"https:\/\/www.nettali.com\/2025\/10\/30\/madiambal-livre-sa-part-de-verite\/#primaryimage\",\"inLanguage\":\"fr-FR\",\"url\":\"https:\/\/www.nettali.com\/wp-content\/uploads\/2025\/10\/Madiambal-Diagne.jpg\",\"contentUrl\":\"https:\/\/www.nettali.com\/wp-content\/uploads\/2025\/10\/Madiambal-Diagne.jpg\",\"width\":1260,\"height\":800},{\"@type\":\"WebPage\",\"@id\":\"https:\/\/www.nettali.com\/2025\/10\/30\/madiambal-livre-sa-part-de-verite\/#webpage\",\"url\":\"https:\/\/www.nettali.com\/2025\/10\/30\/madiambal-livre-sa-part-de-verite\/\",\"name\":\"Madiambal livre sa part de v\\u00e9rit\\u00e9 | Nettali.com\",\"isPartOf\":{\"@id\":\"https:\/\/www.nettali.com\/#website\"},\"primaryImageOfPage\":{\"@id\":\"https:\/\/www.nettali.com\/2025\/10\/30\/madiambal-livre-sa-part-de-verite\/#primaryimage\"},\"datePublished\":\"2025-10-30T08:08:47+00:00\",\"dateModified\":\"2025-10-31T07:26:55+00:00\",\"author\":{\"@id\":\"https:\/\/www.nettali.com\/#\/schema\/person\/d8ac7b7e27ddad43f1c0d2ef090d7f71\"},\"breadcrumb\":{\"@id\":\"https:\/\/www.nettali.com\/2025\/10\/30\/madiambal-livre-sa-part-de-verite\/#breadcrumb\"},\"inLanguage\":\"fr-FR\",\"potentialAction\":[{\"@type\":\"ReadAction\",\"target\":[\"https:\/\/www.nettali.com\/2025\/10\/30\/madiambal-livre-sa-part-de-verite\/\"]}]},{\"@type\":\"BreadcrumbList\",\"@id\":\"https:\/\/www.nettali.com\/2025\/10\/30\/madiambal-livre-sa-part-de-verite\/#breadcrumb\",\"itemListElement\":[{\"@type\":\"ListItem\",\"position\":1,\"name\":\"Accueil\",\"item\":\"https:\/\/www.nettali.com\/\"},{\"@type\":\"ListItem\",\"position\":2,\"name\":\"Madiambal livre sa part de v\\u00e9rit\\u00e9\"}]},{\"@type\":\"Person\",\"@id\":\"https:\/\/www.nettali.com\/#\/schema\/person\/d8ac7b7e27ddad43f1c0d2ef090d7f71\",\"name\":\"CK\",\"image\":{\"@type\":\"ImageObject\",\"@id\":\"https:\/\/www.nettali.com\/#personlogo\",\"inLanguage\":\"fr-FR\",\"url\":\"https:\/\/secure.gravatar.com\/avatar\/1d8d5118b9327d94da7cd4ce7f17fec2?s=96&d=mm&r=g\",\"contentUrl\":\"https:\/\/secure.gravatar.com\/avatar\/1d8d5118b9327d94da7cd4ce7f17fec2?s=96&d=mm&r=g\",\"caption\":\"CK\"},\"sameAs\":[\"https:\/\/www.nettali.com\"]}]}<\/script>\n<!-- \/ Yoast SEO Premium plugin. -->","yoast_head_json":{"title":"Madiambal livre sa part de v\u00e9rit\u00e9 | Nettali.com","robots":{"index":"index","follow":"follow","max-snippet":"max-snippet:-1","max-image-preview":"max-image-preview:large","max-video-preview":"max-video-preview:-1"},"canonical":"https:\/\/www.nettali.com\/2025\/10\/30\/madiambal-livre-sa-part-de-verite\/","og_locale":"fr_FR","og_type":"article","og_title":"Madiambal livre sa part de v\u00e9rit\u00e9","og_description":"NETTALI.COM - Emp\u00each\u00e9e de diffuser l\u2019\u00e9mission sur sa t\u00e9l\u00e9vision, la 7TV a finalement mis en ligne l\u2019int\u00e9gralit\u00e9 de l\u2019\u00e9mission \u00e0 travers sa cha\u00eene YouTube. Face \u00e0 Maimouna Ndour Faye, le journaliste et homme d\u2019affaires, Madiambal Diagne, est revenu sur les p\u00e9rip\u00e9ties de son voyage vers la France. Alors que le ministre de l\u2019Int\u00e9rieur avait annonc\u00e9 [&hellip;]","og_url":"https:\/\/www.nettali.com\/2025\/10\/30\/madiambal-livre-sa-part-de-verite\/","og_site_name":"Nettali.com","article_publisher":"https:\/\/www.facebook.com\/nettalicom","article_published_time":"2025-10-30T08:08:47+00:00","article_modified_time":"2025-10-31T07:26:55+00:00","og_image":[{"width":1260,"height":800,"url":"https:\/\/www.nettali.com\/wp-content\/uploads\/2025\/10\/Madiambal-Diagne.jpg","type":"image\/jpeg"}],"twitter_card":"summary_large_image","twitter_misc":{"\u00c9crit par":"CK","Dur\u00e9e de lecture estim\u00e9e":"6 minutes"},"schema":{"@context":"https:\/\/schema.org","@graph":[{"@type":"WebSite","@id":"https:\/\/www.nettali.com\/#website","url":"https:\/\/www.nettali.com\/","name":"Nettali.com","description":"Le rendez-vous critique du Net","potentialAction":[{"@type":"SearchAction","target":{"@type":"EntryPoint","urlTemplate":"https:\/\/www.nettali.com\/?s={search_term_string}"},"query-input":"required name=search_term_string"}],"inLanguage":"fr-FR"},{"@type":"ImageObject","@id":"https:\/\/www.nettali.com\/2025\/10\/30\/madiambal-livre-sa-part-de-verite\/#primaryimage","inLanguage":"fr-FR","url":"https:\/\/www.nettali.com\/wp-content\/uploads\/2025\/10\/Madiambal-Diagne.jpg","contentUrl":"https:\/\/www.nettali.com\/wp-content\/uploads\/2025\/10\/Madiambal-Diagne.jpg","width":1260,"height":800},{"@type":"WebPage","@id":"https:\/\/www.nettali.com\/2025\/10\/30\/madiambal-livre-sa-part-de-verite\/#webpage","url":"https:\/\/www.nettali.com\/2025\/10\/30\/madiambal-livre-sa-part-de-verite\/","name":"Madiambal livre sa part de v\u00e9rit\u00e9 | Nettali.com","isPartOf":{"@id":"https:\/\/www.nettali.com\/#website"},"primaryImageOfPage":{"@id":"https:\/\/www.nettali.com\/2025\/10\/30\/madiambal-livre-sa-part-de-verite\/#primaryimage"},"datePublished":"2025-10-30T08:08:47+00:00","dateModified":"2025-10-31T07:26:55+00:00","author":{"@id":"https:\/\/www.nettali.com\/#\/schema\/person\/d8ac7b7e27ddad43f1c0d2ef090d7f71"},"breadcrumb":{"@id":"https:\/\/www.nettali.com\/2025\/10\/30\/madiambal-livre-sa-part-de-verite\/#breadcrumb"},"inLanguage":"fr-FR","potentialAction":[{"@type":"ReadAction","target":["https:\/\/www.nettali.com\/2025\/10\/30\/madiambal-livre-sa-part-de-verite\/"]}]},{"@type":"BreadcrumbList","@id":"https:\/\/www.nettali.com\/2025\/10\/30\/madiambal-livre-sa-part-de-verite\/#breadcrumb","itemListElement":[{"@type":"ListItem","position":1,"name":"Accueil","item":"https:\/\/www.nettali.com\/"},{"@type":"ListItem","position":2,"name":"Madiambal livre sa part de v\u00e9rit\u00e9"}]},{"@type":"Person","@id":"https:\/\/www.nettali.com\/#\/schema\/person\/d8ac7b7e27ddad43f1c0d2ef090d7f71","name":"CK","image":{"@type":"ImageObject","@id":"https:\/\/www.nettali.com\/#personlogo","inLanguage":"fr-FR","url":"https:\/\/secure.gravatar.com\/avatar\/1d8d5118b9327d94da7cd4ce7f17fec2?s=96&d=mm&r=g","contentUrl":"https:\/\/secure.gravatar.com\/avatar\/1d8d5118b9327d94da7cd4ce7f17fec2?s=96&d=mm&r=g","caption":"CK"},"sameAs":["https:\/\/www.nettali.com"]}]}},"_links":{"self":[{"href":"https:\/\/www.nettali.com\/rest\/wp\/v2\/posts\/163747"}],"collection":[{"href":"https:\/\/www.nettali.com\/rest\/wp\/v2\/posts"}],"about":[{"href":"https:\/\/www.nettali.com\/rest\/wp\/v2\/types\/post"}],"author":[{"embeddable":true,"href":"https:\/\/www.nettali.com\/rest\/wp\/v2\/users\/2"}],"replies":[{"embeddable":true,"href":"https:\/\/www.nettali.com\/rest\/wp\/v2\/comments?post=163747"}],"version-history":[{"count":3,"href":"https:\/\/www.nettali.com\/rest\/wp\/v2\/posts\/163747\/revisions"}],"predecessor-version":[{"id":163751,"href":"https:\/\/www.nettali.com\/rest\/wp\/v2\/posts\/163747\/revisions\/163751"}],"wp:featuredmedia":[{"embeddable":true,"href":"https:\/\/www.nettali.com\/rest\/wp\/v2\/media\/162152"}],"wp:attachment":[{"href":"https:\/\/www.nettali.com\/rest\/wp\/v2\/media?parent=163747"}],"wp:term":[{"taxonomy":"category","embeddable":true,"href":"https:\/\/www.nettali.com\/rest\/wp\/v2\/categories?post=163747"},{"taxonomy":"post_tag","embeddable":true,"href":"https:\/\/www.nettali.com\/rest\/wp\/v2\/tags?post=163747"}],"curies":[{"name":"wp","href":"https:\/\/api.w.org\/{rel}","templated":true}]}}