{"id":163739,"date":"2025-10-30T10:00:40","date_gmt":"2025-10-30T10:00:40","guid":{"rendered":"https:\/\/www.nettali.com\/?p=163739"},"modified":"2025-10-30T07:47:12","modified_gmt":"2025-10-30T07:47:12","slug":"arrestations-de-journalistes-le-pit-denonce-un-pouvoir-autoritaire","status":"publish","type":"post","link":"https:\/\/www.nettali.com\/2025\/10\/30\/arrestations-de-journalistes-le-pit-denonce-un-pouvoir-autoritaire\/","title":{"rendered":"ARRESTATIONS DE JOURNALISTES - Le PIT d\u00e9nonce un pouvoir \"autoritaire\" et rappelle les postures de d\u00e9nonciation du pass\u00e9"},"content":{"rendered":"<p><strong>NETTALI.COM -<\/strong> Le Parti de l\u2019Ind\u00e9pendance et du Travail (PIT-S\u00e9n\u00e9gal) s\u2019est insurg\u00e9, dans un communiqu\u00e9 publi\u00e9 le mercredi 29 octobre, contre les arrestations successives de la journaliste et directrice de 7TV, Ma\u00efmouna Ndour Faye et du journaliste de la TFM, Babacar Fall. Le parti juge ces interpellations \u201c<em>inadmissibles<\/em>\u201d et y voit une \u201c<em>d\u00e9rive autoritaire<\/em>\u201d du pouvoir.<\/p>\n<p>Selon le PIT, ces arrestations sont intervenues apr\u00e8s que les deux journalistes ont interview\u00e9 Madiambal Diagne, actuellement vis\u00e9 par un mandat d\u2019arr\u00eat international. \u201c<em>Il est important de rappeler que M. Diagne demeure pr\u00e9sum\u00e9 innocent tant que la proc\u00e9dure judiciaire n\u2019aura pas \u00e9tabli le contraire<\/em>\u201d, pr\u00e9cise le communiqu\u00e9 du Secr\u00e9tariat du Comit\u00e9 central.<\/p>\n<p>Le parti de l\u2019opposition consid\u00e8re que ces interpellations traduisent un recul inqui\u00e9tant de la libert\u00e9 de la presse au S\u00e9n\u00e9gal. \u201c<em>Il est inadmissible que des journalistes soient ainsi malmen\u00e9s par la force publique sur ordre d\u2019un pouvoir qui ne recule devant rien pour bafouer les lois prot\u00e9geant la presse et la libert\u00e9 d\u2019expression<\/em>\u201d, d\u00e9nonce le texte, estimant que \u201c<em>l\u2019autoritarisme semble \u00eatre devenu le seul mode de gouvernance<\/em>\u201d du r\u00e9gime actuel.<\/p>\n<p>Les responsables du PIT rappellent que ceux qui dirigent aujourd\u2019hui \u201c<em>\u00e9taient jadis prompts \u00e0 d\u00e9noncer les atteintes \u00e0 la presse lorsqu\u2019ils \u00e9taient dans l\u2019opposition<\/em>\u201d, et qu\u2019ils se livrent d\u00e9sormais \u00e0 \u201c<em>des pratiques encore plus r\u00e9pressives<\/em>\u201d.<\/p>\n<p>Face \u00e0 ce qu\u2019il d\u00e9crit comme une \u201c<em>brutalit\u00e9 orchestr\u00e9e contre les femmes et les hommes des m\u00e9dias<\/em>\u201d, le PIT-S\u00e9n\u00e9gal appelle les citoyens \u00e0 prendre conscience de la \u201c<em>d\u00e9rive en cours<\/em>\u201d et \u00e0 \u201c<em>r\u00e9sister \u00e0 cette entreprise de mise au pas de tout un pays<\/em>\u201d.<\/p>\n<p>Le parti r\u00e9affirme son \u201c<em>attachement ind\u00e9fectible au respect du droit, \u00e0 la libert\u00e9 d\u2019opinion et \u00e0 la dignit\u00e9 humaine<\/em>\u201d, tout en invitant le peuple \u00e0 \u201c<em>continuer d\u2019affirmer haut et fort ce qu\u2019il pense, que cela plaise ou non au pouvoir<\/em>\u201d. \u201c<em>C\u2019est m\u00e9conna\u00eetre l\u2019histoire et les traditions d\u00e9mocratiques du S\u00e9n\u00e9gal que de croire possible de soumettre par la force un peuple profond\u00e9ment attach\u00e9 \u00e0 la libert\u00e9<\/em>\u201d, conclut le communiqu\u00e9 sign\u00e9 \u00e0 Dakar par le Secr\u00e9tariat du Comit\u00e9 central du PIT.<\/p>\n<div class='share-to-whatsapp-wrapper'><div class='share-on-whsp'>PARTAGER SUR : <\/div><a data-text='ARRESTATIONS DE JOURNALISTES - Le PIT d\u00e9nonce un pouvoir \"autoritaire\" et rappelle les postures de d\u00e9nonciation du pass\u00e9' data-link='https:\/\/www.nettali.com\/2025\/10\/30\/arrestations-de-journalistes-le-pit-denonce-un-pouvoir-autoritaire\/' class='whatsapp-button whatsapp-share'>WhatsApp<\/a><div class='clear '><\/div><\/div>","protected":false},"excerpt":{"rendered":"<p>NETTALI.COM - Le Parti de l\u2019Ind\u00e9pendance et du Travail (PIT-S\u00e9n\u00e9gal) s\u2019est insurg\u00e9, dans un communiqu\u00e9 publi\u00e9 le mercredi 29 octobre, contre les arrestations successives de la journaliste et directrice de 7TV, Ma\u00efmouna Ndour Faye et du journaliste de la TFM, Babacar Fall. Le parti juge ces interpellations \u201cinadmissibles\u201d et y voit une \u201cd\u00e9rive autoritaire\u201d du [&hellip;]<\/p>\n","protected":false},"author":2,"featured_media":163516,"comment_status":"open","ping_status":"open","sticky":false,"template":"","format":"standard","meta":{"_et_pb_use_builder":"","_et_pb_old_content":""},"categories":[2],"tags":[],"yoast_head":"<!-- This site is optimized with the Yoast SEO Premium plugin v17.8 (Yoast SEO v17.8) - https:\/\/yoast.com\/wordpress\/plugins\/seo\/ -->\n<title>ARRESTATIONS DE JOURNALISTES - Le PIT d\u00e9nonce un pouvoir &quot;autoritaire&quot; et rappelle les postures de d\u00e9nonciation du pass\u00e9 | Nettali.com<\/title>\n<meta name=\"robots\" content=\"index, follow, max-snippet:-1, max-image-preview:large, max-video-preview:-1\" \/>\n<link rel=\"canonical\" href=\"https:\/\/www.nettali.com\/2025\/10\/30\/arrestations-de-journalistes-le-pit-denonce-un-pouvoir-autoritaire\/\" \/>\n<meta property=\"og:locale\" content=\"fr_FR\" \/>\n<meta property=\"og:type\" content=\"article\" \/>\n<meta property=\"og:title\" content=\"ARRESTATIONS DE JOURNALISTES - Le PIT d\u00e9nonce un pouvoir &quot;autoritaire&quot; et rappelle les postures de d\u00e9nonciation du pass\u00e9\" \/>\n<meta property=\"og:description\" content=\"NETTALI.COM - Le Parti de l\u2019Ind\u00e9pendance et du Travail (PIT-S\u00e9n\u00e9gal) s\u2019est insurg\u00e9, dans un communiqu\u00e9 publi\u00e9 le mercredi 29 octobre, contre les arrestations successives de la journaliste et directrice de 7TV, Ma\u00efmouna Ndour Faye et du journaliste de la TFM, Babacar Fall. Le parti juge ces interpellations \u201cinadmissibles\u201d et y voit une \u201cd\u00e9rive autoritaire\u201d du [&hellip;]\" \/>\n<meta property=\"og:url\" content=\"https:\/\/www.nettali.com\/2025\/10\/30\/arrestations-de-journalistes-le-pit-denonce-un-pouvoir-autoritaire\/\" \/>\n<meta property=\"og:site_name\" content=\"Nettali.com\" \/>\n<meta property=\"article:publisher\" content=\"https:\/\/www.facebook.com\/nettalicom\" \/>\n<meta property=\"article:published_time\" content=\"2025-10-30T10:00:40+00:00\" \/>\n<meta property=\"article:modified_time\" content=\"2025-10-30T07:47:12+00:00\" \/>\n<meta property=\"og:image\" content=\"https:\/\/www.nettali.com\/wp-content\/uploads\/2025\/10\/thumb_1260x800_68fe179a973b2_6kSuYLu7ii.jpeg\" \/>\n\t<meta property=\"og:image:width\" content=\"1260\" \/>\n\t<meta property=\"og:image:height\" content=\"800\" \/>\n<meta name=\"twitter:card\" content=\"summary_large_image\" \/>\n<meta name=\"twitter:label1\" content=\"\u00c9crit par\" \/>\n\t<meta name=\"twitter:data1\" content=\"CK\" \/>\n\t<meta name=\"twitter:label2\" content=\"Dur\u00e9e de lecture estim\u00e9e\" \/>\n\t<meta name=\"twitter:data2\" content=\"2 minutes\" \/>\n<script type=\"application\/ld+json\" class=\"yoast-schema-graph\">{\"@context\":\"https:\/\/schema.org\",\"@graph\":[{\"@type\":\"WebSite\",\"@id\":\"https:\/\/www.nettali.com\/#website\",\"url\":\"https:\/\/www.nettali.com\/\",\"name\":\"Nettali.com\",\"description\":\"Le rendez-vous critique du Net\",\"potentialAction\":[{\"@type\":\"SearchAction\",\"target\":{\"@type\":\"EntryPoint\",\"urlTemplate\":\"https:\/\/www.nettali.com\/?s={search_term_string}\"},\"query-input\":\"required name=search_term_string\"}],\"inLanguage\":\"fr-FR\"},{\"@type\":\"ImageObject\",\"@id\":\"https:\/\/www.nettali.com\/2025\/10\/30\/arrestations-de-journalistes-le-pit-denonce-un-pouvoir-autoritaire\/#primaryimage\",\"inLanguage\":\"fr-FR\",\"url\":\"https:\/\/www.nettali.com\/wp-content\/uploads\/2025\/10\/thumb_1260x800_68fe179a973b2_6kSuYLu7ii.jpeg\",\"contentUrl\":\"https:\/\/www.nettali.com\/wp-content\/uploads\/2025\/10\/thumb_1260x800_68fe179a973b2_6kSuYLu7ii.jpeg\",\"width\":1260,\"height\":800},{\"@type\":\"WebPage\",\"@id\":\"https:\/\/www.nettali.com\/2025\/10\/30\/arrestations-de-journalistes-le-pit-denonce-un-pouvoir-autoritaire\/#webpage\",\"url\":\"https:\/\/www.nettali.com\/2025\/10\/30\/arrestations-de-journalistes-le-pit-denonce-un-pouvoir-autoritaire\/\",\"name\":\"ARRESTATIONS DE JOURNALISTES - Le PIT d\\u00e9nonce un pouvoir \\\"autoritaire\\\" et rappelle les postures de d\\u00e9nonciation du pass\\u00e9 | Nettali.com\",\"isPartOf\":{\"@id\":\"https:\/\/www.nettali.com\/#website\"},\"primaryImageOfPage\":{\"@id\":\"https:\/\/www.nettali.com\/2025\/10\/30\/arrestations-de-journalistes-le-pit-denonce-un-pouvoir-autoritaire\/#primaryimage\"},\"datePublished\":\"2025-10-30T10:00:40+00:00\",\"dateModified\":\"2025-10-30T07:47:12+00:00\",\"author\":{\"@id\":\"https:\/\/www.nettali.com\/#\/schema\/person\/d8ac7b7e27ddad43f1c0d2ef090d7f71\"},\"breadcrumb\":{\"@id\":\"https:\/\/www.nettali.com\/2025\/10\/30\/arrestations-de-journalistes-le-pit-denonce-un-pouvoir-autoritaire\/#breadcrumb\"},\"inLanguage\":\"fr-FR\",\"potentialAction\":[{\"@type\":\"ReadAction\",\"target\":[\"https:\/\/www.nettali.com\/2025\/10\/30\/arrestations-de-journalistes-le-pit-denonce-un-pouvoir-autoritaire\/\"]}]},{\"@type\":\"BreadcrumbList\",\"@id\":\"https:\/\/www.nettali.com\/2025\/10\/30\/arrestations-de-journalistes-le-pit-denonce-un-pouvoir-autoritaire\/#breadcrumb\",\"itemListElement\":[{\"@type\":\"ListItem\",\"position\":1,\"name\":\"Accueil\",\"item\":\"https:\/\/www.nettali.com\/\"},{\"@type\":\"ListItem\",\"position\":2,\"name\":\"ARRESTATIONS DE JOURNALISTES - Le PIT d\\u00e9nonce un pouvoir \\\"autoritaire\\\" et rappelle les postures de d\\u00e9nonciation du pass\\u00e9\"}]},{\"@type\":\"Person\",\"@id\":\"https:\/\/www.nettali.com\/#\/schema\/person\/d8ac7b7e27ddad43f1c0d2ef090d7f71\",\"name\":\"CK\",\"image\":{\"@type\":\"ImageObject\",\"@id\":\"https:\/\/www.nettali.com\/#personlogo\",\"inLanguage\":\"fr-FR\",\"url\":\"https:\/\/secure.gravatar.com\/avatar\/1d8d5118b9327d94da7cd4ce7f17fec2?s=96&d=mm&r=g\",\"contentUrl\":\"https:\/\/secure.gravatar.com\/avatar\/1d8d5118b9327d94da7cd4ce7f17fec2?s=96&d=mm&r=g\",\"caption\":\"CK\"},\"sameAs\":[\"https:\/\/www.nettali.com\"]}]}<\/script>\n<!-- \/ Yoast SEO Premium plugin. -->","yoast_head_json":{"title":"ARRESTATIONS DE JOURNALISTES - Le PIT d\u00e9nonce un pouvoir \"autoritaire\" et rappelle les postures de d\u00e9nonciation du pass\u00e9 | Nettali.com","robots":{"index":"index","follow":"follow","max-snippet":"max-snippet:-1","max-image-preview":"max-image-preview:large","max-video-preview":"max-video-preview:-1"},"canonical":"https:\/\/www.nettali.com\/2025\/10\/30\/arrestations-de-journalistes-le-pit-denonce-un-pouvoir-autoritaire\/","og_locale":"fr_FR","og_type":"article","og_title":"ARRESTATIONS DE JOURNALISTES - Le PIT d\u00e9nonce un pouvoir \"autoritaire\" et rappelle les postures de d\u00e9nonciation du pass\u00e9","og_description":"NETTALI.COM - Le Parti de l\u2019Ind\u00e9pendance et du Travail (PIT-S\u00e9n\u00e9gal) s\u2019est insurg\u00e9, dans un communiqu\u00e9 publi\u00e9 le mercredi 29 octobre, contre les arrestations successives de la journaliste et directrice de 7TV, Ma\u00efmouna Ndour Faye et du journaliste de la TFM, Babacar Fall. Le parti juge ces interpellations \u201cinadmissibles\u201d et y voit une \u201cd\u00e9rive autoritaire\u201d du [&hellip;]","og_url":"https:\/\/www.nettali.com\/2025\/10\/30\/arrestations-de-journalistes-le-pit-denonce-un-pouvoir-autoritaire\/","og_site_name":"Nettali.com","article_publisher":"https:\/\/www.facebook.com\/nettalicom","article_published_time":"2025-10-30T10:00:40+00:00","article_modified_time":"2025-10-30T07:47:12+00:00","og_image":[{"width":1260,"height":800,"url":"https:\/\/www.nettali.com\/wp-content\/uploads\/2025\/10\/thumb_1260x800_68fe179a973b2_6kSuYLu7ii.jpeg","type":"image\/jpeg"}],"twitter_card":"summary_large_image","twitter_misc":{"\u00c9crit par":"CK","Dur\u00e9e de lecture estim\u00e9e":"2 minutes"},"schema":{"@context":"https:\/\/schema.org","@graph":[{"@type":"WebSite","@id":"https:\/\/www.nettali.com\/#website","url":"https:\/\/www.nettali.com\/","name":"Nettali.com","description":"Le rendez-vous critique du Net","potentialAction":[{"@type":"SearchAction","target":{"@type":"EntryPoint","urlTemplate":"https:\/\/www.nettali.com\/?s={search_term_string}"},"query-input":"required name=search_term_string"}],"inLanguage":"fr-FR"},{"@type":"ImageObject","@id":"https:\/\/www.nettali.com\/2025\/10\/30\/arrestations-de-journalistes-le-pit-denonce-un-pouvoir-autoritaire\/#primaryimage","inLanguage":"fr-FR","url":"https:\/\/www.nettali.com\/wp-content\/uploads\/2025\/10\/thumb_1260x800_68fe179a973b2_6kSuYLu7ii.jpeg","contentUrl":"https:\/\/www.nettali.com\/wp-content\/uploads\/2025\/10\/thumb_1260x800_68fe179a973b2_6kSuYLu7ii.jpeg","width":1260,"height":800},{"@type":"WebPage","@id":"https:\/\/www.nettali.com\/2025\/10\/30\/arrestations-de-journalistes-le-pit-denonce-un-pouvoir-autoritaire\/#webpage","url":"https:\/\/www.nettali.com\/2025\/10\/30\/arrestations-de-journalistes-le-pit-denonce-un-pouvoir-autoritaire\/","name":"ARRESTATIONS DE JOURNALISTES - Le PIT d\u00e9nonce un pouvoir \"autoritaire\" et rappelle les postures de d\u00e9nonciation du pass\u00e9 | Nettali.com","isPartOf":{"@id":"https:\/\/www.nettali.com\/#website"},"primaryImageOfPage":{"@id":"https:\/\/www.nettali.com\/2025\/10\/30\/arrestations-de-journalistes-le-pit-denonce-un-pouvoir-autoritaire\/#primaryimage"},"datePublished":"2025-10-30T10:00:40+00:00","dateModified":"2025-10-30T07:47:12+00:00","author":{"@id":"https:\/\/www.nettali.com\/#\/schema\/person\/d8ac7b7e27ddad43f1c0d2ef090d7f71"},"breadcrumb":{"@id":"https:\/\/www.nettali.com\/2025\/10\/30\/arrestations-de-journalistes-le-pit-denonce-un-pouvoir-autoritaire\/#breadcrumb"},"inLanguage":"fr-FR","potentialAction":[{"@type":"ReadAction","target":["https:\/\/www.nettali.com\/2025\/10\/30\/arrestations-de-journalistes-le-pit-denonce-un-pouvoir-autoritaire\/"]}]},{"@type":"BreadcrumbList","@id":"https:\/\/www.nettali.com\/2025\/10\/30\/arrestations-de-journalistes-le-pit-denonce-un-pouvoir-autoritaire\/#breadcrumb","itemListElement":[{"@type":"ListItem","position":1,"name":"Accueil","item":"https:\/\/www.nettali.com\/"},{"@type":"ListItem","position":2,"name":"ARRESTATIONS DE JOURNALISTES - Le PIT d\u00e9nonce un pouvoir \"autoritaire\" et rappelle les postures de d\u00e9nonciation du pass\u00e9"}]},{"@type":"Person","@id":"https:\/\/www.nettali.com\/#\/schema\/person\/d8ac7b7e27ddad43f1c0d2ef090d7f71","name":"CK","image":{"@type":"ImageObject","@id":"https:\/\/www.nettali.com\/#personlogo","inLanguage":"fr-FR","url":"https:\/\/secure.gravatar.com\/avatar\/1d8d5118b9327d94da7cd4ce7f17fec2?s=96&d=mm&r=g","contentUrl":"https:\/\/secure.gravatar.com\/avatar\/1d8d5118b9327d94da7cd4ce7f17fec2?s=96&d=mm&r=g","caption":"CK"},"sameAs":["https:\/\/www.nettali.com"]}]}},"_links":{"self":[{"href":"https:\/\/www.nettali.com\/rest\/wp\/v2\/posts\/163739"}],"collection":[{"href":"https:\/\/www.nettali.com\/rest\/wp\/v2\/posts"}],"about":[{"href":"https:\/\/www.nettali.com\/rest\/wp\/v2\/types\/post"}],"author":[{"embeddable":true,"href":"https:\/\/www.nettali.com\/rest\/wp\/v2\/users\/2"}],"replies":[{"embeddable":true,"href":"https:\/\/www.nettali.com\/rest\/wp\/v2\/comments?post=163739"}],"version-history":[{"count":3,"href":"https:\/\/www.nettali.com\/rest\/wp\/v2\/posts\/163739\/revisions"}],"predecessor-version":[{"id":163746,"href":"https:\/\/www.nettali.com\/rest\/wp\/v2\/posts\/163739\/revisions\/163746"}],"wp:featuredmedia":[{"embeddable":true,"href":"https:\/\/www.nettali.com\/rest\/wp\/v2\/media\/163516"}],"wp:attachment":[{"href":"https:\/\/www.nettali.com\/rest\/wp\/v2\/media?parent=163739"}],"wp:term":[{"taxonomy":"category","embeddable":true,"href":"https:\/\/www.nettali.com\/rest\/wp\/v2\/categories?post=163739"},{"taxonomy":"post_tag","embeddable":true,"href":"https:\/\/www.nettali.com\/rest\/wp\/v2\/tags?post=163739"}],"curies":[{"name":"wp","href":"https:\/\/api.w.org\/{rel}","templated":true}]}}