{"id":163728,"date":"2025-10-30T07:13:24","date_gmt":"2025-10-30T07:13:24","guid":{"rendered":"https:\/\/www.nettali.com\/?p=163728"},"modified":"2025-10-30T07:13:24","modified_gmt":"2025-10-30T07:13:24","slug":"affaire-7tv-et-rfm-le-frapp-appelle-a-la-serenite-et-a-la-liberation-de-maimouna-ndour-faye","status":"publish","type":"post","link":"https:\/\/www.nettali.com\/2025\/10\/30\/affaire-7tv-et-rfm-le-frapp-appelle-a-la-serenite-et-a-la-liberation-de-maimouna-ndour-faye\/","title":{"rendered":"AFFAIRE 7TV et RFM - Le FRAPP appelle \u00e0 la s\u00e9r\u00e9nit\u00e9 et \u00e0 la lib\u00e9ration de Ma\u00efmouna Ndour Faye"},"content":{"rendered":"<p data-start=\"230\" data-end=\"496\"><strong>NETTALI.COM - Le Front pour une R\u00e9volution Anti-imp\u00e9rialiste, Populaire et Panafricaine (FRAPP) a r\u00e9agi ce mardi 29 octobre 2025 \u00e0 l\u2019arrestation des journalistes Ma\u00efmouna Ndour Faye et Babacar Fall, ainsi qu\u2019\u00e0 la coupure du signal des cha\u00eenes 7TV et TFM.<\/strong><\/p>\n<p data-start=\"498\" data-end=\"713\">Dans un communiqu\u00e9 rendu public, le mouvement dirig\u00e9 par Guy Marius Sagna dit prendre acte de ces \u00e9v\u00e9nements tout en appelant les autorit\u00e9s \u00e0 respecter scrupuleusement les principes de l\u2019\u00c9tat de droit.<\/p>\n<p data-start=\"498\" data-end=\"713\"><em>\u00ab Le FRAPP salue la lib\u00e9ration de Babacar Fall et appelle \u00e0 ce que la m\u00eame d\u00e9cision soit prise pour Ma\u00efmouna Ndour Faye \u00bb<\/em>, indique le texte.<\/p>\n<p data-start=\"861\" data-end=\"1109\">Le mouvement rappelle que la libert\u00e9 de la presse et le pluralisme m\u00e9diatique, garantis par l\u2019article 8 de la Constitution, sont des acquis d\u00e9mocratiques essentiels qu\u2019il convient de pr\u00e9server, surtout dans les moments de tension.<\/p>\n<p data-start=\"1111\" data-end=\"1315\">Le FRAPP invite ainsi \u00e0 la s\u00e9r\u00e9nit\u00e9 et au dialogue, estimant qu\u2019aucune situation politique <em>\u00ab ne doit conduire \u00e0 des mesures pouvant \u00eatre per\u00e7ues comme des atteintes aux libert\u00e9s fondamentales \u00bb. \u00ab Nous exhortons l\u2019\u00c9tat \u00e0 garantir la transparence, le respect des droits et la protection des libert\u00e9s publiques \u00bb<\/em>, ajoute le communiqu\u00e9, tout en r\u00e9affirmant que la d\u00e9fense des libert\u00e9s reste au c\u0153ur des aspirations du peuple s\u00e9n\u00e9galais.<\/p>\n<div class='share-to-whatsapp-wrapper'><div class='share-on-whsp'>PARTAGER SUR : <\/div><a data-text='AFFAIRE 7TV et RFM - Le FRAPP appelle \u00e0 la s\u00e9r\u00e9nit\u00e9 et \u00e0 la lib\u00e9ration de Ma\u00efmouna Ndour Faye' data-link='https:\/\/www.nettali.com\/2025\/10\/30\/affaire-7tv-et-rfm-le-frapp-appelle-a-la-serenite-et-a-la-liberation-de-maimouna-ndour-faye\/' class='whatsapp-button whatsapp-share'>WhatsApp<\/a><div class='clear '><\/div><\/div>","protected":false},"excerpt":{"rendered":"<p>NETTALI.COM - Le Front pour une R\u00e9volution Anti-imp\u00e9rialiste, Populaire et Panafricaine (FRAPP) a r\u00e9agi ce mardi 29 octobre 2025 \u00e0 l\u2019arrestation des journalistes Ma\u00efmouna Ndour Faye et Babacar Fall, ainsi qu\u2019\u00e0 la coupure du signal des cha\u00eenes 7TV et TFM. Dans un communiqu\u00e9 rendu public, le mouvement dirig\u00e9 par Guy Marius Sagna dit prendre acte [&hellip;]<\/p>\n","protected":false},"author":4,"featured_media":97335,"comment_status":"open","ping_status":"open","sticky":false,"template":"","format":"standard","meta":{"_et_pb_use_builder":"","_et_pb_old_content":""},"categories":[3],"tags":[],"yoast_head":"<!-- This site is optimized with the Yoast SEO Premium plugin v17.8 (Yoast SEO v17.8) - https:\/\/yoast.com\/wordpress\/plugins\/seo\/ -->\n<title>AFFAIRE 7TV et RFM - Le FRAPP appelle \u00e0 la s\u00e9r\u00e9nit\u00e9 et \u00e0 la lib\u00e9ration de Ma\u00efmouna Ndour Faye | Nettali.com<\/title>\n<meta name=\"robots\" content=\"index, follow, max-snippet:-1, max-image-preview:large, max-video-preview:-1\" \/>\n<link rel=\"canonical\" href=\"https:\/\/www.nettali.com\/2025\/10\/30\/affaire-7tv-et-rfm-le-frapp-appelle-a-la-serenite-et-a-la-liberation-de-maimouna-ndour-faye\/\" \/>\n<meta property=\"og:locale\" content=\"fr_FR\" \/>\n<meta property=\"og:type\" content=\"article\" \/>\n<meta property=\"og:title\" content=\"AFFAIRE 7TV et RFM - Le FRAPP appelle \u00e0 la s\u00e9r\u00e9nit\u00e9 et \u00e0 la lib\u00e9ration de Ma\u00efmouna Ndour Faye\" \/>\n<meta property=\"og:description\" content=\"NETTALI.COM - Le Front pour une R\u00e9volution Anti-imp\u00e9rialiste, Populaire et Panafricaine (FRAPP) a r\u00e9agi ce mardi 29 octobre 2025 \u00e0 l\u2019arrestation des journalistes Ma\u00efmouna Ndour Faye et Babacar Fall, ainsi qu\u2019\u00e0 la coupure du signal des cha\u00eenes 7TV et TFM. Dans un communiqu\u00e9 rendu public, le mouvement dirig\u00e9 par Guy Marius Sagna dit prendre acte [&hellip;]\" \/>\n<meta property=\"og:url\" content=\"https:\/\/www.nettali.com\/2025\/10\/30\/affaire-7tv-et-rfm-le-frapp-appelle-a-la-serenite-et-a-la-liberation-de-maimouna-ndour-faye\/\" \/>\n<meta property=\"og:site_name\" content=\"Nettali.com\" \/>\n<meta property=\"article:publisher\" content=\"https:\/\/www.facebook.com\/nettalicom\" \/>\n<meta property=\"article:published_time\" content=\"2025-10-30T07:13:24+00:00\" \/>\n<meta property=\"og:image\" content=\"https:\/\/www.nettali.com\/wp-content\/uploads\/2022\/11\/GUY-MARIUS-SAGNA-1.jpg\" \/>\n\t<meta property=\"og:image:width\" content=\"1077\" \/>\n\t<meta property=\"og:image:height\" content=\"687\" \/>\n<meta name=\"twitter:card\" content=\"summary_large_image\" \/>\n<meta name=\"twitter:label1\" content=\"\u00c9crit par\" \/>\n\t<meta name=\"twitter:data1\" content=\"Daouda\" \/>\n\t<meta name=\"twitter:label2\" content=\"Dur\u00e9e de lecture estim\u00e9e\" \/>\n\t<meta name=\"twitter:data2\" content=\"2 minutes\" \/>\n<script type=\"application\/ld+json\" class=\"yoast-schema-graph\">{\"@context\":\"https:\/\/schema.org\",\"@graph\":[{\"@type\":\"WebSite\",\"@id\":\"https:\/\/www.nettali.com\/#website\",\"url\":\"https:\/\/www.nettali.com\/\",\"name\":\"Nettali.com\",\"description\":\"Le rendez-vous critique du Net\",\"potentialAction\":[{\"@type\":\"SearchAction\",\"target\":{\"@type\":\"EntryPoint\",\"urlTemplate\":\"https:\/\/www.nettali.com\/?s={search_term_string}\"},\"query-input\":\"required name=search_term_string\"}],\"inLanguage\":\"fr-FR\"},{\"@type\":\"ImageObject\",\"@id\":\"https:\/\/www.nettali.com\/2025\/10\/30\/affaire-7tv-et-rfm-le-frapp-appelle-a-la-serenite-et-a-la-liberation-de-maimouna-ndour-faye\/#primaryimage\",\"inLanguage\":\"fr-FR\",\"url\":\"https:\/\/www.nettali.com\/wp-content\/uploads\/2022\/11\/GUY-MARIUS-SAGNA-1.jpg\",\"contentUrl\":\"https:\/\/www.nettali.com\/wp-content\/uploads\/2022\/11\/GUY-MARIUS-SAGNA-1.jpg\",\"width\":1077,\"height\":687},{\"@type\":\"WebPage\",\"@id\":\"https:\/\/www.nettali.com\/2025\/10\/30\/affaire-7tv-et-rfm-le-frapp-appelle-a-la-serenite-et-a-la-liberation-de-maimouna-ndour-faye\/#webpage\",\"url\":\"https:\/\/www.nettali.com\/2025\/10\/30\/affaire-7tv-et-rfm-le-frapp-appelle-a-la-serenite-et-a-la-liberation-de-maimouna-ndour-faye\/\",\"name\":\"AFFAIRE 7TV et RFM - Le FRAPP appelle \\u00e0 la s\\u00e9r\\u00e9nit\\u00e9 et \\u00e0 la lib\\u00e9ration de Ma\\u00efmouna Ndour Faye | Nettali.com\",\"isPartOf\":{\"@id\":\"https:\/\/www.nettali.com\/#website\"},\"primaryImageOfPage\":{\"@id\":\"https:\/\/www.nettali.com\/2025\/10\/30\/affaire-7tv-et-rfm-le-frapp-appelle-a-la-serenite-et-a-la-liberation-de-maimouna-ndour-faye\/#primaryimage\"},\"datePublished\":\"2025-10-30T07:13:24+00:00\",\"dateModified\":\"2025-10-30T07:13:24+00:00\",\"author\":{\"@id\":\"https:\/\/www.nettali.com\/#\/schema\/person\/3317e0bb3aa1da309fbf7b2780901bf4\"},\"breadcrumb\":{\"@id\":\"https:\/\/www.nettali.com\/2025\/10\/30\/affaire-7tv-et-rfm-le-frapp-appelle-a-la-serenite-et-a-la-liberation-de-maimouna-ndour-faye\/#breadcrumb\"},\"inLanguage\":\"fr-FR\",\"potentialAction\":[{\"@type\":\"ReadAction\",\"target\":[\"https:\/\/www.nettali.com\/2025\/10\/30\/affaire-7tv-et-rfm-le-frapp-appelle-a-la-serenite-et-a-la-liberation-de-maimouna-ndour-faye\/\"]}]},{\"@type\":\"BreadcrumbList\",\"@id\":\"https:\/\/www.nettali.com\/2025\/10\/30\/affaire-7tv-et-rfm-le-frapp-appelle-a-la-serenite-et-a-la-liberation-de-maimouna-ndour-faye\/#breadcrumb\",\"itemListElement\":[{\"@type\":\"ListItem\",\"position\":1,\"name\":\"Accueil\",\"item\":\"https:\/\/www.nettali.com\/\"},{\"@type\":\"ListItem\",\"position\":2,\"name\":\"AFFAIRE 7TV et RFM - Le FRAPP appelle \\u00e0 la s\\u00e9r\\u00e9nit\\u00e9 et \\u00e0 la lib\\u00e9ration de Ma\\u00efmouna Ndour Faye\"}]},{\"@type\":\"Person\",\"@id\":\"https:\/\/www.nettali.com\/#\/schema\/person\/3317e0bb3aa1da309fbf7b2780901bf4\",\"name\":\"Daouda\",\"image\":{\"@type\":\"ImageObject\",\"@id\":\"https:\/\/www.nettali.com\/#personlogo\",\"inLanguage\":\"fr-FR\",\"url\":\"https:\/\/secure.gravatar.com\/avatar\/8d143b5a49345098ddcfee1c49c2f47c?s=96&d=mm&r=g\",\"contentUrl\":\"https:\/\/secure.gravatar.com\/avatar\/8d143b5a49345098ddcfee1c49c2f47c?s=96&d=mm&r=g\",\"caption\":\"Daouda\"},\"sameAs\":[\"https:\/\/www.nettali.com\"]}]}<\/script>\n<!-- \/ Yoast SEO Premium plugin. -->","yoast_head_json":{"title":"AFFAIRE 7TV et RFM - Le FRAPP appelle \u00e0 la s\u00e9r\u00e9nit\u00e9 et \u00e0 la lib\u00e9ration de Ma\u00efmouna Ndour Faye | Nettali.com","robots":{"index":"index","follow":"follow","max-snippet":"max-snippet:-1","max-image-preview":"max-image-preview:large","max-video-preview":"max-video-preview:-1"},"canonical":"https:\/\/www.nettali.com\/2025\/10\/30\/affaire-7tv-et-rfm-le-frapp-appelle-a-la-serenite-et-a-la-liberation-de-maimouna-ndour-faye\/","og_locale":"fr_FR","og_type":"article","og_title":"AFFAIRE 7TV et RFM - Le FRAPP appelle \u00e0 la s\u00e9r\u00e9nit\u00e9 et \u00e0 la lib\u00e9ration de Ma\u00efmouna Ndour Faye","og_description":"NETTALI.COM - Le Front pour une R\u00e9volution Anti-imp\u00e9rialiste, Populaire et Panafricaine (FRAPP) a r\u00e9agi ce mardi 29 octobre 2025 \u00e0 l\u2019arrestation des journalistes Ma\u00efmouna Ndour Faye et Babacar Fall, ainsi qu\u2019\u00e0 la coupure du signal des cha\u00eenes 7TV et TFM. Dans un communiqu\u00e9 rendu public, le mouvement dirig\u00e9 par Guy Marius Sagna dit prendre acte [&hellip;]","og_url":"https:\/\/www.nettali.com\/2025\/10\/30\/affaire-7tv-et-rfm-le-frapp-appelle-a-la-serenite-et-a-la-liberation-de-maimouna-ndour-faye\/","og_site_name":"Nettali.com","article_publisher":"https:\/\/www.facebook.com\/nettalicom","article_published_time":"2025-10-30T07:13:24+00:00","og_image":[{"width":1077,"height":687,"url":"https:\/\/www.nettali.com\/wp-content\/uploads\/2022\/11\/GUY-MARIUS-SAGNA-1.jpg","type":"image\/jpeg"}],"twitter_card":"summary_large_image","twitter_misc":{"\u00c9crit par":"Daouda","Dur\u00e9e de lecture estim\u00e9e":"2 minutes"},"schema":{"@context":"https:\/\/schema.org","@graph":[{"@type":"WebSite","@id":"https:\/\/www.nettali.com\/#website","url":"https:\/\/www.nettali.com\/","name":"Nettali.com","description":"Le rendez-vous critique du Net","potentialAction":[{"@type":"SearchAction","target":{"@type":"EntryPoint","urlTemplate":"https:\/\/www.nettali.com\/?s={search_term_string}"},"query-input":"required name=search_term_string"}],"inLanguage":"fr-FR"},{"@type":"ImageObject","@id":"https:\/\/www.nettali.com\/2025\/10\/30\/affaire-7tv-et-rfm-le-frapp-appelle-a-la-serenite-et-a-la-liberation-de-maimouna-ndour-faye\/#primaryimage","inLanguage":"fr-FR","url":"https:\/\/www.nettali.com\/wp-content\/uploads\/2022\/11\/GUY-MARIUS-SAGNA-1.jpg","contentUrl":"https:\/\/www.nettali.com\/wp-content\/uploads\/2022\/11\/GUY-MARIUS-SAGNA-1.jpg","width":1077,"height":687},{"@type":"WebPage","@id":"https:\/\/www.nettali.com\/2025\/10\/30\/affaire-7tv-et-rfm-le-frapp-appelle-a-la-serenite-et-a-la-liberation-de-maimouna-ndour-faye\/#webpage","url":"https:\/\/www.nettali.com\/2025\/10\/30\/affaire-7tv-et-rfm-le-frapp-appelle-a-la-serenite-et-a-la-liberation-de-maimouna-ndour-faye\/","name":"AFFAIRE 7TV et RFM - Le FRAPP appelle \u00e0 la s\u00e9r\u00e9nit\u00e9 et \u00e0 la lib\u00e9ration de Ma\u00efmouna Ndour Faye | Nettali.com","isPartOf":{"@id":"https:\/\/www.nettali.com\/#website"},"primaryImageOfPage":{"@id":"https:\/\/www.nettali.com\/2025\/10\/30\/affaire-7tv-et-rfm-le-frapp-appelle-a-la-serenite-et-a-la-liberation-de-maimouna-ndour-faye\/#primaryimage"},"datePublished":"2025-10-30T07:13:24+00:00","dateModified":"2025-10-30T07:13:24+00:00","author":{"@id":"https:\/\/www.nettali.com\/#\/schema\/person\/3317e0bb3aa1da309fbf7b2780901bf4"},"breadcrumb":{"@id":"https:\/\/www.nettali.com\/2025\/10\/30\/affaire-7tv-et-rfm-le-frapp-appelle-a-la-serenite-et-a-la-liberation-de-maimouna-ndour-faye\/#breadcrumb"},"inLanguage":"fr-FR","potentialAction":[{"@type":"ReadAction","target":["https:\/\/www.nettali.com\/2025\/10\/30\/affaire-7tv-et-rfm-le-frapp-appelle-a-la-serenite-et-a-la-liberation-de-maimouna-ndour-faye\/"]}]},{"@type":"BreadcrumbList","@id":"https:\/\/www.nettali.com\/2025\/10\/30\/affaire-7tv-et-rfm-le-frapp-appelle-a-la-serenite-et-a-la-liberation-de-maimouna-ndour-faye\/#breadcrumb","itemListElement":[{"@type":"ListItem","position":1,"name":"Accueil","item":"https:\/\/www.nettali.com\/"},{"@type":"ListItem","position":2,"name":"AFFAIRE 7TV et RFM - Le FRAPP appelle \u00e0 la s\u00e9r\u00e9nit\u00e9 et \u00e0 la lib\u00e9ration de Ma\u00efmouna Ndour Faye"}]},{"@type":"Person","@id":"https:\/\/www.nettali.com\/#\/schema\/person\/3317e0bb3aa1da309fbf7b2780901bf4","name":"Daouda","image":{"@type":"ImageObject","@id":"https:\/\/www.nettali.com\/#personlogo","inLanguage":"fr-FR","url":"https:\/\/secure.gravatar.com\/avatar\/8d143b5a49345098ddcfee1c49c2f47c?s=96&d=mm&r=g","contentUrl":"https:\/\/secure.gravatar.com\/avatar\/8d143b5a49345098ddcfee1c49c2f47c?s=96&d=mm&r=g","caption":"Daouda"},"sameAs":["https:\/\/www.nettali.com"]}]}},"_links":{"self":[{"href":"https:\/\/www.nettali.com\/rest\/wp\/v2\/posts\/163728"}],"collection":[{"href":"https:\/\/www.nettali.com\/rest\/wp\/v2\/posts"}],"about":[{"href":"https:\/\/www.nettali.com\/rest\/wp\/v2\/types\/post"}],"author":[{"embeddable":true,"href":"https:\/\/www.nettali.com\/rest\/wp\/v2\/users\/4"}],"replies":[{"embeddable":true,"href":"https:\/\/www.nettali.com\/rest\/wp\/v2\/comments?post=163728"}],"version-history":[{"count":1,"href":"https:\/\/www.nettali.com\/rest\/wp\/v2\/posts\/163728\/revisions"}],"predecessor-version":[{"id":163729,"href":"https:\/\/www.nettali.com\/rest\/wp\/v2\/posts\/163728\/revisions\/163729"}],"wp:featuredmedia":[{"embeddable":true,"href":"https:\/\/www.nettali.com\/rest\/wp\/v2\/media\/97335"}],"wp:attachment":[{"href":"https:\/\/www.nettali.com\/rest\/wp\/v2\/media?parent=163728"}],"wp:term":[{"taxonomy":"category","embeddable":true,"href":"https:\/\/www.nettali.com\/rest\/wp\/v2\/categories?post=163728"},{"taxonomy":"post_tag","embeddable":true,"href":"https:\/\/www.nettali.com\/rest\/wp\/v2\/tags?post=163728"}],"curies":[{"name":"wp","href":"https:\/\/api.w.org\/{rel}","templated":true}]}}