{"id":163726,"date":"2025-10-30T06:54:34","date_gmt":"2025-10-30T06:54:34","guid":{"rendered":"https:\/\/www.nettali.com\/?p=163726"},"modified":"2025-10-31T07:30:33","modified_gmt":"2025-10-31T07:30:33","slug":"crise-mediatique-au-senegal-un-front-pour-la-defense-de-la-liberte-de-la-presse","status":"publish","type":"post","link":"https:\/\/www.nettali.com\/2025\/10\/30\/crise-mediatique-au-senegal-un-front-pour-la-defense-de-la-liberte-de-la-presse\/","title":{"rendered":"CRISE M\u00c9DIATIQUE AU S\u00c9N\u00c9GAL - Le Front pour la D\u00e9fense de la Libert\u00e9 de la Presse est n\u00e9"},"content":{"rendered":"<p data-start=\"432\" data-end=\"820\"><strong>NETTALI.COM - Face \u00e0 l\u2019escalade des tensions entre les autorit\u00e9s et les m\u00e9dias, la presse s\u00e9n\u00e9galaise a d\u00e9cid\u00e9 de s\u2019unir. Ce mercredi 29 octobre 2025, plusieurs organisations professionnelles se sont retrouv\u00e9es dans les locaux du Groupe Futurs M\u00e9dias (GFM) pour d\u00e9finir une strat\u00e9gie commune. De cette r\u00e9union est n\u00e9 un cadre in\u00e9dit : le Front pour la D\u00e9fense de la Libert\u00e9 de la Presse (FDLP).<\/strong><\/p>\n<p data-start=\"822\" data-end=\"1248\">Le FDLP regroupe les principales structures du secteur, parmi lesquelles la Convention des Jeunes Reporters du S\u00e9n\u00e9gal (CJRS), le Conseil des Diffuseurs et \u00c9diteurs de Presse du S\u00e9n\u00e9gal (CDEPS), l\u2019Association des \u00c9diteurs et Professionnels de la Presse en Ligne (APPEL) et la Coordination des Associations de Presse (CAP).<br data-start=\"1160\" data-end=\"1163\" \/>Objectif affich\u00e9 : d\u00e9fendre d\u2019une seule voix les libert\u00e9s fondamentales menac\u00e9es.<\/p>\n<p data-start=\"1250\" data-end=\"1641\">Cette initiative intervient apr\u00e8s les arrestations de Ma\u00efmouna Ndour Faye, directrice g\u00e9n\u00e9rale de 7TV, et du journaliste Babacar Fall de RFM, ainsi que les interventions muscl\u00e9es des forces de l\u2019ordre dans leurs r\u00e9dactions respectives. Des op\u00e9rations jug\u00e9es \u201cviolentes et injustifi\u00e9es\u201d par les organisations de presse, qui y voient une atteinte grave \u00e0 la libert\u00e9 d\u2019informer.<\/p>\n<p data-start=\"1643\" data-end=\"1943\">Si Babacar Fall a \u00e9t\u00e9 lib\u00e9r\u00e9 dans la soir\u00e9e, Ma\u00efmouna Ndour Faye demeure en d\u00e9tention, un fait qui cristallise la col\u00e8re de la profession.<br data-start=\"1785\" data-end=\"1788\" \/>Pour les acteurs du secteur, il ne s\u2019agit plus seulement de d\u00e9fendre des confr\u00e8res, mais de pr\u00e9server l\u2019un des fondements de la d\u00e9mocratie s\u00e9n\u00e9galaise. <em>\u00ab Nous ne d\u00e9fendons pas seulement des journalistes, mais le droit du peuple \u00e0 \u00eatre inform\u00e9 \u00bb<\/em>, d\u00e9clare un membre du collectif r\u00e9uni au GFM.<\/p>\n<p data-start=\"2087\" data-end=\"2142\">Le FDLP a d\u00e9j\u00e0 arr\u00eat\u00e9 un plan d\u2019action national :<\/p>\n<ul data-start=\"2143\" data-end=\"2621\">\n<li data-start=\"2143\" data-end=\"2273\">\n<p data-start=\"2145\" data-end=\"2273\">Jeudi 30 octobre \u00e0 17 h, un sit-in se tiendra devant les locaux de 7TV, devenu le symbole de la r\u00e9sistance m\u00e9diatique.<\/p>\n<\/li>\n<li data-start=\"2274\" data-end=\"2415\">\n<p data-start=\"2276\" data-end=\"2415\">Cette mobilisation sera suivie d\u2019un plateau sp\u00e9cial diffus\u00e9 simultan\u00e9ment sur plusieurs cha\u00eenes de t\u00e9l\u00e9vision pour alerter l\u2019opinion.<\/p>\n<\/li>\n<li data-start=\"2416\" data-end=\"2621\">\n<p data-start=\"2418\" data-end=\"2621\">Enfin, le samedi 1er novembre \u00e0 midi, une Assembl\u00e9e g\u00e9n\u00e9rale constitutive du FDLP aura lieu \u00e0 la Maison de la Presse, afin d\u2019officialiser le mouvement et de pr\u00e9parer une marche nationale.<\/p>\n<\/li>\n<\/ul>\n<p data-start=\"2623\" data-end=\"2839\">Les initiateurs du front appellent toutes les forces vives, les organisations citoyennes et les d\u00e9fenseurs des droits humains \u00e0 se joindre \u00e0 ce qu\u2019ils qualifient de \u00ab <em>combat pour l\u2019int\u00e9r\u00eat national<\/em> \u00bb.<\/p>\n<p data-start=\"2841\" data-end=\"3079\">La presse s\u00e9n\u00e9galaise, longtemps salu\u00e9e comme mod\u00e8le de libert\u00e9 en Afrique de l\u2019Ouest, entend rappeler qu\u2019elle ne c\u00e9dera ni \u00e0 la peur, ni \u00e0 la censure.<\/p>\n<p data-start=\"2841\" data-end=\"3079\">Le ton est donn\u00e9 : les journalistes s\u00e9n\u00e9galais ne comptent pas se taire.<\/p>\n<div class='share-to-whatsapp-wrapper'><div class='share-on-whsp'>PARTAGER SUR : <\/div><a data-text='CRISE M\u00c9DIATIQUE AU S\u00c9N\u00c9GAL - Le Front pour la D\u00e9fense de la Libert\u00e9 de la Presse est n\u00e9' data-link='https:\/\/www.nettali.com\/2025\/10\/30\/crise-mediatique-au-senegal-un-front-pour-la-defense-de-la-liberte-de-la-presse\/' class='whatsapp-button whatsapp-share'>WhatsApp<\/a><div class='clear '><\/div><\/div>","protected":false},"excerpt":{"rendered":"<p>NETTALI.COM - Face \u00e0 l\u2019escalade des tensions entre les autorit\u00e9s et les m\u00e9dias, la presse s\u00e9n\u00e9galaise a d\u00e9cid\u00e9 de s\u2019unir. Ce mercredi 29 octobre 2025, plusieurs organisations professionnelles se sont retrouv\u00e9es dans les locaux du Groupe Futurs M\u00e9dias (GFM) pour d\u00e9finir une strat\u00e9gie commune. De cette r\u00e9union est n\u00e9 un cadre in\u00e9dit : le Front [&hellip;]<\/p>\n","protected":false},"author":4,"featured_media":116765,"comment_status":"open","ping_status":"open","sticky":false,"template":"","format":"standard","meta":{"_et_pb_use_builder":"","_et_pb_old_content":""},"categories":[2],"tags":[],"yoast_head":"<!-- This site is optimized with the Yoast SEO Premium plugin v17.8 (Yoast SEO v17.8) - https:\/\/yoast.com\/wordpress\/plugins\/seo\/ -->\n<title>CRISE M\u00c9DIATIQUE AU S\u00c9N\u00c9GAL - Le Front pour la D\u00e9fense de la Libert\u00e9 de la Presse est n\u00e9 | Nettali.com<\/title>\n<meta name=\"robots\" content=\"index, follow, max-snippet:-1, max-image-preview:large, max-video-preview:-1\" \/>\n<link rel=\"canonical\" href=\"https:\/\/www.nettali.com\/2025\/10\/30\/crise-mediatique-au-senegal-un-front-pour-la-defense-de-la-liberte-de-la-presse\/\" \/>\n<meta property=\"og:locale\" content=\"fr_FR\" \/>\n<meta property=\"og:type\" content=\"article\" \/>\n<meta property=\"og:title\" content=\"CRISE M\u00c9DIATIQUE AU S\u00c9N\u00c9GAL - Le Front pour la D\u00e9fense de la Libert\u00e9 de la Presse est n\u00e9\" \/>\n<meta property=\"og:description\" content=\"NETTALI.COM - Face \u00e0 l\u2019escalade des tensions entre les autorit\u00e9s et les m\u00e9dias, la presse s\u00e9n\u00e9galaise a d\u00e9cid\u00e9 de s\u2019unir. Ce mercredi 29 octobre 2025, plusieurs organisations professionnelles se sont retrouv\u00e9es dans les locaux du Groupe Futurs M\u00e9dias (GFM) pour d\u00e9finir une strat\u00e9gie commune. De cette r\u00e9union est n\u00e9 un cadre in\u00e9dit : le Front [&hellip;]\" \/>\n<meta property=\"og:url\" content=\"https:\/\/www.nettali.com\/2025\/10\/30\/crise-mediatique-au-senegal-un-front-pour-la-defense-de-la-liberte-de-la-presse\/\" \/>\n<meta property=\"og:site_name\" content=\"Nettali.com\" \/>\n<meta property=\"article:publisher\" content=\"https:\/\/www.facebook.com\/nettalicom\" \/>\n<meta property=\"article:published_time\" content=\"2025-10-30T06:54:34+00:00\" \/>\n<meta property=\"article:modified_time\" content=\"2025-10-31T07:30:33+00:00\" \/>\n<meta property=\"og:image\" content=\"https:\/\/www.nettali.com\/wp-content\/uploads\/2023\/08\/assise-des-medias.jpeg\" \/>\n\t<meta property=\"og:image:width\" content=\"2048\" \/>\n\t<meta property=\"og:image:height\" content=\"957\" \/>\n<meta name=\"twitter:card\" content=\"summary_large_image\" \/>\n<meta name=\"twitter:label1\" content=\"\u00c9crit par\" \/>\n\t<meta name=\"twitter:data1\" content=\"Daouda\" \/>\n\t<meta name=\"twitter:label2\" content=\"Dur\u00e9e de lecture estim\u00e9e\" \/>\n\t<meta name=\"twitter:data2\" content=\"3 minutes\" \/>\n<script type=\"application\/ld+json\" class=\"yoast-schema-graph\">{\"@context\":\"https:\/\/schema.org\",\"@graph\":[{\"@type\":\"WebSite\",\"@id\":\"https:\/\/www.nettali.com\/#website\",\"url\":\"https:\/\/www.nettali.com\/\",\"name\":\"Nettali.com\",\"description\":\"Le rendez-vous critique du Net\",\"potentialAction\":[{\"@type\":\"SearchAction\",\"target\":{\"@type\":\"EntryPoint\",\"urlTemplate\":\"https:\/\/www.nettali.com\/?s={search_term_string}\"},\"query-input\":\"required name=search_term_string\"}],\"inLanguage\":\"fr-FR\"},{\"@type\":\"ImageObject\",\"@id\":\"https:\/\/www.nettali.com\/2025\/10\/30\/crise-mediatique-au-senegal-un-front-pour-la-defense-de-la-liberte-de-la-presse\/#primaryimage\",\"inLanguage\":\"fr-FR\",\"url\":\"https:\/\/www.nettali.com\/wp-content\/uploads\/2023\/08\/assise-des-medias.jpeg\",\"contentUrl\":\"https:\/\/www.nettali.com\/wp-content\/uploads\/2023\/08\/assise-des-medias.jpeg\",\"width\":2048,\"height\":957},{\"@type\":\"WebPage\",\"@id\":\"https:\/\/www.nettali.com\/2025\/10\/30\/crise-mediatique-au-senegal-un-front-pour-la-defense-de-la-liberte-de-la-presse\/#webpage\",\"url\":\"https:\/\/www.nettali.com\/2025\/10\/30\/crise-mediatique-au-senegal-un-front-pour-la-defense-de-la-liberte-de-la-presse\/\",\"name\":\"CRISE M\\u00c9DIATIQUE AU S\\u00c9N\\u00c9GAL - Le Front pour la D\\u00e9fense de la Libert\\u00e9 de la Presse est n\\u00e9 | Nettali.com\",\"isPartOf\":{\"@id\":\"https:\/\/www.nettali.com\/#website\"},\"primaryImageOfPage\":{\"@id\":\"https:\/\/www.nettali.com\/2025\/10\/30\/crise-mediatique-au-senegal-un-front-pour-la-defense-de-la-liberte-de-la-presse\/#primaryimage\"},\"datePublished\":\"2025-10-30T06:54:34+00:00\",\"dateModified\":\"2025-10-31T07:30:33+00:00\",\"author\":{\"@id\":\"https:\/\/www.nettali.com\/#\/schema\/person\/3317e0bb3aa1da309fbf7b2780901bf4\"},\"breadcrumb\":{\"@id\":\"https:\/\/www.nettali.com\/2025\/10\/30\/crise-mediatique-au-senegal-un-front-pour-la-defense-de-la-liberte-de-la-presse\/#breadcrumb\"},\"inLanguage\":\"fr-FR\",\"potentialAction\":[{\"@type\":\"ReadAction\",\"target\":[\"https:\/\/www.nettali.com\/2025\/10\/30\/crise-mediatique-au-senegal-un-front-pour-la-defense-de-la-liberte-de-la-presse\/\"]}]},{\"@type\":\"BreadcrumbList\",\"@id\":\"https:\/\/www.nettali.com\/2025\/10\/30\/crise-mediatique-au-senegal-un-front-pour-la-defense-de-la-liberte-de-la-presse\/#breadcrumb\",\"itemListElement\":[{\"@type\":\"ListItem\",\"position\":1,\"name\":\"Accueil\",\"item\":\"https:\/\/www.nettali.com\/\"},{\"@type\":\"ListItem\",\"position\":2,\"name\":\"CRISE M\\u00c9DIATIQUE AU S\\u00c9N\\u00c9GAL - Le Front pour la D\\u00e9fense de la Libert\\u00e9 de la Presse est n\\u00e9\"}]},{\"@type\":\"Person\",\"@id\":\"https:\/\/www.nettali.com\/#\/schema\/person\/3317e0bb3aa1da309fbf7b2780901bf4\",\"name\":\"Daouda\",\"image\":{\"@type\":\"ImageObject\",\"@id\":\"https:\/\/www.nettali.com\/#personlogo\",\"inLanguage\":\"fr-FR\",\"url\":\"https:\/\/secure.gravatar.com\/avatar\/8d143b5a49345098ddcfee1c49c2f47c?s=96&d=mm&r=g\",\"contentUrl\":\"https:\/\/secure.gravatar.com\/avatar\/8d143b5a49345098ddcfee1c49c2f47c?s=96&d=mm&r=g\",\"caption\":\"Daouda\"},\"sameAs\":[\"https:\/\/www.nettali.com\"]}]}<\/script>\n<!-- \/ Yoast SEO Premium plugin. -->","yoast_head_json":{"title":"CRISE M\u00c9DIATIQUE AU S\u00c9N\u00c9GAL - Le Front pour la D\u00e9fense de la Libert\u00e9 de la Presse est n\u00e9 | Nettali.com","robots":{"index":"index","follow":"follow","max-snippet":"max-snippet:-1","max-image-preview":"max-image-preview:large","max-video-preview":"max-video-preview:-1"},"canonical":"https:\/\/www.nettali.com\/2025\/10\/30\/crise-mediatique-au-senegal-un-front-pour-la-defense-de-la-liberte-de-la-presse\/","og_locale":"fr_FR","og_type":"article","og_title":"CRISE M\u00c9DIATIQUE AU S\u00c9N\u00c9GAL - Le Front pour la D\u00e9fense de la Libert\u00e9 de la Presse est n\u00e9","og_description":"NETTALI.COM - Face \u00e0 l\u2019escalade des tensions entre les autorit\u00e9s et les m\u00e9dias, la presse s\u00e9n\u00e9galaise a d\u00e9cid\u00e9 de s\u2019unir. Ce mercredi 29 octobre 2025, plusieurs organisations professionnelles se sont retrouv\u00e9es dans les locaux du Groupe Futurs M\u00e9dias (GFM) pour d\u00e9finir une strat\u00e9gie commune. De cette r\u00e9union est n\u00e9 un cadre in\u00e9dit : le Front [&hellip;]","og_url":"https:\/\/www.nettali.com\/2025\/10\/30\/crise-mediatique-au-senegal-un-front-pour-la-defense-de-la-liberte-de-la-presse\/","og_site_name":"Nettali.com","article_publisher":"https:\/\/www.facebook.com\/nettalicom","article_published_time":"2025-10-30T06:54:34+00:00","article_modified_time":"2025-10-31T07:30:33+00:00","og_image":[{"width":2048,"height":957,"url":"https:\/\/www.nettali.com\/wp-content\/uploads\/2023\/08\/assise-des-medias.jpeg","type":"image\/jpeg"}],"twitter_card":"summary_large_image","twitter_misc":{"\u00c9crit par":"Daouda","Dur\u00e9e de lecture estim\u00e9e":"3 minutes"},"schema":{"@context":"https:\/\/schema.org","@graph":[{"@type":"WebSite","@id":"https:\/\/www.nettali.com\/#website","url":"https:\/\/www.nettali.com\/","name":"Nettali.com","description":"Le rendez-vous critique du Net","potentialAction":[{"@type":"SearchAction","target":{"@type":"EntryPoint","urlTemplate":"https:\/\/www.nettali.com\/?s={search_term_string}"},"query-input":"required name=search_term_string"}],"inLanguage":"fr-FR"},{"@type":"ImageObject","@id":"https:\/\/www.nettali.com\/2025\/10\/30\/crise-mediatique-au-senegal-un-front-pour-la-defense-de-la-liberte-de-la-presse\/#primaryimage","inLanguage":"fr-FR","url":"https:\/\/www.nettali.com\/wp-content\/uploads\/2023\/08\/assise-des-medias.jpeg","contentUrl":"https:\/\/www.nettali.com\/wp-content\/uploads\/2023\/08\/assise-des-medias.jpeg","width":2048,"height":957},{"@type":"WebPage","@id":"https:\/\/www.nettali.com\/2025\/10\/30\/crise-mediatique-au-senegal-un-front-pour-la-defense-de-la-liberte-de-la-presse\/#webpage","url":"https:\/\/www.nettali.com\/2025\/10\/30\/crise-mediatique-au-senegal-un-front-pour-la-defense-de-la-liberte-de-la-presse\/","name":"CRISE M\u00c9DIATIQUE AU S\u00c9N\u00c9GAL - Le Front pour la D\u00e9fense de la Libert\u00e9 de la Presse est n\u00e9 | Nettali.com","isPartOf":{"@id":"https:\/\/www.nettali.com\/#website"},"primaryImageOfPage":{"@id":"https:\/\/www.nettali.com\/2025\/10\/30\/crise-mediatique-au-senegal-un-front-pour-la-defense-de-la-liberte-de-la-presse\/#primaryimage"},"datePublished":"2025-10-30T06:54:34+00:00","dateModified":"2025-10-31T07:30:33+00:00","author":{"@id":"https:\/\/www.nettali.com\/#\/schema\/person\/3317e0bb3aa1da309fbf7b2780901bf4"},"breadcrumb":{"@id":"https:\/\/www.nettali.com\/2025\/10\/30\/crise-mediatique-au-senegal-un-front-pour-la-defense-de-la-liberte-de-la-presse\/#breadcrumb"},"inLanguage":"fr-FR","potentialAction":[{"@type":"ReadAction","target":["https:\/\/www.nettali.com\/2025\/10\/30\/crise-mediatique-au-senegal-un-front-pour-la-defense-de-la-liberte-de-la-presse\/"]}]},{"@type":"BreadcrumbList","@id":"https:\/\/www.nettali.com\/2025\/10\/30\/crise-mediatique-au-senegal-un-front-pour-la-defense-de-la-liberte-de-la-presse\/#breadcrumb","itemListElement":[{"@type":"ListItem","position":1,"name":"Accueil","item":"https:\/\/www.nettali.com\/"},{"@type":"ListItem","position":2,"name":"CRISE M\u00c9DIATIQUE AU S\u00c9N\u00c9GAL - Le Front pour la D\u00e9fense de la Libert\u00e9 de la Presse est n\u00e9"}]},{"@type":"Person","@id":"https:\/\/www.nettali.com\/#\/schema\/person\/3317e0bb3aa1da309fbf7b2780901bf4","name":"Daouda","image":{"@type":"ImageObject","@id":"https:\/\/www.nettali.com\/#personlogo","inLanguage":"fr-FR","url":"https:\/\/secure.gravatar.com\/avatar\/8d143b5a49345098ddcfee1c49c2f47c?s=96&d=mm&r=g","contentUrl":"https:\/\/secure.gravatar.com\/avatar\/8d143b5a49345098ddcfee1c49c2f47c?s=96&d=mm&r=g","caption":"Daouda"},"sameAs":["https:\/\/www.nettali.com"]}]}},"_links":{"self":[{"href":"https:\/\/www.nettali.com\/rest\/wp\/v2\/posts\/163726"}],"collection":[{"href":"https:\/\/www.nettali.com\/rest\/wp\/v2\/posts"}],"about":[{"href":"https:\/\/www.nettali.com\/rest\/wp\/v2\/types\/post"}],"author":[{"embeddable":true,"href":"https:\/\/www.nettali.com\/rest\/wp\/v2\/users\/4"}],"replies":[{"embeddable":true,"href":"https:\/\/www.nettali.com\/rest\/wp\/v2\/comments?post=163726"}],"version-history":[{"count":4,"href":"https:\/\/www.nettali.com\/rest\/wp\/v2\/posts\/163726\/revisions"}],"predecessor-version":[{"id":163733,"href":"https:\/\/www.nettali.com\/rest\/wp\/v2\/posts\/163726\/revisions\/163733"}],"wp:featuredmedia":[{"embeddable":true,"href":"https:\/\/www.nettali.com\/rest\/wp\/v2\/media\/116765"}],"wp:attachment":[{"href":"https:\/\/www.nettali.com\/rest\/wp\/v2\/media?parent=163726"}],"wp:term":[{"taxonomy":"category","embeddable":true,"href":"https:\/\/www.nettali.com\/rest\/wp\/v2\/categories?post=163726"},{"taxonomy":"post_tag","embeddable":true,"href":"https:\/\/www.nettali.com\/rest\/wp\/v2\/tags?post=163726"}],"curies":[{"name":"wp","href":"https:\/\/api.w.org\/{rel}","templated":true}]}}