{"id":163722,"date":"2025-10-30T11:18:28","date_gmt":"2025-10-30T11:18:28","guid":{"rendered":"https:\/\/www.nettali.com\/?p=163722"},"modified":"2025-10-30T07:19:39","modified_gmt":"2025-10-30T07:19:39","slug":"mondial-2026-q-afrique-le-calendrier-du-mini-tournoi-devoile","status":"publish","type":"post","link":"https:\/\/www.nettali.com\/2025\/10\/30\/mondial-2026-q-afrique-le-calendrier-du-mini-tournoi-devoile\/","title":{"rendered":"MONDIAL 2026 Q\/AFRIQUE - Le calendrier du mini-tournoi d\u00e9voil\u00e9"},"content":{"rendered":"<p><strong>NETTALI.COM - Les qualifications de la zone Afrique ont pris fin pour la grande majorit\u00e9 des \u00e9quipes lors de la derni\u00e8re tr\u00eave internationale du mois d\u2019octobre. Mais quatre s\u00e9lections sont encore concern\u00e9es, dans l\u2019espoir de r\u00e9cup\u00e9rer un billet pour la Coupe du Monde 2026. Les quatre meilleurs deuxi\u00e8mes de poule vont en effet s\u2019affronter lors de la tr\u00eave de novembre, dans un mini-tournoi.<\/strong><\/p>\n<p>La conf\u00e9d\u00e9ration africaine de football a communiqu\u00e9 ce mercredi le calendrier de ce tournoi, qui d\u00e9butera donc le 13 novembre avec Nig\u00e9ria-Gabon \u00e0 17h, puis Cameroun-R\u00e9publique d\u00e9mocratique du Congo. La finale se jouera le 16 novembre, \u00e0 Rabat au Maroc, \u00e0 20h entre les deux gagnants.<\/p>\n<p>Le parcours ne sera alors pas fini, puisque le vainqueur de ce tournoi africain participera au tournoi de barrage en mars prochain avec des s\u00e9lections d\u2019autres conf\u00e9d\u00e9rations, pour obtenir les deux derniers tickets pour le Mondial.<\/p>\n<p>A noter que dans la zone Afrique, les s\u00e9lections d\u00e9j\u00e0 qualifi\u00e9es sont : Afrique du Sud, Alg\u00e9rie, Cap-Vert, C\u00f4te d\u2019Ivoire, \u00c9gypte, Ghana, Maroc, S\u00e9n\u00e9gal et Tunisie.<\/p>\n<div class='share-to-whatsapp-wrapper'><div class='share-on-whsp'>PARTAGER SUR : <\/div><a data-text='MONDIAL 2026 Q\/AFRIQUE - Le calendrier du mini-tournoi d\u00e9voil\u00e9' data-link='https:\/\/www.nettali.com\/2025\/10\/30\/mondial-2026-q-afrique-le-calendrier-du-mini-tournoi-devoile\/' class='whatsapp-button whatsapp-share'>WhatsApp<\/a><div class='clear '><\/div><\/div>","protected":false},"excerpt":{"rendered":"<p>NETTALI.COM - Les qualifications de la zone Afrique ont pris fin pour la grande majorit\u00e9 des \u00e9quipes lors de la derni\u00e8re tr\u00eave internationale du mois d\u2019octobre. Mais quatre s\u00e9lections sont encore concern\u00e9es, dans l\u2019espoir de r\u00e9cup\u00e9rer un billet pour la Coupe du Monde 2026. Les quatre meilleurs deuxi\u00e8mes de poule vont en effet s\u2019affronter lors [&hellip;]<\/p>\n","protected":false},"author":5,"featured_media":163719,"comment_status":"open","ping_status":"open","sticky":false,"template":"","format":"standard","meta":{"_et_pb_use_builder":"","_et_pb_old_content":""},"categories":[6],"tags":[],"yoast_head":"<!-- This site is optimized with the Yoast SEO Premium plugin v17.8 (Yoast SEO v17.8) - https:\/\/yoast.com\/wordpress\/plugins\/seo\/ -->\n<title>MONDIAL 2026 Q\/AFRIQUE - Le calendrier du mini-tournoi d\u00e9voil\u00e9 | Nettali.com<\/title>\n<meta name=\"robots\" content=\"index, follow, max-snippet:-1, max-image-preview:large, max-video-preview:-1\" \/>\n<link rel=\"canonical\" href=\"https:\/\/www.nettali.com\/2025\/10\/30\/mondial-2026-q-afrique-le-calendrier-du-mini-tournoi-devoile\/\" \/>\n<meta property=\"og:locale\" content=\"fr_FR\" \/>\n<meta property=\"og:type\" content=\"article\" \/>\n<meta property=\"og:title\" content=\"MONDIAL 2026 Q\/AFRIQUE - Le calendrier du mini-tournoi d\u00e9voil\u00e9\" \/>\n<meta property=\"og:description\" content=\"NETTALI.COM - Les qualifications de la zone Afrique ont pris fin pour la grande majorit\u00e9 des \u00e9quipes lors de la derni\u00e8re tr\u00eave internationale du mois d\u2019octobre. Mais quatre s\u00e9lections sont encore concern\u00e9es, dans l\u2019espoir de r\u00e9cup\u00e9rer un billet pour la Coupe du Monde 2026. Les quatre meilleurs deuxi\u00e8mes de poule vont en effet s\u2019affronter lors [&hellip;]\" \/>\n<meta property=\"og:url\" content=\"https:\/\/www.nettali.com\/2025\/10\/30\/mondial-2026-q-afrique-le-calendrier-du-mini-tournoi-devoile\/\" \/>\n<meta property=\"og:site_name\" content=\"Nettali.com\" \/>\n<meta property=\"article:publisher\" content=\"https:\/\/www.facebook.com\/nettalicom\" \/>\n<meta property=\"article:published_time\" content=\"2025-10-30T11:18:28+00:00\" \/>\n<meta property=\"article:modified_time\" content=\"2025-10-30T07:19:39+00:00\" \/>\n<meta property=\"og:image\" content=\"https:\/\/www.nettali.com\/wp-content\/uploads\/2025\/10\/Nouveau-projet-2025-10-19T103427.598-700x394-1.jpg\" \/>\n\t<meta property=\"og:image:width\" content=\"700\" \/>\n\t<meta property=\"og:image:height\" content=\"394\" \/>\n<meta name=\"twitter:card\" content=\"summary_large_image\" \/>\n<meta name=\"twitter:label1\" content=\"\u00c9crit par\" \/>\n\t<meta name=\"twitter:data1\" content=\"Ibrahima\" \/>\n\t<meta name=\"twitter:label2\" content=\"Dur\u00e9e de lecture estim\u00e9e\" \/>\n\t<meta name=\"twitter:data2\" content=\"1 minute\" \/>\n<script type=\"application\/ld+json\" class=\"yoast-schema-graph\">{\"@context\":\"https:\/\/schema.org\",\"@graph\":[{\"@type\":\"WebSite\",\"@id\":\"https:\/\/www.nettali.com\/#website\",\"url\":\"https:\/\/www.nettali.com\/\",\"name\":\"Nettali.com\",\"description\":\"Le rendez-vous critique du Net\",\"potentialAction\":[{\"@type\":\"SearchAction\",\"target\":{\"@type\":\"EntryPoint\",\"urlTemplate\":\"https:\/\/www.nettali.com\/?s={search_term_string}\"},\"query-input\":\"required name=search_term_string\"}],\"inLanguage\":\"fr-FR\"},{\"@type\":\"ImageObject\",\"@id\":\"https:\/\/www.nettali.com\/2025\/10\/30\/mondial-2026-q-afrique-le-calendrier-du-mini-tournoi-devoile\/#primaryimage\",\"inLanguage\":\"fr-FR\",\"url\":\"https:\/\/www.nettali.com\/wp-content\/uploads\/2025\/10\/Nouveau-projet-2025-10-19T103427.598-700x394-1.jpg\",\"contentUrl\":\"https:\/\/www.nettali.com\/wp-content\/uploads\/2025\/10\/Nouveau-projet-2025-10-19T103427.598-700x394-1.jpg\",\"width\":700,\"height\":394},{\"@type\":\"WebPage\",\"@id\":\"https:\/\/www.nettali.com\/2025\/10\/30\/mondial-2026-q-afrique-le-calendrier-du-mini-tournoi-devoile\/#webpage\",\"url\":\"https:\/\/www.nettali.com\/2025\/10\/30\/mondial-2026-q-afrique-le-calendrier-du-mini-tournoi-devoile\/\",\"name\":\"MONDIAL 2026 Q\/AFRIQUE - Le calendrier du mini-tournoi d\\u00e9voil\\u00e9 | Nettali.com\",\"isPartOf\":{\"@id\":\"https:\/\/www.nettali.com\/#website\"},\"primaryImageOfPage\":{\"@id\":\"https:\/\/www.nettali.com\/2025\/10\/30\/mondial-2026-q-afrique-le-calendrier-du-mini-tournoi-devoile\/#primaryimage\"},\"datePublished\":\"2025-10-30T11:18:28+00:00\",\"dateModified\":\"2025-10-30T07:19:39+00:00\",\"author\":{\"@id\":\"https:\/\/www.nettali.com\/#\/schema\/person\/bb147657c2986240405a608162b9bb23\"},\"breadcrumb\":{\"@id\":\"https:\/\/www.nettali.com\/2025\/10\/30\/mondial-2026-q-afrique-le-calendrier-du-mini-tournoi-devoile\/#breadcrumb\"},\"inLanguage\":\"fr-FR\",\"potentialAction\":[{\"@type\":\"ReadAction\",\"target\":[\"https:\/\/www.nettali.com\/2025\/10\/30\/mondial-2026-q-afrique-le-calendrier-du-mini-tournoi-devoile\/\"]}]},{\"@type\":\"BreadcrumbList\",\"@id\":\"https:\/\/www.nettali.com\/2025\/10\/30\/mondial-2026-q-afrique-le-calendrier-du-mini-tournoi-devoile\/#breadcrumb\",\"itemListElement\":[{\"@type\":\"ListItem\",\"position\":1,\"name\":\"Accueil\",\"item\":\"https:\/\/www.nettali.com\/\"},{\"@type\":\"ListItem\",\"position\":2,\"name\":\"MONDIAL 2026 Q\/AFRIQUE - Le calendrier du mini-tournoi d\\u00e9voil\\u00e9\"}]},{\"@type\":\"Person\",\"@id\":\"https:\/\/www.nettali.com\/#\/schema\/person\/bb147657c2986240405a608162b9bb23\",\"name\":\"Ibrahima\",\"image\":{\"@type\":\"ImageObject\",\"@id\":\"https:\/\/www.nettali.com\/#personlogo\",\"inLanguage\":\"fr-FR\",\"url\":\"https:\/\/secure.gravatar.com\/avatar\/26a8a81f09f0dd7624c9d5c36c9ba3a2?s=96&d=mm&r=g\",\"contentUrl\":\"https:\/\/secure.gravatar.com\/avatar\/26a8a81f09f0dd7624c9d5c36c9ba3a2?s=96&d=mm&r=g\",\"caption\":\"Ibrahima\"},\"sameAs\":[\"https:\/\/www.nettali.com\"]}]}<\/script>\n<!-- \/ Yoast SEO Premium plugin. -->","yoast_head_json":{"title":"MONDIAL 2026 Q\/AFRIQUE - Le calendrier du mini-tournoi d\u00e9voil\u00e9 | Nettali.com","robots":{"index":"index","follow":"follow","max-snippet":"max-snippet:-1","max-image-preview":"max-image-preview:large","max-video-preview":"max-video-preview:-1"},"canonical":"https:\/\/www.nettali.com\/2025\/10\/30\/mondial-2026-q-afrique-le-calendrier-du-mini-tournoi-devoile\/","og_locale":"fr_FR","og_type":"article","og_title":"MONDIAL 2026 Q\/AFRIQUE - Le calendrier du mini-tournoi d\u00e9voil\u00e9","og_description":"NETTALI.COM - Les qualifications de la zone Afrique ont pris fin pour la grande majorit\u00e9 des \u00e9quipes lors de la derni\u00e8re tr\u00eave internationale du mois d\u2019octobre. Mais quatre s\u00e9lections sont encore concern\u00e9es, dans l\u2019espoir de r\u00e9cup\u00e9rer un billet pour la Coupe du Monde 2026. Les quatre meilleurs deuxi\u00e8mes de poule vont en effet s\u2019affronter lors [&hellip;]","og_url":"https:\/\/www.nettali.com\/2025\/10\/30\/mondial-2026-q-afrique-le-calendrier-du-mini-tournoi-devoile\/","og_site_name":"Nettali.com","article_publisher":"https:\/\/www.facebook.com\/nettalicom","article_published_time":"2025-10-30T11:18:28+00:00","article_modified_time":"2025-10-30T07:19:39+00:00","og_image":[{"width":700,"height":394,"url":"https:\/\/www.nettali.com\/wp-content\/uploads\/2025\/10\/Nouveau-projet-2025-10-19T103427.598-700x394-1.jpg","type":"image\/jpeg"}],"twitter_card":"summary_large_image","twitter_misc":{"\u00c9crit par":"Ibrahima","Dur\u00e9e de lecture estim\u00e9e":"1 minute"},"schema":{"@context":"https:\/\/schema.org","@graph":[{"@type":"WebSite","@id":"https:\/\/www.nettali.com\/#website","url":"https:\/\/www.nettali.com\/","name":"Nettali.com","description":"Le rendez-vous critique du Net","potentialAction":[{"@type":"SearchAction","target":{"@type":"EntryPoint","urlTemplate":"https:\/\/www.nettali.com\/?s={search_term_string}"},"query-input":"required name=search_term_string"}],"inLanguage":"fr-FR"},{"@type":"ImageObject","@id":"https:\/\/www.nettali.com\/2025\/10\/30\/mondial-2026-q-afrique-le-calendrier-du-mini-tournoi-devoile\/#primaryimage","inLanguage":"fr-FR","url":"https:\/\/www.nettali.com\/wp-content\/uploads\/2025\/10\/Nouveau-projet-2025-10-19T103427.598-700x394-1.jpg","contentUrl":"https:\/\/www.nettali.com\/wp-content\/uploads\/2025\/10\/Nouveau-projet-2025-10-19T103427.598-700x394-1.jpg","width":700,"height":394},{"@type":"WebPage","@id":"https:\/\/www.nettali.com\/2025\/10\/30\/mondial-2026-q-afrique-le-calendrier-du-mini-tournoi-devoile\/#webpage","url":"https:\/\/www.nettali.com\/2025\/10\/30\/mondial-2026-q-afrique-le-calendrier-du-mini-tournoi-devoile\/","name":"MONDIAL 2026 Q\/AFRIQUE - Le calendrier du mini-tournoi d\u00e9voil\u00e9 | Nettali.com","isPartOf":{"@id":"https:\/\/www.nettali.com\/#website"},"primaryImageOfPage":{"@id":"https:\/\/www.nettali.com\/2025\/10\/30\/mondial-2026-q-afrique-le-calendrier-du-mini-tournoi-devoile\/#primaryimage"},"datePublished":"2025-10-30T11:18:28+00:00","dateModified":"2025-10-30T07:19:39+00:00","author":{"@id":"https:\/\/www.nettali.com\/#\/schema\/person\/bb147657c2986240405a608162b9bb23"},"breadcrumb":{"@id":"https:\/\/www.nettali.com\/2025\/10\/30\/mondial-2026-q-afrique-le-calendrier-du-mini-tournoi-devoile\/#breadcrumb"},"inLanguage":"fr-FR","potentialAction":[{"@type":"ReadAction","target":["https:\/\/www.nettali.com\/2025\/10\/30\/mondial-2026-q-afrique-le-calendrier-du-mini-tournoi-devoile\/"]}]},{"@type":"BreadcrumbList","@id":"https:\/\/www.nettali.com\/2025\/10\/30\/mondial-2026-q-afrique-le-calendrier-du-mini-tournoi-devoile\/#breadcrumb","itemListElement":[{"@type":"ListItem","position":1,"name":"Accueil","item":"https:\/\/www.nettali.com\/"},{"@type":"ListItem","position":2,"name":"MONDIAL 2026 Q\/AFRIQUE - Le calendrier du mini-tournoi d\u00e9voil\u00e9"}]},{"@type":"Person","@id":"https:\/\/www.nettali.com\/#\/schema\/person\/bb147657c2986240405a608162b9bb23","name":"Ibrahima","image":{"@type":"ImageObject","@id":"https:\/\/www.nettali.com\/#personlogo","inLanguage":"fr-FR","url":"https:\/\/secure.gravatar.com\/avatar\/26a8a81f09f0dd7624c9d5c36c9ba3a2?s=96&d=mm&r=g","contentUrl":"https:\/\/secure.gravatar.com\/avatar\/26a8a81f09f0dd7624c9d5c36c9ba3a2?s=96&d=mm&r=g","caption":"Ibrahima"},"sameAs":["https:\/\/www.nettali.com"]}]}},"_links":{"self":[{"href":"https:\/\/www.nettali.com\/rest\/wp\/v2\/posts\/163722"}],"collection":[{"href":"https:\/\/www.nettali.com\/rest\/wp\/v2\/posts"}],"about":[{"href":"https:\/\/www.nettali.com\/rest\/wp\/v2\/types\/post"}],"author":[{"embeddable":true,"href":"https:\/\/www.nettali.com\/rest\/wp\/v2\/users\/5"}],"replies":[{"embeddable":true,"href":"https:\/\/www.nettali.com\/rest\/wp\/v2\/comments?post=163722"}],"version-history":[{"count":3,"href":"https:\/\/www.nettali.com\/rest\/wp\/v2\/posts\/163722\/revisions"}],"predecessor-version":[{"id":163735,"href":"https:\/\/www.nettali.com\/rest\/wp\/v2\/posts\/163722\/revisions\/163735"}],"wp:featuredmedia":[{"embeddable":true,"href":"https:\/\/www.nettali.com\/rest\/wp\/v2\/media\/163719"}],"wp:attachment":[{"href":"https:\/\/www.nettali.com\/rest\/wp\/v2\/media?parent=163722"}],"wp:term":[{"taxonomy":"category","embeddable":true,"href":"https:\/\/www.nettali.com\/rest\/wp\/v2\/categories?post=163722"},{"taxonomy":"post_tag","embeddable":true,"href":"https:\/\/www.nettali.com\/rest\/wp\/v2\/tags?post=163722"}],"curies":[{"name":"wp","href":"https:\/\/api.w.org\/{rel}","templated":true}]}}