{"id":163718,"date":"2025-10-29T23:13:55","date_gmt":"2025-10-29T23:13:55","guid":{"rendered":"https:\/\/www.nettali.com\/?p=163718"},"modified":"2025-10-30T17:13:19","modified_gmt":"2025-10-30T17:13:19","slug":"enregistrement-systematique-a-letat-civil-modou-lo-et-le-groupe-saltigui-portent-la-voix-de-lanec","status":"publish","type":"post","link":"https:\/\/www.nettali.com\/2025\/10\/29\/enregistrement-systematique-a-letat-civil-modou-lo-et-le-groupe-saltigui-portent-la-voix-de-lanec\/","title":{"rendered":"ENREGISTREMENT SYST\u00c9MATIQUE \u00c0 L'\u00c9TAT CIVIL - Modou L\u00f4 et le groupe Saltigui portent la voix de l'ANEC"},"content":{"rendered":"<p dir=\"ltr\"><strong>NETTALI.COM - Ce mercredi 29 octobre, l\u2019Agence nationale de l\u2019\u00e9tat civil (ANEC) a sign\u00e9 des conventions avec le \"Roi des Ar\u00e8nes\" Modou L\u00f4 et le groupe de musique Saltigui Diofior. Un partenariat qui a pour but de promouvoir la d\u00e9claration syst\u00e9matique des faits d\u2019\u00e9tat civil, \u00e0 savoir les naissances, les mariages et les d\u00e9c\u00e8s, \u00e0 l\u2019aide de leur image et de leur voix.<\/strong><\/p>\n<p dir=\"ltr\">\"<em>Le r\u00f4le de ces ambassadeurs sera essentiel dans la sensibilisation des citoyens sur l'importance de l'enregistrement \u00e0 l'\u00e9tat civil. En effet, ils mettront \u00e0 contribution leur notori\u00e9t\u00e9 et leur influence en faveur de la promotion de la d\u00e9claration syst\u00e9matique des faits d'\u00e9tat civil, notamment les naissances, les mariages et les d\u00e9c\u00e8s<\/em>\", a d\u00e9clar\u00e9 le directeur g\u00e9n\u00e9ral de l'ANEC, Matar Ndao.<\/p>\n<p>\"<em>L'\u00e9tat civil constitue un pilier fondamental de la vie des citoyens et garantit la reconnaissance juridique de leur existence ainsi que l'acc\u00e8s \u00e0 leurs droits fondamentaux<\/em>\", a-t-il ajout\u00e9.<\/p>\n<p dir=\"ltr\">A l'en croire, la signature de ces conventions officialisera la collaboration entre l'ANEC et ses nouveaux ambassadeurs. Pour monsieur Ndao, le choix port\u00e9 sur les ambassadeurs \"<em>a une port\u00e9e hautement strat\u00e9gique en ce sens que ce partenariat s'inscrit dans le cadre plus large de la modernisation de l'\u00e9tat civil s\u00e9n\u00e9galais qui int\u00e8gre la digitalisation, le renforcement des capacit\u00e9s des acteurs, une plus grande mobilisation sociale, etc afin d'assurer \u00e0 chaque s\u00e9n\u00e9galais un \u00e9tat civil digitalis\u00e9, s\u00e9curis\u00e9 et accessible<\/em>.\"<\/p>\n<p dir=\"ltr\"><strong>L'engagement de Modou L\u00f4\u00a0<\/strong><\/p>\n<p dir=\"ltr\">\"<em>Beaucoup de S\u00e9n\u00e9galais peinent \u00e0 faire des d\u00e9clarations au niveau des \u00e9tats civils. Plusieurs \u00e9l\u00e8ves ont \u00e9t\u00e9 contraint d'abandonner les \u00e9tudes faute d'acte de naissance. Certes le groupe Saltigui et moi ont \u00e9t\u00e9 choisi comme ambassadeurs mais je pense c'est l'affaire de tout le monde. Tout S\u00e9n\u00e9galais doit \u00eatre ambassadeur afin de r\u00e9gler d\u00e9finitivement ces manquements<\/em>\", a laiss\u00e9 entendre le.\"Roi des Ar\u00e8nes\".<\/p>\n<p dir=\"ltr\">\"<em>Je suis tr\u00e8s heureux d'\u00eatre choisi comme ambassadeur. Au-del\u00e0 de la signature de l\u2019accord qui le lie \u00e0 l\u2019ANEC, je ferai preuve d\u2019une d\u00e9termination totale pour aider l\u2019agence charg\u00e9e de l\u2019\u00e9tat civil \u00e0 atteindre ses objectifs.C\u2019est tr\u00e8s important, parce que la question de l\u2019enregistrement s\u2019accompagne de nombreux probl\u00e8mes au S\u00e9n\u00e9gal<\/em>\", a-t-il dit le Roc des Parcelles Assainies.<\/p>\n<p dir=\"ltr\">De son c\u00f4t\u00e9, le.groupe Saltigui de Diofior s\u2019engage \u00e0 convaincre les S\u00e9n\u00e9galais de l\u2019importance de l\u2019\u00e9tat civil.<\/p>\n<p dir=\"ltr\">Conseiller technique du ministre de l\u2019Urbanisme, des Collectivit\u00e9s territoriales et de l\u2019Am\u00e9nagement des territoires, Abdoulaye Djigo esp\u00e8re que \"<em>le r\u00f4le de ces ambassadeurs sera essentiel dans la sensibilisation des citoyens \u00e0 l\u2019importance de l\u2019enregistrement \u00e0 l\u2019\u00e9tat civil<\/em>\".<\/p>\n<p dir=\"ltr\">\"<em>Modou L\u00f4 et les membres du groupe Saltigui Diofior feront usage de leur notori\u00e9t\u00e9 et de leur influence pour aider l\u2019ANEC \u00e0 promouvoir la d\u00e9claration syst\u00e9matique des faits d\u2019\u00e9tat civil<\/em>\", a gliss\u00e9 M. Djigo.<\/p>\n<div class='share-to-whatsapp-wrapper'><div class='share-on-whsp'>PARTAGER SUR : <\/div><a data-text='ENREGISTREMENT SYST\u00c9MATIQUE \u00c0 L'\u00c9TAT CIVIL - Modou L\u00f4 et le groupe Saltigui portent la voix de l'ANEC' data-link='https:\/\/www.nettali.com\/2025\/10\/29\/enregistrement-systematique-a-letat-civil-modou-lo-et-le-groupe-saltigui-portent-la-voix-de-lanec\/' class='whatsapp-button whatsapp-share'>WhatsApp<\/a><div class='clear '><\/div><\/div>","protected":false},"excerpt":{"rendered":"<p>NETTALI.COM - Ce mercredi 29 octobre, l\u2019Agence nationale de l\u2019\u00e9tat civil (ANEC) a sign\u00e9 des conventions avec le \"Roi des Ar\u00e8nes\" Modou L\u00f4 et le groupe de musique Saltigui Diofior. Un partenariat qui a pour but de promouvoir la d\u00e9claration syst\u00e9matique des faits d\u2019\u00e9tat civil, \u00e0 savoir les naissances, les mariages et les d\u00e9c\u00e8s, \u00e0 [&hellip;]<\/p>\n","protected":false},"author":5,"featured_media":163720,"comment_status":"open","ping_status":"open","sticky":false,"template":"","format":"standard","meta":{"_et_pb_use_builder":"","_et_pb_old_content":""},"categories":[3],"tags":[],"yoast_head":"<!-- This site is optimized with the Yoast SEO Premium plugin v17.8 (Yoast SEO v17.8) - https:\/\/yoast.com\/wordpress\/plugins\/seo\/ -->\n<title>ENREGISTREMENT SYST\u00c9MATIQUE \u00c0 L&#039;\u00c9TAT CIVIL - Modou L\u00f4 et le groupe Saltigui portent la voix de l&#039;ANEC | Nettali.com<\/title>\n<meta name=\"robots\" content=\"index, follow, max-snippet:-1, max-image-preview:large, max-video-preview:-1\" \/>\n<link rel=\"canonical\" href=\"https:\/\/www.nettali.com\/2025\/10\/29\/enregistrement-systematique-a-letat-civil-modou-lo-et-le-groupe-saltigui-portent-la-voix-de-lanec\/\" \/>\n<meta property=\"og:locale\" content=\"fr_FR\" \/>\n<meta property=\"og:type\" content=\"article\" \/>\n<meta property=\"og:title\" content=\"ENREGISTREMENT SYST\u00c9MATIQUE \u00c0 L&#039;\u00c9TAT CIVIL - Modou L\u00f4 et le groupe Saltigui portent la voix de l&#039;ANEC\" \/>\n<meta property=\"og:description\" content=\"NETTALI.COM - Ce mercredi 29 octobre, l\u2019Agence nationale de l\u2019\u00e9tat civil (ANEC) a sign\u00e9 des conventions avec le &quot;Roi des Ar\u00e8nes&quot; Modou L\u00f4 et le groupe de musique Saltigui Diofior. Un partenariat qui a pour but de promouvoir la d\u00e9claration syst\u00e9matique des faits d\u2019\u00e9tat civil, \u00e0 savoir les naissances, les mariages et les d\u00e9c\u00e8s, \u00e0 [&hellip;]\" \/>\n<meta property=\"og:url\" content=\"https:\/\/www.nettali.com\/2025\/10\/29\/enregistrement-systematique-a-letat-civil-modou-lo-et-le-groupe-saltigui-portent-la-voix-de-lanec\/\" \/>\n<meta property=\"og:site_name\" content=\"Nettali.com\" \/>\n<meta property=\"article:publisher\" content=\"https:\/\/www.facebook.com\/nettalicom\" \/>\n<meta property=\"article:published_time\" content=\"2025-10-29T23:13:55+00:00\" \/>\n<meta property=\"article:modified_time\" content=\"2025-10-30T17:13:19+00:00\" \/>\n<meta property=\"og:image\" content=\"https:\/\/www.nettali.com\/wp-content\/uploads\/2025\/10\/Screenshot_20251029_234310_Gallery.jpg\" \/>\n\t<meta property=\"og:image:width\" content=\"1037\" \/>\n\t<meta property=\"og:image:height\" content=\"543\" \/>\n<meta name=\"twitter:card\" content=\"summary_large_image\" \/>\n<meta name=\"twitter:label1\" content=\"\u00c9crit par\" \/>\n\t<meta name=\"twitter:data1\" content=\"Ibrahima\" \/>\n\t<meta name=\"twitter:label2\" content=\"Dur\u00e9e de lecture estim\u00e9e\" \/>\n\t<meta name=\"twitter:data2\" content=\"3 minutes\" \/>\n<script type=\"application\/ld+json\" class=\"yoast-schema-graph\">{\"@context\":\"https:\/\/schema.org\",\"@graph\":[{\"@type\":\"WebSite\",\"@id\":\"https:\/\/www.nettali.com\/#website\",\"url\":\"https:\/\/www.nettali.com\/\",\"name\":\"Nettali.com\",\"description\":\"Le rendez-vous critique du Net\",\"potentialAction\":[{\"@type\":\"SearchAction\",\"target\":{\"@type\":\"EntryPoint\",\"urlTemplate\":\"https:\/\/www.nettali.com\/?s={search_term_string}\"},\"query-input\":\"required name=search_term_string\"}],\"inLanguage\":\"fr-FR\"},{\"@type\":\"ImageObject\",\"@id\":\"https:\/\/www.nettali.com\/2025\/10\/29\/enregistrement-systematique-a-letat-civil-modou-lo-et-le-groupe-saltigui-portent-la-voix-de-lanec\/#primaryimage\",\"inLanguage\":\"fr-FR\",\"url\":\"https:\/\/www.nettali.com\/wp-content\/uploads\/2025\/10\/Screenshot_20251029_234310_Gallery.jpg\",\"contentUrl\":\"https:\/\/www.nettali.com\/wp-content\/uploads\/2025\/10\/Screenshot_20251029_234310_Gallery.jpg\",\"width\":1037,\"height\":543},{\"@type\":\"WebPage\",\"@id\":\"https:\/\/www.nettali.com\/2025\/10\/29\/enregistrement-systematique-a-letat-civil-modou-lo-et-le-groupe-saltigui-portent-la-voix-de-lanec\/#webpage\",\"url\":\"https:\/\/www.nettali.com\/2025\/10\/29\/enregistrement-systematique-a-letat-civil-modou-lo-et-le-groupe-saltigui-portent-la-voix-de-lanec\/\",\"name\":\"ENREGISTREMENT SYST\\u00c9MATIQUE \\u00c0 L'\\u00c9TAT CIVIL - Modou L\\u00f4 et le groupe Saltigui portent la voix de l'ANEC | Nettali.com\",\"isPartOf\":{\"@id\":\"https:\/\/www.nettali.com\/#website\"},\"primaryImageOfPage\":{\"@id\":\"https:\/\/www.nettali.com\/2025\/10\/29\/enregistrement-systematique-a-letat-civil-modou-lo-et-le-groupe-saltigui-portent-la-voix-de-lanec\/#primaryimage\"},\"datePublished\":\"2025-10-29T23:13:55+00:00\",\"dateModified\":\"2025-10-30T17:13:19+00:00\",\"author\":{\"@id\":\"https:\/\/www.nettali.com\/#\/schema\/person\/bb147657c2986240405a608162b9bb23\"},\"breadcrumb\":{\"@id\":\"https:\/\/www.nettali.com\/2025\/10\/29\/enregistrement-systematique-a-letat-civil-modou-lo-et-le-groupe-saltigui-portent-la-voix-de-lanec\/#breadcrumb\"},\"inLanguage\":\"fr-FR\",\"potentialAction\":[{\"@type\":\"ReadAction\",\"target\":[\"https:\/\/www.nettali.com\/2025\/10\/29\/enregistrement-systematique-a-letat-civil-modou-lo-et-le-groupe-saltigui-portent-la-voix-de-lanec\/\"]}]},{\"@type\":\"BreadcrumbList\",\"@id\":\"https:\/\/www.nettali.com\/2025\/10\/29\/enregistrement-systematique-a-letat-civil-modou-lo-et-le-groupe-saltigui-portent-la-voix-de-lanec\/#breadcrumb\",\"itemListElement\":[{\"@type\":\"ListItem\",\"position\":1,\"name\":\"Accueil\",\"item\":\"https:\/\/www.nettali.com\/\"},{\"@type\":\"ListItem\",\"position\":2,\"name\":\"ENREGISTREMENT SYST\\u00c9MATIQUE \\u00c0 L'\\u00c9TAT CIVIL - Modou L\\u00f4 et le groupe Saltigui portent la voix de l'ANEC\"}]},{\"@type\":\"Person\",\"@id\":\"https:\/\/www.nettali.com\/#\/schema\/person\/bb147657c2986240405a608162b9bb23\",\"name\":\"Ibrahima\",\"image\":{\"@type\":\"ImageObject\",\"@id\":\"https:\/\/www.nettali.com\/#personlogo\",\"inLanguage\":\"fr-FR\",\"url\":\"https:\/\/secure.gravatar.com\/avatar\/26a8a81f09f0dd7624c9d5c36c9ba3a2?s=96&d=mm&r=g\",\"contentUrl\":\"https:\/\/secure.gravatar.com\/avatar\/26a8a81f09f0dd7624c9d5c36c9ba3a2?s=96&d=mm&r=g\",\"caption\":\"Ibrahima\"},\"sameAs\":[\"https:\/\/www.nettali.com\"]}]}<\/script>\n<!-- \/ Yoast SEO Premium plugin. -->","yoast_head_json":{"title":"ENREGISTREMENT SYST\u00c9MATIQUE \u00c0 L'\u00c9TAT CIVIL - Modou L\u00f4 et le groupe Saltigui portent la voix de l'ANEC | Nettali.com","robots":{"index":"index","follow":"follow","max-snippet":"max-snippet:-1","max-image-preview":"max-image-preview:large","max-video-preview":"max-video-preview:-1"},"canonical":"https:\/\/www.nettali.com\/2025\/10\/29\/enregistrement-systematique-a-letat-civil-modou-lo-et-le-groupe-saltigui-portent-la-voix-de-lanec\/","og_locale":"fr_FR","og_type":"article","og_title":"ENREGISTREMENT SYST\u00c9MATIQUE \u00c0 L'\u00c9TAT CIVIL - Modou L\u00f4 et le groupe Saltigui portent la voix de l'ANEC","og_description":"NETTALI.COM - Ce mercredi 29 octobre, l\u2019Agence nationale de l\u2019\u00e9tat civil (ANEC) a sign\u00e9 des conventions avec le \"Roi des Ar\u00e8nes\" Modou L\u00f4 et le groupe de musique Saltigui Diofior. Un partenariat qui a pour but de promouvoir la d\u00e9claration syst\u00e9matique des faits d\u2019\u00e9tat civil, \u00e0 savoir les naissances, les mariages et les d\u00e9c\u00e8s, \u00e0 [&hellip;]","og_url":"https:\/\/www.nettali.com\/2025\/10\/29\/enregistrement-systematique-a-letat-civil-modou-lo-et-le-groupe-saltigui-portent-la-voix-de-lanec\/","og_site_name":"Nettali.com","article_publisher":"https:\/\/www.facebook.com\/nettalicom","article_published_time":"2025-10-29T23:13:55+00:00","article_modified_time":"2025-10-30T17:13:19+00:00","og_image":[{"width":1037,"height":543,"url":"https:\/\/www.nettali.com\/wp-content\/uploads\/2025\/10\/Screenshot_20251029_234310_Gallery.jpg","type":"image\/jpeg"}],"twitter_card":"summary_large_image","twitter_misc":{"\u00c9crit par":"Ibrahima","Dur\u00e9e de lecture estim\u00e9e":"3 minutes"},"schema":{"@context":"https:\/\/schema.org","@graph":[{"@type":"WebSite","@id":"https:\/\/www.nettali.com\/#website","url":"https:\/\/www.nettali.com\/","name":"Nettali.com","description":"Le rendez-vous critique du Net","potentialAction":[{"@type":"SearchAction","target":{"@type":"EntryPoint","urlTemplate":"https:\/\/www.nettali.com\/?s={search_term_string}"},"query-input":"required name=search_term_string"}],"inLanguage":"fr-FR"},{"@type":"ImageObject","@id":"https:\/\/www.nettali.com\/2025\/10\/29\/enregistrement-systematique-a-letat-civil-modou-lo-et-le-groupe-saltigui-portent-la-voix-de-lanec\/#primaryimage","inLanguage":"fr-FR","url":"https:\/\/www.nettali.com\/wp-content\/uploads\/2025\/10\/Screenshot_20251029_234310_Gallery.jpg","contentUrl":"https:\/\/www.nettali.com\/wp-content\/uploads\/2025\/10\/Screenshot_20251029_234310_Gallery.jpg","width":1037,"height":543},{"@type":"WebPage","@id":"https:\/\/www.nettali.com\/2025\/10\/29\/enregistrement-systematique-a-letat-civil-modou-lo-et-le-groupe-saltigui-portent-la-voix-de-lanec\/#webpage","url":"https:\/\/www.nettali.com\/2025\/10\/29\/enregistrement-systematique-a-letat-civil-modou-lo-et-le-groupe-saltigui-portent-la-voix-de-lanec\/","name":"ENREGISTREMENT SYST\u00c9MATIQUE \u00c0 L'\u00c9TAT CIVIL - Modou L\u00f4 et le groupe Saltigui portent la voix de l'ANEC | Nettali.com","isPartOf":{"@id":"https:\/\/www.nettali.com\/#website"},"primaryImageOfPage":{"@id":"https:\/\/www.nettali.com\/2025\/10\/29\/enregistrement-systematique-a-letat-civil-modou-lo-et-le-groupe-saltigui-portent-la-voix-de-lanec\/#primaryimage"},"datePublished":"2025-10-29T23:13:55+00:00","dateModified":"2025-10-30T17:13:19+00:00","author":{"@id":"https:\/\/www.nettali.com\/#\/schema\/person\/bb147657c2986240405a608162b9bb23"},"breadcrumb":{"@id":"https:\/\/www.nettali.com\/2025\/10\/29\/enregistrement-systematique-a-letat-civil-modou-lo-et-le-groupe-saltigui-portent-la-voix-de-lanec\/#breadcrumb"},"inLanguage":"fr-FR","potentialAction":[{"@type":"ReadAction","target":["https:\/\/www.nettali.com\/2025\/10\/29\/enregistrement-systematique-a-letat-civil-modou-lo-et-le-groupe-saltigui-portent-la-voix-de-lanec\/"]}]},{"@type":"BreadcrumbList","@id":"https:\/\/www.nettali.com\/2025\/10\/29\/enregistrement-systematique-a-letat-civil-modou-lo-et-le-groupe-saltigui-portent-la-voix-de-lanec\/#breadcrumb","itemListElement":[{"@type":"ListItem","position":1,"name":"Accueil","item":"https:\/\/www.nettali.com\/"},{"@type":"ListItem","position":2,"name":"ENREGISTREMENT SYST\u00c9MATIQUE \u00c0 L'\u00c9TAT CIVIL - Modou L\u00f4 et le groupe Saltigui portent la voix de l'ANEC"}]},{"@type":"Person","@id":"https:\/\/www.nettali.com\/#\/schema\/person\/bb147657c2986240405a608162b9bb23","name":"Ibrahima","image":{"@type":"ImageObject","@id":"https:\/\/www.nettali.com\/#personlogo","inLanguage":"fr-FR","url":"https:\/\/secure.gravatar.com\/avatar\/26a8a81f09f0dd7624c9d5c36c9ba3a2?s=96&d=mm&r=g","contentUrl":"https:\/\/secure.gravatar.com\/avatar\/26a8a81f09f0dd7624c9d5c36c9ba3a2?s=96&d=mm&r=g","caption":"Ibrahima"},"sameAs":["https:\/\/www.nettali.com"]}]}},"_links":{"self":[{"href":"https:\/\/www.nettali.com\/rest\/wp\/v2\/posts\/163718"}],"collection":[{"href":"https:\/\/www.nettali.com\/rest\/wp\/v2\/posts"}],"about":[{"href":"https:\/\/www.nettali.com\/rest\/wp\/v2\/types\/post"}],"author":[{"embeddable":true,"href":"https:\/\/www.nettali.com\/rest\/wp\/v2\/users\/5"}],"replies":[{"embeddable":true,"href":"https:\/\/www.nettali.com\/rest\/wp\/v2\/comments?post=163718"}],"version-history":[{"count":5,"href":"https:\/\/www.nettali.com\/rest\/wp\/v2\/posts\/163718\/revisions"}],"predecessor-version":[{"id":163776,"href":"https:\/\/www.nettali.com\/rest\/wp\/v2\/posts\/163718\/revisions\/163776"}],"wp:featuredmedia":[{"embeddable":true,"href":"https:\/\/www.nettali.com\/rest\/wp\/v2\/media\/163720"}],"wp:attachment":[{"href":"https:\/\/www.nettali.com\/rest\/wp\/v2\/media?parent=163718"}],"wp:term":[{"taxonomy":"category","embeddable":true,"href":"https:\/\/www.nettali.com\/rest\/wp\/v2\/categories?post=163718"},{"taxonomy":"post_tag","embeddable":true,"href":"https:\/\/www.nettali.com\/rest\/wp\/v2\/tags?post=163718"}],"curies":[{"name":"wp","href":"https:\/\/api.w.org\/{rel}","templated":true}]}}