{"id":163708,"date":"2025-10-29T23:13:10","date_gmt":"2025-10-29T23:13:10","guid":{"rendered":"https:\/\/www.nettali.com\/?p=163708"},"modified":"2025-10-29T22:17:53","modified_gmt":"2025-10-29T22:17:53","slug":"promotion-du-secteur-prive-national-ousmane-sonko-prone-une-alliance-forte-entre-letat","status":"publish","type":"post","link":"https:\/\/www.nettali.com\/2025\/10\/29\/promotion-du-secteur-prive-national-ousmane-sonko-prone-une-alliance-forte-entre-letat\/","title":{"rendered":"PROMOTION DU SECTEUR PRIV\u00c9 NATIONAL - Ousmane Sonko pr\u00f4ne une\u00a0alliance forte entre l\u2019Etat et le secteur priv\u00e9"},"content":{"rendered":"<p><strong>NETTALICOM-COM- Dans sa communication lors du Conseil des ministres de ce mercredi 29 octobre 2025, le Premier ministre Ousmane Sonko a insist\u00e9 sur la n\u00e9cessit\u00e9 de promouvoir le secteur priv\u00e9. Il a \u00e0 cet effet pr\u00e9conis\u00e9 une alliance avec l'\u00c9tat.\u00a0<\/strong><\/p>\n<p>Face au gouvernement le Premier ministre a indiqu\u00e9 la volont\u00e9 du Pr\u00e9sident de la R\u00e9publique \" <em>de faire du secteur priv\u00e9 national un levier central du d\u00e9veloppement \u00e9conomique et social du S\u00e9n\u00e9gal<\/em> \", exprim\u00e9e dans son premier message \u00e0 la Nation, le 3 avril 2024 et r\u00e9it\u00e9r\u00e9e \u00e0 l\u2019occasion du Conseil des Ministres du 3 septembre 2025, avec notamment le lancement prochain de l\u2019initiative \u00ab SUNU CHAMPIONS \u00bb.<\/p>\n<p>Selon le communiqu\u00e9, le Premier ministre a soulign\u00e9 que, dans la mise en \u0153uvre de l\u2019Agenda national de Transformation S\u00e9n\u00e9gal 2050 et du Plan de Redressement \u00e9conomique et social (PRES), \" <em>le secteur priv\u00e9 a \u00e9t\u00e9 pleinement impliqu\u00e9 \u00e0 toutes les \u00e9tapes du processus\"<\/em>.<\/p>\n<p>La source ajoute que Ousmane Sonko a salu\u00e9 \" <em>la disponibilit\u00e9 et l\u2019engagement du secteur priv\u00e9 national \u00e0 relever les d\u00e9fis li\u00e9s \u00e0 la cr\u00e9ation de richesses et d\u2019emplois ainsi qu\u2019\u00e0 la formation professionnelle de la jeunesse et \u00e0 contribuer \u00e0 l\u2019instauration d\u2019un climat de paix et de stabilit\u00e9 dans le pays<\/em>\". \" <em>Le secteur priv\u00e9 est dispos\u00e9 \u00e0 \u00eatre le principal alli\u00e9 de l\u2019Etat pour les investissements dans les secteurs prioritaires et la promotion des p\u00f4les industriels territoriaux et des fili\u00e8res et chaines de valeurs prioritaires, axes d\u00e9terminants de la politique gouvernementale\" <\/em>a-t-il relev\u00e9.<\/p>\n<p>Au demeurant, pour le Premier ministre, il convient \" <em>de b\u00e2tir une alliance forte entre l\u2019Etat et le secteur priv\u00e9 national, dans le but de faire \u00e9merger de v\u00e9ritables champions \u00e9conomiques, capables de contribuer \u00e0 la transformation du S\u00e9n\u00e9gal, au b\u00e9n\u00e9fice des entreprises et des m\u00e9nages\"<\/em>. Pour ce faire, le secteur priv\u00e9 national doit, selon lui, \" <em>davantage se structurer, au moment o\u00f9 l\u2019Etat a d\u00e9j\u00e0 entam\u00e9 des r\u00e9formes permettant d\u2019am\u00e9nager un environnement juridique et institutionnel ad\u00e9quat pour l\u2019investissement<\/em>. Ce faisant, le Pacte national de stabilit\u00e9 sociale constitue, selon le gouvernement, \" <em>un instrument pr\u00e9cieux pour la pr\u00e9servation de la paix sociale, adoss\u00e9 \u00e0 des mesures d\u2019accompagnement incitatives et de facilitation pour l\u2019acc\u00e8s au foncier et \u00e0 la commande publique, avec des clauses de pr\u00e9f\u00e9rence nationale\"<\/em>.<\/p>\n<p>Pour finir, le communiqu\u00e9 informe que le Premier ministre a clos sa communication en demandant aux ministres et secr\u00e9taires d\u2019Etat de s\u2019atteler \u00e0 la promotion d\u2019un nouvel \u00e9tat d\u2019esprit dans l\u2019administration, consistant \u00e0 mettre l\u2019accent sur le soutien aux investisseurs, en particulier le secteur priv\u00e9 national, \u00e0 veiller \u00e0 la transparence publique et \u00e0 recourir largement \u00e0 la digitalisation dans les processus d\u00e9cisionnels critiques dans l\u2019administration<\/p>\n<div class='share-to-whatsapp-wrapper'><div class='share-on-whsp'>PARTAGER SUR : <\/div><a data-text='PROMOTION DU SECTEUR PRIV\u00c9 NATIONAL - Ousmane Sonko pr\u00f4ne une\u00a0alliance forte entre l\u2019Etat et le secteur priv\u00e9' data-link='https:\/\/www.nettali.com\/2025\/10\/29\/promotion-du-secteur-prive-national-ousmane-sonko-prone-une-alliance-forte-entre-letat\/' class='whatsapp-button whatsapp-share'>WhatsApp<\/a><div class='clear '><\/div><\/div>","protected":false},"excerpt":{"rendered":"<p>NETTALICOM-COM- Dans sa communication lors du Conseil des ministres de ce mercredi 29 octobre 2025, le Premier ministre Ousmane Sonko a insist\u00e9 sur la n\u00e9cessit\u00e9 de promouvoir le secteur priv\u00e9. Il a \u00e0 cet effet pr\u00e9conis\u00e9 une alliance avec l'\u00c9tat.\u00a0 Face au gouvernement le Premier ministre a indiqu\u00e9 la volont\u00e9 du Pr\u00e9sident de la R\u00e9publique [&hellip;]<\/p>\n","protected":false},"author":6,"featured_media":148034,"comment_status":"open","ping_status":"open","sticky":false,"template":"","format":"standard","meta":{"_et_pb_use_builder":"","_et_pb_old_content":""},"categories":[4],"tags":[],"yoast_head":"<!-- This site is optimized with the Yoast SEO Premium plugin v17.8 (Yoast SEO v17.8) - https:\/\/yoast.com\/wordpress\/plugins\/seo\/ -->\n<title>PROMOTION DU SECTEUR PRIV\u00c9 NATIONAL - Ousmane Sonko pr\u00f4ne une\u00a0alliance forte entre l\u2019Etat et le secteur priv\u00e9 | Nettali.com<\/title>\n<meta name=\"robots\" content=\"index, follow, max-snippet:-1, max-image-preview:large, max-video-preview:-1\" \/>\n<link rel=\"canonical\" href=\"https:\/\/www.nettali.com\/2025\/10\/29\/promotion-du-secteur-prive-national-ousmane-sonko-prone-une-alliance-forte-entre-letat\/\" \/>\n<meta property=\"og:locale\" content=\"fr_FR\" \/>\n<meta property=\"og:type\" content=\"article\" \/>\n<meta property=\"og:title\" content=\"PROMOTION DU SECTEUR PRIV\u00c9 NATIONAL - Ousmane Sonko pr\u00f4ne une\u00a0alliance forte entre l\u2019Etat et le secteur priv\u00e9\" \/>\n<meta property=\"og:description\" content=\"NETTALICOM-COM- Dans sa communication lors du Conseil des ministres de ce mercredi 29 octobre 2025, le Premier ministre Ousmane Sonko a insist\u00e9 sur la n\u00e9cessit\u00e9 de promouvoir le secteur priv\u00e9. Il a \u00e0 cet effet pr\u00e9conis\u00e9 une alliance avec l&#039;\u00c9tat.\u00a0 Face au gouvernement le Premier ministre a indiqu\u00e9 la volont\u00e9 du Pr\u00e9sident de la R\u00e9publique [&hellip;]\" \/>\n<meta property=\"og:url\" content=\"https:\/\/www.nettali.com\/2025\/10\/29\/promotion-du-secteur-prive-national-ousmane-sonko-prone-une-alliance-forte-entre-letat\/\" \/>\n<meta property=\"og:site_name\" content=\"Nettali.com\" \/>\n<meta property=\"article:publisher\" content=\"https:\/\/www.facebook.com\/nettalicom\" \/>\n<meta property=\"article:published_time\" content=\"2025-10-29T23:13:10+00:00\" \/>\n<meta property=\"article:modified_time\" content=\"2025-10-29T22:17:53+00:00\" \/>\n<meta property=\"og:image\" content=\"https:\/\/www.nettali.com\/wp-content\/uploads\/2025\/01\/Ousmane-Sonko-Pm-Senegal-en-Conseil-des-ministres.jpeg\" \/>\n\t<meta property=\"og:image:width\" content=\"1280\" \/>\n\t<meta property=\"og:image:height\" content=\"943\" \/>\n<meta name=\"twitter:card\" content=\"summary_large_image\" \/>\n<meta name=\"twitter:label1\" content=\"\u00c9crit par\" \/>\n\t<meta name=\"twitter:data1\" content=\"Fatou\" \/>\n\t<meta name=\"twitter:label2\" content=\"Dur\u00e9e de lecture estim\u00e9e\" \/>\n\t<meta name=\"twitter:data2\" content=\"3 minutes\" \/>\n<script type=\"application\/ld+json\" class=\"yoast-schema-graph\">{\"@context\":\"https:\/\/schema.org\",\"@graph\":[{\"@type\":\"WebSite\",\"@id\":\"https:\/\/www.nettali.com\/#website\",\"url\":\"https:\/\/www.nettali.com\/\",\"name\":\"Nettali.com\",\"description\":\"Le rendez-vous critique du Net\",\"potentialAction\":[{\"@type\":\"SearchAction\",\"target\":{\"@type\":\"EntryPoint\",\"urlTemplate\":\"https:\/\/www.nettali.com\/?s={search_term_string}\"},\"query-input\":\"required name=search_term_string\"}],\"inLanguage\":\"fr-FR\"},{\"@type\":\"ImageObject\",\"@id\":\"https:\/\/www.nettali.com\/2025\/10\/29\/promotion-du-secteur-prive-national-ousmane-sonko-prone-une-alliance-forte-entre-letat\/#primaryimage\",\"inLanguage\":\"fr-FR\",\"url\":\"https:\/\/www.nettali.com\/wp-content\/uploads\/2025\/01\/Ousmane-Sonko-Pm-Senegal-en-Conseil-des-ministres.jpeg\",\"contentUrl\":\"https:\/\/www.nettali.com\/wp-content\/uploads\/2025\/01\/Ousmane-Sonko-Pm-Senegal-en-Conseil-des-ministres.jpeg\",\"width\":1280,\"height\":943},{\"@type\":\"WebPage\",\"@id\":\"https:\/\/www.nettali.com\/2025\/10\/29\/promotion-du-secteur-prive-national-ousmane-sonko-prone-une-alliance-forte-entre-letat\/#webpage\",\"url\":\"https:\/\/www.nettali.com\/2025\/10\/29\/promotion-du-secteur-prive-national-ousmane-sonko-prone-une-alliance-forte-entre-letat\/\",\"name\":\"PROMOTION DU SECTEUR PRIV\\u00c9 NATIONAL - Ousmane Sonko pr\\u00f4ne une\\u00a0alliance forte entre l\\u2019Etat et le secteur priv\\u00e9 | Nettali.com\",\"isPartOf\":{\"@id\":\"https:\/\/www.nettali.com\/#website\"},\"primaryImageOfPage\":{\"@id\":\"https:\/\/www.nettali.com\/2025\/10\/29\/promotion-du-secteur-prive-national-ousmane-sonko-prone-une-alliance-forte-entre-letat\/#primaryimage\"},\"datePublished\":\"2025-10-29T23:13:10+00:00\",\"dateModified\":\"2025-10-29T22:17:53+00:00\",\"author\":{\"@id\":\"https:\/\/www.nettali.com\/#\/schema\/person\/418274a86bdf87caff7a3ef476bd0bbf\"},\"breadcrumb\":{\"@id\":\"https:\/\/www.nettali.com\/2025\/10\/29\/promotion-du-secteur-prive-national-ousmane-sonko-prone-une-alliance-forte-entre-letat\/#breadcrumb\"},\"inLanguage\":\"fr-FR\",\"potentialAction\":[{\"@type\":\"ReadAction\",\"target\":[\"https:\/\/www.nettali.com\/2025\/10\/29\/promotion-du-secteur-prive-national-ousmane-sonko-prone-une-alliance-forte-entre-letat\/\"]}]},{\"@type\":\"BreadcrumbList\",\"@id\":\"https:\/\/www.nettali.com\/2025\/10\/29\/promotion-du-secteur-prive-national-ousmane-sonko-prone-une-alliance-forte-entre-letat\/#breadcrumb\",\"itemListElement\":[{\"@type\":\"ListItem\",\"position\":1,\"name\":\"Accueil\",\"item\":\"https:\/\/www.nettali.com\/\"},{\"@type\":\"ListItem\",\"position\":2,\"name\":\"PROMOTION DU SECTEUR PRIV\\u00c9 NATIONAL - Ousmane Sonko pr\\u00f4ne une\\u00a0alliance forte entre l\\u2019Etat et le secteur priv\\u00e9\"}]},{\"@type\":\"Person\",\"@id\":\"https:\/\/www.nettali.com\/#\/schema\/person\/418274a86bdf87caff7a3ef476bd0bbf\",\"name\":\"Fatou\",\"image\":{\"@type\":\"ImageObject\",\"@id\":\"https:\/\/www.nettali.com\/#personlogo\",\"inLanguage\":\"fr-FR\",\"url\":\"https:\/\/secure.gravatar.com\/avatar\/5a9442a2bee7b4dcf167cab035858e9a?s=96&d=mm&r=g\",\"contentUrl\":\"https:\/\/secure.gravatar.com\/avatar\/5a9442a2bee7b4dcf167cab035858e9a?s=96&d=mm&r=g\",\"caption\":\"Fatou\"},\"sameAs\":[\"https:\/\/www.nettali.com\"]}]}<\/script>\n<!-- \/ Yoast SEO Premium plugin. -->","yoast_head_json":{"title":"PROMOTION DU SECTEUR PRIV\u00c9 NATIONAL - Ousmane Sonko pr\u00f4ne une\u00a0alliance forte entre l\u2019Etat et le secteur priv\u00e9 | Nettali.com","robots":{"index":"index","follow":"follow","max-snippet":"max-snippet:-1","max-image-preview":"max-image-preview:large","max-video-preview":"max-video-preview:-1"},"canonical":"https:\/\/www.nettali.com\/2025\/10\/29\/promotion-du-secteur-prive-national-ousmane-sonko-prone-une-alliance-forte-entre-letat\/","og_locale":"fr_FR","og_type":"article","og_title":"PROMOTION DU SECTEUR PRIV\u00c9 NATIONAL - Ousmane Sonko pr\u00f4ne une\u00a0alliance forte entre l\u2019Etat et le secteur priv\u00e9","og_description":"NETTALICOM-COM- Dans sa communication lors du Conseil des ministres de ce mercredi 29 octobre 2025, le Premier ministre Ousmane Sonko a insist\u00e9 sur la n\u00e9cessit\u00e9 de promouvoir le secteur priv\u00e9. Il a \u00e0 cet effet pr\u00e9conis\u00e9 une alliance avec l'\u00c9tat.\u00a0 Face au gouvernement le Premier ministre a indiqu\u00e9 la volont\u00e9 du Pr\u00e9sident de la R\u00e9publique [&hellip;]","og_url":"https:\/\/www.nettali.com\/2025\/10\/29\/promotion-du-secteur-prive-national-ousmane-sonko-prone-une-alliance-forte-entre-letat\/","og_site_name":"Nettali.com","article_publisher":"https:\/\/www.facebook.com\/nettalicom","article_published_time":"2025-10-29T23:13:10+00:00","article_modified_time":"2025-10-29T22:17:53+00:00","og_image":[{"width":1280,"height":943,"url":"https:\/\/www.nettali.com\/wp-content\/uploads\/2025\/01\/Ousmane-Sonko-Pm-Senegal-en-Conseil-des-ministres.jpeg","type":"image\/jpeg"}],"twitter_card":"summary_large_image","twitter_misc":{"\u00c9crit par":"Fatou","Dur\u00e9e de lecture estim\u00e9e":"3 minutes"},"schema":{"@context":"https:\/\/schema.org","@graph":[{"@type":"WebSite","@id":"https:\/\/www.nettali.com\/#website","url":"https:\/\/www.nettali.com\/","name":"Nettali.com","description":"Le rendez-vous critique du Net","potentialAction":[{"@type":"SearchAction","target":{"@type":"EntryPoint","urlTemplate":"https:\/\/www.nettali.com\/?s={search_term_string}"},"query-input":"required name=search_term_string"}],"inLanguage":"fr-FR"},{"@type":"ImageObject","@id":"https:\/\/www.nettali.com\/2025\/10\/29\/promotion-du-secteur-prive-national-ousmane-sonko-prone-une-alliance-forte-entre-letat\/#primaryimage","inLanguage":"fr-FR","url":"https:\/\/www.nettali.com\/wp-content\/uploads\/2025\/01\/Ousmane-Sonko-Pm-Senegal-en-Conseil-des-ministres.jpeg","contentUrl":"https:\/\/www.nettali.com\/wp-content\/uploads\/2025\/01\/Ousmane-Sonko-Pm-Senegal-en-Conseil-des-ministres.jpeg","width":1280,"height":943},{"@type":"WebPage","@id":"https:\/\/www.nettali.com\/2025\/10\/29\/promotion-du-secteur-prive-national-ousmane-sonko-prone-une-alliance-forte-entre-letat\/#webpage","url":"https:\/\/www.nettali.com\/2025\/10\/29\/promotion-du-secteur-prive-national-ousmane-sonko-prone-une-alliance-forte-entre-letat\/","name":"PROMOTION DU SECTEUR PRIV\u00c9 NATIONAL - Ousmane Sonko pr\u00f4ne une\u00a0alliance forte entre l\u2019Etat et le secteur priv\u00e9 | Nettali.com","isPartOf":{"@id":"https:\/\/www.nettali.com\/#website"},"primaryImageOfPage":{"@id":"https:\/\/www.nettali.com\/2025\/10\/29\/promotion-du-secteur-prive-national-ousmane-sonko-prone-une-alliance-forte-entre-letat\/#primaryimage"},"datePublished":"2025-10-29T23:13:10+00:00","dateModified":"2025-10-29T22:17:53+00:00","author":{"@id":"https:\/\/www.nettali.com\/#\/schema\/person\/418274a86bdf87caff7a3ef476bd0bbf"},"breadcrumb":{"@id":"https:\/\/www.nettali.com\/2025\/10\/29\/promotion-du-secteur-prive-national-ousmane-sonko-prone-une-alliance-forte-entre-letat\/#breadcrumb"},"inLanguage":"fr-FR","potentialAction":[{"@type":"ReadAction","target":["https:\/\/www.nettali.com\/2025\/10\/29\/promotion-du-secteur-prive-national-ousmane-sonko-prone-une-alliance-forte-entre-letat\/"]}]},{"@type":"BreadcrumbList","@id":"https:\/\/www.nettali.com\/2025\/10\/29\/promotion-du-secteur-prive-national-ousmane-sonko-prone-une-alliance-forte-entre-letat\/#breadcrumb","itemListElement":[{"@type":"ListItem","position":1,"name":"Accueil","item":"https:\/\/www.nettali.com\/"},{"@type":"ListItem","position":2,"name":"PROMOTION DU SECTEUR PRIV\u00c9 NATIONAL - Ousmane Sonko pr\u00f4ne une\u00a0alliance forte entre l\u2019Etat et le secteur priv\u00e9"}]},{"@type":"Person","@id":"https:\/\/www.nettali.com\/#\/schema\/person\/418274a86bdf87caff7a3ef476bd0bbf","name":"Fatou","image":{"@type":"ImageObject","@id":"https:\/\/www.nettali.com\/#personlogo","inLanguage":"fr-FR","url":"https:\/\/secure.gravatar.com\/avatar\/5a9442a2bee7b4dcf167cab035858e9a?s=96&d=mm&r=g","contentUrl":"https:\/\/secure.gravatar.com\/avatar\/5a9442a2bee7b4dcf167cab035858e9a?s=96&d=mm&r=g","caption":"Fatou"},"sameAs":["https:\/\/www.nettali.com"]}]}},"_links":{"self":[{"href":"https:\/\/www.nettali.com\/rest\/wp\/v2\/posts\/163708"}],"collection":[{"href":"https:\/\/www.nettali.com\/rest\/wp\/v2\/posts"}],"about":[{"href":"https:\/\/www.nettali.com\/rest\/wp\/v2\/types\/post"}],"author":[{"embeddable":true,"href":"https:\/\/www.nettali.com\/rest\/wp\/v2\/users\/6"}],"replies":[{"embeddable":true,"href":"https:\/\/www.nettali.com\/rest\/wp\/v2\/comments?post=163708"}],"version-history":[{"count":3,"href":"https:\/\/www.nettali.com\/rest\/wp\/v2\/posts\/163708\/revisions"}],"predecessor-version":[{"id":163717,"href":"https:\/\/www.nettali.com\/rest\/wp\/v2\/posts\/163708\/revisions\/163717"}],"wp:featuredmedia":[{"embeddable":true,"href":"https:\/\/www.nettali.com\/rest\/wp\/v2\/media\/148034"}],"wp:attachment":[{"href":"https:\/\/www.nettali.com\/rest\/wp\/v2\/media?parent=163708"}],"wp:term":[{"taxonomy":"category","embeddable":true,"href":"https:\/\/www.nettali.com\/rest\/wp\/v2\/categories?post=163708"},{"taxonomy":"post_tag","embeddable":true,"href":"https:\/\/www.nettali.com\/rest\/wp\/v2\/tags?post=163708"}],"curies":[{"name":"wp","href":"https:\/\/api.w.org\/{rel}","templated":true}]}}