{"id":163693,"date":"2025-10-29T18:06:00","date_gmt":"2025-10-29T18:06:00","guid":{"rendered":"https:\/\/www.nettali.com\/?p=163693"},"modified":"2025-10-30T07:17:21","modified_gmt":"2025-10-30T07:17:21","slug":"arrestations-des-journalistes-alioune-tine-tacle-le-ministre-de-la-communication","status":"publish","type":"post","link":"https:\/\/www.nettali.com\/2025\/10\/29\/arrestations-des-journalistes-alioune-tine-tacle-le-ministre-de-la-communication\/","title":{"rendered":"ARRESTATIONS DES JOURNALISTES - Alioune Tine tacle le ministre de la Communication"},"content":{"rendered":"<p><strong>NETTALI.COM - Les arrestations de Ma\u00efmouna Ndour Faye, directrice de la 7TV, dans les locaux de sa cha\u00eene \u00e0 Dakar et de Babacar Fall de la Rfm, continuent de susciter de vives r\u00e9actions. Le d\u00e9fenseur des droits humains Alioune Tine a exprim\u00e9 son indignation face \u00e0 ce qu\u2019il qualifie \"d'attaques contre la presse et d\u2019arrestations arbitraires et ill\u00e9gales\".<\/strong><\/p>\n<p>Dans un message publi\u00e9 sur son compte X, le fondateur d\u2019Afrikajom Center a fustig\u00e9 la suspension du signal de la 7TV et l\u2019interpellation du journaliste Babacar Fall de la RFM, estimant que ces actes rappellent de tristes pr\u00e9c\u00e9dents sous l\u2019ancien r\u00e9gime.<\/p>\n<p>\"<em>De mauvais souvenirs nous reviennent avec l\u2019ancien ministre Moussa Bocar Thiam, qui avait coup\u00e9 le signal de Walf. \u00c0 l\u2019\u00e9poque, c\u2019est Atepa et moi-m\u00eame qui \u00e9tions intervenus aupr\u00e8s de Macky Sall pour la restitution du signal de Walf<\/em>\", a-t-il rappel\u00e9. Pour Alioune Tine, ces \u00e9v\u00e9nements trahissent les promesses de rupture syst\u00e9mique du nouveau pouvoir. Il se dit \"<em>d\u00e9\u00e7u<\/em>\" du ministre de la Communication Alioune Sall, qu\u2019il accuse d\u2019avoir agi \"<em>au-dessus de la t\u00eate du CNRA<\/em>\", seul organe habilit\u00e9 \u00e0 prendre une telle d\u00e9cision.<\/p>\n<div class='share-to-whatsapp-wrapper'><div class='share-on-whsp'>PARTAGER SUR : <\/div><a data-text='ARRESTATIONS DES JOURNALISTES - Alioune Tine tacle le ministre de la Communication' data-link='https:\/\/www.nettali.com\/2025\/10\/29\/arrestations-des-journalistes-alioune-tine-tacle-le-ministre-de-la-communication\/' class='whatsapp-button whatsapp-share'>WhatsApp<\/a><div class='clear '><\/div><\/div>","protected":false},"excerpt":{"rendered":"<p>NETTALI.COM - Les arrestations de Ma\u00efmouna Ndour Faye, directrice de la 7TV, dans les locaux de sa cha\u00eene \u00e0 Dakar et de Babacar Fall de la Rfm, continuent de susciter de vives r\u00e9actions. Le d\u00e9fenseur des droits humains Alioune Tine a exprim\u00e9 son indignation face \u00e0 ce qu\u2019il qualifie \"d'attaques contre la presse et d\u2019arrestations [&hellip;]<\/p>\n","protected":false},"author":5,"featured_media":163694,"comment_status":"open","ping_status":"open","sticky":false,"template":"","format":"standard","meta":{"_et_pb_use_builder":"","_et_pb_old_content":""},"categories":[3],"tags":[],"yoast_head":"<!-- This site is optimized with the Yoast SEO Premium plugin v17.8 (Yoast SEO v17.8) - https:\/\/yoast.com\/wordpress\/plugins\/seo\/ -->\n<title>ARRESTATIONS DES JOURNALISTES - Alioune Tine tacle le ministre de la Communication | Nettali.com<\/title>\n<meta name=\"robots\" content=\"index, follow, max-snippet:-1, max-image-preview:large, max-video-preview:-1\" \/>\n<link rel=\"canonical\" href=\"https:\/\/www.nettali.com\/2025\/10\/29\/arrestations-des-journalistes-alioune-tine-tacle-le-ministre-de-la-communication\/\" \/>\n<meta property=\"og:locale\" content=\"fr_FR\" \/>\n<meta property=\"og:type\" content=\"article\" \/>\n<meta property=\"og:title\" content=\"ARRESTATIONS DES JOURNALISTES - Alioune Tine tacle le ministre de la Communication\" \/>\n<meta property=\"og:description\" content=\"NETTALI.COM - Les arrestations de Ma\u00efmouna Ndour Faye, directrice de la 7TV, dans les locaux de sa cha\u00eene \u00e0 Dakar et de Babacar Fall de la Rfm, continuent de susciter de vives r\u00e9actions. Le d\u00e9fenseur des droits humains Alioune Tine a exprim\u00e9 son indignation face \u00e0 ce qu\u2019il qualifie &quot;d&#039;attaques contre la presse et d\u2019arrestations [&hellip;]\" \/>\n<meta property=\"og:url\" content=\"https:\/\/www.nettali.com\/2025\/10\/29\/arrestations-des-journalistes-alioune-tine-tacle-le-ministre-de-la-communication\/\" \/>\n<meta property=\"og:site_name\" content=\"Nettali.com\" \/>\n<meta property=\"article:publisher\" content=\"https:\/\/www.facebook.com\/nettalicom\" \/>\n<meta property=\"article:published_time\" content=\"2025-10-29T18:06:00+00:00\" \/>\n<meta property=\"article:modified_time\" content=\"2025-10-30T07:17:21+00:00\" \/>\n<meta property=\"og:image\" content=\"https:\/\/www.nettali.com\/wp-content\/uploads\/2025\/10\/images-8-1.jpeg\" \/>\n\t<meta property=\"og:image:width\" content=\"576\" \/>\n\t<meta property=\"og:image:height\" content=\"372\" \/>\n<meta name=\"twitter:card\" content=\"summary_large_image\" \/>\n<meta name=\"twitter:label1\" content=\"\u00c9crit par\" \/>\n\t<meta name=\"twitter:data1\" content=\"Ibrahima\" \/>\n\t<meta name=\"twitter:label2\" content=\"Dur\u00e9e de lecture estim\u00e9e\" \/>\n\t<meta name=\"twitter:data2\" content=\"1 minute\" \/>\n<script type=\"application\/ld+json\" class=\"yoast-schema-graph\">{\"@context\":\"https:\/\/schema.org\",\"@graph\":[{\"@type\":\"WebSite\",\"@id\":\"https:\/\/www.nettali.com\/#website\",\"url\":\"https:\/\/www.nettali.com\/\",\"name\":\"Nettali.com\",\"description\":\"Le rendez-vous critique du Net\",\"potentialAction\":[{\"@type\":\"SearchAction\",\"target\":{\"@type\":\"EntryPoint\",\"urlTemplate\":\"https:\/\/www.nettali.com\/?s={search_term_string}\"},\"query-input\":\"required name=search_term_string\"}],\"inLanguage\":\"fr-FR\"},{\"@type\":\"ImageObject\",\"@id\":\"https:\/\/www.nettali.com\/2025\/10\/29\/arrestations-des-journalistes-alioune-tine-tacle-le-ministre-de-la-communication\/#primaryimage\",\"inLanguage\":\"fr-FR\",\"url\":\"https:\/\/www.nettali.com\/wp-content\/uploads\/2025\/10\/images-8-1.jpeg\",\"contentUrl\":\"https:\/\/www.nettali.com\/wp-content\/uploads\/2025\/10\/images-8-1.jpeg\",\"width\":576,\"height\":372},{\"@type\":\"WebPage\",\"@id\":\"https:\/\/www.nettali.com\/2025\/10\/29\/arrestations-des-journalistes-alioune-tine-tacle-le-ministre-de-la-communication\/#webpage\",\"url\":\"https:\/\/www.nettali.com\/2025\/10\/29\/arrestations-des-journalistes-alioune-tine-tacle-le-ministre-de-la-communication\/\",\"name\":\"ARRESTATIONS DES JOURNALISTES - Alioune Tine tacle le ministre de la Communication | Nettali.com\",\"isPartOf\":{\"@id\":\"https:\/\/www.nettali.com\/#website\"},\"primaryImageOfPage\":{\"@id\":\"https:\/\/www.nettali.com\/2025\/10\/29\/arrestations-des-journalistes-alioune-tine-tacle-le-ministre-de-la-communication\/#primaryimage\"},\"datePublished\":\"2025-10-29T18:06:00+00:00\",\"dateModified\":\"2025-10-30T07:17:21+00:00\",\"author\":{\"@id\":\"https:\/\/www.nettali.com\/#\/schema\/person\/bb147657c2986240405a608162b9bb23\"},\"breadcrumb\":{\"@id\":\"https:\/\/www.nettali.com\/2025\/10\/29\/arrestations-des-journalistes-alioune-tine-tacle-le-ministre-de-la-communication\/#breadcrumb\"},\"inLanguage\":\"fr-FR\",\"potentialAction\":[{\"@type\":\"ReadAction\",\"target\":[\"https:\/\/www.nettali.com\/2025\/10\/29\/arrestations-des-journalistes-alioune-tine-tacle-le-ministre-de-la-communication\/\"]}]},{\"@type\":\"BreadcrumbList\",\"@id\":\"https:\/\/www.nettali.com\/2025\/10\/29\/arrestations-des-journalistes-alioune-tine-tacle-le-ministre-de-la-communication\/#breadcrumb\",\"itemListElement\":[{\"@type\":\"ListItem\",\"position\":1,\"name\":\"Accueil\",\"item\":\"https:\/\/www.nettali.com\/\"},{\"@type\":\"ListItem\",\"position\":2,\"name\":\"ARRESTATIONS DES JOURNALISTES - Alioune Tine tacle le ministre de la Communication\"}]},{\"@type\":\"Person\",\"@id\":\"https:\/\/www.nettali.com\/#\/schema\/person\/bb147657c2986240405a608162b9bb23\",\"name\":\"Ibrahima\",\"image\":{\"@type\":\"ImageObject\",\"@id\":\"https:\/\/www.nettali.com\/#personlogo\",\"inLanguage\":\"fr-FR\",\"url\":\"https:\/\/secure.gravatar.com\/avatar\/26a8a81f09f0dd7624c9d5c36c9ba3a2?s=96&d=mm&r=g\",\"contentUrl\":\"https:\/\/secure.gravatar.com\/avatar\/26a8a81f09f0dd7624c9d5c36c9ba3a2?s=96&d=mm&r=g\",\"caption\":\"Ibrahima\"},\"sameAs\":[\"https:\/\/www.nettali.com\"]}]}<\/script>\n<!-- \/ Yoast SEO Premium plugin. -->","yoast_head_json":{"title":"ARRESTATIONS DES JOURNALISTES - Alioune Tine tacle le ministre de la Communication | Nettali.com","robots":{"index":"index","follow":"follow","max-snippet":"max-snippet:-1","max-image-preview":"max-image-preview:large","max-video-preview":"max-video-preview:-1"},"canonical":"https:\/\/www.nettali.com\/2025\/10\/29\/arrestations-des-journalistes-alioune-tine-tacle-le-ministre-de-la-communication\/","og_locale":"fr_FR","og_type":"article","og_title":"ARRESTATIONS DES JOURNALISTES - Alioune Tine tacle le ministre de la Communication","og_description":"NETTALI.COM - Les arrestations de Ma\u00efmouna Ndour Faye, directrice de la 7TV, dans les locaux de sa cha\u00eene \u00e0 Dakar et de Babacar Fall de la Rfm, continuent de susciter de vives r\u00e9actions. Le d\u00e9fenseur des droits humains Alioune Tine a exprim\u00e9 son indignation face \u00e0 ce qu\u2019il qualifie \"d'attaques contre la presse et d\u2019arrestations [&hellip;]","og_url":"https:\/\/www.nettali.com\/2025\/10\/29\/arrestations-des-journalistes-alioune-tine-tacle-le-ministre-de-la-communication\/","og_site_name":"Nettali.com","article_publisher":"https:\/\/www.facebook.com\/nettalicom","article_published_time":"2025-10-29T18:06:00+00:00","article_modified_time":"2025-10-30T07:17:21+00:00","og_image":[{"width":576,"height":372,"url":"https:\/\/www.nettali.com\/wp-content\/uploads\/2025\/10\/images-8-1.jpeg","type":"image\/jpeg"}],"twitter_card":"summary_large_image","twitter_misc":{"\u00c9crit par":"Ibrahima","Dur\u00e9e de lecture estim\u00e9e":"1 minute"},"schema":{"@context":"https:\/\/schema.org","@graph":[{"@type":"WebSite","@id":"https:\/\/www.nettali.com\/#website","url":"https:\/\/www.nettali.com\/","name":"Nettali.com","description":"Le rendez-vous critique du Net","potentialAction":[{"@type":"SearchAction","target":{"@type":"EntryPoint","urlTemplate":"https:\/\/www.nettali.com\/?s={search_term_string}"},"query-input":"required name=search_term_string"}],"inLanguage":"fr-FR"},{"@type":"ImageObject","@id":"https:\/\/www.nettali.com\/2025\/10\/29\/arrestations-des-journalistes-alioune-tine-tacle-le-ministre-de-la-communication\/#primaryimage","inLanguage":"fr-FR","url":"https:\/\/www.nettali.com\/wp-content\/uploads\/2025\/10\/images-8-1.jpeg","contentUrl":"https:\/\/www.nettali.com\/wp-content\/uploads\/2025\/10\/images-8-1.jpeg","width":576,"height":372},{"@type":"WebPage","@id":"https:\/\/www.nettali.com\/2025\/10\/29\/arrestations-des-journalistes-alioune-tine-tacle-le-ministre-de-la-communication\/#webpage","url":"https:\/\/www.nettali.com\/2025\/10\/29\/arrestations-des-journalistes-alioune-tine-tacle-le-ministre-de-la-communication\/","name":"ARRESTATIONS DES JOURNALISTES - Alioune Tine tacle le ministre de la Communication | Nettali.com","isPartOf":{"@id":"https:\/\/www.nettali.com\/#website"},"primaryImageOfPage":{"@id":"https:\/\/www.nettali.com\/2025\/10\/29\/arrestations-des-journalistes-alioune-tine-tacle-le-ministre-de-la-communication\/#primaryimage"},"datePublished":"2025-10-29T18:06:00+00:00","dateModified":"2025-10-30T07:17:21+00:00","author":{"@id":"https:\/\/www.nettali.com\/#\/schema\/person\/bb147657c2986240405a608162b9bb23"},"breadcrumb":{"@id":"https:\/\/www.nettali.com\/2025\/10\/29\/arrestations-des-journalistes-alioune-tine-tacle-le-ministre-de-la-communication\/#breadcrumb"},"inLanguage":"fr-FR","potentialAction":[{"@type":"ReadAction","target":["https:\/\/www.nettali.com\/2025\/10\/29\/arrestations-des-journalistes-alioune-tine-tacle-le-ministre-de-la-communication\/"]}]},{"@type":"BreadcrumbList","@id":"https:\/\/www.nettali.com\/2025\/10\/29\/arrestations-des-journalistes-alioune-tine-tacle-le-ministre-de-la-communication\/#breadcrumb","itemListElement":[{"@type":"ListItem","position":1,"name":"Accueil","item":"https:\/\/www.nettali.com\/"},{"@type":"ListItem","position":2,"name":"ARRESTATIONS DES JOURNALISTES - Alioune Tine tacle le ministre de la Communication"}]},{"@type":"Person","@id":"https:\/\/www.nettali.com\/#\/schema\/person\/bb147657c2986240405a608162b9bb23","name":"Ibrahima","image":{"@type":"ImageObject","@id":"https:\/\/www.nettali.com\/#personlogo","inLanguage":"fr-FR","url":"https:\/\/secure.gravatar.com\/avatar\/26a8a81f09f0dd7624c9d5c36c9ba3a2?s=96&d=mm&r=g","contentUrl":"https:\/\/secure.gravatar.com\/avatar\/26a8a81f09f0dd7624c9d5c36c9ba3a2?s=96&d=mm&r=g","caption":"Ibrahima"},"sameAs":["https:\/\/www.nettali.com"]}]}},"_links":{"self":[{"href":"https:\/\/www.nettali.com\/rest\/wp\/v2\/posts\/163693"}],"collection":[{"href":"https:\/\/www.nettali.com\/rest\/wp\/v2\/posts"}],"about":[{"href":"https:\/\/www.nettali.com\/rest\/wp\/v2\/types\/post"}],"author":[{"embeddable":true,"href":"https:\/\/www.nettali.com\/rest\/wp\/v2\/users\/5"}],"replies":[{"embeddable":true,"href":"https:\/\/www.nettali.com\/rest\/wp\/v2\/comments?post=163693"}],"version-history":[{"count":4,"href":"https:\/\/www.nettali.com\/rest\/wp\/v2\/posts\/163693\/revisions"}],"predecessor-version":[{"id":163716,"href":"https:\/\/www.nettali.com\/rest\/wp\/v2\/posts\/163693\/revisions\/163716"}],"wp:featuredmedia":[{"embeddable":true,"href":"https:\/\/www.nettali.com\/rest\/wp\/v2\/media\/163694"}],"wp:attachment":[{"href":"https:\/\/www.nettali.com\/rest\/wp\/v2\/media?parent=163693"}],"wp:term":[{"taxonomy":"category","embeddable":true,"href":"https:\/\/www.nettali.com\/rest\/wp\/v2\/categories?post=163693"},{"taxonomy":"post_tag","embeddable":true,"href":"https:\/\/www.nettali.com\/rest\/wp\/v2\/tags?post=163693"}],"curies":[{"name":"wp","href":"https:\/\/api.w.org\/{rel}","templated":true}]}}