{"id":163672,"date":"2025-10-29T10:30:37","date_gmt":"2025-10-29T10:30:37","guid":{"rendered":"https:\/\/www.nettali.com\/?p=163672"},"modified":"2025-10-29T08:33:30","modified_gmt":"2025-10-29T08:33:30","slug":"real-vinicius-alonso-seul-decideur","status":"publish","type":"post","link":"https:\/\/www.nettali.com\/2025\/10\/29\/real-vinicius-alonso-seul-decideur\/","title":{"rendered":"REAL - Vinicius, Alonso seul d\u00e9cideur"},"content":{"rendered":"<p><strong>NETTALI.COM -<\/strong> Furieux d'avoir \u00e9t\u00e9 remplac\u00e9 \u00e0 la 72e minute par Rodrygo contre le FC Barcelone (2- 1) dimanche en Liga, l'ailier du Real Madrid Vinicius Junior (25 ans, 10 matchs et 5 buts en Liga cette saison) a piqu\u00e9 une col\u00e8re contre son entra\u00eeneur Xabi Alonso.<\/p>\n<p>D'apr\u00e8s les informations de la Cadena SER ce mardi, les dirigeants madril\u00e8nes n'ont pas l'intention d'intervenir dans cette histoire et laissent le contr\u00f4le de la situation au technicien espagnol. Ainsi, l'ex-coach du Bayer Leverkusen sera l'unique d\u00e9cideur d'une \u00e9ventuelle sanction envers l'international br\u00e9silien.<\/p>\n<p>D\u00e8s lundi, les deux hommes ont d'ailleurs eu une discussion, qui s'est termin\u00e9e par une accolade. Il sera tout de m\u00eame int\u00e9ressant de suivre la suite de cette affaire alors que Vinicius semble r\u00e9ellement envisager un d\u00e9part du Real.<\/p>\n<div class='share-to-whatsapp-wrapper'><div class='share-on-whsp'>PARTAGER SUR : <\/div><a data-text='REAL - Vinicius, Alonso seul d\u00e9cideur' data-link='https:\/\/www.nettali.com\/2025\/10\/29\/real-vinicius-alonso-seul-decideur\/' class='whatsapp-button whatsapp-share'>WhatsApp<\/a><div class='clear '><\/div><\/div>","protected":false},"excerpt":{"rendered":"<p>NETTALI.COM - Furieux d'avoir \u00e9t\u00e9 remplac\u00e9 \u00e0 la 72e minute par Rodrygo contre le FC Barcelone (2- 1) dimanche en Liga, l'ailier du Real Madrid Vinicius Junior (25 ans, 10 matchs et 5 buts en Liga cette saison) a piqu\u00e9 une col\u00e8re contre son entra\u00eeneur Xabi Alonso. D'apr\u00e8s les informations de la Cadena SER ce [&hellip;]<\/p>\n","protected":false},"author":2,"featured_media":163673,"comment_status":"open","ping_status":"open","sticky":false,"template":"","format":"standard","meta":{"_et_pb_use_builder":"","_et_pb_old_content":""},"categories":[6],"tags":[],"yoast_head":"<!-- This site is optimized with the Yoast SEO Premium plugin v17.8 (Yoast SEO v17.8) - https:\/\/yoast.com\/wordpress\/plugins\/seo\/ -->\n<title>REAL - Vinicius, Alonso seul d\u00e9cideur | Nettali.com<\/title>\n<meta name=\"robots\" content=\"index, follow, max-snippet:-1, max-image-preview:large, max-video-preview:-1\" \/>\n<link rel=\"canonical\" href=\"https:\/\/www.nettali.com\/2025\/10\/29\/real-vinicius-alonso-seul-decideur\/\" \/>\n<meta property=\"og:locale\" content=\"fr_FR\" \/>\n<meta property=\"og:type\" content=\"article\" \/>\n<meta property=\"og:title\" content=\"REAL - Vinicius, Alonso seul d\u00e9cideur\" \/>\n<meta property=\"og:description\" content=\"NETTALI.COM - Furieux d&#039;avoir \u00e9t\u00e9 remplac\u00e9 \u00e0 la 72e minute par Rodrygo contre le FC Barcelone (2- 1) dimanche en Liga, l&#039;ailier du Real Madrid Vinicius Junior (25 ans, 10 matchs et 5 buts en Liga cette saison) a piqu\u00e9 une col\u00e8re contre son entra\u00eeneur Xabi Alonso. D&#039;apr\u00e8s les informations de la Cadena SER ce [&hellip;]\" \/>\n<meta property=\"og:url\" content=\"https:\/\/www.nettali.com\/2025\/10\/29\/real-vinicius-alonso-seul-decideur\/\" \/>\n<meta property=\"og:site_name\" content=\"Nettali.com\" \/>\n<meta property=\"article:publisher\" content=\"https:\/\/www.facebook.com\/nettalicom\" \/>\n<meta property=\"article:published_time\" content=\"2025-10-29T10:30:37+00:00\" \/>\n<meta property=\"article:modified_time\" content=\"2025-10-29T08:33:30+00:00\" \/>\n<meta property=\"og:image\" content=\"https:\/\/www.nettali.com\/wp-content\/uploads\/2025\/10\/real-madrid-alonso-3.jpg\" \/>\n\t<meta property=\"og:image:width\" content=\"600\" \/>\n\t<meta property=\"og:image:height\" content=\"400\" \/>\n<meta name=\"twitter:card\" content=\"summary_large_image\" \/>\n<meta name=\"twitter:label1\" content=\"\u00c9crit par\" \/>\n\t<meta name=\"twitter:data1\" content=\"CK\" \/>\n\t<meta name=\"twitter:label2\" content=\"Dur\u00e9e de lecture estim\u00e9e\" \/>\n\t<meta name=\"twitter:data2\" content=\"1 minute\" \/>\n<script type=\"application\/ld+json\" class=\"yoast-schema-graph\">{\"@context\":\"https:\/\/schema.org\",\"@graph\":[{\"@type\":\"WebSite\",\"@id\":\"https:\/\/www.nettali.com\/#website\",\"url\":\"https:\/\/www.nettali.com\/\",\"name\":\"Nettali.com\",\"description\":\"Le rendez-vous critique du Net\",\"potentialAction\":[{\"@type\":\"SearchAction\",\"target\":{\"@type\":\"EntryPoint\",\"urlTemplate\":\"https:\/\/www.nettali.com\/?s={search_term_string}\"},\"query-input\":\"required name=search_term_string\"}],\"inLanguage\":\"fr-FR\"},{\"@type\":\"ImageObject\",\"@id\":\"https:\/\/www.nettali.com\/2025\/10\/29\/real-vinicius-alonso-seul-decideur\/#primaryimage\",\"inLanguage\":\"fr-FR\",\"url\":\"https:\/\/www.nettali.com\/wp-content\/uploads\/2025\/10\/real-madrid-alonso-3.jpg\",\"contentUrl\":\"https:\/\/www.nettali.com\/wp-content\/uploads\/2025\/10\/real-madrid-alonso-3.jpg\",\"width\":600,\"height\":400},{\"@type\":\"WebPage\",\"@id\":\"https:\/\/www.nettali.com\/2025\/10\/29\/real-vinicius-alonso-seul-decideur\/#webpage\",\"url\":\"https:\/\/www.nettali.com\/2025\/10\/29\/real-vinicius-alonso-seul-decideur\/\",\"name\":\"REAL - Vinicius, Alonso seul d\\u00e9cideur | Nettali.com\",\"isPartOf\":{\"@id\":\"https:\/\/www.nettali.com\/#website\"},\"primaryImageOfPage\":{\"@id\":\"https:\/\/www.nettali.com\/2025\/10\/29\/real-vinicius-alonso-seul-decideur\/#primaryimage\"},\"datePublished\":\"2025-10-29T10:30:37+00:00\",\"dateModified\":\"2025-10-29T08:33:30+00:00\",\"author\":{\"@id\":\"https:\/\/www.nettali.com\/#\/schema\/person\/d8ac7b7e27ddad43f1c0d2ef090d7f71\"},\"breadcrumb\":{\"@id\":\"https:\/\/www.nettali.com\/2025\/10\/29\/real-vinicius-alonso-seul-decideur\/#breadcrumb\"},\"inLanguage\":\"fr-FR\",\"potentialAction\":[{\"@type\":\"ReadAction\",\"target\":[\"https:\/\/www.nettali.com\/2025\/10\/29\/real-vinicius-alonso-seul-decideur\/\"]}]},{\"@type\":\"BreadcrumbList\",\"@id\":\"https:\/\/www.nettali.com\/2025\/10\/29\/real-vinicius-alonso-seul-decideur\/#breadcrumb\",\"itemListElement\":[{\"@type\":\"ListItem\",\"position\":1,\"name\":\"Accueil\",\"item\":\"https:\/\/www.nettali.com\/\"},{\"@type\":\"ListItem\",\"position\":2,\"name\":\"REAL - Vinicius, Alonso seul d\\u00e9cideur\"}]},{\"@type\":\"Person\",\"@id\":\"https:\/\/www.nettali.com\/#\/schema\/person\/d8ac7b7e27ddad43f1c0d2ef090d7f71\",\"name\":\"CK\",\"image\":{\"@type\":\"ImageObject\",\"@id\":\"https:\/\/www.nettali.com\/#personlogo\",\"inLanguage\":\"fr-FR\",\"url\":\"https:\/\/secure.gravatar.com\/avatar\/1d8d5118b9327d94da7cd4ce7f17fec2?s=96&d=mm&r=g\",\"contentUrl\":\"https:\/\/secure.gravatar.com\/avatar\/1d8d5118b9327d94da7cd4ce7f17fec2?s=96&d=mm&r=g\",\"caption\":\"CK\"},\"sameAs\":[\"https:\/\/www.nettali.com\"]}]}<\/script>\n<!-- \/ Yoast SEO Premium plugin. -->","yoast_head_json":{"title":"REAL - Vinicius, Alonso seul d\u00e9cideur | Nettali.com","robots":{"index":"index","follow":"follow","max-snippet":"max-snippet:-1","max-image-preview":"max-image-preview:large","max-video-preview":"max-video-preview:-1"},"canonical":"https:\/\/www.nettali.com\/2025\/10\/29\/real-vinicius-alonso-seul-decideur\/","og_locale":"fr_FR","og_type":"article","og_title":"REAL - Vinicius, Alonso seul d\u00e9cideur","og_description":"NETTALI.COM - Furieux d'avoir \u00e9t\u00e9 remplac\u00e9 \u00e0 la 72e minute par Rodrygo contre le FC Barcelone (2- 1) dimanche en Liga, l'ailier du Real Madrid Vinicius Junior (25 ans, 10 matchs et 5 buts en Liga cette saison) a piqu\u00e9 une col\u00e8re contre son entra\u00eeneur Xabi Alonso. D'apr\u00e8s les informations de la Cadena SER ce [&hellip;]","og_url":"https:\/\/www.nettali.com\/2025\/10\/29\/real-vinicius-alonso-seul-decideur\/","og_site_name":"Nettali.com","article_publisher":"https:\/\/www.facebook.com\/nettalicom","article_published_time":"2025-10-29T10:30:37+00:00","article_modified_time":"2025-10-29T08:33:30+00:00","og_image":[{"width":600,"height":400,"url":"https:\/\/www.nettali.com\/wp-content\/uploads\/2025\/10\/real-madrid-alonso-3.jpg","type":"image\/jpeg"}],"twitter_card":"summary_large_image","twitter_misc":{"\u00c9crit par":"CK","Dur\u00e9e de lecture estim\u00e9e":"1 minute"},"schema":{"@context":"https:\/\/schema.org","@graph":[{"@type":"WebSite","@id":"https:\/\/www.nettali.com\/#website","url":"https:\/\/www.nettali.com\/","name":"Nettali.com","description":"Le rendez-vous critique du Net","potentialAction":[{"@type":"SearchAction","target":{"@type":"EntryPoint","urlTemplate":"https:\/\/www.nettali.com\/?s={search_term_string}"},"query-input":"required name=search_term_string"}],"inLanguage":"fr-FR"},{"@type":"ImageObject","@id":"https:\/\/www.nettali.com\/2025\/10\/29\/real-vinicius-alonso-seul-decideur\/#primaryimage","inLanguage":"fr-FR","url":"https:\/\/www.nettali.com\/wp-content\/uploads\/2025\/10\/real-madrid-alonso-3.jpg","contentUrl":"https:\/\/www.nettali.com\/wp-content\/uploads\/2025\/10\/real-madrid-alonso-3.jpg","width":600,"height":400},{"@type":"WebPage","@id":"https:\/\/www.nettali.com\/2025\/10\/29\/real-vinicius-alonso-seul-decideur\/#webpage","url":"https:\/\/www.nettali.com\/2025\/10\/29\/real-vinicius-alonso-seul-decideur\/","name":"REAL - Vinicius, Alonso seul d\u00e9cideur | Nettali.com","isPartOf":{"@id":"https:\/\/www.nettali.com\/#website"},"primaryImageOfPage":{"@id":"https:\/\/www.nettali.com\/2025\/10\/29\/real-vinicius-alonso-seul-decideur\/#primaryimage"},"datePublished":"2025-10-29T10:30:37+00:00","dateModified":"2025-10-29T08:33:30+00:00","author":{"@id":"https:\/\/www.nettali.com\/#\/schema\/person\/d8ac7b7e27ddad43f1c0d2ef090d7f71"},"breadcrumb":{"@id":"https:\/\/www.nettali.com\/2025\/10\/29\/real-vinicius-alonso-seul-decideur\/#breadcrumb"},"inLanguage":"fr-FR","potentialAction":[{"@type":"ReadAction","target":["https:\/\/www.nettali.com\/2025\/10\/29\/real-vinicius-alonso-seul-decideur\/"]}]},{"@type":"BreadcrumbList","@id":"https:\/\/www.nettali.com\/2025\/10\/29\/real-vinicius-alonso-seul-decideur\/#breadcrumb","itemListElement":[{"@type":"ListItem","position":1,"name":"Accueil","item":"https:\/\/www.nettali.com\/"},{"@type":"ListItem","position":2,"name":"REAL - Vinicius, Alonso seul d\u00e9cideur"}]},{"@type":"Person","@id":"https:\/\/www.nettali.com\/#\/schema\/person\/d8ac7b7e27ddad43f1c0d2ef090d7f71","name":"CK","image":{"@type":"ImageObject","@id":"https:\/\/www.nettali.com\/#personlogo","inLanguage":"fr-FR","url":"https:\/\/secure.gravatar.com\/avatar\/1d8d5118b9327d94da7cd4ce7f17fec2?s=96&d=mm&r=g","contentUrl":"https:\/\/secure.gravatar.com\/avatar\/1d8d5118b9327d94da7cd4ce7f17fec2?s=96&d=mm&r=g","caption":"CK"},"sameAs":["https:\/\/www.nettali.com"]}]}},"_links":{"self":[{"href":"https:\/\/www.nettali.com\/rest\/wp\/v2\/posts\/163672"}],"collection":[{"href":"https:\/\/www.nettali.com\/rest\/wp\/v2\/posts"}],"about":[{"href":"https:\/\/www.nettali.com\/rest\/wp\/v2\/types\/post"}],"author":[{"embeddable":true,"href":"https:\/\/www.nettali.com\/rest\/wp\/v2\/users\/2"}],"replies":[{"embeddable":true,"href":"https:\/\/www.nettali.com\/rest\/wp\/v2\/comments?post=163672"}],"version-history":[{"count":1,"href":"https:\/\/www.nettali.com\/rest\/wp\/v2\/posts\/163672\/revisions"}],"predecessor-version":[{"id":163674,"href":"https:\/\/www.nettali.com\/rest\/wp\/v2\/posts\/163672\/revisions\/163674"}],"wp:featuredmedia":[{"embeddable":true,"href":"https:\/\/www.nettali.com\/rest\/wp\/v2\/media\/163673"}],"wp:attachment":[{"href":"https:\/\/www.nettali.com\/rest\/wp\/v2\/media?parent=163672"}],"wp:term":[{"taxonomy":"category","embeddable":true,"href":"https:\/\/www.nettali.com\/rest\/wp\/v2\/categories?post=163672"},{"taxonomy":"post_tag","embeddable":true,"href":"https:\/\/www.nettali.com\/rest\/wp\/v2\/tags?post=163672"}],"curies":[{"name":"wp","href":"https:\/\/api.w.org\/{rel}","templated":true}]}}