{"id":163655,"date":"2025-10-29T15:00:10","date_gmt":"2025-10-29T15:00:10","guid":{"rendered":"https:\/\/www.nettali.com\/?p=163655"},"modified":"2025-10-29T12:48:13","modified_gmt":"2025-10-29T12:48:13","slug":"la-fgts-rejette-le-pacte-social","status":"publish","type":"post","link":"https:\/\/www.nettali.com\/2025\/10\/29\/la-fgts-rejette-le-pacte-social\/","title":{"rendered":"La FGTS rejette le pacte social"},"content":{"rendered":"<p><strong>NETTALI.COM -<\/strong> La F\u00e9d\u00e9ration g\u00e9n\u00e9rale des travailleurs du S\u00e9n\u00e9gal (FGTS\/B) monte au cr\u00e9neau contre l\u2019institutionnalisation du Pacte social. Dans une d\u00e9claration rendue publique le mardi 28 octobre, la centrale syndicale dirig\u00e9e par la succession du regrett\u00e9 Sidya Ndiaye s\u2019interroge sur \u201cl\u2019utilit\u00e9 r\u00e9elle\u201d d\u2019un tel m\u00e9canisme, qu\u2019elle qualifie de \u201c<em>nouvelle forme de participation d\u00e9guis\u00e9e<\/em>\u201d visant \u00e0 neutraliser les travailleurs.<\/p>\n<p>Durant la campagne pour les \u00e9lections de repr\u00e9sentativit\u00e9 des centrales syndicales, la FGTS\/B avait d\u00e9fendu ce qu\u2019elle appelle \u201c<em>la troisi\u00e8me voie syndicale<\/em>\u201d, une orientation ax\u00e9e sur la promotion et la protection du travailleur.<\/p>\n<p>Pour la F\u00e9d\u00e9ration, cette voie s\u2019oppose \u00e0 la \u201c<em>n\u00e9o-participation<\/em>\u201d des centrales dites repr\u00e9sentatives, accus\u00e9es d\u2019avoir troqu\u00e9 leur libert\u00e9 contre un \u201c<em>pacte de stabilit\u00e9 sociale et \u00e9conomique<\/em>\u201d sans contrepartie r\u00e9elle.<\/p>\n<p>La FGTS\/ B estime que le gouvernement et certains partenaires sociaux ont instaur\u00e9 ce pacte sans solder les nombreux contentieux sociaux h\u00e9rit\u00e9s du pass\u00e9 : arri\u00e9r\u00e9s d\u2019augmentation de salaire, indemnit\u00e9s de logement impay\u00e9es, d\u00e9crets non sign\u00e9s relatifs aux plans de carri\u00e8re dans l\u2019\u00e9ducation et la sant\u00e9, ou encore le reclassement des techniciens sup\u00e9rieurs de sant\u00e9. \u201cUn pacte sans clause de rupture n\u2019est qu\u2019un moyen de museler les travailleurs pendant trois ans, en les privant de leur droit de gr\u00e8ve et de toute nouvelle conqu\u00eate syndicale\u201d, d\u00e9nonce le communiqu\u00e9.<\/p>\n<p>La centrale critique \u00e9galement la cr\u00e9ation d\u2019un dispositif dot\u00e9 d\u2019organes et d\u2019un budget de fonctionnement qui, selon elle, \u201c<em>retire toute sa substance au Haut Conseil du dialogue social<\/em>\u201d, rel\u00e9gu\u00e9 au rang de \u201cfaire-valoir\u201d.<\/p>\n<p>Pour la FGTS\/B, il s\u2019agit d\u2019un chevauchement de missions traduisant \u201c<em>une volont\u00e9 d\u2019encerclement des travailleurs<\/em>\u201d via des centrales fa\u00eeti\u00e8res d\u00e9connect\u00e9es des syndicats sectoriels.<\/p>\n<p>Fid\u00e8le \u00e0 sa \u201c<em>troisi\u00e8me voie syndicale<\/em>\u201d, la FGTS\/B revendique une ligne fond\u00e9e sur la co-construction et la co-responsabilit\u00e9, dans le respect des conventions internationales 87 et 98 de l\u2019Organisation internationale du travail. Elle appelle \u00e0 un \u201c<em>retour aux fondamentaux du syndicalisme de compromis dynamiques, loin des compromissions et de la vassalisation<\/em>\u201d qu\u2019elle juge responsables de la d\u00e9syndicalisation progressive.<\/p>\n<p>Dans le m\u00eame document, la F\u00e9d\u00e9ration condamne fermement le licenciement \u201cabusif\u201d d\u2019Omar Foutah Badiane, secr\u00e9taire g\u00e9n\u00e9ral du SAT2S \u00e0 la Caisse de S\u00e9curit\u00e9 sociale, ainsi que l\u2019exclusion de syndicalistes de la SOCOCIM et du Radisson Blu. Elle exprime son \u201c<em>soutien ind\u00e9fectible<\/em>\u201d \u00e0 tous ces travailleurs victimes de r\u00e9pression.<\/p>\n<p>Enfin, la FGTS\/B renouvelle sa revendication d\u2019un r\u00e9c\u00e9piss\u00e9 officiel et de sa reconnaissance comme centrale syndicale repr\u00e9sentative, forte d\u2019un score de 10,20 %, qui, selon elle, \u201c<em>aurait fait la fiert\u00e9 du regrett\u00e9 Sidya Ndiaye<\/em>\u201d.<\/p>\n<div class='share-to-whatsapp-wrapper'><div class='share-on-whsp'>PARTAGER SUR : <\/div><a data-text='La FGTS rejette le pacte social' data-link='https:\/\/www.nettali.com\/2025\/10\/29\/la-fgts-rejette-le-pacte-social\/' class='whatsapp-button whatsapp-share'>WhatsApp<\/a><div class='clear '><\/div><\/div>","protected":false},"excerpt":{"rendered":"<p>NETTALI.COM - La F\u00e9d\u00e9ration g\u00e9n\u00e9rale des travailleurs du S\u00e9n\u00e9gal (FGTS\/B) monte au cr\u00e9neau contre l\u2019institutionnalisation du Pacte social. Dans une d\u00e9claration rendue publique le mardi 28 octobre, la centrale syndicale dirig\u00e9e par la succession du regrett\u00e9 Sidya Ndiaye s\u2019interroge sur \u201cl\u2019utilit\u00e9 r\u00e9elle\u201d d\u2019un tel m\u00e9canisme, qu\u2019elle qualifie de \u201cnouvelle forme de participation d\u00e9guis\u00e9e\u201d visant \u00e0 [&hellip;]<\/p>\n","protected":false},"author":2,"featured_media":163656,"comment_status":"open","ping_status":"open","sticky":false,"template":"","format":"standard","meta":{"_et_pb_use_builder":"","_et_pb_old_content":""},"categories":[3],"tags":[],"yoast_head":"<!-- This site is optimized with the Yoast SEO Premium plugin v17.8 (Yoast SEO v17.8) - https:\/\/yoast.com\/wordpress\/plugins\/seo\/ -->\n<title>La FGTS rejette le pacte social | Nettali.com<\/title>\n<meta name=\"robots\" content=\"index, follow, max-snippet:-1, max-image-preview:large, max-video-preview:-1\" \/>\n<link rel=\"canonical\" href=\"https:\/\/www.nettali.com\/2025\/10\/29\/la-fgts-rejette-le-pacte-social\/\" \/>\n<meta property=\"og:locale\" content=\"fr_FR\" \/>\n<meta property=\"og:type\" content=\"article\" \/>\n<meta property=\"og:title\" content=\"La FGTS rejette le pacte social\" \/>\n<meta property=\"og:description\" content=\"NETTALI.COM - La F\u00e9d\u00e9ration g\u00e9n\u00e9rale des travailleurs du S\u00e9n\u00e9gal (FGTS\/B) monte au cr\u00e9neau contre l\u2019institutionnalisation du Pacte social. Dans une d\u00e9claration rendue publique le mardi 28 octobre, la centrale syndicale dirig\u00e9e par la succession du regrett\u00e9 Sidya Ndiaye s\u2019interroge sur \u201cl\u2019utilit\u00e9 r\u00e9elle\u201d d\u2019un tel m\u00e9canisme, qu\u2019elle qualifie de \u201cnouvelle forme de participation d\u00e9guis\u00e9e\u201d visant \u00e0 [&hellip;]\" \/>\n<meta property=\"og:url\" content=\"https:\/\/www.nettali.com\/2025\/10\/29\/la-fgts-rejette-le-pacte-social\/\" \/>\n<meta property=\"og:site_name\" content=\"Nettali.com\" \/>\n<meta property=\"article:publisher\" content=\"https:\/\/www.facebook.com\/nettalicom\" \/>\n<meta property=\"article:published_time\" content=\"2025-10-29T15:00:10+00:00\" \/>\n<meta property=\"article:modified_time\" content=\"2025-10-29T12:48:13+00:00\" \/>\n<meta property=\"og:image\" content=\"https:\/\/www.nettali.com\/wp-content\/uploads\/2025\/10\/IMG-20250516-WA0141.jpg\" \/>\n\t<meta property=\"og:image:width\" content=\"1600\" \/>\n\t<meta property=\"og:image:height\" content=\"1200\" \/>\n<meta name=\"twitter:card\" content=\"summary_large_image\" \/>\n<meta name=\"twitter:label1\" content=\"\u00c9crit par\" \/>\n\t<meta name=\"twitter:data1\" content=\"CK\" \/>\n\t<meta name=\"twitter:label2\" content=\"Dur\u00e9e de lecture estim\u00e9e\" \/>\n\t<meta name=\"twitter:data2\" content=\"2 minutes\" \/>\n<script type=\"application\/ld+json\" class=\"yoast-schema-graph\">{\"@context\":\"https:\/\/schema.org\",\"@graph\":[{\"@type\":\"WebSite\",\"@id\":\"https:\/\/www.nettali.com\/#website\",\"url\":\"https:\/\/www.nettali.com\/\",\"name\":\"Nettali.com\",\"description\":\"Le rendez-vous critique du Net\",\"potentialAction\":[{\"@type\":\"SearchAction\",\"target\":{\"@type\":\"EntryPoint\",\"urlTemplate\":\"https:\/\/www.nettali.com\/?s={search_term_string}\"},\"query-input\":\"required name=search_term_string\"}],\"inLanguage\":\"fr-FR\"},{\"@type\":\"ImageObject\",\"@id\":\"https:\/\/www.nettali.com\/2025\/10\/29\/la-fgts-rejette-le-pacte-social\/#primaryimage\",\"inLanguage\":\"fr-FR\",\"url\":\"https:\/\/www.nettali.com\/wp-content\/uploads\/2025\/10\/IMG-20250516-WA0141.jpg\",\"contentUrl\":\"https:\/\/www.nettali.com\/wp-content\/uploads\/2025\/10\/IMG-20250516-WA0141.jpg\",\"width\":1600,\"height\":1200},{\"@type\":\"WebPage\",\"@id\":\"https:\/\/www.nettali.com\/2025\/10\/29\/la-fgts-rejette-le-pacte-social\/#webpage\",\"url\":\"https:\/\/www.nettali.com\/2025\/10\/29\/la-fgts-rejette-le-pacte-social\/\",\"name\":\"La FGTS rejette le pacte social | Nettali.com\",\"isPartOf\":{\"@id\":\"https:\/\/www.nettali.com\/#website\"},\"primaryImageOfPage\":{\"@id\":\"https:\/\/www.nettali.com\/2025\/10\/29\/la-fgts-rejette-le-pacte-social\/#primaryimage\"},\"datePublished\":\"2025-10-29T15:00:10+00:00\",\"dateModified\":\"2025-10-29T12:48:13+00:00\",\"author\":{\"@id\":\"https:\/\/www.nettali.com\/#\/schema\/person\/d8ac7b7e27ddad43f1c0d2ef090d7f71\"},\"breadcrumb\":{\"@id\":\"https:\/\/www.nettali.com\/2025\/10\/29\/la-fgts-rejette-le-pacte-social\/#breadcrumb\"},\"inLanguage\":\"fr-FR\",\"potentialAction\":[{\"@type\":\"ReadAction\",\"target\":[\"https:\/\/www.nettali.com\/2025\/10\/29\/la-fgts-rejette-le-pacte-social\/\"]}]},{\"@type\":\"BreadcrumbList\",\"@id\":\"https:\/\/www.nettali.com\/2025\/10\/29\/la-fgts-rejette-le-pacte-social\/#breadcrumb\",\"itemListElement\":[{\"@type\":\"ListItem\",\"position\":1,\"name\":\"Accueil\",\"item\":\"https:\/\/www.nettali.com\/\"},{\"@type\":\"ListItem\",\"position\":2,\"name\":\"La FGTS rejette le pacte social\"}]},{\"@type\":\"Person\",\"@id\":\"https:\/\/www.nettali.com\/#\/schema\/person\/d8ac7b7e27ddad43f1c0d2ef090d7f71\",\"name\":\"CK\",\"image\":{\"@type\":\"ImageObject\",\"@id\":\"https:\/\/www.nettali.com\/#personlogo\",\"inLanguage\":\"fr-FR\",\"url\":\"https:\/\/secure.gravatar.com\/avatar\/1d8d5118b9327d94da7cd4ce7f17fec2?s=96&d=mm&r=g\",\"contentUrl\":\"https:\/\/secure.gravatar.com\/avatar\/1d8d5118b9327d94da7cd4ce7f17fec2?s=96&d=mm&r=g\",\"caption\":\"CK\"},\"sameAs\":[\"https:\/\/www.nettali.com\"]}]}<\/script>\n<!-- \/ Yoast SEO Premium plugin. -->","yoast_head_json":{"title":"La FGTS rejette le pacte social | Nettali.com","robots":{"index":"index","follow":"follow","max-snippet":"max-snippet:-1","max-image-preview":"max-image-preview:large","max-video-preview":"max-video-preview:-1"},"canonical":"https:\/\/www.nettali.com\/2025\/10\/29\/la-fgts-rejette-le-pacte-social\/","og_locale":"fr_FR","og_type":"article","og_title":"La FGTS rejette le pacte social","og_description":"NETTALI.COM - La F\u00e9d\u00e9ration g\u00e9n\u00e9rale des travailleurs du S\u00e9n\u00e9gal (FGTS\/B) monte au cr\u00e9neau contre l\u2019institutionnalisation du Pacte social. Dans une d\u00e9claration rendue publique le mardi 28 octobre, la centrale syndicale dirig\u00e9e par la succession du regrett\u00e9 Sidya Ndiaye s\u2019interroge sur \u201cl\u2019utilit\u00e9 r\u00e9elle\u201d d\u2019un tel m\u00e9canisme, qu\u2019elle qualifie de \u201cnouvelle forme de participation d\u00e9guis\u00e9e\u201d visant \u00e0 [&hellip;]","og_url":"https:\/\/www.nettali.com\/2025\/10\/29\/la-fgts-rejette-le-pacte-social\/","og_site_name":"Nettali.com","article_publisher":"https:\/\/www.facebook.com\/nettalicom","article_published_time":"2025-10-29T15:00:10+00:00","article_modified_time":"2025-10-29T12:48:13+00:00","og_image":[{"width":1600,"height":1200,"url":"https:\/\/www.nettali.com\/wp-content\/uploads\/2025\/10\/IMG-20250516-WA0141.jpg","type":"image\/jpeg"}],"twitter_card":"summary_large_image","twitter_misc":{"\u00c9crit par":"CK","Dur\u00e9e de lecture estim\u00e9e":"2 minutes"},"schema":{"@context":"https:\/\/schema.org","@graph":[{"@type":"WebSite","@id":"https:\/\/www.nettali.com\/#website","url":"https:\/\/www.nettali.com\/","name":"Nettali.com","description":"Le rendez-vous critique du Net","potentialAction":[{"@type":"SearchAction","target":{"@type":"EntryPoint","urlTemplate":"https:\/\/www.nettali.com\/?s={search_term_string}"},"query-input":"required name=search_term_string"}],"inLanguage":"fr-FR"},{"@type":"ImageObject","@id":"https:\/\/www.nettali.com\/2025\/10\/29\/la-fgts-rejette-le-pacte-social\/#primaryimage","inLanguage":"fr-FR","url":"https:\/\/www.nettali.com\/wp-content\/uploads\/2025\/10\/IMG-20250516-WA0141.jpg","contentUrl":"https:\/\/www.nettali.com\/wp-content\/uploads\/2025\/10\/IMG-20250516-WA0141.jpg","width":1600,"height":1200},{"@type":"WebPage","@id":"https:\/\/www.nettali.com\/2025\/10\/29\/la-fgts-rejette-le-pacte-social\/#webpage","url":"https:\/\/www.nettali.com\/2025\/10\/29\/la-fgts-rejette-le-pacte-social\/","name":"La FGTS rejette le pacte social | Nettali.com","isPartOf":{"@id":"https:\/\/www.nettali.com\/#website"},"primaryImageOfPage":{"@id":"https:\/\/www.nettali.com\/2025\/10\/29\/la-fgts-rejette-le-pacte-social\/#primaryimage"},"datePublished":"2025-10-29T15:00:10+00:00","dateModified":"2025-10-29T12:48:13+00:00","author":{"@id":"https:\/\/www.nettali.com\/#\/schema\/person\/d8ac7b7e27ddad43f1c0d2ef090d7f71"},"breadcrumb":{"@id":"https:\/\/www.nettali.com\/2025\/10\/29\/la-fgts-rejette-le-pacte-social\/#breadcrumb"},"inLanguage":"fr-FR","potentialAction":[{"@type":"ReadAction","target":["https:\/\/www.nettali.com\/2025\/10\/29\/la-fgts-rejette-le-pacte-social\/"]}]},{"@type":"BreadcrumbList","@id":"https:\/\/www.nettali.com\/2025\/10\/29\/la-fgts-rejette-le-pacte-social\/#breadcrumb","itemListElement":[{"@type":"ListItem","position":1,"name":"Accueil","item":"https:\/\/www.nettali.com\/"},{"@type":"ListItem","position":2,"name":"La FGTS rejette le pacte social"}]},{"@type":"Person","@id":"https:\/\/www.nettali.com\/#\/schema\/person\/d8ac7b7e27ddad43f1c0d2ef090d7f71","name":"CK","image":{"@type":"ImageObject","@id":"https:\/\/www.nettali.com\/#personlogo","inLanguage":"fr-FR","url":"https:\/\/secure.gravatar.com\/avatar\/1d8d5118b9327d94da7cd4ce7f17fec2?s=96&d=mm&r=g","contentUrl":"https:\/\/secure.gravatar.com\/avatar\/1d8d5118b9327d94da7cd4ce7f17fec2?s=96&d=mm&r=g","caption":"CK"},"sameAs":["https:\/\/www.nettali.com"]}]}},"_links":{"self":[{"href":"https:\/\/www.nettali.com\/rest\/wp\/v2\/posts\/163655"}],"collection":[{"href":"https:\/\/www.nettali.com\/rest\/wp\/v2\/posts"}],"about":[{"href":"https:\/\/www.nettali.com\/rest\/wp\/v2\/types\/post"}],"author":[{"embeddable":true,"href":"https:\/\/www.nettali.com\/rest\/wp\/v2\/users\/2"}],"replies":[{"embeddable":true,"href":"https:\/\/www.nettali.com\/rest\/wp\/v2\/comments?post=163655"}],"version-history":[{"count":1,"href":"https:\/\/www.nettali.com\/rest\/wp\/v2\/posts\/163655\/revisions"}],"predecessor-version":[{"id":163657,"href":"https:\/\/www.nettali.com\/rest\/wp\/v2\/posts\/163655\/revisions\/163657"}],"wp:featuredmedia":[{"embeddable":true,"href":"https:\/\/www.nettali.com\/rest\/wp\/v2\/media\/163656"}],"wp:attachment":[{"href":"https:\/\/www.nettali.com\/rest\/wp\/v2\/media?parent=163655"}],"wp:term":[{"taxonomy":"category","embeddable":true,"href":"https:\/\/www.nettali.com\/rest\/wp\/v2\/categories?post=163655"},{"taxonomy":"post_tag","embeddable":true,"href":"https:\/\/www.nettali.com\/rest\/wp\/v2\/tags?post=163655"}],"curies":[{"name":"wp","href":"https:\/\/api.w.org\/{rel}","templated":true}]}}