{"id":163652,"date":"2025-10-29T11:00:10","date_gmt":"2025-10-29T11:00:10","guid":{"rendered":"https:\/\/www.nettali.com\/?p=163652"},"modified":"2025-10-29T08:28:35","modified_gmt":"2025-10-29T08:28:35","slug":"eva-marie-c-seck-au-forum-galien-afrique-la-souverainete-sanitaire-nest-pas-un-slogan","status":"publish","type":"post","link":"https:\/\/www.nettali.com\/2025\/10\/29\/eva-marie-c-seck-au-forum-galien-afrique-la-souverainete-sanitaire-nest-pas-un-slogan\/","title":{"rendered":"EVA MARIE C. SECK AU FORUM GALIEN AFRIQUE - \"La souverainet\u00e9 sanitaire n\u2019est pas un slogan\""},"content":{"rendered":"<p><strong>NETTALI.COM -<\/strong> Lors de la c\u00e9r\u00e9monie d\u2019ouverture de la 8e \u00e9dition du Forum Galien Afrique, la pr\u00e9sidente du comit\u00e9 scientifique, Eva Marie C. Seck, a livr\u00e9 un plaidoyer fort pour l\u2019autonomie sanitaire du continent. \u201c<em>La pand\u00e9mie de COVID-19 a r\u00e9v\u00e9l\u00e9 les fragilit\u00e9s profondes de notre syst\u00e8me de sant\u00e9 et notre d\u00e9pendance excessive aux importations. Mais elle a aussi montr\u00e9 que l\u2019Afrique dispose du potentiel humain, scientifique et industriel pour prendre en main son destin sanitaire. La souverainet\u00e9 sanitaire n\u2019est pas un slogan, c\u2019est une n\u00e9cessit\u00e9 v\u00e9cue au quotidien<\/em>\u201d, a-t-elle affirm\u00e9.<\/p>\n<p>\u00c9voquant les avanc\u00e9es du S\u00e9n\u00e9gal, Pr Seck a cit\u00e9 la Couverture sanitaire universelle, la digitalisation en cours du syst\u00e8me de sant\u00e9 et les performances de l\u2019Institut Pasteur de Dakar, devenu une r\u00e9f\u00e9rence en production vaccinale avec le projet Madiba. Elle a \u00e9galement salu\u00e9 les contributions de l\u2019Iressef et des universit\u00e9s s\u00e9n\u00e9galaises dans la recherche, tout en soulignant les d\u00e9fis persistants : faiblesse du financement domestique et in\u00e9galit\u00e9s d\u2019acc\u00e8s aux soins.<\/p>\n<p>S\u2019inscrivant dans la vision \"S\u00e9n\u00e9gal 2050\" du pr\u00e9sident Bassirou Diomaye Faye, elle a rappel\u00e9 la volont\u00e9 du gouvernement de passer d\u2019une sant\u00e9 curative \u00e0 une sant\u00e9 pr\u00e9ventive, int\u00e9grant les d\u00e9terminants environnementaux, climatiques et sociaux. \u201c<em>Cette approche marque un changement de paradigme pour b\u00e2tir un syst\u00e8me de sant\u00e9 r\u00e9silient et accessible \u00e0 tous<\/em>\u201d, a-t-elle soulign\u00e9.<\/p>\n<p>Selon elle, la souverainet\u00e9 sanitaire repose sur quatre piliers : la construction d\u2019infrastructures modernes, la valorisation du capital humain par la formation et la recherche, la production locale de m\u00e9dicaments et vaccins, et un financement endog\u00e8ne de la sant\u00e9. Elle a plaid\u00e9 pour la mobilisation de ressources domestiques \u00e0 travers des m\u00e9canismes innovants comme les fonds souverains ou les taxes de solidarit\u00e9.<\/p>\n<p>Toutefois, Pr Seck a pr\u00e9cis\u00e9 que la souverainet\u00e9 sanitaire \u201c<em>n\u2019est pas un repli sur soi, mais la capacit\u00e9 \u00e0 d\u00e9finir nos priorit\u00e9s et \u00e0 b\u00e2tir des partenariats \u00e9quilibr\u00e9s et gagnant-gagnant<\/em>\u201d.<\/p>\n<p>Elle a appel\u00e9 \u00e0 une coop\u00e9ration r\u00e9gionale renforc\u00e9e, \u00e0 la solidarit\u00e9 entre pays africains et \u00e0 une implication accrue des jeunes, des femmes et des acteurs communautaires.<\/p>\n<p>Pour conclure, elle a invit\u00e9 les participants du Forum \u00e0 s\u2019engager r\u00e9solument dans la production locale de vaccins et de m\u00e9dicaments, dans l\u2019investissement en recherche et innovation et dans la reconnaissance effective de la sant\u00e9 comme un droit fondamental pour tous en Afrique\u201d<\/p>\n<div class='share-to-whatsapp-wrapper'><div class='share-on-whsp'>PARTAGER SUR : <\/div><a data-text='EVA MARIE C. SECK AU FORUM GALIEN AFRIQUE - \"La souverainet\u00e9 sanitaire n\u2019est pas un slogan\"' data-link='https:\/\/www.nettali.com\/2025\/10\/29\/eva-marie-c-seck-au-forum-galien-afrique-la-souverainete-sanitaire-nest-pas-un-slogan\/' class='whatsapp-button whatsapp-share'>WhatsApp<\/a><div class='clear '><\/div><\/div>","protected":false},"excerpt":{"rendered":"<p>NETTALI.COM - Lors de la c\u00e9r\u00e9monie d\u2019ouverture de la 8e \u00e9dition du Forum Galien Afrique, la pr\u00e9sidente du comit\u00e9 scientifique, Eva Marie C. Seck, a livr\u00e9 un plaidoyer fort pour l\u2019autonomie sanitaire du continent. \u201cLa pand\u00e9mie de COVID-19 a r\u00e9v\u00e9l\u00e9 les fragilit\u00e9s profondes de notre syst\u00e8me de sant\u00e9 et notre d\u00e9pendance excessive aux importations. Mais [&hellip;]<\/p>\n","protected":false},"author":2,"featured_media":163653,"comment_status":"open","ping_status":"open","sticky":false,"template":"","format":"standard","meta":{"_et_pb_use_builder":"","_et_pb_old_content":""},"categories":[22],"tags":[],"yoast_head":"<!-- This site is optimized with the Yoast SEO Premium plugin v17.8 (Yoast SEO v17.8) - https:\/\/yoast.com\/wordpress\/plugins\/seo\/ -->\n<title>EVA MARIE C. SECK AU FORUM GALIEN AFRIQUE - &quot;La souverainet\u00e9 sanitaire n\u2019est pas un slogan&quot; | Nettali.com<\/title>\n<meta name=\"robots\" content=\"index, follow, max-snippet:-1, max-image-preview:large, max-video-preview:-1\" \/>\n<link rel=\"canonical\" href=\"https:\/\/www.nettali.com\/2025\/10\/29\/eva-marie-c-seck-au-forum-galien-afrique-la-souverainete-sanitaire-nest-pas-un-slogan\/\" \/>\n<meta property=\"og:locale\" content=\"fr_FR\" \/>\n<meta property=\"og:type\" content=\"article\" \/>\n<meta property=\"og:title\" content=\"EVA MARIE C. SECK AU FORUM GALIEN AFRIQUE - &quot;La souverainet\u00e9 sanitaire n\u2019est pas un slogan&quot;\" \/>\n<meta property=\"og:description\" content=\"NETTALI.COM - Lors de la c\u00e9r\u00e9monie d\u2019ouverture de la 8e \u00e9dition du Forum Galien Afrique, la pr\u00e9sidente du comit\u00e9 scientifique, Eva Marie C. Seck, a livr\u00e9 un plaidoyer fort pour l\u2019autonomie sanitaire du continent. \u201cLa pand\u00e9mie de COVID-19 a r\u00e9v\u00e9l\u00e9 les fragilit\u00e9s profondes de notre syst\u00e8me de sant\u00e9 et notre d\u00e9pendance excessive aux importations. Mais [&hellip;]\" \/>\n<meta property=\"og:url\" content=\"https:\/\/www.nettali.com\/2025\/10\/29\/eva-marie-c-seck-au-forum-galien-afrique-la-souverainete-sanitaire-nest-pas-un-slogan\/\" \/>\n<meta property=\"og:site_name\" content=\"Nettali.com\" \/>\n<meta property=\"article:publisher\" content=\"https:\/\/www.facebook.com\/nettalicom\" \/>\n<meta property=\"article:published_time\" content=\"2025-10-29T11:00:10+00:00\" \/>\n<meta property=\"article:modified_time\" content=\"2025-10-29T08:28:35+00:00\" \/>\n<meta property=\"og:image\" content=\"https:\/\/www.nettali.com\/wp-content\/uploads\/2025\/10\/Capture-decran-2025-10-12-a-13.41.02.png\" \/>\n\t<meta property=\"og:image:width\" content=\"551\" \/>\n\t<meta property=\"og:image:height\" content=\"342\" \/>\n<meta name=\"twitter:card\" content=\"summary_large_image\" \/>\n<meta name=\"twitter:label1\" content=\"\u00c9crit par\" \/>\n\t<meta name=\"twitter:data1\" content=\"CK\" \/>\n\t<meta name=\"twitter:label2\" content=\"Dur\u00e9e de lecture estim\u00e9e\" \/>\n\t<meta name=\"twitter:data2\" content=\"2 minutes\" \/>\n<script type=\"application\/ld+json\" class=\"yoast-schema-graph\">{\"@context\":\"https:\/\/schema.org\",\"@graph\":[{\"@type\":\"WebSite\",\"@id\":\"https:\/\/www.nettali.com\/#website\",\"url\":\"https:\/\/www.nettali.com\/\",\"name\":\"Nettali.com\",\"description\":\"Le rendez-vous critique du Net\",\"potentialAction\":[{\"@type\":\"SearchAction\",\"target\":{\"@type\":\"EntryPoint\",\"urlTemplate\":\"https:\/\/www.nettali.com\/?s={search_term_string}\"},\"query-input\":\"required name=search_term_string\"}],\"inLanguage\":\"fr-FR\"},{\"@type\":\"ImageObject\",\"@id\":\"https:\/\/www.nettali.com\/2025\/10\/29\/eva-marie-c-seck-au-forum-galien-afrique-la-souverainete-sanitaire-nest-pas-un-slogan\/#primaryimage\",\"inLanguage\":\"fr-FR\",\"url\":\"https:\/\/www.nettali.com\/wp-content\/uploads\/2025\/10\/Capture-decran-2025-10-12-a-13.41.02.png\",\"contentUrl\":\"https:\/\/www.nettali.com\/wp-content\/uploads\/2025\/10\/Capture-decran-2025-10-12-a-13.41.02.png\",\"width\":551,\"height\":342},{\"@type\":\"WebPage\",\"@id\":\"https:\/\/www.nettali.com\/2025\/10\/29\/eva-marie-c-seck-au-forum-galien-afrique-la-souverainete-sanitaire-nest-pas-un-slogan\/#webpage\",\"url\":\"https:\/\/www.nettali.com\/2025\/10\/29\/eva-marie-c-seck-au-forum-galien-afrique-la-souverainete-sanitaire-nest-pas-un-slogan\/\",\"name\":\"EVA MARIE C. SECK AU FORUM GALIEN AFRIQUE - \\\"La souverainet\\u00e9 sanitaire n\\u2019est pas un slogan\\\" | Nettali.com\",\"isPartOf\":{\"@id\":\"https:\/\/www.nettali.com\/#website\"},\"primaryImageOfPage\":{\"@id\":\"https:\/\/www.nettali.com\/2025\/10\/29\/eva-marie-c-seck-au-forum-galien-afrique-la-souverainete-sanitaire-nest-pas-un-slogan\/#primaryimage\"},\"datePublished\":\"2025-10-29T11:00:10+00:00\",\"dateModified\":\"2025-10-29T08:28:35+00:00\",\"author\":{\"@id\":\"https:\/\/www.nettali.com\/#\/schema\/person\/d8ac7b7e27ddad43f1c0d2ef090d7f71\"},\"breadcrumb\":{\"@id\":\"https:\/\/www.nettali.com\/2025\/10\/29\/eva-marie-c-seck-au-forum-galien-afrique-la-souverainete-sanitaire-nest-pas-un-slogan\/#breadcrumb\"},\"inLanguage\":\"fr-FR\",\"potentialAction\":[{\"@type\":\"ReadAction\",\"target\":[\"https:\/\/www.nettali.com\/2025\/10\/29\/eva-marie-c-seck-au-forum-galien-afrique-la-souverainete-sanitaire-nest-pas-un-slogan\/\"]}]},{\"@type\":\"BreadcrumbList\",\"@id\":\"https:\/\/www.nettali.com\/2025\/10\/29\/eva-marie-c-seck-au-forum-galien-afrique-la-souverainete-sanitaire-nest-pas-un-slogan\/#breadcrumb\",\"itemListElement\":[{\"@type\":\"ListItem\",\"position\":1,\"name\":\"Accueil\",\"item\":\"https:\/\/www.nettali.com\/\"},{\"@type\":\"ListItem\",\"position\":2,\"name\":\"EVA MARIE C. SECK AU FORUM GALIEN AFRIQUE - \\\"La souverainet\\u00e9 sanitaire n\\u2019est pas un slogan\\\"\"}]},{\"@type\":\"Person\",\"@id\":\"https:\/\/www.nettali.com\/#\/schema\/person\/d8ac7b7e27ddad43f1c0d2ef090d7f71\",\"name\":\"CK\",\"image\":{\"@type\":\"ImageObject\",\"@id\":\"https:\/\/www.nettali.com\/#personlogo\",\"inLanguage\":\"fr-FR\",\"url\":\"https:\/\/secure.gravatar.com\/avatar\/1d8d5118b9327d94da7cd4ce7f17fec2?s=96&d=mm&r=g\",\"contentUrl\":\"https:\/\/secure.gravatar.com\/avatar\/1d8d5118b9327d94da7cd4ce7f17fec2?s=96&d=mm&r=g\",\"caption\":\"CK\"},\"sameAs\":[\"https:\/\/www.nettali.com\"]}]}<\/script>\n<!-- \/ Yoast SEO Premium plugin. -->","yoast_head_json":{"title":"EVA MARIE C. SECK AU FORUM GALIEN AFRIQUE - \"La souverainet\u00e9 sanitaire n\u2019est pas un slogan\" | Nettali.com","robots":{"index":"index","follow":"follow","max-snippet":"max-snippet:-1","max-image-preview":"max-image-preview:large","max-video-preview":"max-video-preview:-1"},"canonical":"https:\/\/www.nettali.com\/2025\/10\/29\/eva-marie-c-seck-au-forum-galien-afrique-la-souverainete-sanitaire-nest-pas-un-slogan\/","og_locale":"fr_FR","og_type":"article","og_title":"EVA MARIE C. SECK AU FORUM GALIEN AFRIQUE - \"La souverainet\u00e9 sanitaire n\u2019est pas un slogan\"","og_description":"NETTALI.COM - Lors de la c\u00e9r\u00e9monie d\u2019ouverture de la 8e \u00e9dition du Forum Galien Afrique, la pr\u00e9sidente du comit\u00e9 scientifique, Eva Marie C. Seck, a livr\u00e9 un plaidoyer fort pour l\u2019autonomie sanitaire du continent. \u201cLa pand\u00e9mie de COVID-19 a r\u00e9v\u00e9l\u00e9 les fragilit\u00e9s profondes de notre syst\u00e8me de sant\u00e9 et notre d\u00e9pendance excessive aux importations. Mais [&hellip;]","og_url":"https:\/\/www.nettali.com\/2025\/10\/29\/eva-marie-c-seck-au-forum-galien-afrique-la-souverainete-sanitaire-nest-pas-un-slogan\/","og_site_name":"Nettali.com","article_publisher":"https:\/\/www.facebook.com\/nettalicom","article_published_time":"2025-10-29T11:00:10+00:00","article_modified_time":"2025-10-29T08:28:35+00:00","og_image":[{"width":551,"height":342,"url":"https:\/\/www.nettali.com\/wp-content\/uploads\/2025\/10\/Capture-decran-2025-10-12-a-13.41.02.png","type":"image\/png"}],"twitter_card":"summary_large_image","twitter_misc":{"\u00c9crit par":"CK","Dur\u00e9e de lecture estim\u00e9e":"2 minutes"},"schema":{"@context":"https:\/\/schema.org","@graph":[{"@type":"WebSite","@id":"https:\/\/www.nettali.com\/#website","url":"https:\/\/www.nettali.com\/","name":"Nettali.com","description":"Le rendez-vous critique du Net","potentialAction":[{"@type":"SearchAction","target":{"@type":"EntryPoint","urlTemplate":"https:\/\/www.nettali.com\/?s={search_term_string}"},"query-input":"required name=search_term_string"}],"inLanguage":"fr-FR"},{"@type":"ImageObject","@id":"https:\/\/www.nettali.com\/2025\/10\/29\/eva-marie-c-seck-au-forum-galien-afrique-la-souverainete-sanitaire-nest-pas-un-slogan\/#primaryimage","inLanguage":"fr-FR","url":"https:\/\/www.nettali.com\/wp-content\/uploads\/2025\/10\/Capture-decran-2025-10-12-a-13.41.02.png","contentUrl":"https:\/\/www.nettali.com\/wp-content\/uploads\/2025\/10\/Capture-decran-2025-10-12-a-13.41.02.png","width":551,"height":342},{"@type":"WebPage","@id":"https:\/\/www.nettali.com\/2025\/10\/29\/eva-marie-c-seck-au-forum-galien-afrique-la-souverainete-sanitaire-nest-pas-un-slogan\/#webpage","url":"https:\/\/www.nettali.com\/2025\/10\/29\/eva-marie-c-seck-au-forum-galien-afrique-la-souverainete-sanitaire-nest-pas-un-slogan\/","name":"EVA MARIE C. SECK AU FORUM GALIEN AFRIQUE - \"La souverainet\u00e9 sanitaire n\u2019est pas un slogan\" | Nettali.com","isPartOf":{"@id":"https:\/\/www.nettali.com\/#website"},"primaryImageOfPage":{"@id":"https:\/\/www.nettali.com\/2025\/10\/29\/eva-marie-c-seck-au-forum-galien-afrique-la-souverainete-sanitaire-nest-pas-un-slogan\/#primaryimage"},"datePublished":"2025-10-29T11:00:10+00:00","dateModified":"2025-10-29T08:28:35+00:00","author":{"@id":"https:\/\/www.nettali.com\/#\/schema\/person\/d8ac7b7e27ddad43f1c0d2ef090d7f71"},"breadcrumb":{"@id":"https:\/\/www.nettali.com\/2025\/10\/29\/eva-marie-c-seck-au-forum-galien-afrique-la-souverainete-sanitaire-nest-pas-un-slogan\/#breadcrumb"},"inLanguage":"fr-FR","potentialAction":[{"@type":"ReadAction","target":["https:\/\/www.nettali.com\/2025\/10\/29\/eva-marie-c-seck-au-forum-galien-afrique-la-souverainete-sanitaire-nest-pas-un-slogan\/"]}]},{"@type":"BreadcrumbList","@id":"https:\/\/www.nettali.com\/2025\/10\/29\/eva-marie-c-seck-au-forum-galien-afrique-la-souverainete-sanitaire-nest-pas-un-slogan\/#breadcrumb","itemListElement":[{"@type":"ListItem","position":1,"name":"Accueil","item":"https:\/\/www.nettali.com\/"},{"@type":"ListItem","position":2,"name":"EVA MARIE C. SECK AU FORUM GALIEN AFRIQUE - \"La souverainet\u00e9 sanitaire n\u2019est pas un slogan\""}]},{"@type":"Person","@id":"https:\/\/www.nettali.com\/#\/schema\/person\/d8ac7b7e27ddad43f1c0d2ef090d7f71","name":"CK","image":{"@type":"ImageObject","@id":"https:\/\/www.nettali.com\/#personlogo","inLanguage":"fr-FR","url":"https:\/\/secure.gravatar.com\/avatar\/1d8d5118b9327d94da7cd4ce7f17fec2?s=96&d=mm&r=g","contentUrl":"https:\/\/secure.gravatar.com\/avatar\/1d8d5118b9327d94da7cd4ce7f17fec2?s=96&d=mm&r=g","caption":"CK"},"sameAs":["https:\/\/www.nettali.com"]}]}},"_links":{"self":[{"href":"https:\/\/www.nettali.com\/rest\/wp\/v2\/posts\/163652"}],"collection":[{"href":"https:\/\/www.nettali.com\/rest\/wp\/v2\/posts"}],"about":[{"href":"https:\/\/www.nettali.com\/rest\/wp\/v2\/types\/post"}],"author":[{"embeddable":true,"href":"https:\/\/www.nettali.com\/rest\/wp\/v2\/users\/2"}],"replies":[{"embeddable":true,"href":"https:\/\/www.nettali.com\/rest\/wp\/v2\/comments?post=163652"}],"version-history":[{"count":1,"href":"https:\/\/www.nettali.com\/rest\/wp\/v2\/posts\/163652\/revisions"}],"predecessor-version":[{"id":163654,"href":"https:\/\/www.nettali.com\/rest\/wp\/v2\/posts\/163652\/revisions\/163654"}],"wp:featuredmedia":[{"embeddable":true,"href":"https:\/\/www.nettali.com\/rest\/wp\/v2\/media\/163653"}],"wp:attachment":[{"href":"https:\/\/www.nettali.com\/rest\/wp\/v2\/media?parent=163652"}],"wp:term":[{"taxonomy":"category","embeddable":true,"href":"https:\/\/www.nettali.com\/rest\/wp\/v2\/categories?post=163652"},{"taxonomy":"post_tag","embeddable":true,"href":"https:\/\/www.nettali.com\/rest\/wp\/v2\/tags?post=163652"}],"curies":[{"name":"wp","href":"https:\/\/api.w.org\/{rel}","templated":true}]}}