{"id":163643,"date":"2025-10-29T06:52:06","date_gmt":"2025-10-29T06:52:06","guid":{"rendered":"https:\/\/www.nettali.com\/?p=163643"},"modified":"2025-10-29T07:57:33","modified_gmt":"2025-10-29T07:57:33","slug":"le-cedps-sur-linterpellation-de-maimouna-ndour-faye-il-est-imperatif-que-ces-agressions-cessent-immediatement","status":"publish","type":"post","link":"https:\/\/www.nettali.com\/2025\/10\/29\/le-cedps-sur-linterpellation-de-maimouna-ndour-faye-il-est-imperatif-que-ces-agressions-cessent-immediatement\/","title":{"rendered":"LE CEDPS SUR L'INTERPELLATION DE MA\u00cfMOUNA NDOUR FAYE : \"Il est imp\u00e9ratif que ces agressions cessent imm\u00e9diatement\""},"content":{"rendered":"<p><strong>NETTALI.COM - Une agression inacceptable. Voil\u00e0 comment le Conseil des diffuseurs et \u00e9diteurs de presse du S\u00e9n\u00e9gal (CDEPS) qualifie l'interpellation de Ma\u00efmouna Ndour Faye par la gendarmerie. Les patrons de presse promettent d'organiser la riposte et appellent \u00e0 la mobilisation.\u00a0<\/strong><\/p>\n<p>Dans un communiqu\u00e9 rendu public quelques heures apr\u00e8s l'arrestation de Ma\u00efmouna Ndour Faye, le Conseil des diffuseurs et \u00e9diteurs de presse du S\u00e9n\u00e9gal (CDEPS) condamne \"<em>avec la plus grande fermet\u00e9 et une profonde indignation<\/em>\" l\u2019interpellation de la Directrice g\u00e9n\u00e9rale de 7TV, par des \u00e9l\u00e9ments de la gendarmerie nationale.<\/p>\n<p>\"<em>Cette interpellation a eu lieu dans les locaux de la cha\u00eene, en pleine \u00e9mission avec M. Madiambal Diagne<\/em>\", rappelle le communiqu\u00e9. Qui ajoute : \"<em>Le CDEPS consid\u00e8re cette intrusion muscl\u00e9e dans l\u2019enceinte d\u2019un m\u00e9dia comme une violation manifeste et inacceptable de la libert\u00e9 de la presse et du droit fondamental \u00e0 l'information du public. De tels actes portent atteinte aux principes sacro-saints garantis par la Constitution du S\u00e9n\u00e9gal, notamment ses articles 8 et 10, qui consacrent la libert\u00e9 d\u2019opinion, d\u2019expression et de la presse comme des droits fondamentaux<\/em>.\"<\/p>\n<p>A en croire cette instance regroupant les patrons de presse du S\u00e9n\u00e9gal, l'op\u00e9ration de la gendarmerie a \u00e9t\u00e9 men\u00e9e \"<em>sans motif l\u00e9gal apparent<\/em>\" et a vis\u00e9 une journaliste dans l\u2019exercice normal de son activit\u00e9. Suffisant pour y voir une atteinte des engagements internationaux du S\u00e9n\u00e9gal. \"<em>Elle est en contradiction avec l\u2019article 19 de la D\u00e9claration universelle des droits de l\u2019homme et l\u2019article 9 de la Charte africaine des droits de l\u2019homme et des peuples, qui prot\u00e8gent le droit \u00e0 l\u2019information et \u00e0 la libre expression<\/em>\", souligne le CDEPS. Avant de rappeler : \"<em>En l'\u00e9tat actuel du droit s\u00e9n\u00e9galais et des conventions internationales ratifi\u00e9es par le S\u00e9n\u00e9gal, le fait de donner la parole \u00e0 une personne, quelle que soit sa situation juridique, n'a jamais constitu\u00e9 un d\u00e9lit. Aucune disposition l\u00e9gale ou conventionnelle ne justifie une telle entrave au travail journalistique.<\/em>\" \"<em>Le CDEPS r\u00e9affirme solennellement que le journalisme n\u2019est pas un d\u00e9lit et que l\u2019\u00c9tat de droit impose le respect absolu de l'ind\u00e9pendance des m\u00e9dias<\/em>\", poursuit le communiqu\u00e9.<\/p>\n<p>Et face \u00e0 \"<em>la multiplication des agressions et des tentatives de musellement du secteur des m\u00e9dias priv\u00e9s<\/em>\", le CDEPS exige des autorit\u00e9s \"<em>la garantie imm\u00e9diate de la protection des journalistes et le respect strict des principes constitutionnels qui sont le socle de la d\u00e9mocratie s\u00e9n\u00e9galaise<\/em>\". \"<em>Le CDEPS va r\u00e9unir de fa\u00e7on urgente ses instances dirigeantes pour \u00e9tudier les suites appropri\u00e9es \u00e0 donner dans les plus brefs d\u00e9lais \u00e0 ces atteintes inacceptables \u00e0 la libert\u00e9 de la presse. Il est imp\u00e9ratif que ces agressions cessent imm\u00e9diatement<\/em>\", conclut le texte.<\/p>\n<div class='share-to-whatsapp-wrapper'><div class='share-on-whsp'>PARTAGER SUR : <\/div><a data-text='LE CEDPS SUR L'INTERPELLATION DE MA\u00cfMOUNA NDOUR FAYE : \"Il est imp\u00e9ratif que ces agressions cessent imm\u00e9diatement\"' data-link='https:\/\/www.nettali.com\/2025\/10\/29\/le-cedps-sur-linterpellation-de-maimouna-ndour-faye-il-est-imperatif-que-ces-agressions-cessent-immediatement\/' class='whatsapp-button whatsapp-share'>WhatsApp<\/a><div class='clear '><\/div><\/div>","protected":false},"excerpt":{"rendered":"<p>NETTALI.COM - Une agression inacceptable. Voil\u00e0 comment le Conseil des diffuseurs et \u00e9diteurs de presse du S\u00e9n\u00e9gal (CDEPS) qualifie l'interpellation de Ma\u00efmouna Ndour Faye par la gendarmerie. Les patrons de presse promettent d'organiser la riposte et appellent \u00e0 la mobilisation.\u00a0 Dans un communiqu\u00e9 rendu public quelques heures apr\u00e8s l'arrestation de Ma\u00efmouna Ndour Faye, le Conseil [&hellip;]<\/p>\n","protected":false},"author":3,"featured_media":163645,"comment_status":"open","ping_status":"open","sticky":false,"template":"","format":"standard","meta":{"_et_pb_use_builder":"","_et_pb_old_content":""},"categories":[3],"tags":[],"yoast_head":"<!-- This site is optimized with the Yoast SEO Premium plugin v17.8 (Yoast SEO v17.8) - https:\/\/yoast.com\/wordpress\/plugins\/seo\/ -->\n<title>LE CEDPS SUR L&#039;INTERPELLATION DE MA\u00cfMOUNA NDOUR FAYE : &quot;Il est imp\u00e9ratif que ces agressions cessent imm\u00e9diatement&quot; | Nettali.com<\/title>\n<meta name=\"robots\" content=\"index, follow, max-snippet:-1, max-image-preview:large, max-video-preview:-1\" \/>\n<link rel=\"canonical\" href=\"https:\/\/www.nettali.com\/2025\/10\/29\/le-cedps-sur-linterpellation-de-maimouna-ndour-faye-il-est-imperatif-que-ces-agressions-cessent-immediatement\/\" \/>\n<meta property=\"og:locale\" content=\"fr_FR\" \/>\n<meta property=\"og:type\" content=\"article\" \/>\n<meta property=\"og:title\" content=\"LE CEDPS SUR L&#039;INTERPELLATION DE MA\u00cfMOUNA NDOUR FAYE : &quot;Il est imp\u00e9ratif que ces agressions cessent imm\u00e9diatement&quot;\" \/>\n<meta property=\"og:description\" content=\"NETTALI.COM - Une agression inacceptable. Voil\u00e0 comment le Conseil des diffuseurs et \u00e9diteurs de presse du S\u00e9n\u00e9gal (CDEPS) qualifie l&#039;interpellation de Ma\u00efmouna Ndour Faye par la gendarmerie. Les patrons de presse promettent d&#039;organiser la riposte et appellent \u00e0 la mobilisation.\u00a0 Dans un communiqu\u00e9 rendu public quelques heures apr\u00e8s l&#039;arrestation de Ma\u00efmouna Ndour Faye, le Conseil [&hellip;]\" \/>\n<meta property=\"og:url\" content=\"https:\/\/www.nettali.com\/2025\/10\/29\/le-cedps-sur-linterpellation-de-maimouna-ndour-faye-il-est-imperatif-que-ces-agressions-cessent-immediatement\/\" \/>\n<meta property=\"og:site_name\" content=\"Nettali.com\" \/>\n<meta property=\"article:publisher\" content=\"https:\/\/www.facebook.com\/nettalicom\" \/>\n<meta property=\"article:published_time\" content=\"2025-10-29T06:52:06+00:00\" \/>\n<meta property=\"article:modified_time\" content=\"2025-10-29T07:57:33+00:00\" \/>\n<meta property=\"og:image\" content=\"https:\/\/www.nettali.com\/wp-content\/uploads\/2025\/10\/Cdeps.jpg\" \/>\n\t<meta property=\"og:image:width\" content=\"600\" \/>\n\t<meta property=\"og:image:height\" content=\"345\" \/>\n<meta name=\"twitter:card\" content=\"summary_large_image\" \/>\n<meta name=\"twitter:label1\" content=\"\u00c9crit par\" \/>\n\t<meta name=\"twitter:data1\" content=\"Moustapha\" \/>\n\t<meta name=\"twitter:label2\" content=\"Dur\u00e9e de lecture estim\u00e9e\" \/>\n\t<meta name=\"twitter:data2\" content=\"3 minutes\" \/>\n<script type=\"application\/ld+json\" class=\"yoast-schema-graph\">{\"@context\":\"https:\/\/schema.org\",\"@graph\":[{\"@type\":\"WebSite\",\"@id\":\"https:\/\/www.nettali.com\/#website\",\"url\":\"https:\/\/www.nettali.com\/\",\"name\":\"Nettali.com\",\"description\":\"Le rendez-vous critique du Net\",\"potentialAction\":[{\"@type\":\"SearchAction\",\"target\":{\"@type\":\"EntryPoint\",\"urlTemplate\":\"https:\/\/www.nettali.com\/?s={search_term_string}\"},\"query-input\":\"required name=search_term_string\"}],\"inLanguage\":\"fr-FR\"},{\"@type\":\"ImageObject\",\"@id\":\"https:\/\/www.nettali.com\/2025\/10\/29\/le-cedps-sur-linterpellation-de-maimouna-ndour-faye-il-est-imperatif-que-ces-agressions-cessent-immediatement\/#primaryimage\",\"inLanguage\":\"fr-FR\",\"url\":\"https:\/\/www.nettali.com\/wp-content\/uploads\/2025\/10\/Cdeps.jpg\",\"contentUrl\":\"https:\/\/www.nettali.com\/wp-content\/uploads\/2025\/10\/Cdeps.jpg\",\"width\":600,\"height\":345},{\"@type\":\"WebPage\",\"@id\":\"https:\/\/www.nettali.com\/2025\/10\/29\/le-cedps-sur-linterpellation-de-maimouna-ndour-faye-il-est-imperatif-que-ces-agressions-cessent-immediatement\/#webpage\",\"url\":\"https:\/\/www.nettali.com\/2025\/10\/29\/le-cedps-sur-linterpellation-de-maimouna-ndour-faye-il-est-imperatif-que-ces-agressions-cessent-immediatement\/\",\"name\":\"LE CEDPS SUR L'INTERPELLATION DE MA\\u00cfMOUNA NDOUR FAYE : \\\"Il est imp\\u00e9ratif que ces agressions cessent imm\\u00e9diatement\\\" | Nettali.com\",\"isPartOf\":{\"@id\":\"https:\/\/www.nettali.com\/#website\"},\"primaryImageOfPage\":{\"@id\":\"https:\/\/www.nettali.com\/2025\/10\/29\/le-cedps-sur-linterpellation-de-maimouna-ndour-faye-il-est-imperatif-que-ces-agressions-cessent-immediatement\/#primaryimage\"},\"datePublished\":\"2025-10-29T06:52:06+00:00\",\"dateModified\":\"2025-10-29T07:57:33+00:00\",\"author\":{\"@id\":\"https:\/\/www.nettali.com\/#\/schema\/person\/7962a12a6e0267f88f0ffa544c36469a\"},\"breadcrumb\":{\"@id\":\"https:\/\/www.nettali.com\/2025\/10\/29\/le-cedps-sur-linterpellation-de-maimouna-ndour-faye-il-est-imperatif-que-ces-agressions-cessent-immediatement\/#breadcrumb\"},\"inLanguage\":\"fr-FR\",\"potentialAction\":[{\"@type\":\"ReadAction\",\"target\":[\"https:\/\/www.nettali.com\/2025\/10\/29\/le-cedps-sur-linterpellation-de-maimouna-ndour-faye-il-est-imperatif-que-ces-agressions-cessent-immediatement\/\"]}]},{\"@type\":\"BreadcrumbList\",\"@id\":\"https:\/\/www.nettali.com\/2025\/10\/29\/le-cedps-sur-linterpellation-de-maimouna-ndour-faye-il-est-imperatif-que-ces-agressions-cessent-immediatement\/#breadcrumb\",\"itemListElement\":[{\"@type\":\"ListItem\",\"position\":1,\"name\":\"Accueil\",\"item\":\"https:\/\/www.nettali.com\/\"},{\"@type\":\"ListItem\",\"position\":2,\"name\":\"LE CEDPS SUR L'INTERPELLATION DE MA\\u00cfMOUNA NDOUR FAYE : \\\"Il est imp\\u00e9ratif que ces agressions cessent imm\\u00e9diatement\\\"\"}]},{\"@type\":\"Person\",\"@id\":\"https:\/\/www.nettali.com\/#\/schema\/person\/7962a12a6e0267f88f0ffa544c36469a\",\"name\":\"Moustapha\",\"image\":{\"@type\":\"ImageObject\",\"@id\":\"https:\/\/www.nettali.com\/#personlogo\",\"inLanguage\":\"fr-FR\",\"url\":\"https:\/\/secure.gravatar.com\/avatar\/10fdf6a071cccdcf374e3dbe45159590?s=96&d=mm&r=g\",\"contentUrl\":\"https:\/\/secure.gravatar.com\/avatar\/10fdf6a071cccdcf374e3dbe45159590?s=96&d=mm&r=g\",\"caption\":\"Moustapha\"},\"sameAs\":[\"https:\/\/www.nettali.com\"]}]}<\/script>\n<!-- \/ Yoast SEO Premium plugin. -->","yoast_head_json":{"title":"LE CEDPS SUR L'INTERPELLATION DE MA\u00cfMOUNA NDOUR FAYE : \"Il est imp\u00e9ratif que ces agressions cessent imm\u00e9diatement\" | Nettali.com","robots":{"index":"index","follow":"follow","max-snippet":"max-snippet:-1","max-image-preview":"max-image-preview:large","max-video-preview":"max-video-preview:-1"},"canonical":"https:\/\/www.nettali.com\/2025\/10\/29\/le-cedps-sur-linterpellation-de-maimouna-ndour-faye-il-est-imperatif-que-ces-agressions-cessent-immediatement\/","og_locale":"fr_FR","og_type":"article","og_title":"LE CEDPS SUR L'INTERPELLATION DE MA\u00cfMOUNA NDOUR FAYE : \"Il est imp\u00e9ratif que ces agressions cessent imm\u00e9diatement\"","og_description":"NETTALI.COM - Une agression inacceptable. Voil\u00e0 comment le Conseil des diffuseurs et \u00e9diteurs de presse du S\u00e9n\u00e9gal (CDEPS) qualifie l'interpellation de Ma\u00efmouna Ndour Faye par la gendarmerie. Les patrons de presse promettent d'organiser la riposte et appellent \u00e0 la mobilisation.\u00a0 Dans un communiqu\u00e9 rendu public quelques heures apr\u00e8s l'arrestation de Ma\u00efmouna Ndour Faye, le Conseil [&hellip;]","og_url":"https:\/\/www.nettali.com\/2025\/10\/29\/le-cedps-sur-linterpellation-de-maimouna-ndour-faye-il-est-imperatif-que-ces-agressions-cessent-immediatement\/","og_site_name":"Nettali.com","article_publisher":"https:\/\/www.facebook.com\/nettalicom","article_published_time":"2025-10-29T06:52:06+00:00","article_modified_time":"2025-10-29T07:57:33+00:00","og_image":[{"width":600,"height":345,"url":"https:\/\/www.nettali.com\/wp-content\/uploads\/2025\/10\/Cdeps.jpg","type":"image\/jpeg"}],"twitter_card":"summary_large_image","twitter_misc":{"\u00c9crit par":"Moustapha","Dur\u00e9e de lecture estim\u00e9e":"3 minutes"},"schema":{"@context":"https:\/\/schema.org","@graph":[{"@type":"WebSite","@id":"https:\/\/www.nettali.com\/#website","url":"https:\/\/www.nettali.com\/","name":"Nettali.com","description":"Le rendez-vous critique du Net","potentialAction":[{"@type":"SearchAction","target":{"@type":"EntryPoint","urlTemplate":"https:\/\/www.nettali.com\/?s={search_term_string}"},"query-input":"required name=search_term_string"}],"inLanguage":"fr-FR"},{"@type":"ImageObject","@id":"https:\/\/www.nettali.com\/2025\/10\/29\/le-cedps-sur-linterpellation-de-maimouna-ndour-faye-il-est-imperatif-que-ces-agressions-cessent-immediatement\/#primaryimage","inLanguage":"fr-FR","url":"https:\/\/www.nettali.com\/wp-content\/uploads\/2025\/10\/Cdeps.jpg","contentUrl":"https:\/\/www.nettali.com\/wp-content\/uploads\/2025\/10\/Cdeps.jpg","width":600,"height":345},{"@type":"WebPage","@id":"https:\/\/www.nettali.com\/2025\/10\/29\/le-cedps-sur-linterpellation-de-maimouna-ndour-faye-il-est-imperatif-que-ces-agressions-cessent-immediatement\/#webpage","url":"https:\/\/www.nettali.com\/2025\/10\/29\/le-cedps-sur-linterpellation-de-maimouna-ndour-faye-il-est-imperatif-que-ces-agressions-cessent-immediatement\/","name":"LE CEDPS SUR L'INTERPELLATION DE MA\u00cfMOUNA NDOUR FAYE : \"Il est imp\u00e9ratif que ces agressions cessent imm\u00e9diatement\" | Nettali.com","isPartOf":{"@id":"https:\/\/www.nettali.com\/#website"},"primaryImageOfPage":{"@id":"https:\/\/www.nettali.com\/2025\/10\/29\/le-cedps-sur-linterpellation-de-maimouna-ndour-faye-il-est-imperatif-que-ces-agressions-cessent-immediatement\/#primaryimage"},"datePublished":"2025-10-29T06:52:06+00:00","dateModified":"2025-10-29T07:57:33+00:00","author":{"@id":"https:\/\/www.nettali.com\/#\/schema\/person\/7962a12a6e0267f88f0ffa544c36469a"},"breadcrumb":{"@id":"https:\/\/www.nettali.com\/2025\/10\/29\/le-cedps-sur-linterpellation-de-maimouna-ndour-faye-il-est-imperatif-que-ces-agressions-cessent-immediatement\/#breadcrumb"},"inLanguage":"fr-FR","potentialAction":[{"@type":"ReadAction","target":["https:\/\/www.nettali.com\/2025\/10\/29\/le-cedps-sur-linterpellation-de-maimouna-ndour-faye-il-est-imperatif-que-ces-agressions-cessent-immediatement\/"]}]},{"@type":"BreadcrumbList","@id":"https:\/\/www.nettali.com\/2025\/10\/29\/le-cedps-sur-linterpellation-de-maimouna-ndour-faye-il-est-imperatif-que-ces-agressions-cessent-immediatement\/#breadcrumb","itemListElement":[{"@type":"ListItem","position":1,"name":"Accueil","item":"https:\/\/www.nettali.com\/"},{"@type":"ListItem","position":2,"name":"LE CEDPS SUR L'INTERPELLATION DE MA\u00cfMOUNA NDOUR FAYE : \"Il est imp\u00e9ratif que ces agressions cessent imm\u00e9diatement\""}]},{"@type":"Person","@id":"https:\/\/www.nettali.com\/#\/schema\/person\/7962a12a6e0267f88f0ffa544c36469a","name":"Moustapha","image":{"@type":"ImageObject","@id":"https:\/\/www.nettali.com\/#personlogo","inLanguage":"fr-FR","url":"https:\/\/secure.gravatar.com\/avatar\/10fdf6a071cccdcf374e3dbe45159590?s=96&d=mm&r=g","contentUrl":"https:\/\/secure.gravatar.com\/avatar\/10fdf6a071cccdcf374e3dbe45159590?s=96&d=mm&r=g","caption":"Moustapha"},"sameAs":["https:\/\/www.nettali.com"]}]}},"_links":{"self":[{"href":"https:\/\/www.nettali.com\/rest\/wp\/v2\/posts\/163643"}],"collection":[{"href":"https:\/\/www.nettali.com\/rest\/wp\/v2\/posts"}],"about":[{"href":"https:\/\/www.nettali.com\/rest\/wp\/v2\/types\/post"}],"author":[{"embeddable":true,"href":"https:\/\/www.nettali.com\/rest\/wp\/v2\/users\/3"}],"replies":[{"embeddable":true,"href":"https:\/\/www.nettali.com\/rest\/wp\/v2\/comments?post=163643"}],"version-history":[{"count":2,"href":"https:\/\/www.nettali.com\/rest\/wp\/v2\/posts\/163643\/revisions"}],"predecessor-version":[{"id":163651,"href":"https:\/\/www.nettali.com\/rest\/wp\/v2\/posts\/163643\/revisions\/163651"}],"wp:featuredmedia":[{"embeddable":true,"href":"https:\/\/www.nettali.com\/rest\/wp\/v2\/media\/163645"}],"wp:attachment":[{"href":"https:\/\/www.nettali.com\/rest\/wp\/v2\/media?parent=163643"}],"wp:term":[{"taxonomy":"category","embeddable":true,"href":"https:\/\/www.nettali.com\/rest\/wp\/v2\/categories?post=163643"},{"taxonomy":"post_tag","embeddable":true,"href":"https:\/\/www.nettali.com\/rest\/wp\/v2\/tags?post=163643"}],"curies":[{"name":"wp","href":"https:\/\/api.w.org\/{rel}","templated":true}]}}