{"id":163634,"date":"2025-10-29T06:31:42","date_gmt":"2025-10-29T06:31:42","guid":{"rendered":"https:\/\/www.nettali.com\/?p=163634"},"modified":"2025-10-29T06:31:42","modified_gmt":"2025-10-29T06:31:42","slug":"en-coulisses-renaissance-republicaine-de-diouf-sarr-obtient-son-recepisse","status":"publish","type":"post","link":"https:\/\/www.nettali.com\/2025\/10\/29\/en-coulisses-renaissance-republicaine-de-diouf-sarr-obtient-son-recepisse\/","title":{"rendered":"EN COULISSES - Renaissance r\u00e9publicaine de Diouf Sarr obtient son r\u00e9c\u00e9piss\u00e9"},"content":{"rendered":"<p><strong>NETTALI.COM -\u00a0 Renaissance r\u00e9publicaine (Rr), le parti d'Abdoulaye Diouf Sarr, a re\u00e7u son r\u00e9c\u00e9piss\u00e9 officiel. L\u2019ancien ministre de la Sant\u00e9 et secr\u00e9taire national dudit parti, a donn\u00e9 l'information dans un communiqu\u00e9 de presse dat\u00e9 du 25 octobre dernier.<\/strong><\/p>\n<p>Le paysage politique s\u00e9n\u00e9galais s'enrichit d'un nouveau parti politique. Il s'agit de celui de l'ancien ministre de la Sant\u00e9 sous le r\u00e9gime de Macky Sall. Abdoulaye Diouf Sarr a m\u00eame re\u00e7u son r\u00e9c\u00e9piss\u00e9 des services du minist\u00e8re de l\u2019Int\u00e9rieur. Ce sont il s'est r\u00e9joui dans un communiqu\u00e9 rendu public le 25 octobre.<\/p>\n<p>\"Cet acte marque une \u00e9tape majeure dans notre marche r\u00e9solue vers la construction d\u2019un S\u00e9n\u00e9gal meilleur, fond\u00e9 sur le travail, la justice sociale, la solidarit\u00e9 et l\u2019excellence dans la gouvernance publique\", \u00e9crit\u00a0 l'ex-patron de la Convergence des cadres r\u00e9publicains (CCR) de l'Alliance pour la r\u00e9publique (APR).<\/p>\n<div class='share-to-whatsapp-wrapper'><div class='share-on-whsp'>PARTAGER SUR : <\/div><a data-text='EN COULISSES - Renaissance r\u00e9publicaine de Diouf Sarr obtient son r\u00e9c\u00e9piss\u00e9' data-link='https:\/\/www.nettali.com\/2025\/10\/29\/en-coulisses-renaissance-republicaine-de-diouf-sarr-obtient-son-recepisse\/' class='whatsapp-button whatsapp-share'>WhatsApp<\/a><div class='clear '><\/div><\/div>","protected":false},"excerpt":{"rendered":"<p>NETTALI.COM -\u00a0 Renaissance r\u00e9publicaine (Rr), le parti d'Abdoulaye Diouf Sarr, a re\u00e7u son r\u00e9c\u00e9piss\u00e9 officiel. L\u2019ancien ministre de la Sant\u00e9 et secr\u00e9taire national dudit parti, a donn\u00e9 l'information dans un communiqu\u00e9 de presse dat\u00e9 du 25 octobre dernier. Le paysage politique s\u00e9n\u00e9galais s'enrichit d'un nouveau parti politique. Il s'agit de celui de l'ancien ministre de [&hellip;]<\/p>\n","protected":false},"author":6,"featured_media":22293,"comment_status":"open","ping_status":"open","sticky":false,"template":"","format":"standard","meta":{"_et_pb_use_builder":"","_et_pb_old_content":""},"categories":[34945],"tags":[],"yoast_head":"<!-- This site is optimized with the Yoast SEO Premium plugin v17.8 (Yoast SEO v17.8) - https:\/\/yoast.com\/wordpress\/plugins\/seo\/ -->\n<title>EN COULISSES - Renaissance r\u00e9publicaine de Diouf Sarr obtient son r\u00e9c\u00e9piss\u00e9 | Nettali.com<\/title>\n<meta name=\"robots\" content=\"index, follow, max-snippet:-1, max-image-preview:large, max-video-preview:-1\" \/>\n<link rel=\"canonical\" href=\"https:\/\/www.nettali.com\/2025\/10\/29\/en-coulisses-renaissance-republicaine-de-diouf-sarr-obtient-son-recepisse\/\" \/>\n<meta property=\"og:locale\" content=\"fr_FR\" \/>\n<meta property=\"og:type\" content=\"article\" \/>\n<meta property=\"og:title\" content=\"EN COULISSES - Renaissance r\u00e9publicaine de Diouf Sarr obtient son r\u00e9c\u00e9piss\u00e9\" \/>\n<meta property=\"og:description\" content=\"NETTALI.COM -\u00a0 Renaissance r\u00e9publicaine (Rr), le parti d&#039;Abdoulaye Diouf Sarr, a re\u00e7u son r\u00e9c\u00e9piss\u00e9 officiel. L\u2019ancien ministre de la Sant\u00e9 et secr\u00e9taire national dudit parti, a donn\u00e9 l&#039;information dans un communiqu\u00e9 de presse dat\u00e9 du 25 octobre dernier. Le paysage politique s\u00e9n\u00e9galais s&#039;enrichit d&#039;un nouveau parti politique. Il s&#039;agit de celui de l&#039;ancien ministre de [&hellip;]\" \/>\n<meta property=\"og:url\" content=\"https:\/\/www.nettali.com\/2025\/10\/29\/en-coulisses-renaissance-republicaine-de-diouf-sarr-obtient-son-recepisse\/\" \/>\n<meta property=\"og:site_name\" content=\"Nettali.com\" \/>\n<meta property=\"article:publisher\" content=\"https:\/\/www.facebook.com\/nettalicom\" \/>\n<meta property=\"article:published_time\" content=\"2025-10-29T06:31:42+00:00\" \/>\n<meta property=\"og:image\" content=\"https:\/\/www.nettali.com\/wp-content\/uploads\/2019\/11\/dioufsarr.jpg\" \/>\n\t<meta property=\"og:image:width\" content=\"600\" \/>\n\t<meta property=\"og:image:height\" content=\"414\" \/>\n<meta name=\"twitter:card\" content=\"summary_large_image\" \/>\n<meta name=\"twitter:label1\" content=\"\u00c9crit par\" \/>\n\t<meta name=\"twitter:data1\" content=\"Fatou\" \/>\n\t<meta name=\"twitter:label2\" content=\"Dur\u00e9e de lecture estim\u00e9e\" \/>\n\t<meta name=\"twitter:data2\" content=\"1 minute\" \/>\n<script type=\"application\/ld+json\" class=\"yoast-schema-graph\">{\"@context\":\"https:\/\/schema.org\",\"@graph\":[{\"@type\":\"WebSite\",\"@id\":\"https:\/\/www.nettali.com\/#website\",\"url\":\"https:\/\/www.nettali.com\/\",\"name\":\"Nettali.com\",\"description\":\"Le rendez-vous critique du Net\",\"potentialAction\":[{\"@type\":\"SearchAction\",\"target\":{\"@type\":\"EntryPoint\",\"urlTemplate\":\"https:\/\/www.nettali.com\/?s={search_term_string}\"},\"query-input\":\"required name=search_term_string\"}],\"inLanguage\":\"fr-FR\"},{\"@type\":\"ImageObject\",\"@id\":\"https:\/\/www.nettali.com\/2025\/10\/29\/en-coulisses-renaissance-republicaine-de-diouf-sarr-obtient-son-recepisse\/#primaryimage\",\"inLanguage\":\"fr-FR\",\"url\":\"https:\/\/www.nettali.com\/wp-content\/uploads\/2019\/11\/dioufsarr.jpg\",\"contentUrl\":\"https:\/\/www.nettali.com\/wp-content\/uploads\/2019\/11\/dioufsarr.jpg\",\"width\":600,\"height\":414},{\"@type\":\"WebPage\",\"@id\":\"https:\/\/www.nettali.com\/2025\/10\/29\/en-coulisses-renaissance-republicaine-de-diouf-sarr-obtient-son-recepisse\/#webpage\",\"url\":\"https:\/\/www.nettali.com\/2025\/10\/29\/en-coulisses-renaissance-republicaine-de-diouf-sarr-obtient-son-recepisse\/\",\"name\":\"EN COULISSES - Renaissance r\\u00e9publicaine de Diouf Sarr obtient son r\\u00e9c\\u00e9piss\\u00e9 | Nettali.com\",\"isPartOf\":{\"@id\":\"https:\/\/www.nettali.com\/#website\"},\"primaryImageOfPage\":{\"@id\":\"https:\/\/www.nettali.com\/2025\/10\/29\/en-coulisses-renaissance-republicaine-de-diouf-sarr-obtient-son-recepisse\/#primaryimage\"},\"datePublished\":\"2025-10-29T06:31:42+00:00\",\"dateModified\":\"2025-10-29T06:31:42+00:00\",\"author\":{\"@id\":\"https:\/\/www.nettali.com\/#\/schema\/person\/418274a86bdf87caff7a3ef476bd0bbf\"},\"breadcrumb\":{\"@id\":\"https:\/\/www.nettali.com\/2025\/10\/29\/en-coulisses-renaissance-republicaine-de-diouf-sarr-obtient-son-recepisse\/#breadcrumb\"},\"inLanguage\":\"fr-FR\",\"potentialAction\":[{\"@type\":\"ReadAction\",\"target\":[\"https:\/\/www.nettali.com\/2025\/10\/29\/en-coulisses-renaissance-republicaine-de-diouf-sarr-obtient-son-recepisse\/\"]}]},{\"@type\":\"BreadcrumbList\",\"@id\":\"https:\/\/www.nettali.com\/2025\/10\/29\/en-coulisses-renaissance-republicaine-de-diouf-sarr-obtient-son-recepisse\/#breadcrumb\",\"itemListElement\":[{\"@type\":\"ListItem\",\"position\":1,\"name\":\"Accueil\",\"item\":\"https:\/\/www.nettali.com\/\"},{\"@type\":\"ListItem\",\"position\":2,\"name\":\"EN COULISSES - Renaissance r\\u00e9publicaine de Diouf Sarr obtient son r\\u00e9c\\u00e9piss\\u00e9\"}]},{\"@type\":\"Person\",\"@id\":\"https:\/\/www.nettali.com\/#\/schema\/person\/418274a86bdf87caff7a3ef476bd0bbf\",\"name\":\"Fatou\",\"image\":{\"@type\":\"ImageObject\",\"@id\":\"https:\/\/www.nettali.com\/#personlogo\",\"inLanguage\":\"fr-FR\",\"url\":\"https:\/\/secure.gravatar.com\/avatar\/5a9442a2bee7b4dcf167cab035858e9a?s=96&d=mm&r=g\",\"contentUrl\":\"https:\/\/secure.gravatar.com\/avatar\/5a9442a2bee7b4dcf167cab035858e9a?s=96&d=mm&r=g\",\"caption\":\"Fatou\"},\"sameAs\":[\"https:\/\/www.nettali.com\"]}]}<\/script>\n<!-- \/ Yoast SEO Premium plugin. -->","yoast_head_json":{"title":"EN COULISSES - Renaissance r\u00e9publicaine de Diouf Sarr obtient son r\u00e9c\u00e9piss\u00e9 | Nettali.com","robots":{"index":"index","follow":"follow","max-snippet":"max-snippet:-1","max-image-preview":"max-image-preview:large","max-video-preview":"max-video-preview:-1"},"canonical":"https:\/\/www.nettali.com\/2025\/10\/29\/en-coulisses-renaissance-republicaine-de-diouf-sarr-obtient-son-recepisse\/","og_locale":"fr_FR","og_type":"article","og_title":"EN COULISSES - Renaissance r\u00e9publicaine de Diouf Sarr obtient son r\u00e9c\u00e9piss\u00e9","og_description":"NETTALI.COM -\u00a0 Renaissance r\u00e9publicaine (Rr), le parti d'Abdoulaye Diouf Sarr, a re\u00e7u son r\u00e9c\u00e9piss\u00e9 officiel. L\u2019ancien ministre de la Sant\u00e9 et secr\u00e9taire national dudit parti, a donn\u00e9 l'information dans un communiqu\u00e9 de presse dat\u00e9 du 25 octobre dernier. Le paysage politique s\u00e9n\u00e9galais s'enrichit d'un nouveau parti politique. Il s'agit de celui de l'ancien ministre de [&hellip;]","og_url":"https:\/\/www.nettali.com\/2025\/10\/29\/en-coulisses-renaissance-republicaine-de-diouf-sarr-obtient-son-recepisse\/","og_site_name":"Nettali.com","article_publisher":"https:\/\/www.facebook.com\/nettalicom","article_published_time":"2025-10-29T06:31:42+00:00","og_image":[{"width":600,"height":414,"url":"https:\/\/www.nettali.com\/wp-content\/uploads\/2019\/11\/dioufsarr.jpg","type":"image\/jpeg"}],"twitter_card":"summary_large_image","twitter_misc":{"\u00c9crit par":"Fatou","Dur\u00e9e de lecture estim\u00e9e":"1 minute"},"schema":{"@context":"https:\/\/schema.org","@graph":[{"@type":"WebSite","@id":"https:\/\/www.nettali.com\/#website","url":"https:\/\/www.nettali.com\/","name":"Nettali.com","description":"Le rendez-vous critique du Net","potentialAction":[{"@type":"SearchAction","target":{"@type":"EntryPoint","urlTemplate":"https:\/\/www.nettali.com\/?s={search_term_string}"},"query-input":"required name=search_term_string"}],"inLanguage":"fr-FR"},{"@type":"ImageObject","@id":"https:\/\/www.nettali.com\/2025\/10\/29\/en-coulisses-renaissance-republicaine-de-diouf-sarr-obtient-son-recepisse\/#primaryimage","inLanguage":"fr-FR","url":"https:\/\/www.nettali.com\/wp-content\/uploads\/2019\/11\/dioufsarr.jpg","contentUrl":"https:\/\/www.nettali.com\/wp-content\/uploads\/2019\/11\/dioufsarr.jpg","width":600,"height":414},{"@type":"WebPage","@id":"https:\/\/www.nettali.com\/2025\/10\/29\/en-coulisses-renaissance-republicaine-de-diouf-sarr-obtient-son-recepisse\/#webpage","url":"https:\/\/www.nettali.com\/2025\/10\/29\/en-coulisses-renaissance-republicaine-de-diouf-sarr-obtient-son-recepisse\/","name":"EN COULISSES - Renaissance r\u00e9publicaine de Diouf Sarr obtient son r\u00e9c\u00e9piss\u00e9 | Nettali.com","isPartOf":{"@id":"https:\/\/www.nettali.com\/#website"},"primaryImageOfPage":{"@id":"https:\/\/www.nettali.com\/2025\/10\/29\/en-coulisses-renaissance-republicaine-de-diouf-sarr-obtient-son-recepisse\/#primaryimage"},"datePublished":"2025-10-29T06:31:42+00:00","dateModified":"2025-10-29T06:31:42+00:00","author":{"@id":"https:\/\/www.nettali.com\/#\/schema\/person\/418274a86bdf87caff7a3ef476bd0bbf"},"breadcrumb":{"@id":"https:\/\/www.nettali.com\/2025\/10\/29\/en-coulisses-renaissance-republicaine-de-diouf-sarr-obtient-son-recepisse\/#breadcrumb"},"inLanguage":"fr-FR","potentialAction":[{"@type":"ReadAction","target":["https:\/\/www.nettali.com\/2025\/10\/29\/en-coulisses-renaissance-republicaine-de-diouf-sarr-obtient-son-recepisse\/"]}]},{"@type":"BreadcrumbList","@id":"https:\/\/www.nettali.com\/2025\/10\/29\/en-coulisses-renaissance-republicaine-de-diouf-sarr-obtient-son-recepisse\/#breadcrumb","itemListElement":[{"@type":"ListItem","position":1,"name":"Accueil","item":"https:\/\/www.nettali.com\/"},{"@type":"ListItem","position":2,"name":"EN COULISSES - Renaissance r\u00e9publicaine de Diouf Sarr obtient son r\u00e9c\u00e9piss\u00e9"}]},{"@type":"Person","@id":"https:\/\/www.nettali.com\/#\/schema\/person\/418274a86bdf87caff7a3ef476bd0bbf","name":"Fatou","image":{"@type":"ImageObject","@id":"https:\/\/www.nettali.com\/#personlogo","inLanguage":"fr-FR","url":"https:\/\/secure.gravatar.com\/avatar\/5a9442a2bee7b4dcf167cab035858e9a?s=96&d=mm&r=g","contentUrl":"https:\/\/secure.gravatar.com\/avatar\/5a9442a2bee7b4dcf167cab035858e9a?s=96&d=mm&r=g","caption":"Fatou"},"sameAs":["https:\/\/www.nettali.com"]}]}},"_links":{"self":[{"href":"https:\/\/www.nettali.com\/rest\/wp\/v2\/posts\/163634"}],"collection":[{"href":"https:\/\/www.nettali.com\/rest\/wp\/v2\/posts"}],"about":[{"href":"https:\/\/www.nettali.com\/rest\/wp\/v2\/types\/post"}],"author":[{"embeddable":true,"href":"https:\/\/www.nettali.com\/rest\/wp\/v2\/users\/6"}],"replies":[{"embeddable":true,"href":"https:\/\/www.nettali.com\/rest\/wp\/v2\/comments?post=163634"}],"version-history":[{"count":3,"href":"https:\/\/www.nettali.com\/rest\/wp\/v2\/posts\/163634\/revisions"}],"predecessor-version":[{"id":163639,"href":"https:\/\/www.nettali.com\/rest\/wp\/v2\/posts\/163634\/revisions\/163639"}],"wp:featuredmedia":[{"embeddable":true,"href":"https:\/\/www.nettali.com\/rest\/wp\/v2\/media\/22293"}],"wp:attachment":[{"href":"https:\/\/www.nettali.com\/rest\/wp\/v2\/media?parent=163634"}],"wp:term":[{"taxonomy":"category","embeddable":true,"href":"https:\/\/www.nettali.com\/rest\/wp\/v2\/categories?post=163634"},{"taxonomy":"post_tag","embeddable":true,"href":"https:\/\/www.nettali.com\/rest\/wp\/v2\/tags?post=163634"}],"curies":[{"name":"wp","href":"https:\/\/api.w.org\/{rel}","templated":true}]}}