{"id":163629,"date":"2025-10-29T02:40:34","date_gmt":"2025-10-29T02:40:34","guid":{"rendered":"https:\/\/www.nettali.com\/?p=163629"},"modified":"2025-10-29T22:13:28","modified_gmt":"2025-10-29T22:13:28","slug":"gendarmerie-de-ouakam-maimouna-ndour-faye-interpellee","status":"publish","type":"post","link":"https:\/\/www.nettali.com\/2025\/10\/29\/gendarmerie-de-ouakam-maimouna-ndour-faye-interpellee\/","title":{"rendered":"GENDARMERIE DE OUAKAM - Ma\u00efmouna Ndour Faye plac\u00e9e en garde \u00e0 vue"},"content":{"rendered":"<p><strong>NETTALI.COM - Les gendarmes qui ont fait irruption mardi dans les locaux de la 7Tv, ont aussi embarqu\u00e9 Ma\u00efmouna Ndour Faye. La journaliste \u00e9tait jusque tard dans la nuit dans les locaux de la brigade de Ouakam. Me El Hadji Diouf, un de ses avocats, informe qu'elle a \u00e9t\u00e9 finalement plac\u00e9e en position de garde \u00e0 vue.<\/strong><\/p>\n<p>\"L'invit\u00e9 de MNF\" s'est finalement termin\u00e9e dans les locaux de la brigade de gendarmerie de Ouakam. Des hommes en tenue ont fait irruption au si\u00e8ge de la chaine de la t\u00e9l\u00e9 7Tv pour s'opposer \u00e0 la diffusion de l'\u00e9mission de Ma\u00efmouna Ndour Faye qui devait recevoir Madiambal Diagne sous le coup d'un mandat d'arr\u00eat international et r\u00e9fugi\u00e9 en France.<\/p>\n<p>La journaliste et directrice de la 7Tv ayant refus\u00e9 de s'ex\u00e9cuter, les gendarmes l'ont interpell\u00e9e avant de l'acheminer \u00e0 la brigade de Ouakam. \u00c9galement pr\u00e9sent sur les lieux, l'avocat de Ma\u00efmouna Ndour Faye n'a pas pu voir sa cliente. Selon Me El Hadji Amadou Sall, les gendarmes lui ont demand\u00e9 de se soumettre \u00e0 un alcootest pour voir s'il n'\u00e9tait pas ivre. L'avocat soutient avoir refus\u00e9 la condition fix\u00e9e par les gendarmes qui lui auraient alors demand\u00e9 de <em>\"d\u00e9gager\".<\/em><\/p>\n<p>C'est finalement tard dans la nuit que la mauvaise nouvelle est tomb\u00e9e. Selon Me El Hadji Diouf, les gendarmes qui avaient, dans un premier temps, promis de lib\u00e9rer la journaliste sur convocation, ont d\u00e9cid\u00e9 de la placer en garde \u00e0 vue apr\u00e8s discussion avec leurs sup\u00e9rieurs. A la directrice de la 7Tv, il est reproch\u00e9 d'avoir sap\u00e9 l'autorit\u00e9 de la justice.<\/p>\n<p>\"<em>Dans tout ce qu'ont dit Ma\u00efmouna Ndour Faye et son invit\u00e9, je ne vois pas o\u00f9 est l'attaque contre la justice<\/em>\", d\u00e9nonce Me El Hadji Diouf.<\/p>\n<p>&nbsp;<\/p>\n<div class='share-to-whatsapp-wrapper'><div class='share-on-whsp'>PARTAGER SUR : <\/div><a data-text='GENDARMERIE DE OUAKAM - Ma\u00efmouna Ndour Faye plac\u00e9e en garde \u00e0 vue' data-link='https:\/\/www.nettali.com\/2025\/10\/29\/gendarmerie-de-ouakam-maimouna-ndour-faye-interpellee\/' class='whatsapp-button whatsapp-share'>WhatsApp<\/a><div class='clear '><\/div><\/div>","protected":false},"excerpt":{"rendered":"<p>NETTALI.COM - Les gendarmes qui ont fait irruption mardi dans les locaux de la 7Tv, ont aussi embarqu\u00e9 Ma\u00efmouna Ndour Faye. La journaliste \u00e9tait jusque tard dans la nuit dans les locaux de la brigade de Ouakam. Me El Hadji Diouf, un de ses avocats, informe qu'elle a \u00e9t\u00e9 finalement plac\u00e9e en position de garde [&hellip;]<\/p>\n","protected":false},"author":3,"featured_media":163637,"comment_status":"open","ping_status":"open","sticky":false,"template":"","format":"standard","meta":{"_et_pb_use_builder":"","_et_pb_old_content":""},"categories":[3],"tags":[],"yoast_head":"<!-- This site is optimized with the Yoast SEO Premium plugin v17.8 (Yoast SEO v17.8) - https:\/\/yoast.com\/wordpress\/plugins\/seo\/ -->\n<title>GENDARMERIE DE OUAKAM - Ma\u00efmouna Ndour Faye plac\u00e9e en garde \u00e0 vue | Nettali.com<\/title>\n<meta name=\"robots\" content=\"index, follow, max-snippet:-1, max-image-preview:large, max-video-preview:-1\" \/>\n<link rel=\"canonical\" href=\"https:\/\/www.nettali.com\/2025\/10\/29\/gendarmerie-de-ouakam-maimouna-ndour-faye-interpellee\/\" \/>\n<meta property=\"og:locale\" content=\"fr_FR\" \/>\n<meta property=\"og:type\" content=\"article\" \/>\n<meta property=\"og:title\" content=\"GENDARMERIE DE OUAKAM - Ma\u00efmouna Ndour Faye plac\u00e9e en garde \u00e0 vue\" \/>\n<meta property=\"og:description\" content=\"NETTALI.COM - Les gendarmes qui ont fait irruption mardi dans les locaux de la 7Tv, ont aussi embarqu\u00e9 Ma\u00efmouna Ndour Faye. La journaliste \u00e9tait jusque tard dans la nuit dans les locaux de la brigade de Ouakam. Me El Hadji Diouf, un de ses avocats, informe qu&#039;elle a \u00e9t\u00e9 finalement plac\u00e9e en position de garde [&hellip;]\" \/>\n<meta property=\"og:url\" content=\"https:\/\/www.nettali.com\/2025\/10\/29\/gendarmerie-de-ouakam-maimouna-ndour-faye-interpellee\/\" \/>\n<meta property=\"og:site_name\" content=\"Nettali.com\" \/>\n<meta property=\"article:publisher\" content=\"https:\/\/www.facebook.com\/nettalicom\" \/>\n<meta property=\"article:published_time\" content=\"2025-10-29T02:40:34+00:00\" \/>\n<meta property=\"article:modified_time\" content=\"2025-10-29T22:13:28+00:00\" \/>\n<meta property=\"og:image\" content=\"https:\/\/www.nettali.com\/wp-content\/uploads\/2025\/10\/Maimouna-Ndour-Faye.png\" \/>\n\t<meta property=\"og:image:width\" content=\"1200\" \/>\n\t<meta property=\"og:image:height\" content=\"1000\" \/>\n<meta name=\"twitter:card\" content=\"summary_large_image\" \/>\n<meta name=\"twitter:label1\" content=\"\u00c9crit par\" \/>\n\t<meta name=\"twitter:data1\" content=\"Moustapha\" \/>\n\t<meta name=\"twitter:label2\" content=\"Dur\u00e9e de lecture estim\u00e9e\" \/>\n\t<meta name=\"twitter:data2\" content=\"2 minutes\" \/>\n<script type=\"application\/ld+json\" class=\"yoast-schema-graph\">{\"@context\":\"https:\/\/schema.org\",\"@graph\":[{\"@type\":\"WebSite\",\"@id\":\"https:\/\/www.nettali.com\/#website\",\"url\":\"https:\/\/www.nettali.com\/\",\"name\":\"Nettali.com\",\"description\":\"Le rendez-vous critique du Net\",\"potentialAction\":[{\"@type\":\"SearchAction\",\"target\":{\"@type\":\"EntryPoint\",\"urlTemplate\":\"https:\/\/www.nettali.com\/?s={search_term_string}\"},\"query-input\":\"required name=search_term_string\"}],\"inLanguage\":\"fr-FR\"},{\"@type\":\"ImageObject\",\"@id\":\"https:\/\/www.nettali.com\/2025\/10\/29\/gendarmerie-de-ouakam-maimouna-ndour-faye-interpellee\/#primaryimage\",\"inLanguage\":\"fr-FR\",\"url\":\"https:\/\/www.nettali.com\/wp-content\/uploads\/2025\/10\/Maimouna-Ndour-Faye.png\",\"contentUrl\":\"https:\/\/www.nettali.com\/wp-content\/uploads\/2025\/10\/Maimouna-Ndour-Faye.png\",\"width\":1200,\"height\":1000},{\"@type\":\"WebPage\",\"@id\":\"https:\/\/www.nettali.com\/2025\/10\/29\/gendarmerie-de-ouakam-maimouna-ndour-faye-interpellee\/#webpage\",\"url\":\"https:\/\/www.nettali.com\/2025\/10\/29\/gendarmerie-de-ouakam-maimouna-ndour-faye-interpellee\/\",\"name\":\"GENDARMERIE DE OUAKAM - Ma\\u00efmouna Ndour Faye plac\\u00e9e en garde \\u00e0 vue | Nettali.com\",\"isPartOf\":{\"@id\":\"https:\/\/www.nettali.com\/#website\"},\"primaryImageOfPage\":{\"@id\":\"https:\/\/www.nettali.com\/2025\/10\/29\/gendarmerie-de-ouakam-maimouna-ndour-faye-interpellee\/#primaryimage\"},\"datePublished\":\"2025-10-29T02:40:34+00:00\",\"dateModified\":\"2025-10-29T22:13:28+00:00\",\"author\":{\"@id\":\"https:\/\/www.nettali.com\/#\/schema\/person\/7962a12a6e0267f88f0ffa544c36469a\"},\"breadcrumb\":{\"@id\":\"https:\/\/www.nettali.com\/2025\/10\/29\/gendarmerie-de-ouakam-maimouna-ndour-faye-interpellee\/#breadcrumb\"},\"inLanguage\":\"fr-FR\",\"potentialAction\":[{\"@type\":\"ReadAction\",\"target\":[\"https:\/\/www.nettali.com\/2025\/10\/29\/gendarmerie-de-ouakam-maimouna-ndour-faye-interpellee\/\"]}]},{\"@type\":\"BreadcrumbList\",\"@id\":\"https:\/\/www.nettali.com\/2025\/10\/29\/gendarmerie-de-ouakam-maimouna-ndour-faye-interpellee\/#breadcrumb\",\"itemListElement\":[{\"@type\":\"ListItem\",\"position\":1,\"name\":\"Accueil\",\"item\":\"https:\/\/www.nettali.com\/\"},{\"@type\":\"ListItem\",\"position\":2,\"name\":\"GENDARMERIE DE OUAKAM - Ma\\u00efmouna Ndour Faye plac\\u00e9e en garde \\u00e0 vue\"}]},{\"@type\":\"Person\",\"@id\":\"https:\/\/www.nettali.com\/#\/schema\/person\/7962a12a6e0267f88f0ffa544c36469a\",\"name\":\"Moustapha\",\"image\":{\"@type\":\"ImageObject\",\"@id\":\"https:\/\/www.nettali.com\/#personlogo\",\"inLanguage\":\"fr-FR\",\"url\":\"https:\/\/secure.gravatar.com\/avatar\/10fdf6a071cccdcf374e3dbe45159590?s=96&d=mm&r=g\",\"contentUrl\":\"https:\/\/secure.gravatar.com\/avatar\/10fdf6a071cccdcf374e3dbe45159590?s=96&d=mm&r=g\",\"caption\":\"Moustapha\"},\"sameAs\":[\"https:\/\/www.nettali.com\"]}]}<\/script>\n<!-- \/ Yoast SEO Premium plugin. -->","yoast_head_json":{"title":"GENDARMERIE DE OUAKAM - Ma\u00efmouna Ndour Faye plac\u00e9e en garde \u00e0 vue | Nettali.com","robots":{"index":"index","follow":"follow","max-snippet":"max-snippet:-1","max-image-preview":"max-image-preview:large","max-video-preview":"max-video-preview:-1"},"canonical":"https:\/\/www.nettali.com\/2025\/10\/29\/gendarmerie-de-ouakam-maimouna-ndour-faye-interpellee\/","og_locale":"fr_FR","og_type":"article","og_title":"GENDARMERIE DE OUAKAM - Ma\u00efmouna Ndour Faye plac\u00e9e en garde \u00e0 vue","og_description":"NETTALI.COM - Les gendarmes qui ont fait irruption mardi dans les locaux de la 7Tv, ont aussi embarqu\u00e9 Ma\u00efmouna Ndour Faye. La journaliste \u00e9tait jusque tard dans la nuit dans les locaux de la brigade de Ouakam. Me El Hadji Diouf, un de ses avocats, informe qu'elle a \u00e9t\u00e9 finalement plac\u00e9e en position de garde [&hellip;]","og_url":"https:\/\/www.nettali.com\/2025\/10\/29\/gendarmerie-de-ouakam-maimouna-ndour-faye-interpellee\/","og_site_name":"Nettali.com","article_publisher":"https:\/\/www.facebook.com\/nettalicom","article_published_time":"2025-10-29T02:40:34+00:00","article_modified_time":"2025-10-29T22:13:28+00:00","og_image":[{"width":1200,"height":1000,"url":"https:\/\/www.nettali.com\/wp-content\/uploads\/2025\/10\/Maimouna-Ndour-Faye.png","type":"image\/png"}],"twitter_card":"summary_large_image","twitter_misc":{"\u00c9crit par":"Moustapha","Dur\u00e9e de lecture estim\u00e9e":"2 minutes"},"schema":{"@context":"https:\/\/schema.org","@graph":[{"@type":"WebSite","@id":"https:\/\/www.nettali.com\/#website","url":"https:\/\/www.nettali.com\/","name":"Nettali.com","description":"Le rendez-vous critique du Net","potentialAction":[{"@type":"SearchAction","target":{"@type":"EntryPoint","urlTemplate":"https:\/\/www.nettali.com\/?s={search_term_string}"},"query-input":"required name=search_term_string"}],"inLanguage":"fr-FR"},{"@type":"ImageObject","@id":"https:\/\/www.nettali.com\/2025\/10\/29\/gendarmerie-de-ouakam-maimouna-ndour-faye-interpellee\/#primaryimage","inLanguage":"fr-FR","url":"https:\/\/www.nettali.com\/wp-content\/uploads\/2025\/10\/Maimouna-Ndour-Faye.png","contentUrl":"https:\/\/www.nettali.com\/wp-content\/uploads\/2025\/10\/Maimouna-Ndour-Faye.png","width":1200,"height":1000},{"@type":"WebPage","@id":"https:\/\/www.nettali.com\/2025\/10\/29\/gendarmerie-de-ouakam-maimouna-ndour-faye-interpellee\/#webpage","url":"https:\/\/www.nettali.com\/2025\/10\/29\/gendarmerie-de-ouakam-maimouna-ndour-faye-interpellee\/","name":"GENDARMERIE DE OUAKAM - Ma\u00efmouna Ndour Faye plac\u00e9e en garde \u00e0 vue | Nettali.com","isPartOf":{"@id":"https:\/\/www.nettali.com\/#website"},"primaryImageOfPage":{"@id":"https:\/\/www.nettali.com\/2025\/10\/29\/gendarmerie-de-ouakam-maimouna-ndour-faye-interpellee\/#primaryimage"},"datePublished":"2025-10-29T02:40:34+00:00","dateModified":"2025-10-29T22:13:28+00:00","author":{"@id":"https:\/\/www.nettali.com\/#\/schema\/person\/7962a12a6e0267f88f0ffa544c36469a"},"breadcrumb":{"@id":"https:\/\/www.nettali.com\/2025\/10\/29\/gendarmerie-de-ouakam-maimouna-ndour-faye-interpellee\/#breadcrumb"},"inLanguage":"fr-FR","potentialAction":[{"@type":"ReadAction","target":["https:\/\/www.nettali.com\/2025\/10\/29\/gendarmerie-de-ouakam-maimouna-ndour-faye-interpellee\/"]}]},{"@type":"BreadcrumbList","@id":"https:\/\/www.nettali.com\/2025\/10\/29\/gendarmerie-de-ouakam-maimouna-ndour-faye-interpellee\/#breadcrumb","itemListElement":[{"@type":"ListItem","position":1,"name":"Accueil","item":"https:\/\/www.nettali.com\/"},{"@type":"ListItem","position":2,"name":"GENDARMERIE DE OUAKAM - Ma\u00efmouna Ndour Faye plac\u00e9e en garde \u00e0 vue"}]},{"@type":"Person","@id":"https:\/\/www.nettali.com\/#\/schema\/person\/7962a12a6e0267f88f0ffa544c36469a","name":"Moustapha","image":{"@type":"ImageObject","@id":"https:\/\/www.nettali.com\/#personlogo","inLanguage":"fr-FR","url":"https:\/\/secure.gravatar.com\/avatar\/10fdf6a071cccdcf374e3dbe45159590?s=96&d=mm&r=g","contentUrl":"https:\/\/secure.gravatar.com\/avatar\/10fdf6a071cccdcf374e3dbe45159590?s=96&d=mm&r=g","caption":"Moustapha"},"sameAs":["https:\/\/www.nettali.com"]}]}},"_links":{"self":[{"href":"https:\/\/www.nettali.com\/rest\/wp\/v2\/posts\/163629"}],"collection":[{"href":"https:\/\/www.nettali.com\/rest\/wp\/v2\/posts"}],"about":[{"href":"https:\/\/www.nettali.com\/rest\/wp\/v2\/types\/post"}],"author":[{"embeddable":true,"href":"https:\/\/www.nettali.com\/rest\/wp\/v2\/users\/3"}],"replies":[{"embeddable":true,"href":"https:\/\/www.nettali.com\/rest\/wp\/v2\/comments?post=163629"}],"version-history":[{"count":8,"href":"https:\/\/www.nettali.com\/rest\/wp\/v2\/posts\/163629\/revisions"}],"predecessor-version":[{"id":163659,"href":"https:\/\/www.nettali.com\/rest\/wp\/v2\/posts\/163629\/revisions\/163659"}],"wp:featuredmedia":[{"embeddable":true,"href":"https:\/\/www.nettali.com\/rest\/wp\/v2\/media\/163637"}],"wp:attachment":[{"href":"https:\/\/www.nettali.com\/rest\/wp\/v2\/media?parent=163629"}],"wp:term":[{"taxonomy":"category","embeddable":true,"href":"https:\/\/www.nettali.com\/rest\/wp\/v2\/categories?post=163629"},{"taxonomy":"post_tag","embeddable":true,"href":"https:\/\/www.nettali.com\/rest\/wp\/v2\/tags?post=163629"}],"curies":[{"name":"wp","href":"https:\/\/api.w.org\/{rel}","templated":true}]}}