{"id":163610,"date":"2025-10-29T01:30:17","date_gmt":"2025-10-29T01:30:17","guid":{"rendered":"https:\/\/www.nettali.com\/?p=163610"},"modified":"2025-10-29T01:30:17","modified_gmt":"2025-10-29T01:30:17","slug":"justice-les-avocats-de-lepouse-de-madiambal-diagne-alertent-sur-letat-de-sante-critique-de-leur-cliente","status":"publish","type":"post","link":"https:\/\/www.nettali.com\/2025\/10\/29\/justice-les-avocats-de-lepouse-de-madiambal-diagne-alertent-sur-letat-de-sante-critique-de-leur-cliente\/","title":{"rendered":"JUSTICE - Les avocats de l'\u00e9pouse de Madiambal Diagne alertent sur l'\u00e9tat de sant\u00e9 critique de leur cliente"},"content":{"rendered":"<p><strong>NETTALI.COM - Les avocats de l'\u00e9pouse de Madiambal Diagne, incarc\u00e9r\u00e9e au Pavillon sp\u00e9cial, sont pr\u00e9occup\u00e9s par l'\u00e9tat de sant\u00e9 de leur cliente. Ils\u00a0 interpellent l'Etat tout en exigeant la lib\u00e9ration de cette derni\u00e8re.<\/strong><\/p>\n<p>Dans un communiqu\u00e9, les avocats de l'\u00e9pouse de Madiambal Diagne rappelle que\u00a0 depuis la garde \u00e0 vue jusqu\u2019\u00e0 l' inculpation de leur cliente, qu'ils<em> \"n\u2019ont eu de cesse d\u2019alerter, ensuite de plaider son \u00e9tat de sant\u00e9 d\u00e9fectueux qui met dangereusement en p\u00e9ril sa vie\". <\/em>Le collectif souligne que le dossier m\u00e9dical de leur cliente objectivait d\u00e9j\u00e0 des affections organiques extr\u00eamement pr\u00e9occupantes.<\/p>\n<p>A en croire les robes noires, la d\u00e9tention de Mme Diagne en milieu carc\u00e9ral a davantage d\u00e9t\u00e9rior\u00e9 sa sant\u00e9 au point que, le 23 octobre 2025, l\u2019administration p\u00e9nitentiaire fut oblig\u00e9e de la transf\u00e9rer \u00e0 l\u2019H\u00f4pital Principal de Dakar et finalement au pavillon sp\u00e9cial le lendemain. \"<em>Au pavillon sp\u00e9cial, les autorit\u00e9s m\u00e9dicales ont d\u00e9lib\u00e9r\u00e9ment pris le parti de ne courir aucun risque, relevant le traitement particulier qui lui a \u00e9t\u00e9 administr\u00e9 par d\u2019autres coll\u00e8gues<\/em>\", soulignent les avocats.<\/p>\n<p>A les croire, \u00e0 ce stade, \"<em>aucune mesure d\u2019urgence n\u2019est prise pour rem\u00e9dier \u00e0 cette situation qui compromet dangereusement l\u2019int\u00e9grit\u00e9 physique de<\/em> (leur)<em>\u00a0cliente\"<\/em>.\u00a0 Le collectif d\u00e9plore que cette situation soit pourtant bien connue des autorit\u00e9s judiciaires \"<em>qui n\u2019ont cependant pris aucune mesure concr\u00e8te<\/em>\". Pis encore, les conseils fustigent que leur\u00a0 requ\u00eate aux fins d\u2019expertise m\u00e9dicale d\u00e9pos\u00e9e aupr\u00e8s du juge d\u2019instruction en charge du dossier depuis le 21 octobre 2025 soit jusque-l\u00e0 rest\u00e9e sans suite.<\/p>\n<p>Face \u00e0 cette situation m\u00e9dicale critique, alertent les avocats, \"<em>il y a urgence pour les autorit\u00e9s judiciaires, \u00e0 prendre toutes les mesures n\u00e9cessaires pour mettre fin aux conditions de d\u00e9tention inhumaines et d\u00e9gradantes de Mme Diagne au Pavillon sp\u00e9cial qui, manifestement, ne peut pas la prendre en charge\"<\/em>. C'est pourquoi ils appelent les autorit\u00e9s judiciaires \"<em>\u00e0 \u00eatre beaucoup plus regardantes sur la sacralit\u00e9 de la vie humaine qui constitue un droit fondamental<\/em>\".<\/p>\n<p>\"<em>Nous tenons pour enti\u00e8rement responsable l\u2019Etat du S\u00e9n\u00e9gal pour tout ce qui pourrait arriver \u00e0 \u00a0Mabintou Diaby y compris toute atteinte \u00e0 sa vie\", <\/em>met en garde le pool d'avocats.<\/p>\n<div class='share-to-whatsapp-wrapper'><div class='share-on-whsp'>PARTAGER SUR : <\/div><a data-text='JUSTICE - Les avocats de l'\u00e9pouse de Madiambal Diagne alertent sur l'\u00e9tat de sant\u00e9 critique de leur cliente' data-link='https:\/\/www.nettali.com\/2025\/10\/29\/justice-les-avocats-de-lepouse-de-madiambal-diagne-alertent-sur-letat-de-sante-critique-de-leur-cliente\/' class='whatsapp-button whatsapp-share'>WhatsApp<\/a><div class='clear '><\/div><\/div>","protected":false},"excerpt":{"rendered":"<p>NETTALI.COM - Les avocats de l'\u00e9pouse de Madiambal Diagne, incarc\u00e9r\u00e9e au Pavillon sp\u00e9cial, sont pr\u00e9occup\u00e9s par l'\u00e9tat de sant\u00e9 de leur cliente. Ils\u00a0 interpellent l'Etat tout en exigeant la lib\u00e9ration de cette derni\u00e8re. Dans un communiqu\u00e9, les avocats de l'\u00e9pouse de Madiambal Diagne rappelle que\u00a0 depuis la garde \u00e0 vue jusqu\u2019\u00e0 l' inculpation de leur [&hellip;]<\/p>\n","protected":false},"author":6,"featured_media":163620,"comment_status":"open","ping_status":"open","sticky":false,"template":"","format":"standard","meta":{"_et_pb_use_builder":"","_et_pb_old_content":""},"categories":[3],"tags":[],"yoast_head":"<!-- This site is optimized with the Yoast SEO Premium plugin v17.8 (Yoast SEO v17.8) - https:\/\/yoast.com\/wordpress\/plugins\/seo\/ -->\n<title>JUSTICE - Les avocats de l&#039;\u00e9pouse de Madiambal Diagne alertent sur l&#039;\u00e9tat de sant\u00e9 critique de leur cliente | Nettali.com<\/title>\n<meta name=\"robots\" content=\"index, follow, max-snippet:-1, max-image-preview:large, max-video-preview:-1\" \/>\n<link rel=\"canonical\" href=\"https:\/\/www.nettali.com\/2025\/10\/29\/justice-les-avocats-de-lepouse-de-madiambal-diagne-alertent-sur-letat-de-sante-critique-de-leur-cliente\/\" \/>\n<meta property=\"og:locale\" content=\"fr_FR\" \/>\n<meta property=\"og:type\" content=\"article\" \/>\n<meta property=\"og:title\" content=\"JUSTICE - Les avocats de l&#039;\u00e9pouse de Madiambal Diagne alertent sur l&#039;\u00e9tat de sant\u00e9 critique de leur cliente\" \/>\n<meta property=\"og:description\" content=\"NETTALI.COM - Les avocats de l&#039;\u00e9pouse de Madiambal Diagne, incarc\u00e9r\u00e9e au Pavillon sp\u00e9cial, sont pr\u00e9occup\u00e9s par l&#039;\u00e9tat de sant\u00e9 de leur cliente. Ils\u00a0 interpellent l&#039;Etat tout en exigeant la lib\u00e9ration de cette derni\u00e8re. Dans un communiqu\u00e9, les avocats de l&#039;\u00e9pouse de Madiambal Diagne rappelle que\u00a0 depuis la garde \u00e0 vue jusqu\u2019\u00e0 l&#039; inculpation de leur [&hellip;]\" \/>\n<meta property=\"og:url\" content=\"https:\/\/www.nettali.com\/2025\/10\/29\/justice-les-avocats-de-lepouse-de-madiambal-diagne-alertent-sur-letat-de-sante-critique-de-leur-cliente\/\" \/>\n<meta property=\"og:site_name\" content=\"Nettali.com\" \/>\n<meta property=\"article:publisher\" content=\"https:\/\/www.facebook.com\/nettalicom\" \/>\n<meta property=\"article:published_time\" content=\"2025-10-29T01:30:17+00:00\" \/>\n<meta property=\"og:image\" content=\"https:\/\/www.nettali.com\/wp-content\/uploads\/2025\/10\/92138356-64683562.png\" \/>\n\t<meta property=\"og:image:width\" content=\"989\" \/>\n\t<meta property=\"og:image:height\" content=\"591\" \/>\n<meta name=\"twitter:card\" content=\"summary_large_image\" \/>\n<meta name=\"twitter:label1\" content=\"\u00c9crit par\" \/>\n\t<meta name=\"twitter:data1\" content=\"Fatou\" \/>\n\t<meta name=\"twitter:label2\" content=\"Dur\u00e9e de lecture estim\u00e9e\" \/>\n\t<meta name=\"twitter:data2\" content=\"2 minutes\" \/>\n<script type=\"application\/ld+json\" class=\"yoast-schema-graph\">{\"@context\":\"https:\/\/schema.org\",\"@graph\":[{\"@type\":\"WebSite\",\"@id\":\"https:\/\/www.nettali.com\/#website\",\"url\":\"https:\/\/www.nettali.com\/\",\"name\":\"Nettali.com\",\"description\":\"Le rendez-vous critique du Net\",\"potentialAction\":[{\"@type\":\"SearchAction\",\"target\":{\"@type\":\"EntryPoint\",\"urlTemplate\":\"https:\/\/www.nettali.com\/?s={search_term_string}\"},\"query-input\":\"required name=search_term_string\"}],\"inLanguage\":\"fr-FR\"},{\"@type\":\"ImageObject\",\"@id\":\"https:\/\/www.nettali.com\/2025\/10\/29\/justice-les-avocats-de-lepouse-de-madiambal-diagne-alertent-sur-letat-de-sante-critique-de-leur-cliente\/#primaryimage\",\"inLanguage\":\"fr-FR\",\"url\":\"https:\/\/www.nettali.com\/wp-content\/uploads\/2025\/10\/92138356-64683562.png\",\"contentUrl\":\"https:\/\/www.nettali.com\/wp-content\/uploads\/2025\/10\/92138356-64683562.png\",\"width\":989,\"height\":591},{\"@type\":\"WebPage\",\"@id\":\"https:\/\/www.nettali.com\/2025\/10\/29\/justice-les-avocats-de-lepouse-de-madiambal-diagne-alertent-sur-letat-de-sante-critique-de-leur-cliente\/#webpage\",\"url\":\"https:\/\/www.nettali.com\/2025\/10\/29\/justice-les-avocats-de-lepouse-de-madiambal-diagne-alertent-sur-letat-de-sante-critique-de-leur-cliente\/\",\"name\":\"JUSTICE - Les avocats de l'\\u00e9pouse de Madiambal Diagne alertent sur l'\\u00e9tat de sant\\u00e9 critique de leur cliente | Nettali.com\",\"isPartOf\":{\"@id\":\"https:\/\/www.nettali.com\/#website\"},\"primaryImageOfPage\":{\"@id\":\"https:\/\/www.nettali.com\/2025\/10\/29\/justice-les-avocats-de-lepouse-de-madiambal-diagne-alertent-sur-letat-de-sante-critique-de-leur-cliente\/#primaryimage\"},\"datePublished\":\"2025-10-29T01:30:17+00:00\",\"dateModified\":\"2025-10-29T01:30:17+00:00\",\"author\":{\"@id\":\"https:\/\/www.nettali.com\/#\/schema\/person\/418274a86bdf87caff7a3ef476bd0bbf\"},\"breadcrumb\":{\"@id\":\"https:\/\/www.nettali.com\/2025\/10\/29\/justice-les-avocats-de-lepouse-de-madiambal-diagne-alertent-sur-letat-de-sante-critique-de-leur-cliente\/#breadcrumb\"},\"inLanguage\":\"fr-FR\",\"potentialAction\":[{\"@type\":\"ReadAction\",\"target\":[\"https:\/\/www.nettali.com\/2025\/10\/29\/justice-les-avocats-de-lepouse-de-madiambal-diagne-alertent-sur-letat-de-sante-critique-de-leur-cliente\/\"]}]},{\"@type\":\"BreadcrumbList\",\"@id\":\"https:\/\/www.nettali.com\/2025\/10\/29\/justice-les-avocats-de-lepouse-de-madiambal-diagne-alertent-sur-letat-de-sante-critique-de-leur-cliente\/#breadcrumb\",\"itemListElement\":[{\"@type\":\"ListItem\",\"position\":1,\"name\":\"Accueil\",\"item\":\"https:\/\/www.nettali.com\/\"},{\"@type\":\"ListItem\",\"position\":2,\"name\":\"JUSTICE - Les avocats de l'\\u00e9pouse de Madiambal Diagne alertent sur l'\\u00e9tat de sant\\u00e9 critique de leur cliente\"}]},{\"@type\":\"Person\",\"@id\":\"https:\/\/www.nettali.com\/#\/schema\/person\/418274a86bdf87caff7a3ef476bd0bbf\",\"name\":\"Fatou\",\"image\":{\"@type\":\"ImageObject\",\"@id\":\"https:\/\/www.nettali.com\/#personlogo\",\"inLanguage\":\"fr-FR\",\"url\":\"https:\/\/secure.gravatar.com\/avatar\/5a9442a2bee7b4dcf167cab035858e9a?s=96&d=mm&r=g\",\"contentUrl\":\"https:\/\/secure.gravatar.com\/avatar\/5a9442a2bee7b4dcf167cab035858e9a?s=96&d=mm&r=g\",\"caption\":\"Fatou\"},\"sameAs\":[\"https:\/\/www.nettali.com\"]}]}<\/script>\n<!-- \/ Yoast SEO Premium plugin. -->","yoast_head_json":{"title":"JUSTICE - Les avocats de l'\u00e9pouse de Madiambal Diagne alertent sur l'\u00e9tat de sant\u00e9 critique de leur cliente | Nettali.com","robots":{"index":"index","follow":"follow","max-snippet":"max-snippet:-1","max-image-preview":"max-image-preview:large","max-video-preview":"max-video-preview:-1"},"canonical":"https:\/\/www.nettali.com\/2025\/10\/29\/justice-les-avocats-de-lepouse-de-madiambal-diagne-alertent-sur-letat-de-sante-critique-de-leur-cliente\/","og_locale":"fr_FR","og_type":"article","og_title":"JUSTICE - Les avocats de l'\u00e9pouse de Madiambal Diagne alertent sur l'\u00e9tat de sant\u00e9 critique de leur cliente","og_description":"NETTALI.COM - Les avocats de l'\u00e9pouse de Madiambal Diagne, incarc\u00e9r\u00e9e au Pavillon sp\u00e9cial, sont pr\u00e9occup\u00e9s par l'\u00e9tat de sant\u00e9 de leur cliente. Ils\u00a0 interpellent l'Etat tout en exigeant la lib\u00e9ration de cette derni\u00e8re. Dans un communiqu\u00e9, les avocats de l'\u00e9pouse de Madiambal Diagne rappelle que\u00a0 depuis la garde \u00e0 vue jusqu\u2019\u00e0 l' inculpation de leur [&hellip;]","og_url":"https:\/\/www.nettali.com\/2025\/10\/29\/justice-les-avocats-de-lepouse-de-madiambal-diagne-alertent-sur-letat-de-sante-critique-de-leur-cliente\/","og_site_name":"Nettali.com","article_publisher":"https:\/\/www.facebook.com\/nettalicom","article_published_time":"2025-10-29T01:30:17+00:00","og_image":[{"width":989,"height":591,"url":"https:\/\/www.nettali.com\/wp-content\/uploads\/2025\/10\/92138356-64683562.png","type":"image\/png"}],"twitter_card":"summary_large_image","twitter_misc":{"\u00c9crit par":"Fatou","Dur\u00e9e de lecture estim\u00e9e":"2 minutes"},"schema":{"@context":"https:\/\/schema.org","@graph":[{"@type":"WebSite","@id":"https:\/\/www.nettali.com\/#website","url":"https:\/\/www.nettali.com\/","name":"Nettali.com","description":"Le rendez-vous critique du Net","potentialAction":[{"@type":"SearchAction","target":{"@type":"EntryPoint","urlTemplate":"https:\/\/www.nettali.com\/?s={search_term_string}"},"query-input":"required name=search_term_string"}],"inLanguage":"fr-FR"},{"@type":"ImageObject","@id":"https:\/\/www.nettali.com\/2025\/10\/29\/justice-les-avocats-de-lepouse-de-madiambal-diagne-alertent-sur-letat-de-sante-critique-de-leur-cliente\/#primaryimage","inLanguage":"fr-FR","url":"https:\/\/www.nettali.com\/wp-content\/uploads\/2025\/10\/92138356-64683562.png","contentUrl":"https:\/\/www.nettali.com\/wp-content\/uploads\/2025\/10\/92138356-64683562.png","width":989,"height":591},{"@type":"WebPage","@id":"https:\/\/www.nettali.com\/2025\/10\/29\/justice-les-avocats-de-lepouse-de-madiambal-diagne-alertent-sur-letat-de-sante-critique-de-leur-cliente\/#webpage","url":"https:\/\/www.nettali.com\/2025\/10\/29\/justice-les-avocats-de-lepouse-de-madiambal-diagne-alertent-sur-letat-de-sante-critique-de-leur-cliente\/","name":"JUSTICE - Les avocats de l'\u00e9pouse de Madiambal Diagne alertent sur l'\u00e9tat de sant\u00e9 critique de leur cliente | Nettali.com","isPartOf":{"@id":"https:\/\/www.nettali.com\/#website"},"primaryImageOfPage":{"@id":"https:\/\/www.nettali.com\/2025\/10\/29\/justice-les-avocats-de-lepouse-de-madiambal-diagne-alertent-sur-letat-de-sante-critique-de-leur-cliente\/#primaryimage"},"datePublished":"2025-10-29T01:30:17+00:00","dateModified":"2025-10-29T01:30:17+00:00","author":{"@id":"https:\/\/www.nettali.com\/#\/schema\/person\/418274a86bdf87caff7a3ef476bd0bbf"},"breadcrumb":{"@id":"https:\/\/www.nettali.com\/2025\/10\/29\/justice-les-avocats-de-lepouse-de-madiambal-diagne-alertent-sur-letat-de-sante-critique-de-leur-cliente\/#breadcrumb"},"inLanguage":"fr-FR","potentialAction":[{"@type":"ReadAction","target":["https:\/\/www.nettali.com\/2025\/10\/29\/justice-les-avocats-de-lepouse-de-madiambal-diagne-alertent-sur-letat-de-sante-critique-de-leur-cliente\/"]}]},{"@type":"BreadcrumbList","@id":"https:\/\/www.nettali.com\/2025\/10\/29\/justice-les-avocats-de-lepouse-de-madiambal-diagne-alertent-sur-letat-de-sante-critique-de-leur-cliente\/#breadcrumb","itemListElement":[{"@type":"ListItem","position":1,"name":"Accueil","item":"https:\/\/www.nettali.com\/"},{"@type":"ListItem","position":2,"name":"JUSTICE - Les avocats de l'\u00e9pouse de Madiambal Diagne alertent sur l'\u00e9tat de sant\u00e9 critique de leur cliente"}]},{"@type":"Person","@id":"https:\/\/www.nettali.com\/#\/schema\/person\/418274a86bdf87caff7a3ef476bd0bbf","name":"Fatou","image":{"@type":"ImageObject","@id":"https:\/\/www.nettali.com\/#personlogo","inLanguage":"fr-FR","url":"https:\/\/secure.gravatar.com\/avatar\/5a9442a2bee7b4dcf167cab035858e9a?s=96&d=mm&r=g","contentUrl":"https:\/\/secure.gravatar.com\/avatar\/5a9442a2bee7b4dcf167cab035858e9a?s=96&d=mm&r=g","caption":"Fatou"},"sameAs":["https:\/\/www.nettali.com"]}]}},"_links":{"self":[{"href":"https:\/\/www.nettali.com\/rest\/wp\/v2\/posts\/163610"}],"collection":[{"href":"https:\/\/www.nettali.com\/rest\/wp\/v2\/posts"}],"about":[{"href":"https:\/\/www.nettali.com\/rest\/wp\/v2\/types\/post"}],"author":[{"embeddable":true,"href":"https:\/\/www.nettali.com\/rest\/wp\/v2\/users\/6"}],"replies":[{"embeddable":true,"href":"https:\/\/www.nettali.com\/rest\/wp\/v2\/comments?post=163610"}],"version-history":[{"count":4,"href":"https:\/\/www.nettali.com\/rest\/wp\/v2\/posts\/163610\/revisions"}],"predecessor-version":[{"id":163621,"href":"https:\/\/www.nettali.com\/rest\/wp\/v2\/posts\/163610\/revisions\/163621"}],"wp:featuredmedia":[{"embeddable":true,"href":"https:\/\/www.nettali.com\/rest\/wp\/v2\/media\/163620"}],"wp:attachment":[{"href":"https:\/\/www.nettali.com\/rest\/wp\/v2\/media?parent=163610"}],"wp:term":[{"taxonomy":"category","embeddable":true,"href":"https:\/\/www.nettali.com\/rest\/wp\/v2\/categories?post=163610"},{"taxonomy":"post_tag","embeddable":true,"href":"https:\/\/www.nettali.com\/rest\/wp\/v2\/tags?post=163610"}],"curies":[{"name":"wp","href":"https:\/\/api.w.org\/{rel}","templated":true}]}}