{"id":163603,"date":"2025-10-28T19:42:32","date_gmt":"2025-10-28T19:42:32","guid":{"rendered":"https:\/\/www.nettali.com\/?p=163603"},"modified":"2025-10-29T12:44:05","modified_gmt":"2025-10-29T12:44:05","slug":"hommage-national-a-amadou-makhtar-mbow-bassirou-diomaye-faye-salue-la-memoire-dun-immortel-de-la-nation","status":"publish","type":"post","link":"https:\/\/www.nettali.com\/2025\/10\/28\/hommage-national-a-amadou-makhtar-mbow-bassirou-diomaye-faye-salue-la-memoire-dun-immortel-de-la-nation\/","title":{"rendered":"HOMMAGE NATIONAL \u00c0 AMADOU MAKHTAR MBOW -\u00a0 Bassirou Diomaye Faye salue la m\u00e9moire d\u2019un \"immortel\" de la nation"},"content":{"rendered":"<p data-start=\"334\" data-end=\"599\"><strong>NETTALI.COM - Le pr\u00e9sident de la R\u00e9publique, Bassirou Diomaye Faye, a rendu, mardi, un vibrant hommage \u00e0 Amadou Mahtar Mbow, premier Africain \u00e0 diriger l\u2019UNESCO, lors d\u2019une c\u00e9r\u00e9monie nationale organis\u00e9e \u00e0 Diamniadio, un an apr\u00e8s son d\u00e9c\u00e8s en septembre 2024.<\/strong><\/p>\n<p data-start=\"601\" data-end=\"779\">Pr\u00e9sentant cet hommage comme \u00ab un rendez-vous de la nation avec elle-m\u00eame \u00bb, le chef de l\u2019\u00c9tat a soulign\u00e9 que cette c\u00e9r\u00e9monie allait au-del\u00e0 d\u2019un simple hommage individuel. <em>\u00ab Ce qui nous r\u00e9unit aujourd\u2019hui transcende une c\u00e9r\u00e9monie d\u2019hommage d\u00e9di\u00e9e \u00e0 un homme. Nous nous r\u00e9unissons pour accomplir ensemble un acte de conscience collective, un devoir de m\u00e9moire \u00bb<\/em>, a-t-il d\u00e9clar\u00e9.<\/p>\n<p data-start=\"991\" data-end=\"1342\">Le pr\u00e9sident Faye a salu\u00e9 la m\u00e9moire d\u2019un homme de culture et de dialogue, rappel\u00e9 \u00e0 Dieu \u00e0 l\u2019\u00e2ge de 103 ans, dont l\u2019\u0153uvre a marqu\u00e9 durablement l\u2019histoire du S\u00e9n\u00e9gal et du continent africain. De nombreuses personnalit\u00e9s politiques, diplomatiques et universitaires, ainsi que des membres de la famille du d\u00e9funt, ont pris part \u00e0 la c\u00e9r\u00e9monie.<\/p>\n<p data-start=\"991\" data-end=\"1342\"><em>\u00ab Nous rendons hommage \u00e0 l\u2019un de nos plus illustres fils, dont le parcours irradie notre conscience nationale \u00bb<\/em>, a ajout\u00e9 le pr\u00e9sident, exprimant la profonde gratitude de la nation \u00e0 celui que l\u2019universit\u00e9 Amadou Mahtar Mbow a <em>\u00ab \u00e9lev\u00e9 au rang des immortels \u00bb<\/em>.<\/p>\n<p data-start=\"1675\" data-end=\"2000\">Pour Bassirou Diomaye Faye, \u00ab il n\u2019est d\u2019hommage plus symbolique que d\u2019acc\u00e9der \u00e0 l\u2019\u00e9ternit\u00e9 dans le lieu le plus prestigieux du savoir : l\u2019universit\u00e9 \u00bb. Il a \u00e9galement rappel\u00e9 que l\u2019enseignement sup\u00e9rieur constitue un espace privil\u00e9gi\u00e9 pour le dialogue entre les civilisations et la construction d\u2019un avenir commun.<\/p>\n<p data-start=\"2053\" data-end=\"2243\">Inscrivant cet hommage dans une dynamique de reconqu\u00eate m\u00e9morielle, le chef de l\u2019\u00c9tat a r\u00e9affirm\u00e9 son engagement \u00e0 pr\u00e9server et valoriser l\u2019h\u00e9ritage des grandes figures africaines.<\/p>\n<p data-start=\"2053\" data-end=\"2243\"><em>\u00ab Nous nous r\u00e9unissons pour un moment d\u2019histoire o\u00f9 la m\u00e9moire devient la matrice d\u2019un avenir commun \u00bb<\/em>, a-t-il d\u00e9clar\u00e9, \u00e9voquant le combat pour la r\u00e9habilitation de l\u2019histoire, de la m\u00e9moire et de la dignit\u00e9 des Africains.<\/p>\n<p data-start=\"2476\" data-end=\"2776\">Le pr\u00e9sident a \u00e9galement rappel\u00e9 plusieurs initiatives men\u00e9es dans ce sens depuis le d\u00e9but de son mandat, notamment la qu\u00eate de v\u00e9rit\u00e9 sur le massacre de Thiaroye du 1er d\u00e9cembre 1944, ainsi que la rebaptisation d\u2019espaces publics au nom de personnalit\u00e9s qui ont marqu\u00e9 l\u2019identit\u00e9 nationale.<\/p>\n<p data-start=\"2476\" data-end=\"2776\"><em>\u00ab C\u00e9l\u00e9brer Amadou Mahtar Mbow, c\u2019est penser notre avenir \u00e0 la lumi\u00e8re des vertus de notre histoire \u00bb<\/em>, a conclu le chef de l\u2019\u00c9tat, citant parmi les d\u00e9fis \u00e0 relever ceux de l\u2019\u00e9ducation, de la culture, de l\u2019information, de la communication et de l\u2019\u00e9galit\u00e9.<\/p>\n<div class='share-to-whatsapp-wrapper'><div class='share-on-whsp'>PARTAGER SUR : <\/div><a data-text='HOMMAGE NATIONAL \u00c0 AMADOU MAKHTAR MBOW -\u00a0 Bassirou Diomaye Faye salue la m\u00e9moire d\u2019un \"immortel\" de la nation' data-link='https:\/\/www.nettali.com\/2025\/10\/28\/hommage-national-a-amadou-makhtar-mbow-bassirou-diomaye-faye-salue-la-memoire-dun-immortel-de-la-nation\/' class='whatsapp-button whatsapp-share'>WhatsApp<\/a><div class='clear '><\/div><\/div>","protected":false},"excerpt":{"rendered":"<p>NETTALI.COM - Le pr\u00e9sident de la R\u00e9publique, Bassirou Diomaye Faye, a rendu, mardi, un vibrant hommage \u00e0 Amadou Mahtar Mbow, premier Africain \u00e0 diriger l\u2019UNESCO, lors d\u2019une c\u00e9r\u00e9monie nationale organis\u00e9e \u00e0 Diamniadio, un an apr\u00e8s son d\u00e9c\u00e8s en septembre 2024. Pr\u00e9sentant cet hommage comme \u00ab un rendez-vous de la nation avec elle-m\u00eame \u00bb, le chef [&hellip;]<\/p>\n","protected":false},"author":4,"featured_media":163604,"comment_status":"open","ping_status":"open","sticky":false,"template":"","format":"standard","meta":{"_et_pb_use_builder":"","_et_pb_old_content":""},"categories":[2],"tags":[],"yoast_head":"<!-- This site is optimized with the Yoast SEO Premium plugin v17.8 (Yoast SEO v17.8) - https:\/\/yoast.com\/wordpress\/plugins\/seo\/ -->\n<title>HOMMAGE NATIONAL \u00c0 AMADOU MAKHTAR MBOW -\u00a0 Bassirou Diomaye Faye salue la m\u00e9moire d\u2019un &quot;immortel&quot; de la nation | Nettali.com<\/title>\n<meta name=\"robots\" content=\"index, follow, max-snippet:-1, max-image-preview:large, max-video-preview:-1\" \/>\n<link rel=\"canonical\" href=\"https:\/\/www.nettali.com\/2025\/10\/28\/hommage-national-a-amadou-makhtar-mbow-bassirou-diomaye-faye-salue-la-memoire-dun-immortel-de-la-nation\/\" \/>\n<meta property=\"og:locale\" content=\"fr_FR\" \/>\n<meta property=\"og:type\" content=\"article\" \/>\n<meta property=\"og:title\" content=\"HOMMAGE NATIONAL \u00c0 AMADOU MAKHTAR MBOW -\u00a0 Bassirou Diomaye Faye salue la m\u00e9moire d\u2019un &quot;immortel&quot; de la nation\" \/>\n<meta property=\"og:description\" content=\"NETTALI.COM - Le pr\u00e9sident de la R\u00e9publique, Bassirou Diomaye Faye, a rendu, mardi, un vibrant hommage \u00e0 Amadou Mahtar Mbow, premier Africain \u00e0 diriger l\u2019UNESCO, lors d\u2019une c\u00e9r\u00e9monie nationale organis\u00e9e \u00e0 Diamniadio, un an apr\u00e8s son d\u00e9c\u00e8s en septembre 2024. Pr\u00e9sentant cet hommage comme \u00ab un rendez-vous de la nation avec elle-m\u00eame \u00bb, le chef [&hellip;]\" \/>\n<meta property=\"og:url\" content=\"https:\/\/www.nettali.com\/2025\/10\/28\/hommage-national-a-amadou-makhtar-mbow-bassirou-diomaye-faye-salue-la-memoire-dun-immortel-de-la-nation\/\" \/>\n<meta property=\"og:site_name\" content=\"Nettali.com\" \/>\n<meta property=\"article:publisher\" content=\"https:\/\/www.facebook.com\/nettalicom\" \/>\n<meta property=\"article:published_time\" content=\"2025-10-28T19:42:32+00:00\" \/>\n<meta property=\"article:modified_time\" content=\"2025-10-29T12:44:05+00:00\" \/>\n<meta property=\"og:image\" content=\"https:\/\/www.nettali.com\/wp-content\/uploads\/2025\/10\/Hommahe-Amadou-Mahtar-Mbow.jpg\" \/>\n\t<meta property=\"og:image:width\" content=\"2048\" \/>\n\t<meta property=\"og:image:height\" content=\"1366\" \/>\n<meta name=\"twitter:card\" content=\"summary_large_image\" \/>\n<meta name=\"twitter:label1\" content=\"\u00c9crit par\" \/>\n\t<meta name=\"twitter:data1\" content=\"Daouda\" \/>\n\t<meta name=\"twitter:label2\" content=\"Dur\u00e9e de lecture estim\u00e9e\" \/>\n\t<meta name=\"twitter:data2\" content=\"2 minutes\" \/>\n<script type=\"application\/ld+json\" class=\"yoast-schema-graph\">{\"@context\":\"https:\/\/schema.org\",\"@graph\":[{\"@type\":\"WebSite\",\"@id\":\"https:\/\/www.nettali.com\/#website\",\"url\":\"https:\/\/www.nettali.com\/\",\"name\":\"Nettali.com\",\"description\":\"Le rendez-vous critique du Net\",\"potentialAction\":[{\"@type\":\"SearchAction\",\"target\":{\"@type\":\"EntryPoint\",\"urlTemplate\":\"https:\/\/www.nettali.com\/?s={search_term_string}\"},\"query-input\":\"required name=search_term_string\"}],\"inLanguage\":\"fr-FR\"},{\"@type\":\"ImageObject\",\"@id\":\"https:\/\/www.nettali.com\/2025\/10\/28\/hommage-national-a-amadou-makhtar-mbow-bassirou-diomaye-faye-salue-la-memoire-dun-immortel-de-la-nation\/#primaryimage\",\"inLanguage\":\"fr-FR\",\"url\":\"https:\/\/www.nettali.com\/wp-content\/uploads\/2025\/10\/Hommahe-Amadou-Mahtar-Mbow.jpg\",\"contentUrl\":\"https:\/\/www.nettali.com\/wp-content\/uploads\/2025\/10\/Hommahe-Amadou-Mahtar-Mbow.jpg\",\"width\":2048,\"height\":1366},{\"@type\":\"WebPage\",\"@id\":\"https:\/\/www.nettali.com\/2025\/10\/28\/hommage-national-a-amadou-makhtar-mbow-bassirou-diomaye-faye-salue-la-memoire-dun-immortel-de-la-nation\/#webpage\",\"url\":\"https:\/\/www.nettali.com\/2025\/10\/28\/hommage-national-a-amadou-makhtar-mbow-bassirou-diomaye-faye-salue-la-memoire-dun-immortel-de-la-nation\/\",\"name\":\"HOMMAGE NATIONAL \\u00c0 AMADOU MAKHTAR MBOW -\\u00a0 Bassirou Diomaye Faye salue la m\\u00e9moire d\\u2019un \\\"immortel\\\" de la nation | Nettali.com\",\"isPartOf\":{\"@id\":\"https:\/\/www.nettali.com\/#website\"},\"primaryImageOfPage\":{\"@id\":\"https:\/\/www.nettali.com\/2025\/10\/28\/hommage-national-a-amadou-makhtar-mbow-bassirou-diomaye-faye-salue-la-memoire-dun-immortel-de-la-nation\/#primaryimage\"},\"datePublished\":\"2025-10-28T19:42:32+00:00\",\"dateModified\":\"2025-10-29T12:44:05+00:00\",\"author\":{\"@id\":\"https:\/\/www.nettali.com\/#\/schema\/person\/3317e0bb3aa1da309fbf7b2780901bf4\"},\"breadcrumb\":{\"@id\":\"https:\/\/www.nettali.com\/2025\/10\/28\/hommage-national-a-amadou-makhtar-mbow-bassirou-diomaye-faye-salue-la-memoire-dun-immortel-de-la-nation\/#breadcrumb\"},\"inLanguage\":\"fr-FR\",\"potentialAction\":[{\"@type\":\"ReadAction\",\"target\":[\"https:\/\/www.nettali.com\/2025\/10\/28\/hommage-national-a-amadou-makhtar-mbow-bassirou-diomaye-faye-salue-la-memoire-dun-immortel-de-la-nation\/\"]}]},{\"@type\":\"BreadcrumbList\",\"@id\":\"https:\/\/www.nettali.com\/2025\/10\/28\/hommage-national-a-amadou-makhtar-mbow-bassirou-diomaye-faye-salue-la-memoire-dun-immortel-de-la-nation\/#breadcrumb\",\"itemListElement\":[{\"@type\":\"ListItem\",\"position\":1,\"name\":\"Accueil\",\"item\":\"https:\/\/www.nettali.com\/\"},{\"@type\":\"ListItem\",\"position\":2,\"name\":\"HOMMAGE NATIONAL \\u00c0 AMADOU MAKHTAR MBOW -\\u00a0 Bassirou Diomaye Faye salue la m\\u00e9moire d\\u2019un \\\"immortel\\\" de la nation\"}]},{\"@type\":\"Person\",\"@id\":\"https:\/\/www.nettali.com\/#\/schema\/person\/3317e0bb3aa1da309fbf7b2780901bf4\",\"name\":\"Daouda\",\"image\":{\"@type\":\"ImageObject\",\"@id\":\"https:\/\/www.nettali.com\/#personlogo\",\"inLanguage\":\"fr-FR\",\"url\":\"https:\/\/secure.gravatar.com\/avatar\/8d143b5a49345098ddcfee1c49c2f47c?s=96&d=mm&r=g\",\"contentUrl\":\"https:\/\/secure.gravatar.com\/avatar\/8d143b5a49345098ddcfee1c49c2f47c?s=96&d=mm&r=g\",\"caption\":\"Daouda\"},\"sameAs\":[\"https:\/\/www.nettali.com\"]}]}<\/script>\n<!-- \/ Yoast SEO Premium plugin. -->","yoast_head_json":{"title":"HOMMAGE NATIONAL \u00c0 AMADOU MAKHTAR MBOW -\u00a0 Bassirou Diomaye Faye salue la m\u00e9moire d\u2019un \"immortel\" de la nation | Nettali.com","robots":{"index":"index","follow":"follow","max-snippet":"max-snippet:-1","max-image-preview":"max-image-preview:large","max-video-preview":"max-video-preview:-1"},"canonical":"https:\/\/www.nettali.com\/2025\/10\/28\/hommage-national-a-amadou-makhtar-mbow-bassirou-diomaye-faye-salue-la-memoire-dun-immortel-de-la-nation\/","og_locale":"fr_FR","og_type":"article","og_title":"HOMMAGE NATIONAL \u00c0 AMADOU MAKHTAR MBOW -\u00a0 Bassirou Diomaye Faye salue la m\u00e9moire d\u2019un \"immortel\" de la nation","og_description":"NETTALI.COM - Le pr\u00e9sident de la R\u00e9publique, Bassirou Diomaye Faye, a rendu, mardi, un vibrant hommage \u00e0 Amadou Mahtar Mbow, premier Africain \u00e0 diriger l\u2019UNESCO, lors d\u2019une c\u00e9r\u00e9monie nationale organis\u00e9e \u00e0 Diamniadio, un an apr\u00e8s son d\u00e9c\u00e8s en septembre 2024. Pr\u00e9sentant cet hommage comme \u00ab un rendez-vous de la nation avec elle-m\u00eame \u00bb, le chef [&hellip;]","og_url":"https:\/\/www.nettali.com\/2025\/10\/28\/hommage-national-a-amadou-makhtar-mbow-bassirou-diomaye-faye-salue-la-memoire-dun-immortel-de-la-nation\/","og_site_name":"Nettali.com","article_publisher":"https:\/\/www.facebook.com\/nettalicom","article_published_time":"2025-10-28T19:42:32+00:00","article_modified_time":"2025-10-29T12:44:05+00:00","og_image":[{"width":2048,"height":1366,"url":"https:\/\/www.nettali.com\/wp-content\/uploads\/2025\/10\/Hommahe-Amadou-Mahtar-Mbow.jpg","type":"image\/jpeg"}],"twitter_card":"summary_large_image","twitter_misc":{"\u00c9crit par":"Daouda","Dur\u00e9e de lecture estim\u00e9e":"2 minutes"},"schema":{"@context":"https:\/\/schema.org","@graph":[{"@type":"WebSite","@id":"https:\/\/www.nettali.com\/#website","url":"https:\/\/www.nettali.com\/","name":"Nettali.com","description":"Le rendez-vous critique du Net","potentialAction":[{"@type":"SearchAction","target":{"@type":"EntryPoint","urlTemplate":"https:\/\/www.nettali.com\/?s={search_term_string}"},"query-input":"required name=search_term_string"}],"inLanguage":"fr-FR"},{"@type":"ImageObject","@id":"https:\/\/www.nettali.com\/2025\/10\/28\/hommage-national-a-amadou-makhtar-mbow-bassirou-diomaye-faye-salue-la-memoire-dun-immortel-de-la-nation\/#primaryimage","inLanguage":"fr-FR","url":"https:\/\/www.nettali.com\/wp-content\/uploads\/2025\/10\/Hommahe-Amadou-Mahtar-Mbow.jpg","contentUrl":"https:\/\/www.nettali.com\/wp-content\/uploads\/2025\/10\/Hommahe-Amadou-Mahtar-Mbow.jpg","width":2048,"height":1366},{"@type":"WebPage","@id":"https:\/\/www.nettali.com\/2025\/10\/28\/hommage-national-a-amadou-makhtar-mbow-bassirou-diomaye-faye-salue-la-memoire-dun-immortel-de-la-nation\/#webpage","url":"https:\/\/www.nettali.com\/2025\/10\/28\/hommage-national-a-amadou-makhtar-mbow-bassirou-diomaye-faye-salue-la-memoire-dun-immortel-de-la-nation\/","name":"HOMMAGE NATIONAL \u00c0 AMADOU MAKHTAR MBOW -\u00a0 Bassirou Diomaye Faye salue la m\u00e9moire d\u2019un \"immortel\" de la nation | Nettali.com","isPartOf":{"@id":"https:\/\/www.nettali.com\/#website"},"primaryImageOfPage":{"@id":"https:\/\/www.nettali.com\/2025\/10\/28\/hommage-national-a-amadou-makhtar-mbow-bassirou-diomaye-faye-salue-la-memoire-dun-immortel-de-la-nation\/#primaryimage"},"datePublished":"2025-10-28T19:42:32+00:00","dateModified":"2025-10-29T12:44:05+00:00","author":{"@id":"https:\/\/www.nettali.com\/#\/schema\/person\/3317e0bb3aa1da309fbf7b2780901bf4"},"breadcrumb":{"@id":"https:\/\/www.nettali.com\/2025\/10\/28\/hommage-national-a-amadou-makhtar-mbow-bassirou-diomaye-faye-salue-la-memoire-dun-immortel-de-la-nation\/#breadcrumb"},"inLanguage":"fr-FR","potentialAction":[{"@type":"ReadAction","target":["https:\/\/www.nettali.com\/2025\/10\/28\/hommage-national-a-amadou-makhtar-mbow-bassirou-diomaye-faye-salue-la-memoire-dun-immortel-de-la-nation\/"]}]},{"@type":"BreadcrumbList","@id":"https:\/\/www.nettali.com\/2025\/10\/28\/hommage-national-a-amadou-makhtar-mbow-bassirou-diomaye-faye-salue-la-memoire-dun-immortel-de-la-nation\/#breadcrumb","itemListElement":[{"@type":"ListItem","position":1,"name":"Accueil","item":"https:\/\/www.nettali.com\/"},{"@type":"ListItem","position":2,"name":"HOMMAGE NATIONAL \u00c0 AMADOU MAKHTAR MBOW -\u00a0 Bassirou Diomaye Faye salue la m\u00e9moire d\u2019un \"immortel\" de la nation"}]},{"@type":"Person","@id":"https:\/\/www.nettali.com\/#\/schema\/person\/3317e0bb3aa1da309fbf7b2780901bf4","name":"Daouda","image":{"@type":"ImageObject","@id":"https:\/\/www.nettali.com\/#personlogo","inLanguage":"fr-FR","url":"https:\/\/secure.gravatar.com\/avatar\/8d143b5a49345098ddcfee1c49c2f47c?s=96&d=mm&r=g","contentUrl":"https:\/\/secure.gravatar.com\/avatar\/8d143b5a49345098ddcfee1c49c2f47c?s=96&d=mm&r=g","caption":"Daouda"},"sameAs":["https:\/\/www.nettali.com"]}]}},"_links":{"self":[{"href":"https:\/\/www.nettali.com\/rest\/wp\/v2\/posts\/163603"}],"collection":[{"href":"https:\/\/www.nettali.com\/rest\/wp\/v2\/posts"}],"about":[{"href":"https:\/\/www.nettali.com\/rest\/wp\/v2\/types\/post"}],"author":[{"embeddable":true,"href":"https:\/\/www.nettali.com\/rest\/wp\/v2\/users\/4"}],"replies":[{"embeddable":true,"href":"https:\/\/www.nettali.com\/rest\/wp\/v2\/comments?post=163603"}],"version-history":[{"count":2,"href":"https:\/\/www.nettali.com\/rest\/wp\/v2\/posts\/163603\/revisions"}],"predecessor-version":[{"id":163626,"href":"https:\/\/www.nettali.com\/rest\/wp\/v2\/posts\/163603\/revisions\/163626"}],"wp:featuredmedia":[{"embeddable":true,"href":"https:\/\/www.nettali.com\/rest\/wp\/v2\/media\/163604"}],"wp:attachment":[{"href":"https:\/\/www.nettali.com\/rest\/wp\/v2\/media?parent=163603"}],"wp:term":[{"taxonomy":"category","embeddable":true,"href":"https:\/\/www.nettali.com\/rest\/wp\/v2\/categories?post=163603"},{"taxonomy":"post_tag","embeddable":true,"href":"https:\/\/www.nettali.com\/rest\/wp\/v2\/tags?post=163603"}],"curies":[{"name":"wp","href":"https:\/\/api.w.org\/{rel}","templated":true}]}}