{"id":163600,"date":"2025-10-28T16:53:27","date_gmt":"2025-10-28T16:53:27","guid":{"rendered":"https:\/\/www.nettali.com\/?p=163600"},"modified":"2025-10-28T15:56:16","modified_gmt":"2025-10-28T15:56:16","slug":"demande-dextradition-de-madiambal-diagne-la-justice-francaise-reporte-lexamen-au-4-novembre","status":"publish","type":"post","link":"https:\/\/www.nettali.com\/2025\/10\/28\/demande-dextradition-de-madiambal-diagne-la-justice-francaise-reporte-lexamen-au-4-novembre\/","title":{"rendered":"DEMANDE D'EXTRADITION DE MADIAMBAL DIAGNE - La justice fran\u00e7aise reporte l\u2019examen au 4 novembre"},"content":{"rendered":"<p data-start=\"251\" data-end=\"526\"><strong>NETTALI.COM - La Chambre d\u2019instruction du tribunal de Versailles (France) a d\u00e9cid\u00e9, ce mardi, de reporter au 4 novembre 2025 l\u2019examen de la demande d\u2019extradition visant le journaliste et homme d\u2019affaires Madiambal Diagne.<\/strong><\/p>\n<p data-start=\"528\" data-end=\"697\">Ce renvoi marque le premier rebondissement dans la bataille judiciaire autour de l\u2019extradition de l\u2019ancien patron du groupe <em data-start=\"656\" data-end=\"678\">Avenir Communication<\/em> vers le S\u00e9n\u00e9gal.<\/p>\n<p data-start=\"699\" data-end=\"1069\">Les avocats fran\u00e7ais de M. Diagne, Mes Philippine Vaganay et Vincent Brengarth, du cabinet William Bourdon &amp; Associ\u00e9s, avaient sollicit\u00e9 ce report afin de disposer de plus de temps pour pr\u00e9parer leur d\u00e9fense. La juridiction versaillaise a acc\u00e9d\u00e9 \u00e0 leur demande, offrant ainsi \u00e0 la d\u00e9fense un d\u00e9lai strat\u00e9gique pour affiner son argumentaire.<\/p>\n<p data-start=\"1071\" data-end=\"1325\">Ce sursis est per\u00e7u comme une premi\u00e8re victoire tactique pour les conseils du journaliste, actuellement plac\u00e9 sous contr\u00f4le judiciaire en France apr\u00e8s avoir fait l\u2019objet d\u2019un mandat d\u2019arr\u00eat international \u00e9mis par les autorit\u00e9s s\u00e9n\u00e9galaises.<\/p>\n<p data-start=\"1327\" data-end=\"1540\">Cette p\u00e9riode suppl\u00e9mentaire devrait permettre \u00e0 son \u00e9quipe juridique d\u2019analyser en profondeur les fondements de la requ\u00eate d\u2019extradition et de pr\u00e9parer une r\u00e9ponse d\u00e9taill\u00e9e avant la prochaine audience.<\/p>\n<div class='share-to-whatsapp-wrapper'><div class='share-on-whsp'>PARTAGER SUR : <\/div><a data-text='DEMANDE D'EXTRADITION DE MADIAMBAL DIAGNE - La justice fran\u00e7aise reporte l\u2019examen au 4 novembre' data-link='https:\/\/www.nettali.com\/2025\/10\/28\/demande-dextradition-de-madiambal-diagne-la-justice-francaise-reporte-lexamen-au-4-novembre\/' class='whatsapp-button whatsapp-share'>WhatsApp<\/a><div class='clear '><\/div><\/div>","protected":false},"excerpt":{"rendered":"<p>NETTALI.COM - La Chambre d\u2019instruction du tribunal de Versailles (France) a d\u00e9cid\u00e9, ce mardi, de reporter au 4 novembre 2025 l\u2019examen de la demande d\u2019extradition visant le journaliste et homme d\u2019affaires Madiambal Diagne. Ce renvoi marque le premier rebondissement dans la bataille judiciaire autour de l\u2019extradition de l\u2019ancien patron du groupe Avenir Communication vers le [&hellip;]<\/p>\n","protected":false},"author":4,"featured_media":11117,"comment_status":"open","ping_status":"open","sticky":false,"template":"","format":"standard","meta":{"_et_pb_use_builder":"","_et_pb_old_content":""},"categories":[3],"tags":[],"yoast_head":"<!-- This site is optimized with the Yoast SEO Premium plugin v17.8 (Yoast SEO v17.8) - https:\/\/yoast.com\/wordpress\/plugins\/seo\/ -->\n<title>DEMANDE D&#039;EXTRADITION DE MADIAMBAL DIAGNE - La justice fran\u00e7aise reporte l\u2019examen au 4 novembre | Nettali.com<\/title>\n<meta name=\"robots\" content=\"index, follow, max-snippet:-1, max-image-preview:large, max-video-preview:-1\" \/>\n<link rel=\"canonical\" href=\"https:\/\/www.nettali.com\/2025\/10\/28\/demande-dextradition-de-madiambal-diagne-la-justice-francaise-reporte-lexamen-au-4-novembre\/\" \/>\n<meta property=\"og:locale\" content=\"fr_FR\" \/>\n<meta property=\"og:type\" content=\"article\" \/>\n<meta property=\"og:title\" content=\"DEMANDE D&#039;EXTRADITION DE MADIAMBAL DIAGNE - La justice fran\u00e7aise reporte l\u2019examen au 4 novembre\" \/>\n<meta property=\"og:description\" content=\"NETTALI.COM - La Chambre d\u2019instruction du tribunal de Versailles (France) a d\u00e9cid\u00e9, ce mardi, de reporter au 4 novembre 2025 l\u2019examen de la demande d\u2019extradition visant le journaliste et homme d\u2019affaires Madiambal Diagne. Ce renvoi marque le premier rebondissement dans la bataille judiciaire autour de l\u2019extradition de l\u2019ancien patron du groupe Avenir Communication vers le [&hellip;]\" \/>\n<meta property=\"og:url\" content=\"https:\/\/www.nettali.com\/2025\/10\/28\/demande-dextradition-de-madiambal-diagne-la-justice-francaise-reporte-lexamen-au-4-novembre\/\" \/>\n<meta property=\"og:site_name\" content=\"Nettali.com\" \/>\n<meta property=\"article:publisher\" content=\"https:\/\/www.facebook.com\/nettalicom\" \/>\n<meta property=\"article:published_time\" content=\"2025-10-28T16:53:27+00:00\" \/>\n<meta property=\"article:modified_time\" content=\"2025-10-28T15:56:16+00:00\" \/>\n<meta property=\"og:image\" content=\"https:\/\/www.nettali.com\/wp-content\/uploads\/2019\/06\/Madiambal-diagne.jpg\" \/>\n\t<meta property=\"og:image:width\" content=\"613\" \/>\n\t<meta property=\"og:image:height\" content=\"472\" \/>\n<meta name=\"twitter:card\" content=\"summary_large_image\" \/>\n<meta name=\"twitter:label1\" content=\"\u00c9crit par\" \/>\n\t<meta name=\"twitter:data1\" content=\"Daouda\" \/>\n\t<meta name=\"twitter:label2\" content=\"Dur\u00e9e de lecture estim\u00e9e\" \/>\n\t<meta name=\"twitter:data2\" content=\"1 minute\" \/>\n<script type=\"application\/ld+json\" class=\"yoast-schema-graph\">{\"@context\":\"https:\/\/schema.org\",\"@graph\":[{\"@type\":\"WebSite\",\"@id\":\"https:\/\/www.nettali.com\/#website\",\"url\":\"https:\/\/www.nettali.com\/\",\"name\":\"Nettali.com\",\"description\":\"Le rendez-vous critique du Net\",\"potentialAction\":[{\"@type\":\"SearchAction\",\"target\":{\"@type\":\"EntryPoint\",\"urlTemplate\":\"https:\/\/www.nettali.com\/?s={search_term_string}\"},\"query-input\":\"required name=search_term_string\"}],\"inLanguage\":\"fr-FR\"},{\"@type\":\"ImageObject\",\"@id\":\"https:\/\/www.nettali.com\/2025\/10\/28\/demande-dextradition-de-madiambal-diagne-la-justice-francaise-reporte-lexamen-au-4-novembre\/#primaryimage\",\"inLanguage\":\"fr-FR\",\"url\":\"https:\/\/www.nettali.com\/wp-content\/uploads\/2019\/06\/Madiambal-diagne.jpg\",\"contentUrl\":\"https:\/\/www.nettali.com\/wp-content\/uploads\/2019\/06\/Madiambal-diagne.jpg\",\"width\":613,\"height\":472},{\"@type\":\"WebPage\",\"@id\":\"https:\/\/www.nettali.com\/2025\/10\/28\/demande-dextradition-de-madiambal-diagne-la-justice-francaise-reporte-lexamen-au-4-novembre\/#webpage\",\"url\":\"https:\/\/www.nettali.com\/2025\/10\/28\/demande-dextradition-de-madiambal-diagne-la-justice-francaise-reporte-lexamen-au-4-novembre\/\",\"name\":\"DEMANDE D'EXTRADITION DE MADIAMBAL DIAGNE - La justice fran\\u00e7aise reporte l\\u2019examen au 4 novembre | Nettali.com\",\"isPartOf\":{\"@id\":\"https:\/\/www.nettali.com\/#website\"},\"primaryImageOfPage\":{\"@id\":\"https:\/\/www.nettali.com\/2025\/10\/28\/demande-dextradition-de-madiambal-diagne-la-justice-francaise-reporte-lexamen-au-4-novembre\/#primaryimage\"},\"datePublished\":\"2025-10-28T16:53:27+00:00\",\"dateModified\":\"2025-10-28T15:56:16+00:00\",\"author\":{\"@id\":\"https:\/\/www.nettali.com\/#\/schema\/person\/3317e0bb3aa1da309fbf7b2780901bf4\"},\"breadcrumb\":{\"@id\":\"https:\/\/www.nettali.com\/2025\/10\/28\/demande-dextradition-de-madiambal-diagne-la-justice-francaise-reporte-lexamen-au-4-novembre\/#breadcrumb\"},\"inLanguage\":\"fr-FR\",\"potentialAction\":[{\"@type\":\"ReadAction\",\"target\":[\"https:\/\/www.nettali.com\/2025\/10\/28\/demande-dextradition-de-madiambal-diagne-la-justice-francaise-reporte-lexamen-au-4-novembre\/\"]}]},{\"@type\":\"BreadcrumbList\",\"@id\":\"https:\/\/www.nettali.com\/2025\/10\/28\/demande-dextradition-de-madiambal-diagne-la-justice-francaise-reporte-lexamen-au-4-novembre\/#breadcrumb\",\"itemListElement\":[{\"@type\":\"ListItem\",\"position\":1,\"name\":\"Accueil\",\"item\":\"https:\/\/www.nettali.com\/\"},{\"@type\":\"ListItem\",\"position\":2,\"name\":\"DEMANDE D'EXTRADITION DE MADIAMBAL DIAGNE - La justice fran\\u00e7aise reporte l\\u2019examen au 4 novembre\"}]},{\"@type\":\"Person\",\"@id\":\"https:\/\/www.nettali.com\/#\/schema\/person\/3317e0bb3aa1da309fbf7b2780901bf4\",\"name\":\"Daouda\",\"image\":{\"@type\":\"ImageObject\",\"@id\":\"https:\/\/www.nettali.com\/#personlogo\",\"inLanguage\":\"fr-FR\",\"url\":\"https:\/\/secure.gravatar.com\/avatar\/8d143b5a49345098ddcfee1c49c2f47c?s=96&d=mm&r=g\",\"contentUrl\":\"https:\/\/secure.gravatar.com\/avatar\/8d143b5a49345098ddcfee1c49c2f47c?s=96&d=mm&r=g\",\"caption\":\"Daouda\"},\"sameAs\":[\"https:\/\/www.nettali.com\"]}]}<\/script>\n<!-- \/ Yoast SEO Premium plugin. -->","yoast_head_json":{"title":"DEMANDE D'EXTRADITION DE MADIAMBAL DIAGNE - La justice fran\u00e7aise reporte l\u2019examen au 4 novembre | Nettali.com","robots":{"index":"index","follow":"follow","max-snippet":"max-snippet:-1","max-image-preview":"max-image-preview:large","max-video-preview":"max-video-preview:-1"},"canonical":"https:\/\/www.nettali.com\/2025\/10\/28\/demande-dextradition-de-madiambal-diagne-la-justice-francaise-reporte-lexamen-au-4-novembre\/","og_locale":"fr_FR","og_type":"article","og_title":"DEMANDE D'EXTRADITION DE MADIAMBAL DIAGNE - La justice fran\u00e7aise reporte l\u2019examen au 4 novembre","og_description":"NETTALI.COM - La Chambre d\u2019instruction du tribunal de Versailles (France) a d\u00e9cid\u00e9, ce mardi, de reporter au 4 novembre 2025 l\u2019examen de la demande d\u2019extradition visant le journaliste et homme d\u2019affaires Madiambal Diagne. Ce renvoi marque le premier rebondissement dans la bataille judiciaire autour de l\u2019extradition de l\u2019ancien patron du groupe Avenir Communication vers le [&hellip;]","og_url":"https:\/\/www.nettali.com\/2025\/10\/28\/demande-dextradition-de-madiambal-diagne-la-justice-francaise-reporte-lexamen-au-4-novembre\/","og_site_name":"Nettali.com","article_publisher":"https:\/\/www.facebook.com\/nettalicom","article_published_time":"2025-10-28T16:53:27+00:00","article_modified_time":"2025-10-28T15:56:16+00:00","og_image":[{"width":613,"height":472,"url":"https:\/\/www.nettali.com\/wp-content\/uploads\/2019\/06\/Madiambal-diagne.jpg","type":"image\/jpeg"}],"twitter_card":"summary_large_image","twitter_misc":{"\u00c9crit par":"Daouda","Dur\u00e9e de lecture estim\u00e9e":"1 minute"},"schema":{"@context":"https:\/\/schema.org","@graph":[{"@type":"WebSite","@id":"https:\/\/www.nettali.com\/#website","url":"https:\/\/www.nettali.com\/","name":"Nettali.com","description":"Le rendez-vous critique du Net","potentialAction":[{"@type":"SearchAction","target":{"@type":"EntryPoint","urlTemplate":"https:\/\/www.nettali.com\/?s={search_term_string}"},"query-input":"required name=search_term_string"}],"inLanguage":"fr-FR"},{"@type":"ImageObject","@id":"https:\/\/www.nettali.com\/2025\/10\/28\/demande-dextradition-de-madiambal-diagne-la-justice-francaise-reporte-lexamen-au-4-novembre\/#primaryimage","inLanguage":"fr-FR","url":"https:\/\/www.nettali.com\/wp-content\/uploads\/2019\/06\/Madiambal-diagne.jpg","contentUrl":"https:\/\/www.nettali.com\/wp-content\/uploads\/2019\/06\/Madiambal-diagne.jpg","width":613,"height":472},{"@type":"WebPage","@id":"https:\/\/www.nettali.com\/2025\/10\/28\/demande-dextradition-de-madiambal-diagne-la-justice-francaise-reporte-lexamen-au-4-novembre\/#webpage","url":"https:\/\/www.nettali.com\/2025\/10\/28\/demande-dextradition-de-madiambal-diagne-la-justice-francaise-reporte-lexamen-au-4-novembre\/","name":"DEMANDE D'EXTRADITION DE MADIAMBAL DIAGNE - La justice fran\u00e7aise reporte l\u2019examen au 4 novembre | Nettali.com","isPartOf":{"@id":"https:\/\/www.nettali.com\/#website"},"primaryImageOfPage":{"@id":"https:\/\/www.nettali.com\/2025\/10\/28\/demande-dextradition-de-madiambal-diagne-la-justice-francaise-reporte-lexamen-au-4-novembre\/#primaryimage"},"datePublished":"2025-10-28T16:53:27+00:00","dateModified":"2025-10-28T15:56:16+00:00","author":{"@id":"https:\/\/www.nettali.com\/#\/schema\/person\/3317e0bb3aa1da309fbf7b2780901bf4"},"breadcrumb":{"@id":"https:\/\/www.nettali.com\/2025\/10\/28\/demande-dextradition-de-madiambal-diagne-la-justice-francaise-reporte-lexamen-au-4-novembre\/#breadcrumb"},"inLanguage":"fr-FR","potentialAction":[{"@type":"ReadAction","target":["https:\/\/www.nettali.com\/2025\/10\/28\/demande-dextradition-de-madiambal-diagne-la-justice-francaise-reporte-lexamen-au-4-novembre\/"]}]},{"@type":"BreadcrumbList","@id":"https:\/\/www.nettali.com\/2025\/10\/28\/demande-dextradition-de-madiambal-diagne-la-justice-francaise-reporte-lexamen-au-4-novembre\/#breadcrumb","itemListElement":[{"@type":"ListItem","position":1,"name":"Accueil","item":"https:\/\/www.nettali.com\/"},{"@type":"ListItem","position":2,"name":"DEMANDE D'EXTRADITION DE MADIAMBAL DIAGNE - La justice fran\u00e7aise reporte l\u2019examen au 4 novembre"}]},{"@type":"Person","@id":"https:\/\/www.nettali.com\/#\/schema\/person\/3317e0bb3aa1da309fbf7b2780901bf4","name":"Daouda","image":{"@type":"ImageObject","@id":"https:\/\/www.nettali.com\/#personlogo","inLanguage":"fr-FR","url":"https:\/\/secure.gravatar.com\/avatar\/8d143b5a49345098ddcfee1c49c2f47c?s=96&d=mm&r=g","contentUrl":"https:\/\/secure.gravatar.com\/avatar\/8d143b5a49345098ddcfee1c49c2f47c?s=96&d=mm&r=g","caption":"Daouda"},"sameAs":["https:\/\/www.nettali.com"]}]}},"_links":{"self":[{"href":"https:\/\/www.nettali.com\/rest\/wp\/v2\/posts\/163600"}],"collection":[{"href":"https:\/\/www.nettali.com\/rest\/wp\/v2\/posts"}],"about":[{"href":"https:\/\/www.nettali.com\/rest\/wp\/v2\/types\/post"}],"author":[{"embeddable":true,"href":"https:\/\/www.nettali.com\/rest\/wp\/v2\/users\/4"}],"replies":[{"embeddable":true,"href":"https:\/\/www.nettali.com\/rest\/wp\/v2\/comments?post=163600"}],"version-history":[{"count":1,"href":"https:\/\/www.nettali.com\/rest\/wp\/v2\/posts\/163600\/revisions"}],"predecessor-version":[{"id":163601,"href":"https:\/\/www.nettali.com\/rest\/wp\/v2\/posts\/163600\/revisions\/163601"}],"wp:featuredmedia":[{"embeddable":true,"href":"https:\/\/www.nettali.com\/rest\/wp\/v2\/media\/11117"}],"wp:attachment":[{"href":"https:\/\/www.nettali.com\/rest\/wp\/v2\/media?parent=163600"}],"wp:term":[{"taxonomy":"category","embeddable":true,"href":"https:\/\/www.nettali.com\/rest\/wp\/v2\/categories?post=163600"},{"taxonomy":"post_tag","embeddable":true,"href":"https:\/\/www.nettali.com\/rest\/wp\/v2\/tags?post=163600"}],"curies":[{"name":"wp","href":"https:\/\/api.w.org\/{rel}","templated":true}]}}