{"id":163596,"date":"2025-10-28T12:13:43","date_gmt":"2025-10-28T12:13:43","guid":{"rendered":"https:\/\/www.nettali.com\/?p=163596"},"modified":"2025-10-28T12:16:26","modified_gmt":"2025-10-28T12:16:26","slug":"madiambal-diagne-parle-cest-un-dossier-politique","status":"publish","type":"post","link":"https:\/\/www.nettali.com\/2025\/10\/28\/madiambal-diagne-parle-cest-un-dossier-politique\/","title":{"rendered":"MADIAMBAL DIAGNE PARLE : \"C'est un dossier politique...\""},"content":{"rendered":"<p><strong>NETTALI.COM - Madiambal Diagne d\u00e9nonce une cabale politique dans l'affaire du rapport de la Cellule nationale de traitement des informations financi\u00e8res (Centif) le concernant ainsi que des membres de sa famille. Il s'est exprim\u00e9 ce matin au sortir d'une audience \u00e0 la chambre d'instruction de Versailles \u00e0 Paris...<\/strong><\/p>\n<p>Comme r\u00e9clam\u00e9 par ses avocats, Madiambal Diagne a obtenu le report de l'audience de la chambre d'instruction de Versailles qui devait statuer sur le mandat d'arr\u00eat international \u00e9mis en son encontre par le Pool judiciaire financier (PJF) de Dakar. L'audience se tiendra finalement le 4 novembre prochain. Autre bonne nouvelle pour l'homme d'affaires : il n'est plus soumis \u00e0 l\u2019obligation de pointage qui lui avait \u00e9t\u00e9 impos\u00e9e.<\/p>\n<p>En attendant l'audience fix\u00e9e donc au 4 novembre prochain, Madiambal Diagne s'est adress\u00e9 \u00e0 la presse. Et c'est pour d\u00e9noncer une cabale politique. \"<em>C'est un dossier politique. Et vous le savez. Vous avez aussi que cela fait un bon moment qu'ils<\/em> (les tenants du pouvoir, <strong>ndlr<\/strong>) <em>cherchent \u00e0 m'atteindre. Ils ont mont\u00e9 un dossier contre moi. Mais le moment venu, tout le monde saura la v\u00e9rit\u00e9<\/em>\", soutient Madiambal Diagne. A l'en croire, ses avocats et lui avaient souhait\u00e9 une audience publique. \"<em>Mais le tribunal s'y est oppos\u00e9 pour la s\u00e9r\u00e9nit\u00e9 des d\u00e9bats<\/em>\", a ajout\u00e9 le patron du groupe Avenir communication.<\/p>\n<p>&nbsp;<\/p>\n<div class='share-to-whatsapp-wrapper'><div class='share-on-whsp'>PARTAGER SUR : <\/div><a data-text='MADIAMBAL DIAGNE PARLE : \"C'est un dossier politique...\"' data-link='https:\/\/www.nettali.com\/2025\/10\/28\/madiambal-diagne-parle-cest-un-dossier-politique\/' class='whatsapp-button whatsapp-share'>WhatsApp<\/a><div class='clear '><\/div><\/div>","protected":false},"excerpt":{"rendered":"<p>NETTALI.COM - Madiambal Diagne d\u00e9nonce une cabale politique dans l'affaire du rapport de la Cellule nationale de traitement des informations financi\u00e8res (Centif) le concernant ainsi que des membres de sa famille. Il s'est exprim\u00e9 ce matin au sortir d'une audience \u00e0 la chambre d'instruction de Versailles \u00e0 Paris... Comme r\u00e9clam\u00e9 par ses avocats, Madiambal Diagne [&hellip;]<\/p>\n","protected":false},"author":3,"featured_media":11118,"comment_status":"open","ping_status":"open","sticky":false,"template":"","format":"standard","meta":{"_et_pb_use_builder":"","_et_pb_old_content":""},"categories":[3],"tags":[],"yoast_head":"<!-- This site is optimized with the Yoast SEO Premium plugin v17.8 (Yoast SEO v17.8) - https:\/\/yoast.com\/wordpress\/plugins\/seo\/ -->\n<title>MADIAMBAL DIAGNE PARLE : &quot;C&#039;est un dossier politique...&quot; | Nettali.com<\/title>\n<meta name=\"robots\" content=\"index, follow, max-snippet:-1, max-image-preview:large, max-video-preview:-1\" \/>\n<link rel=\"canonical\" href=\"https:\/\/www.nettali.com\/2025\/10\/28\/madiambal-diagne-parle-cest-un-dossier-politique\/\" \/>\n<meta property=\"og:locale\" content=\"fr_FR\" \/>\n<meta property=\"og:type\" content=\"article\" \/>\n<meta property=\"og:title\" content=\"MADIAMBAL DIAGNE PARLE : &quot;C&#039;est un dossier politique...&quot;\" \/>\n<meta property=\"og:description\" content=\"NETTALI.COM - Madiambal Diagne d\u00e9nonce une cabale politique dans l&#039;affaire du rapport de la Cellule nationale de traitement des informations financi\u00e8res (Centif) le concernant ainsi que des membres de sa famille. Il s&#039;est exprim\u00e9 ce matin au sortir d&#039;une audience \u00e0 la chambre d&#039;instruction de Versailles \u00e0 Paris... Comme r\u00e9clam\u00e9 par ses avocats, Madiambal Diagne [&hellip;]\" \/>\n<meta property=\"og:url\" content=\"https:\/\/www.nettali.com\/2025\/10\/28\/madiambal-diagne-parle-cest-un-dossier-politique\/\" \/>\n<meta property=\"og:site_name\" content=\"Nettali.com\" \/>\n<meta property=\"article:publisher\" content=\"https:\/\/www.facebook.com\/nettalicom\" \/>\n<meta property=\"article:published_time\" content=\"2025-10-28T12:13:43+00:00\" \/>\n<meta property=\"article:modified_time\" content=\"2025-10-28T12:16:26+00:00\" \/>\n<meta property=\"og:image\" content=\"https:\/\/www.nettali.com\/wp-content\/uploads\/2019\/06\/Madiambal.jpg\" \/>\n\t<meta property=\"og:image:width\" content=\"600\" \/>\n\t<meta property=\"og:image:height\" content=\"399\" \/>\n<meta name=\"twitter:card\" content=\"summary_large_image\" \/>\n<meta name=\"twitter:label1\" content=\"\u00c9crit par\" \/>\n\t<meta name=\"twitter:data1\" content=\"Moustapha\" \/>\n\t<meta name=\"twitter:label2\" content=\"Dur\u00e9e de lecture estim\u00e9e\" \/>\n\t<meta name=\"twitter:data2\" content=\"2 minutes\" \/>\n<script type=\"application\/ld+json\" class=\"yoast-schema-graph\">{\"@context\":\"https:\/\/schema.org\",\"@graph\":[{\"@type\":\"WebSite\",\"@id\":\"https:\/\/www.nettali.com\/#website\",\"url\":\"https:\/\/www.nettali.com\/\",\"name\":\"Nettali.com\",\"description\":\"Le rendez-vous critique du Net\",\"potentialAction\":[{\"@type\":\"SearchAction\",\"target\":{\"@type\":\"EntryPoint\",\"urlTemplate\":\"https:\/\/www.nettali.com\/?s={search_term_string}\"},\"query-input\":\"required name=search_term_string\"}],\"inLanguage\":\"fr-FR\"},{\"@type\":\"ImageObject\",\"@id\":\"https:\/\/www.nettali.com\/2025\/10\/28\/madiambal-diagne-parle-cest-un-dossier-politique\/#primaryimage\",\"inLanguage\":\"fr-FR\",\"url\":\"https:\/\/www.nettali.com\/wp-content\/uploads\/2019\/06\/Madiambal.jpg\",\"contentUrl\":\"https:\/\/www.nettali.com\/wp-content\/uploads\/2019\/06\/Madiambal.jpg\",\"width\":600,\"height\":399},{\"@type\":\"WebPage\",\"@id\":\"https:\/\/www.nettali.com\/2025\/10\/28\/madiambal-diagne-parle-cest-un-dossier-politique\/#webpage\",\"url\":\"https:\/\/www.nettali.com\/2025\/10\/28\/madiambal-diagne-parle-cest-un-dossier-politique\/\",\"name\":\"MADIAMBAL DIAGNE PARLE : \\\"C'est un dossier politique...\\\" | Nettali.com\",\"isPartOf\":{\"@id\":\"https:\/\/www.nettali.com\/#website\"},\"primaryImageOfPage\":{\"@id\":\"https:\/\/www.nettali.com\/2025\/10\/28\/madiambal-diagne-parle-cest-un-dossier-politique\/#primaryimage\"},\"datePublished\":\"2025-10-28T12:13:43+00:00\",\"dateModified\":\"2025-10-28T12:16:26+00:00\",\"author\":{\"@id\":\"https:\/\/www.nettali.com\/#\/schema\/person\/7962a12a6e0267f88f0ffa544c36469a\"},\"breadcrumb\":{\"@id\":\"https:\/\/www.nettali.com\/2025\/10\/28\/madiambal-diagne-parle-cest-un-dossier-politique\/#breadcrumb\"},\"inLanguage\":\"fr-FR\",\"potentialAction\":[{\"@type\":\"ReadAction\",\"target\":[\"https:\/\/www.nettali.com\/2025\/10\/28\/madiambal-diagne-parle-cest-un-dossier-politique\/\"]}]},{\"@type\":\"BreadcrumbList\",\"@id\":\"https:\/\/www.nettali.com\/2025\/10\/28\/madiambal-diagne-parle-cest-un-dossier-politique\/#breadcrumb\",\"itemListElement\":[{\"@type\":\"ListItem\",\"position\":1,\"name\":\"Accueil\",\"item\":\"https:\/\/www.nettali.com\/\"},{\"@type\":\"ListItem\",\"position\":2,\"name\":\"MADIAMBAL DIAGNE PARLE : \\\"C'est un dossier politique...\\\"\"}]},{\"@type\":\"Person\",\"@id\":\"https:\/\/www.nettali.com\/#\/schema\/person\/7962a12a6e0267f88f0ffa544c36469a\",\"name\":\"Moustapha\",\"image\":{\"@type\":\"ImageObject\",\"@id\":\"https:\/\/www.nettali.com\/#personlogo\",\"inLanguage\":\"fr-FR\",\"url\":\"https:\/\/secure.gravatar.com\/avatar\/10fdf6a071cccdcf374e3dbe45159590?s=96&d=mm&r=g\",\"contentUrl\":\"https:\/\/secure.gravatar.com\/avatar\/10fdf6a071cccdcf374e3dbe45159590?s=96&d=mm&r=g\",\"caption\":\"Moustapha\"},\"sameAs\":[\"https:\/\/www.nettali.com\"]}]}<\/script>\n<!-- \/ Yoast SEO Premium plugin. -->","yoast_head_json":{"title":"MADIAMBAL DIAGNE PARLE : \"C'est un dossier politique...\" | Nettali.com","robots":{"index":"index","follow":"follow","max-snippet":"max-snippet:-1","max-image-preview":"max-image-preview:large","max-video-preview":"max-video-preview:-1"},"canonical":"https:\/\/www.nettali.com\/2025\/10\/28\/madiambal-diagne-parle-cest-un-dossier-politique\/","og_locale":"fr_FR","og_type":"article","og_title":"MADIAMBAL DIAGNE PARLE : \"C'est un dossier politique...\"","og_description":"NETTALI.COM - Madiambal Diagne d\u00e9nonce une cabale politique dans l'affaire du rapport de la Cellule nationale de traitement des informations financi\u00e8res (Centif) le concernant ainsi que des membres de sa famille. Il s'est exprim\u00e9 ce matin au sortir d'une audience \u00e0 la chambre d'instruction de Versailles \u00e0 Paris... Comme r\u00e9clam\u00e9 par ses avocats, Madiambal Diagne [&hellip;]","og_url":"https:\/\/www.nettali.com\/2025\/10\/28\/madiambal-diagne-parle-cest-un-dossier-politique\/","og_site_name":"Nettali.com","article_publisher":"https:\/\/www.facebook.com\/nettalicom","article_published_time":"2025-10-28T12:13:43+00:00","article_modified_time":"2025-10-28T12:16:26+00:00","og_image":[{"width":600,"height":399,"url":"https:\/\/www.nettali.com\/wp-content\/uploads\/2019\/06\/Madiambal.jpg","type":"image\/jpeg"}],"twitter_card":"summary_large_image","twitter_misc":{"\u00c9crit par":"Moustapha","Dur\u00e9e de lecture estim\u00e9e":"2 minutes"},"schema":{"@context":"https:\/\/schema.org","@graph":[{"@type":"WebSite","@id":"https:\/\/www.nettali.com\/#website","url":"https:\/\/www.nettali.com\/","name":"Nettali.com","description":"Le rendez-vous critique du Net","potentialAction":[{"@type":"SearchAction","target":{"@type":"EntryPoint","urlTemplate":"https:\/\/www.nettali.com\/?s={search_term_string}"},"query-input":"required name=search_term_string"}],"inLanguage":"fr-FR"},{"@type":"ImageObject","@id":"https:\/\/www.nettali.com\/2025\/10\/28\/madiambal-diagne-parle-cest-un-dossier-politique\/#primaryimage","inLanguage":"fr-FR","url":"https:\/\/www.nettali.com\/wp-content\/uploads\/2019\/06\/Madiambal.jpg","contentUrl":"https:\/\/www.nettali.com\/wp-content\/uploads\/2019\/06\/Madiambal.jpg","width":600,"height":399},{"@type":"WebPage","@id":"https:\/\/www.nettali.com\/2025\/10\/28\/madiambal-diagne-parle-cest-un-dossier-politique\/#webpage","url":"https:\/\/www.nettali.com\/2025\/10\/28\/madiambal-diagne-parle-cest-un-dossier-politique\/","name":"MADIAMBAL DIAGNE PARLE : \"C'est un dossier politique...\" | Nettali.com","isPartOf":{"@id":"https:\/\/www.nettali.com\/#website"},"primaryImageOfPage":{"@id":"https:\/\/www.nettali.com\/2025\/10\/28\/madiambal-diagne-parle-cest-un-dossier-politique\/#primaryimage"},"datePublished":"2025-10-28T12:13:43+00:00","dateModified":"2025-10-28T12:16:26+00:00","author":{"@id":"https:\/\/www.nettali.com\/#\/schema\/person\/7962a12a6e0267f88f0ffa544c36469a"},"breadcrumb":{"@id":"https:\/\/www.nettali.com\/2025\/10\/28\/madiambal-diagne-parle-cest-un-dossier-politique\/#breadcrumb"},"inLanguage":"fr-FR","potentialAction":[{"@type":"ReadAction","target":["https:\/\/www.nettali.com\/2025\/10\/28\/madiambal-diagne-parle-cest-un-dossier-politique\/"]}]},{"@type":"BreadcrumbList","@id":"https:\/\/www.nettali.com\/2025\/10\/28\/madiambal-diagne-parle-cest-un-dossier-politique\/#breadcrumb","itemListElement":[{"@type":"ListItem","position":1,"name":"Accueil","item":"https:\/\/www.nettali.com\/"},{"@type":"ListItem","position":2,"name":"MADIAMBAL DIAGNE PARLE : \"C'est un dossier politique...\""}]},{"@type":"Person","@id":"https:\/\/www.nettali.com\/#\/schema\/person\/7962a12a6e0267f88f0ffa544c36469a","name":"Moustapha","image":{"@type":"ImageObject","@id":"https:\/\/www.nettali.com\/#personlogo","inLanguage":"fr-FR","url":"https:\/\/secure.gravatar.com\/avatar\/10fdf6a071cccdcf374e3dbe45159590?s=96&d=mm&r=g","contentUrl":"https:\/\/secure.gravatar.com\/avatar\/10fdf6a071cccdcf374e3dbe45159590?s=96&d=mm&r=g","caption":"Moustapha"},"sameAs":["https:\/\/www.nettali.com"]}]}},"_links":{"self":[{"href":"https:\/\/www.nettali.com\/rest\/wp\/v2\/posts\/163596"}],"collection":[{"href":"https:\/\/www.nettali.com\/rest\/wp\/v2\/posts"}],"about":[{"href":"https:\/\/www.nettali.com\/rest\/wp\/v2\/types\/post"}],"author":[{"embeddable":true,"href":"https:\/\/www.nettali.com\/rest\/wp\/v2\/users\/3"}],"replies":[{"embeddable":true,"href":"https:\/\/www.nettali.com\/rest\/wp\/v2\/comments?post=163596"}],"version-history":[{"count":3,"href":"https:\/\/www.nettali.com\/rest\/wp\/v2\/posts\/163596\/revisions"}],"predecessor-version":[{"id":163599,"href":"https:\/\/www.nettali.com\/rest\/wp\/v2\/posts\/163596\/revisions\/163599"}],"wp:featuredmedia":[{"embeddable":true,"href":"https:\/\/www.nettali.com\/rest\/wp\/v2\/media\/11118"}],"wp:attachment":[{"href":"https:\/\/www.nettali.com\/rest\/wp\/v2\/media?parent=163596"}],"wp:term":[{"taxonomy":"category","embeddable":true,"href":"https:\/\/www.nettali.com\/rest\/wp\/v2\/categories?post=163596"},{"taxonomy":"post_tag","embeddable":true,"href":"https:\/\/www.nettali.com\/rest\/wp\/v2\/tags?post=163596"}],"curies":[{"name":"wp","href":"https:\/\/api.w.org\/{rel}","templated":true}]}}