{"id":163591,"date":"2025-10-28T10:37:17","date_gmt":"2025-10-28T10:37:17","guid":{"rendered":"https:\/\/www.nettali.com\/?p=163591"},"modified":"2025-11-04T08:49:13","modified_gmt":"2025-11-04T08:49:13","slug":"idiovisuel-tumulte-politique-en-continu","status":"publish","type":"post","link":"https:\/\/www.nettali.com\/2025\/10\/28\/idiovisuel-tumulte-politique-en-continu\/","title":{"rendered":"IDIOVISUEL - Tumulte politique continu !"},"content":{"rendered":"<p><strong>NETTALI.COM -<\/strong> Alors qu\u2019\u00e9tait attendue une d\u00e9claration d\u2019une \u00ab grande importance \u00bb, le samedi 25 octobre, mais \u00e0 l\u2019arriv\u00e9e rien de bien croustillant \u00e0 se mettre sous la dent. L\u2019annonce de l\u2019organisation par le Premier ministre d\u2019un \u00ab terra meeting \u00bb, le 8 novembre prochain, sur le parking du Stade L\u00e9opold S\u00e9dar Senghor, est juste ce qui en a r\u00e9sult\u00e9. Et comme pour donner un peu plus de saveur \u00e0 l'\u00e9v\u00e8nement, celui-ci a \u00e9voqu\u00e9 \u00ab <em>un rendez-vous comme il n\u2019y en a jamais eu au S\u00e9n\u00e9gal, aussi bien dans l\u2019organisation, dans la mobilisation que dans le contenu.<\/em> \u00bb<\/p>\n<p>Une rencontre qui permettra, selon ce dernier, de faire le point sur la gestion de l\u2019\u00c9tat apr\u00e8s un an et demi d\u2019exercice du pouvoir. \u00ab <em>Nous parlerons de ce qui marche, de ce qui ne marche pas, des entraves rencontr\u00e9es, de ce que nous avons fait et de ce qu\u2019il reste \u00e0 faire<\/em> \u00bb, a-t-il pr\u00e9cis\u00e9. Outre les questions de gouvernance, le leader de Pastef a indiqu\u00e9 que la situation interne du parti sera \u00e9galement abord\u00e9e, dans un esprit de transparence. \u00ab <em>Ce sera une discussion de v\u00e9rit\u00e9, sans cache-cache. Au terme de la rencontre, chacun saura \u00e0 quoi s\u2019en tenir, et tout changera dans les perspectives<\/em> \u00bb, a-t-il promis.<\/p>\n<p>Un \u00e9nonc\u00e9 des sujets \u00e0 d\u00e9battre qui appara\u00eet comme un bilan d\u2019\u00e9tape, mais qui laisse en m\u00eame temps transpara\u00eetre un malaise persistant \u00e0 la t\u00eate de l\u2019ex\u00e9cutif. Sinon qu\u2019est-ce qui expliquerait cette r\u00e9union avec les d\u00e9put\u00e9s \u00e9voqu\u00e9s par la presse du lundi 27 octobre ? Des quotidiens de la place du lundi 27 octobre ont, comme on s\u2019y attendait, rendu compte de cet \u00e9tat de fait.<\/p>\n<p>\u00ab Vox populi \u00bb a par exemple barr\u00e9 \u00e0 sa Une, le titre suivant : \u00ab <em>que mijote le pr\u00e9sident de Pastef ?<\/em> \u00bb, tout en la compl\u00e9tant par une information secondaire suivante : \u00ab <em>R\u00e9union entre Sonko et ses d\u00e9put\u00e9s : les r\u00e9v\u00e9lations d\u2019Ahmed Aidara<\/em> \u00bb citant ce dernier qui d\u00e9clare en ces termes : \u00ab <em>il n\u2019est pas content, pendant qu\u2019il parlait des d\u00e9put\u00e9s ont craqu\u00e9\u2026<\/em> \u00bb ; \u00ab <em>il ma\u00eetrise l\u2019Assembl\u00e9e, mais en tant que chef du gouvernement, il ne ma\u00eetrise pas l\u2019administration, comme il ne ma\u00eetrise pas la justice<\/em> \u00bb ; \u00ab <em>il ne va pas d\u00e9missionner, mais si on le d\u00e9met, il retourne \u00e0 l\u2019\u00e9mission<\/em> \u00bb ; \u00ab <em>la lib\u00e9ration de Pape Malick Ndour apr\u00e8s sa garde \u00e0 vue qui ne passe pas \" a lib\u00e9r\u00e9 Pape Malick Ndour ? \"<\/em> \u00bb<\/p>\n<p>\u00ab<em> Walf quotidien<\/em> \u00bb a pour sa part \u00e9voqu\u00e9 un \u00ab <em>m\u00e9li-m\u00e9lo au sommet<\/em> \u00bb avec la photo du couple Diomaye-Sonko en illustration ; Le \u00ab <em>Point actu<\/em> \u00bb a quant \u00e0 lui barr\u00e9 \u00e0 sa Une \u00ab <em>Diomaye-Sonko \/ Mortal Kombat, saison 2<\/em> \u00bb, l\u00e0 o\u00f9 \u00ab <em>Direct News<\/em> \u00bb a annonc\u00e9 que \u00ab <em>Sonko compte et identifie ses amis le 8 novembre<\/em> \u00bb.<\/p>\n<p><strong>Une sortie d\u2019un ministre du gouvernement qui conforte la crise au sommet<\/strong><\/p>\n<p>La question \u00e0 se poser, au moment o\u00f9 des quotidiens \u00e9voquent un malaise au sommet de l\u2019Etat, est de savoir ce qui a bien pu motiver la sortie du ministre de l'Environnement et la Transition \u00e9cologique dans le gouvernement du Premier ministre Ousmane Sonko, Abdourahmane Diouf ? Rappelons tout de m\u00eame que le mercredi 22 octobre, le ministre s'\u00e9tait fendu d'une contribution ou \"Libre parole\" intitul\u00e9e \"<em>NEW YORK \u2013 KIGALI \u2013 NAIROBI - Les fagots d\u2019un p\u00e9riple pr\u00e9sidentiel<\/em>\" publi\u00e9s par quelques quotidiens. Il \u00e9crivait en des termes \u00e9logieux ceci : \u00ab <em>De Dakar \u00e0 New York, de Kigali \u00e0 Nairobi, sous les effluves d\u2019un \u00e9t\u00e9 finissant, nous avons suivi un itin\u00e9raire au service de notre pays. Le parcours a \u00e9t\u00e9 inspirant. Des rencontres ont \u00e9t\u00e9 organis\u00e9es, des audiences accord\u00e9es, des discours prononc\u00e9s, des messages distill\u00e9s. Le tout autour du primat d\u2019un pragmatisme ac\u00e9r\u00e9, au service de la diplomatie du S\u00e9n\u00e9gal. Qui de mieux que le premier diplomate du pays, le Pr\u00e9sident de la R\u00e9publique Bassirou Diomaye Faye, pour donner le souffle ! (...)<\/em>\u00bb<\/p>\n<p>Quelle que soit en tout cas la raison de cette sortie, l\u2019on note bien qu\u2019elle n\u2019est pas de nature \u00e0 dissiper les nuages dans la gouvernance. Le ministre alli\u00e9 de la coalition Diomaye pr\u00e9sident qui a gard\u00e9 sa libert\u00e9 de ton, a appel\u00e9 et pas sur n\u2019importe quelle cha\u00eene de t\u00e9l\u00e9, la RTS notamment, le chef de l\u2019Etat \u00e0 prendre ses responsabilit\u00e9s face \u00e0 la situation actuelle du pays qu'il juge \"divis\u00e9\". C'\u00e9tait au cours de l\u2019\u00e9mission \"En v\u00e9rit\u00e9\".<\/p>\n<p>\"<em>Le pr\u00e9sident Bassirou Diomaye Faye, a-t-il indiqu\u00e9, n'est pas le pr\u00e9sident d'un parti, il est le pr\u00e9sident d'un pays.<\/em>\" Des propos du ministre Abdourahmane Diouf qui risquent d\u2019\u00eatre vus comme une d\u00e9fiance au lendemain d'une d\u00e9claration du Premier ministre Ousmane Sonko, dans un contexte de rumeurs et de sp\u00e9culations sur la relation entre les deux t\u00eates de l'Ex\u00e9cutif. Ils sont en effet bien nombreux \u00e0 penser que les divergences entre le chef de l\u2019Etat et son Premier ministre seraient li\u00e9es aux questions de justice. Questions sur lesquelles Abdourahmane Diouf a sa position.<\/p>\n<p>Le pr\u00e9sident d\u2019Awal\u00e9 estime en effet que \"<em>les questions de justice sont certes importantes, mais on doit pouvoir pardonner. Cela ne veut pas dire qu'on ne rendra pas justice. Mais rendre justice ne doit pas nous amener \u00e0 opposer des S\u00e9n\u00e9galais contre d'autres S\u00e9n\u00e9galais<\/em>\". De l'avis d'Abdourahmane Diouf, le S\u00e9n\u00e9gal a atteint \"<em>un niveau de fracture tel qu'on sent la haine partout<\/em>\". \"I<em>l est temps, dit-il, que ce pays d\u00e9colle, qu'il sorte d\u00e9finitivement de l'espace des pays les moins avanc\u00e9s. Il faut qu'on r\u00e9concilie les S\u00e9n\u00e9galais.<\/em>\" M\u00eame s'il admet que \"c<em>hacun est libre de pardonner ou de ne pas le faire<\/em>\", avant de poursuivre : \"<em>Je sais qu'il ne veut pas d'un pays divis\u00e9 o\u00f9 les vainqueurs prennent leur revanche sur les vaincus. Cela veut dire qu'on n'aura jamais le temps de b\u00e2tir une nation. On ne doit pas demander au pr\u00e9sident de la R\u00e9publique d'appliquer une justice des vainqueurs. On doit laisser le pr\u00e9sident rester \u00e0 \u00e9quidistance de la justice. Son r\u00f4le n'est pas de donner des ordres \u00e0 la Justice, son r\u00f4le c'est de r\u00e9concilier les S\u00e9n\u00e9galais. Pour moi, il n'y a pas un peuple des 54% face \u00e0 un peuple de 46%. Il n'y a pas de mandat imp\u00e9ratif au S\u00e9n\u00e9gal, le pr\u00e9sident est celui de tous les S\u00e9n\u00e9galais.<\/em>\"<\/p>\n<p>Les germes d'une division du pays que semble exprimer le quotidien \u00ab Enqu\u00eate \u00bb qui \u00e9voque \u00e0 sa Une du lundi 27 octobre : \u00ab <em>Division du peuple s\u00e9n\u00e9galais \u00ab moutons \u00bb vs \u00ab kulunas \u00bb - La gangr\u00e8ne<\/em> \u00bb.<\/p>\n<p>Difficile en effet de savoir comment on en est arriv\u00e9 \u00e0 un tel niveau de frictions qui voudrait voir le pays comme deux camps politiques qui se regardent en chiens de fa\u00efence (Pastef vs APR) sans toutefois entrevoir la possibilit\u00e9 d\u2019avoir un troisi\u00e8me camp, celui des S\u00e9n\u00e9galais sans ob\u00e9dience partisane.<\/p>\n<p>Le ministre a \u00e9videmment essuy\u00e9 des critiques si l'on en croit le journal \"Le Quotidien\" qui barre \u00e0 sa Une les propos du maire de Dakar Abasse Fall qui d\u00e9clare : \"Quelle honte et quelle ingratitude !\" ; celles de Toussain Manga : \"c'est aujourd'hui que les gens peuvent parler\" ; ou celles de Seydi Gassama \" la r\u00e9conciliation sans justice et r\u00e9parations, est une r\u00e9conciliation entre politiciens\"<\/p>\n<p>La question, c'est comment ne pas \u00eatre d\u2019accord avec l\u2019assertion d\u2019Abdourahmane Diouf, lorsqu'il proscrit \"une justice des vainqueurs\" et \"la r\u00e9conciliation des S\u00e9n\u00e9galais\", surtout lorsque l'ensemble des militants des partis politiques sont une minorit\u00e9 par rapport \u00e0 la grande masse des S\u00e9n\u00e9galais qui votent ? Il est tout aussi vrai que Bassirou Diomaye Faye est le pr\u00e9sident de tous les S\u00e9n\u00e9galais, ceux qui ont vot\u00e9 pour lui ou contre lui. Du point de vue de son serment, il a le devoir de pr\u00e9server l'unit\u00e9 national en tant que garant.<\/p>\n<p>Il convient au-del\u00e0 de souligner que ce pardon que met en exergue le ministre, a toujours \u00e9t\u00e9 un recours dans des situations difficiles, avec pour objectif de ramener la paix et de r\u00e9concilier les citoyens. Des prisonniers n\u2019ont-ils pas souvent b\u00e9n\u00e9fici\u00e9 de mesures de gr\u00e2ces \u00e0 la veille de certaines f\u00eates nationales ? L\u2019amnistie n\u2019a-t-elle pas d\u00e9j\u00e0 \u00e9t\u00e9 utilis\u00e9e dans une logique d\u2019apaisement et de pardon ? Pour s\u2019en convaincre, il suffit de revisiter les conditions d\u2019accession de Pastef au pouvoir. L'on peut \u00e9videment toutefois discuter du processus pour arriver \u00e0 la r\u00e9conciliation et l'importance de rendre justice.<\/p>\n<p>Si l'on se fonde sur l'argument de Seydi Gassama, l'on peut tout aussi critiquer ce processus d'indemnisation des suppos\u00e9es victimes des \u00e9v\u00e8nements politiques, sans une d\u00e9cision de justice.<\/p>\n<p>Loin de pr\u00eacher l\u2019impunit\u00e9, il s'agit de passer par des voies l\u00e9gales qui permettront une remise \u00e0 plat de tous ces affaires, quitte \u00e0 abroger la loi d'amnisitie, en passant par la justice afin de donner un caract\u00e8re l\u00e9gal \u00e0 tous les actes \u00e0 poser. Le ministre n\u2019a nullement \u00e0 demander au pr\u00e9sident d\u2019assumer ses responsabilit\u00e9s, son serment de pr\u00e9server l\u2019unit\u00e9 nationale, l\u2019y enjoint fortement.<\/p>\n<p><strong>Une dualit\u00e9 \u00e0 la t\u00eate de l'ex\u00e9cutif, de plus en plus relev\u00e9e<\/strong><\/p>\n<p>Que cherche r\u00e9ellement Ousmane Sonko apr\u00e8s sa r\u00e9cente sortie au cours de laquelle, il s\u2019insurgeait contre le manque d\u2019autorit\u00e9 du pr\u00e9sident de la r\u00e9publique et le fait qu\u2019on ne le laissait pas gouverner ? Difficile de savoir ce que le PM veut r\u00e9ellement obtenir de plus apr\u00e8s que le pr\u00e9sident Diomaye Faye lui a fait des concessions avec les limogeages des ministres de la justice et de l\u2019int\u00e9rieur qui ont permis de voir atterrir \u00e0 leur place, respectivement deux proches du PM, Yassine Fall et son avocat, Me Bamba Ciss\u00e9.<\/p>\n<p>Invit\u00e9 du \u00ab Grand Jury \u00bb de la RFM, le dimanche 26 octobre 2025, l\u2019ancien parlementaire Th\u00e9odore Ch\u00e9rif Monteil voit le signe d\u2019une dualit\u00e9 au pouvoir de plus en plus perceptible au sommet de l\u2019\u00c9tat s\u00e9n\u00e9galais. Selon lui, cette prise d\u2019initiative publique du Premier ministre r\u00e9v\u00e8le une tension latente entre la Pr\u00e9sidence et la Primature. \u00ab <em>Quand un Premier ministre devient d\u00e9fiant, on le d\u00e9met. Maintenir une rivalit\u00e9 interne au sommet ne peut qu\u2019affaiblir la coh\u00e9rence de l\u2019action gouvernementale<\/em> \u00bb, a-t-il affirm\u00e9.<\/p>\n<p>Le journaliste chroniqueur Ibou Fall pense qu\u2019il y a quand m\u00eame quelques indices, c\u2019est qu\u2019il y a au moins une crise au sommet et que cela \u00e9tait \u00e0 pr\u00e9voir. \u00ab <em>Lui-m\u00eame a dit qu\u2019il a besoin de repos et cette semaine tout le monde a parl\u00e9 de son absence au conseil des ministres et tout le monde sp\u00e9culait sur sa maladie ou pas. Manifestement Celui qu\u2019on a vu en train n\u2019avait pas l\u2019air tr\u00e8s malade<\/em> \u00bb, a ajout\u00e9 le chroniqueur comme pour \u00e9tayer son assertion.<\/p>\n<p>\u00ab <em>Nous sommes en r\u00e9publique avec une hi\u00e9rarchie, le pr\u00e9sident de la r\u00e9publique, c\u2019est le patron de tout le monde (\u2026) Nous, on a assist\u00e9 d\u00e8s le d\u00e9but \u00e0 une sorte de tandem, le pouvoir ne se partage pas<\/em>. <em>Il y a eu cette formule \"Diomaye mooy Sonko etc\" tout le monde a voulu\u2026 La v\u00e9rit\u00e9 est que dans leur hi\u00e9rarchie politique, c\u2019est Ousmane Sonko le patron, dans la r\u00e9publique, c\u2019est Diomaye. Soit tu acceptes que c\u2019est lui le pr\u00e9sident de la r\u00e9publique, que c\u2019est lui qui donne une vision, qui donne une cadence, qui polarise l\u2019attention et qui d\u00e9cide ; soit tu te d\u00e9mets. Un premier ministre qui fait de l\u2019ombre au pr\u00e9sident, \u00e7a ne peut pas durer. Ce qui nous arrive par rapport aux partenaires financiers, je pense qu\u2019il y a une h\u00e9sitation parce qu\u2019 on ne sait pas qui d\u00e9cide. Or, en \u00e9conomie, c\u2019est la confiance. La confiance c\u2019est de se dire voil\u00e0 notre interlocuteur, c\u2019est avec lui qu\u2019on va parler ; Si on arrive dans un pays o\u00f9 en principe c\u2019est le pr\u00e9sident qui doit d\u00e9cider, et o\u00f9 c\u2019est le premier ministre qui est l\u2019interlocuteur, on va faire attention\u2026<\/em> \u00bb, a ainsi analys\u00e9 Ibou Fall.<\/p>\n<p>\u00ab I<em>l y a, selon ce dernier, une anomalie d\u00e8s les \u00e9lections, parce que si on s\u2019en souvient, Macky Sall a essay\u00e9 de reporter les \u00e9lections pour remettre Ousmane Sonko et Karim Wade dans le jeu ; le conseil constitutionnel a stopp\u00e9 cela, Macky Sall a quand m\u00eame us\u00e9 de son pouvoir pour amnistier et autres, \u00e0 partir de ce moment-l\u00e0, la logique a d\u00e9sert\u00e9 la sc\u00e8ne politique. On est dans une anomalie permanente et il y a eu Guy Marius Sagna qui a parl\u00e9 de pr\u00e9sident l\u00e9gal et pr\u00e9sident l\u00e9gitime. \u00c7a ne peut pas marcher, soit on est premier ministre, soit on est pr\u00e9sident de la r\u00e9publique, on ne peut pas \u00eatre les deux \u00e0 la fois<\/em> \u00bb<\/p>\n<p><strong>Entre messages \u00e0 transmettre, d\u00e9monstration de force et mesure de sa c\u00f4te de popularit\u00e9\u00a0<\/strong><\/p>\n<p>Apr\u00e8s les meetings, \u00ab m\u00e9ga Meeting \u00bb et bient\u00f4t \u00ab terra meeting \u00bb, il serait int\u00e9ressant d\u2019arriver \u00e0 imaginer ce que peut bien pouvoir dire le Premier ministre qu\u2019il n\u2019ait pas d\u00e9j\u00e0 dit, puisqu\u2019il semble manifestement avoir \u00e9puis\u00e9 l\u2019\u00e9ventail des sujets possibles et r\u00e9clam\u00e9 des marges de manoeuvre suppl\u00e9mentaires en termes de pouvoirs ?<\/p>\n<p>Tout cela sonne comme une sorte d\u2019obsession d\u2019Ousmane Sonko pour la communication et l\u2019emprise qu\u2019il peut avoir sur le parti et les militants. Une mani\u00e8re certainement de tester par la m\u00eame occasion sa cote de popularit\u00e9 apr\u00e8s 18 mois d\u2019exercice du pouvoir.<\/p>\n<p>Ousmane Sonko est populaire c\u2019est s\u00fbr et il ne viendrait \u00e0 l\u2019id\u00e9e de personne d\u2019en douter. La mobilisation d\u2019une foule, m\u00eame si elle peut \u00eatre un bon pr\u00e9jug\u00e9 de popularit\u00e9, ne saurait \u00eatre un barom\u00e8tre suffisant. Qui \u00e9tait plus populaire que Me Wade ? L\u2019on se rappelle de cette veille d\u2019\u00e9lection de 2012 durant laquelle, soutenu par feu Cheikh B\u00e9thio Thioune, les sources du Parti d\u00e9mocratique s\u00e9n\u00e9galais tablaient entre 1,8 et 2 millions de personnes ayant assist\u00e9 au meeting du pr\u00e9sident de la r\u00e9publique organis\u00e9 par son parti. Mais \u00e0 l\u2019arriv\u00e9e Abdoulaye Wade a \u00e9t\u00e9 battu par Macky Sall. Oublie-t-on sans doute que la foule n\u2019est pas toujours un barom\u00e8tre suffisant qui se r\u00e9percute forc\u00e9ment dans le r\u00e9sultat dans les urnes. La v\u00e9rit\u00e9 d\u2019hier n\u2019\u00e9tant en aucun cas celle d\u2019aujourd\u2019hui. De toute \u00e9vidence, les hommes politiques d\u2019envergure sont toujours une curiosit\u00e9 dans nos pays avec des populations toujours attir\u00e9es par les rassemblements lorsqu\u2019elles ne sont pas mobilis\u00e9es \u00e0 coup d\u2019esp\u00e8ces sonnantes et tr\u00e9buchantes. Nul doute qu\u2019ils arrivent toujours \u00e0 mobiliser surtout lorsqu\u2019ils sont au pouvoir.<\/p>\n<p>Mais la question qui fuse chez certains observateurs, est de savoir si le PM n\u2019aurait pas renonc\u00e9 \u00e0 une d\u00e9claration grave qu\u2019on lui aurait demand\u00e9 de diluer, voire de diff\u00e9rer ?<\/p>\n<p>A la v\u00e9rit\u00e9, si ce n\u2019\u00e9tait que cette annonce d\u2019un meeting \u00e0 venir le 8 novembre, un simple communiqu\u00e9 ou un visuel comme celui qui avait \u00e9t\u00e9 affich\u00e9 pour cette sortie du 25 octobre, suffisait. Il y a quelque chose en effet qu\u2019on ne nous dit pas.<\/p>\n<p>Ousmane Sonko doit se rendre \u00e0 l\u2019\u00e9vidence que gouverner consiste \u00e0 poser des actes et \u00e0 moins s\u2019inscrire dans une logique de complaintes permanentes. Ce sont des actes dont ce pays a besoin, surtout dans un contexte o\u00f9 l\u2019\u00e9conomie est bien morose, marqu\u00e9e par les r\u00e9criminations contre le prix de l\u2019\u00e9lectricit\u00e9, sans oublier les d\u00e9lestages qui reviennent, la pression fiscale sur les populations et les m\u00e9nages, des populations qui pataugent toujours dans les eaux, l\u2019\u00e9pid\u00e9mie de la fi\u00e8vre de la vall\u00e9e du Rift qui poursuit sa progression, avec, selon un communiqu\u00e9 du minist\u00e8re de la sant\u00e9, 258 cas confirm\u00e9s chez les humains,160 chez les animaux et 21 d\u00e9c\u00e8s \u00e0 la date du 19 octobre 2025, sans oublier ces pol\u00e9miques persistantes sur la dette dite cach\u00e9e, au moment o\u00f9 le FMI est dans nos murs dans le cadre de n\u00e9gociations li\u00e9es \u00e0 un nouveau programme pour le pays qui a tant besoin de financements afin d\u2019\u00e9viter de continuer \u00e0 recourir aux appels publics \u00e0 l\u2019\u00e9pargne tr\u00e8s co\u00fbteux pour le contribuable et avec des p\u00e9riodes de remboursement tr\u00e8s courts.<\/p>\n<p>A la v\u00e9rit\u00e9, l\u2019on perd beaucoup de temps avec cette tyrannie de la politique politicienne et cette judiciarisation excessive de la vie politique et publique au travers desquelles les diff\u00e9rends entre politiques ne doivent pas pouvoir se r\u00e9soudre sur le terrain judiciaire. De m\u00eame que l\u2019exercice de la justice peut se faire de mani\u00e8re sereine sans incursion aucune de l\u2019ex\u00e9cutive \u00e0 qui l\u2019on ne demande qu\u2019une chose, d\u2019am\u00e9liorer le quotidien des S\u00e9n\u00e9galais.<\/p>\n<p>Toujours est-il qu\u2019Ousmane Sonko ne sera pas le seul \u00e0 occuper le terrain politique, le 8 novembre. L\u2019opposant Bougane Gu\u00e8ye Dany a appel\u00e9 \u00e0 un \u00ab Niakhtou National \u00bb le m\u00eame jour \u00e0 partir de l\u2019\u00c9cole normale jusqu\u2019au Terminus Libert\u00e9 5 \u00e0 Dakar. Dans son message, il invite toute l\u2019opposition, les syndicats et les forces vives de la nation, y compris les activistes, \u00e0 se mobiliser pour \u00ab d\u00e9noncer la vie ch\u00e8re qui \u00e9touffe les m\u00e9nages \u00bb. Il appelle par la m\u00eame occasion \u00e0 rejeter la taxation de 1 % impos\u00e9e aux citoyens, \u00e0 protester contre les coupures d\u2019\u00e9lectricit\u00e9 et les d\u00e9guerpissements des commer\u00e7ants ambulants, ainsi qu\u2019\u00e0 dire non \u00e0 la hausse du co\u00fbt du Woyofal.<\/p>\n<p><strong>L\u2019affaissement du niveau des politiques<\/strong><\/p>\n<p>Ce pays a chang\u00e9. Vraiment chang\u00e9. Dans le mauvais sens du terme. Ce sont d\u00e9sormais le paradigme musculaire, la violence verbale, le d\u00e9nigrement et les attaques personnelles qui structurent le d\u00e9bat public. Il n\u2019existe plus de d\u00e9bats programmatiques et les plateaux sont transform\u00e9s en lieux d\u2019affrontements. Disons que la politique s\u2019est gravement d\u00e9pr\u00e9ci\u00e9e sous nos tropiques, alors que dans le m\u00eame temps, le niveau des hommes politiques a fortement baiss\u00e9. De ce point de vue, il y a une nette diff\u00e9rence entre les hommes politiques actuels et leurs a\u00een\u00e9s qui jouissaient d\u2019une grande culture politique et d\u2019une bonne formation dans les \u00e9coles de partis.<\/p>\n<p>On oublie en effet souvent que la politique n\u2019a pas commenc\u00e9 dans ce pays en 2012, ni en 2019 et encore moins en 2024. Et qu\u2019\u00e0 des moments d\u00e9termin\u00e9s de la vie de cette jeune nation, les vertus de la discussion et l\u2019intelligence consensuelle ont r\u00e9guli\u00e8rement pris le dessus sur les instincts basiques, guerriers, ferm\u00e9s et souvent suicidaires.<\/p>\n<p>Il est d\u2019ailleurs bien incompr\u00e9hensible, avec toute l\u2019exp\u00e9rience politique acquise par notre pays, depuis plus d\u2019un si\u00e8cle, qu\u2019on en arrive l\u00e0. Et que nos hommes politiques se prennent encore et toujours pour des demi-dieux sortis de la cuisse de Jupiter ou des messies sans qui le S\u00e9n\u00e9gal ne sera pas sauv\u00e9 de la pauvret\u00e9. Mais pour l'heure, ce sont la morosit\u00e9 sur le plan \u00e9conomique et les probl\u00e8mes sociaux qui sont les choses les mieux partag\u00e9es.<\/p>\n<div class='share-to-whatsapp-wrapper'><div class='share-on-whsp'>PARTAGER SUR : <\/div><a data-text='IDIOVISUEL - Tumulte politique continu !' data-link='https:\/\/www.nettali.com\/2025\/10\/28\/idiovisuel-tumulte-politique-en-continu\/' class='whatsapp-button whatsapp-share'>WhatsApp<\/a><div class='clear '><\/div><\/div>","protected":false},"excerpt":{"rendered":"<p>NETTALI.COM - Alors qu\u2019\u00e9tait attendue une d\u00e9claration d\u2019une \u00ab grande importance \u00bb, le samedi 25 octobre, mais \u00e0 l\u2019arriv\u00e9e rien de bien croustillant \u00e0 se mettre sous la dent. L\u2019annonce de l\u2019organisation par le Premier ministre d\u2019un \u00ab terra meeting \u00bb, le 8 novembre prochain, sur le parking du Stade L\u00e9opold S\u00e9dar Senghor, est juste [&hellip;]<\/p>\n","protected":false},"author":2,"featured_media":163560,"comment_status":"open","ping_status":"open","sticky":false,"template":"","format":"standard","meta":{"_et_pb_use_builder":"","_et_pb_old_content":""},"categories":[9],"tags":[],"yoast_head":"<!-- This site is optimized with the Yoast SEO Premium plugin v17.8 (Yoast SEO v17.8) - https:\/\/yoast.com\/wordpress\/plugins\/seo\/ -->\n<title>IDIOVISUEL - Tumulte politique continu ! | Nettali.com<\/title>\n<meta name=\"robots\" content=\"index, follow, max-snippet:-1, max-image-preview:large, max-video-preview:-1\" \/>\n<link rel=\"canonical\" href=\"https:\/\/www.nettali.com\/2025\/10\/28\/idiovisuel-tumulte-politique-en-continu\/\" \/>\n<meta property=\"og:locale\" content=\"fr_FR\" \/>\n<meta property=\"og:type\" content=\"article\" \/>\n<meta property=\"og:title\" content=\"IDIOVISUEL - Tumulte politique continu !\" \/>\n<meta property=\"og:description\" content=\"NETTALI.COM - Alors qu\u2019\u00e9tait attendue une d\u00e9claration d\u2019une \u00ab grande importance \u00bb, le samedi 25 octobre, mais \u00e0 l\u2019arriv\u00e9e rien de bien croustillant \u00e0 se mettre sous la dent. L\u2019annonce de l\u2019organisation par le Premier ministre d\u2019un \u00ab terra meeting \u00bb, le 8 novembre prochain, sur le parking du Stade L\u00e9opold S\u00e9dar Senghor, est juste [&hellip;]\" \/>\n<meta property=\"og:url\" content=\"https:\/\/www.nettali.com\/2025\/10\/28\/idiovisuel-tumulte-politique-en-continu\/\" \/>\n<meta property=\"og:site_name\" content=\"Nettali.com\" \/>\n<meta property=\"article:publisher\" content=\"https:\/\/www.facebook.com\/nettalicom\" \/>\n<meta property=\"article:published_time\" content=\"2025-10-28T10:37:17+00:00\" \/>\n<meta property=\"article:modified_time\" content=\"2025-11-04T08:49:13+00:00\" \/>\n<meta property=\"og:image\" content=\"https:\/\/www.nettali.com\/wp-content\/uploads\/2025\/10\/fall-faye-diouf-sonko-monteil-aidara.jpg\" \/>\n\t<meta property=\"og:image:width\" content=\"1280\" \/>\n\t<meta property=\"og:image:height\" content=\"600\" \/>\n<meta name=\"twitter:card\" content=\"summary_large_image\" \/>\n<meta name=\"twitter:label1\" content=\"\u00c9crit par\" \/>\n\t<meta name=\"twitter:data1\" content=\"CK\" \/>\n\t<meta name=\"twitter:label2\" content=\"Dur\u00e9e de lecture estim\u00e9e\" \/>\n\t<meta name=\"twitter:data2\" content=\"16 minutes\" \/>\n<script type=\"application\/ld+json\" class=\"yoast-schema-graph\">{\"@context\":\"https:\/\/schema.org\",\"@graph\":[{\"@type\":\"WebSite\",\"@id\":\"https:\/\/www.nettali.com\/#website\",\"url\":\"https:\/\/www.nettali.com\/\",\"name\":\"Nettali.com\",\"description\":\"Le rendez-vous critique du Net\",\"potentialAction\":[{\"@type\":\"SearchAction\",\"target\":{\"@type\":\"EntryPoint\",\"urlTemplate\":\"https:\/\/www.nettali.com\/?s={search_term_string}\"},\"query-input\":\"required name=search_term_string\"}],\"inLanguage\":\"fr-FR\"},{\"@type\":\"ImageObject\",\"@id\":\"https:\/\/www.nettali.com\/2025\/10\/28\/idiovisuel-tumulte-politique-en-continu\/#primaryimage\",\"inLanguage\":\"fr-FR\",\"url\":\"https:\/\/www.nettali.com\/wp-content\/uploads\/2025\/10\/fall-faye-diouf-sonko-monteil-aidara.jpg\",\"contentUrl\":\"https:\/\/www.nettali.com\/wp-content\/uploads\/2025\/10\/fall-faye-diouf-sonko-monteil-aidara.jpg\",\"width\":1280,\"height\":600},{\"@type\":\"WebPage\",\"@id\":\"https:\/\/www.nettali.com\/2025\/10\/28\/idiovisuel-tumulte-politique-en-continu\/#webpage\",\"url\":\"https:\/\/www.nettali.com\/2025\/10\/28\/idiovisuel-tumulte-politique-en-continu\/\",\"name\":\"IDIOVISUEL - Tumulte politique continu ! | Nettali.com\",\"isPartOf\":{\"@id\":\"https:\/\/www.nettali.com\/#website\"},\"primaryImageOfPage\":{\"@id\":\"https:\/\/www.nettali.com\/2025\/10\/28\/idiovisuel-tumulte-politique-en-continu\/#primaryimage\"},\"datePublished\":\"2025-10-28T10:37:17+00:00\",\"dateModified\":\"2025-11-04T08:49:13+00:00\",\"author\":{\"@id\":\"https:\/\/www.nettali.com\/#\/schema\/person\/d8ac7b7e27ddad43f1c0d2ef090d7f71\"},\"breadcrumb\":{\"@id\":\"https:\/\/www.nettali.com\/2025\/10\/28\/idiovisuel-tumulte-politique-en-continu\/#breadcrumb\"},\"inLanguage\":\"fr-FR\",\"potentialAction\":[{\"@type\":\"ReadAction\",\"target\":[\"https:\/\/www.nettali.com\/2025\/10\/28\/idiovisuel-tumulte-politique-en-continu\/\"]}]},{\"@type\":\"BreadcrumbList\",\"@id\":\"https:\/\/www.nettali.com\/2025\/10\/28\/idiovisuel-tumulte-politique-en-continu\/#breadcrumb\",\"itemListElement\":[{\"@type\":\"ListItem\",\"position\":1,\"name\":\"Accueil\",\"item\":\"https:\/\/www.nettali.com\/\"},{\"@type\":\"ListItem\",\"position\":2,\"name\":\"IDIOVISUEL - Tumulte politique continu !\"}]},{\"@type\":\"Person\",\"@id\":\"https:\/\/www.nettali.com\/#\/schema\/person\/d8ac7b7e27ddad43f1c0d2ef090d7f71\",\"name\":\"CK\",\"image\":{\"@type\":\"ImageObject\",\"@id\":\"https:\/\/www.nettali.com\/#personlogo\",\"inLanguage\":\"fr-FR\",\"url\":\"https:\/\/secure.gravatar.com\/avatar\/1d8d5118b9327d94da7cd4ce7f17fec2?s=96&d=mm&r=g\",\"contentUrl\":\"https:\/\/secure.gravatar.com\/avatar\/1d8d5118b9327d94da7cd4ce7f17fec2?s=96&d=mm&r=g\",\"caption\":\"CK\"},\"sameAs\":[\"https:\/\/www.nettali.com\"]}]}<\/script>\n<!-- \/ Yoast SEO Premium plugin. -->","yoast_head_json":{"title":"IDIOVISUEL - Tumulte politique continu ! | Nettali.com","robots":{"index":"index","follow":"follow","max-snippet":"max-snippet:-1","max-image-preview":"max-image-preview:large","max-video-preview":"max-video-preview:-1"},"canonical":"https:\/\/www.nettali.com\/2025\/10\/28\/idiovisuel-tumulte-politique-en-continu\/","og_locale":"fr_FR","og_type":"article","og_title":"IDIOVISUEL - Tumulte politique continu !","og_description":"NETTALI.COM - Alors qu\u2019\u00e9tait attendue une d\u00e9claration d\u2019une \u00ab grande importance \u00bb, le samedi 25 octobre, mais \u00e0 l\u2019arriv\u00e9e rien de bien croustillant \u00e0 se mettre sous la dent. L\u2019annonce de l\u2019organisation par le Premier ministre d\u2019un \u00ab terra meeting \u00bb, le 8 novembre prochain, sur le parking du Stade L\u00e9opold S\u00e9dar Senghor, est juste [&hellip;]","og_url":"https:\/\/www.nettali.com\/2025\/10\/28\/idiovisuel-tumulte-politique-en-continu\/","og_site_name":"Nettali.com","article_publisher":"https:\/\/www.facebook.com\/nettalicom","article_published_time":"2025-10-28T10:37:17+00:00","article_modified_time":"2025-11-04T08:49:13+00:00","og_image":[{"width":1280,"height":600,"url":"https:\/\/www.nettali.com\/wp-content\/uploads\/2025\/10\/fall-faye-diouf-sonko-monteil-aidara.jpg","type":"image\/jpeg"}],"twitter_card":"summary_large_image","twitter_misc":{"\u00c9crit par":"CK","Dur\u00e9e de lecture estim\u00e9e":"16 minutes"},"schema":{"@context":"https:\/\/schema.org","@graph":[{"@type":"WebSite","@id":"https:\/\/www.nettali.com\/#website","url":"https:\/\/www.nettali.com\/","name":"Nettali.com","description":"Le rendez-vous critique du Net","potentialAction":[{"@type":"SearchAction","target":{"@type":"EntryPoint","urlTemplate":"https:\/\/www.nettali.com\/?s={search_term_string}"},"query-input":"required name=search_term_string"}],"inLanguage":"fr-FR"},{"@type":"ImageObject","@id":"https:\/\/www.nettali.com\/2025\/10\/28\/idiovisuel-tumulte-politique-en-continu\/#primaryimage","inLanguage":"fr-FR","url":"https:\/\/www.nettali.com\/wp-content\/uploads\/2025\/10\/fall-faye-diouf-sonko-monteil-aidara.jpg","contentUrl":"https:\/\/www.nettali.com\/wp-content\/uploads\/2025\/10\/fall-faye-diouf-sonko-monteil-aidara.jpg","width":1280,"height":600},{"@type":"WebPage","@id":"https:\/\/www.nettali.com\/2025\/10\/28\/idiovisuel-tumulte-politique-en-continu\/#webpage","url":"https:\/\/www.nettali.com\/2025\/10\/28\/idiovisuel-tumulte-politique-en-continu\/","name":"IDIOVISUEL - Tumulte politique continu ! | Nettali.com","isPartOf":{"@id":"https:\/\/www.nettali.com\/#website"},"primaryImageOfPage":{"@id":"https:\/\/www.nettali.com\/2025\/10\/28\/idiovisuel-tumulte-politique-en-continu\/#primaryimage"},"datePublished":"2025-10-28T10:37:17+00:00","dateModified":"2025-11-04T08:49:13+00:00","author":{"@id":"https:\/\/www.nettali.com\/#\/schema\/person\/d8ac7b7e27ddad43f1c0d2ef090d7f71"},"breadcrumb":{"@id":"https:\/\/www.nettali.com\/2025\/10\/28\/idiovisuel-tumulte-politique-en-continu\/#breadcrumb"},"inLanguage":"fr-FR","potentialAction":[{"@type":"ReadAction","target":["https:\/\/www.nettali.com\/2025\/10\/28\/idiovisuel-tumulte-politique-en-continu\/"]}]},{"@type":"BreadcrumbList","@id":"https:\/\/www.nettali.com\/2025\/10\/28\/idiovisuel-tumulte-politique-en-continu\/#breadcrumb","itemListElement":[{"@type":"ListItem","position":1,"name":"Accueil","item":"https:\/\/www.nettali.com\/"},{"@type":"ListItem","position":2,"name":"IDIOVISUEL - Tumulte politique continu !"}]},{"@type":"Person","@id":"https:\/\/www.nettali.com\/#\/schema\/person\/d8ac7b7e27ddad43f1c0d2ef090d7f71","name":"CK","image":{"@type":"ImageObject","@id":"https:\/\/www.nettali.com\/#personlogo","inLanguage":"fr-FR","url":"https:\/\/secure.gravatar.com\/avatar\/1d8d5118b9327d94da7cd4ce7f17fec2?s=96&d=mm&r=g","contentUrl":"https:\/\/secure.gravatar.com\/avatar\/1d8d5118b9327d94da7cd4ce7f17fec2?s=96&d=mm&r=g","caption":"CK"},"sameAs":["https:\/\/www.nettali.com"]}]}},"_links":{"self":[{"href":"https:\/\/www.nettali.com\/rest\/wp\/v2\/posts\/163591"}],"collection":[{"href":"https:\/\/www.nettali.com\/rest\/wp\/v2\/posts"}],"about":[{"href":"https:\/\/www.nettali.com\/rest\/wp\/v2\/types\/post"}],"author":[{"embeddable":true,"href":"https:\/\/www.nettali.com\/rest\/wp\/v2\/users\/2"}],"replies":[{"embeddable":true,"href":"https:\/\/www.nettali.com\/rest\/wp\/v2\/comments?post=163591"}],"version-history":[{"count":5,"href":"https:\/\/www.nettali.com\/rest\/wp\/v2\/posts\/163591\/revisions"}],"predecessor-version":[{"id":163663,"href":"https:\/\/www.nettali.com\/rest\/wp\/v2\/posts\/163591\/revisions\/163663"}],"wp:featuredmedia":[{"embeddable":true,"href":"https:\/\/www.nettali.com\/rest\/wp\/v2\/media\/163560"}],"wp:attachment":[{"href":"https:\/\/www.nettali.com\/rest\/wp\/v2\/media?parent=163591"}],"wp:term":[{"taxonomy":"category","embeddable":true,"href":"https:\/\/www.nettali.com\/rest\/wp\/v2\/categories?post=163591"},{"taxonomy":"post_tag","embeddable":true,"href":"https:\/\/www.nettali.com\/rest\/wp\/v2\/tags?post=163591"}],"curies":[{"name":"wp","href":"https:\/\/api.w.org\/{rel}","templated":true}]}}