{"id":163586,"date":"2025-10-28T09:23:34","date_gmt":"2025-10-28T09:23:34","guid":{"rendered":"https:\/\/www.nettali.com\/?p=163586"},"modified":"2025-10-28T09:23:34","modified_gmt":"2025-10-28T09:23:34","slug":"barca-yamal-se-fait-decouper-en-espagne","status":"publish","type":"post","link":"https:\/\/www.nettali.com\/2025\/10\/28\/barca-yamal-se-fait-decouper-en-espagne\/","title":{"rendered":"BAR\u00c7A - Yamal se fait d\u00e9couper en Espagne !"},"content":{"rendered":"<p><strong>NETTALI.COM -<\/strong> Lamine Yamal (18 ans, 6 matchs et 2 buts en Liga cette saison) a parl\u00e9, mais n'a pas assum\u00e9. Apr\u00e8s sa sortie pol\u00e9mique avant le Clasico, l'ailier du FC Barcelone a incarn\u00e9 une grande d\u00e9ception sur la pelouse du Real Madrid (1-2) dimanche en Liga. Auteur d'une performance particuli\u00e8rement d\u00e9cevante, le jeune prodige espagnol a \u00e9t\u00e9 provoqu\u00e9 par les Madril\u00e8nes apr\u00e8s la partie (voir ici). Et sans surprise, le Catalan re\u00e7oit de nombreuses critiques ce lundi. Les quotidiens madril\u00e8nes AS et Marca font un lien direct entre la sortie m\u00e9diatique de Yamal et sa mauvaise prestation.<\/p>\n<p>\"<em>Lamine Yamal a \u00e9puis\u00e9 une bonne partie de son \u00e9nergie restante avec Ibai Llanos (le streameur qui l'a re\u00e7u au moment de sa d\u00e9claration, ndlr). Ou il l'a d\u00e9vers\u00e9e dans le vestiaire madril\u00e8ne<\/em>\", a soulign\u00e9 AS.<\/p>\n<p>\"<em>Le num\u00e9ro 10 du Bar\u00e7a s'est impos\u00e9 comme le protagoniste de l'avant-match, mais il ne l'a pas \u00e9t\u00e9 sur le terrain\"<\/em>, a recadr\u00e9 Juan Ignacio Garcia-Ochoa pour Marca.<\/p>\n<p>\"<em>Les propos de Lamine sont plus graves qu'il n'y para\u00eet. Ils sont indignes d'un footballeur professionnel et d'une star du Bar\u00e7a. Jamais Messi, Xavi ou Iniesta n'ont entra\u00een\u00e9 une telle indignation.<\/em>\"<\/p>\n<p>En Catalogne, Yamal est bien \u00e9videmment moins cibl\u00e9. Cependant, Mundo Deportivo juge que l'Ib\u00e8re \"<em>a enflamm\u00e9 l'avant-match, avant de s'\u00e9teindre sur le terrain<\/em>\". \"<em>Bien contr\u00f4l\u00e9 sur la pelouse, Yamal n'a pas \u00e9t\u00e9 \u00e0 son avantage<\/em>\", tranche MD. De son c\u00f4t\u00e9, Sport a vu une performance \"terne\" du jeune talent et se demande si sa r\u00e9cente blessure est r\u00e9ellement derri\u00e8re lui. Une circonstance att\u00e9nuante ?<\/p>\n<div class='share-to-whatsapp-wrapper'><div class='share-on-whsp'>PARTAGER SUR : <\/div><a data-text='BAR\u00c7A - Yamal se fait d\u00e9couper en Espagne !' data-link='https:\/\/www.nettali.com\/2025\/10\/28\/barca-yamal-se-fait-decouper-en-espagne\/' class='whatsapp-button whatsapp-share'>WhatsApp<\/a><div class='clear '><\/div><\/div>","protected":false},"excerpt":{"rendered":"<p>NETTALI.COM - Lamine Yamal (18 ans, 6 matchs et 2 buts en Liga cette saison) a parl\u00e9, mais n'a pas assum\u00e9. Apr\u00e8s sa sortie pol\u00e9mique avant le Clasico, l'ailier du FC Barcelone a incarn\u00e9 une grande d\u00e9ception sur la pelouse du Real Madrid (1-2) dimanche en Liga. Auteur d'une performance particuli\u00e8rement d\u00e9cevante, le jeune prodige [&hellip;]<\/p>\n","protected":false},"author":2,"featured_media":163589,"comment_status":"open","ping_status":"open","sticky":false,"template":"","format":"standard","meta":{"_et_pb_use_builder":"","_et_pb_old_content":""},"categories":[6],"tags":[],"yoast_head":"<!-- This site is optimized with the Yoast SEO Premium plugin v17.8 (Yoast SEO v17.8) - https:\/\/yoast.com\/wordpress\/plugins\/seo\/ -->\n<title>BAR\u00c7A - Yamal se fait d\u00e9couper en Espagne ! | Nettali.com<\/title>\n<meta name=\"robots\" content=\"index, follow, max-snippet:-1, max-image-preview:large, max-video-preview:-1\" \/>\n<link rel=\"canonical\" href=\"https:\/\/www.nettali.com\/2025\/10\/28\/barca-yamal-se-fait-decouper-en-espagne\/\" \/>\n<meta property=\"og:locale\" content=\"fr_FR\" \/>\n<meta property=\"og:type\" content=\"article\" \/>\n<meta property=\"og:title\" content=\"BAR\u00c7A - Yamal se fait d\u00e9couper en Espagne !\" \/>\n<meta property=\"og:description\" content=\"NETTALI.COM - Lamine Yamal (18 ans, 6 matchs et 2 buts en Liga cette saison) a parl\u00e9, mais n&#039;a pas assum\u00e9. Apr\u00e8s sa sortie pol\u00e9mique avant le Clasico, l&#039;ailier du FC Barcelone a incarn\u00e9 une grande d\u00e9ception sur la pelouse du Real Madrid (1-2) dimanche en Liga. Auteur d&#039;une performance particuli\u00e8rement d\u00e9cevante, le jeune prodige [&hellip;]\" \/>\n<meta property=\"og:url\" content=\"https:\/\/www.nettali.com\/2025\/10\/28\/barca-yamal-se-fait-decouper-en-espagne\/\" \/>\n<meta property=\"og:site_name\" content=\"Nettali.com\" \/>\n<meta property=\"article:publisher\" content=\"https:\/\/www.facebook.com\/nettalicom\" \/>\n<meta property=\"article:published_time\" content=\"2025-10-28T09:23:34+00:00\" \/>\n<meta property=\"og:image\" content=\"https:\/\/www.nettali.com\/wp-content\/uploads\/2025\/10\/images-8.jpeg\" \/>\n\t<meta property=\"og:image:width\" content=\"308\" \/>\n\t<meta property=\"og:image:height\" content=\"164\" \/>\n<meta name=\"twitter:card\" content=\"summary_large_image\" \/>\n<meta name=\"twitter:label1\" content=\"\u00c9crit par\" \/>\n\t<meta name=\"twitter:data1\" content=\"CK\" \/>\n\t<meta name=\"twitter:label2\" content=\"Dur\u00e9e de lecture estim\u00e9e\" \/>\n\t<meta name=\"twitter:data2\" content=\"2 minutes\" \/>\n<script type=\"application\/ld+json\" class=\"yoast-schema-graph\">{\"@context\":\"https:\/\/schema.org\",\"@graph\":[{\"@type\":\"WebSite\",\"@id\":\"https:\/\/www.nettali.com\/#website\",\"url\":\"https:\/\/www.nettali.com\/\",\"name\":\"Nettali.com\",\"description\":\"Le rendez-vous critique du Net\",\"potentialAction\":[{\"@type\":\"SearchAction\",\"target\":{\"@type\":\"EntryPoint\",\"urlTemplate\":\"https:\/\/www.nettali.com\/?s={search_term_string}\"},\"query-input\":\"required name=search_term_string\"}],\"inLanguage\":\"fr-FR\"},{\"@type\":\"ImageObject\",\"@id\":\"https:\/\/www.nettali.com\/2025\/10\/28\/barca-yamal-se-fait-decouper-en-espagne\/#primaryimage\",\"inLanguage\":\"fr-FR\",\"url\":\"https:\/\/www.nettali.com\/wp-content\/uploads\/2025\/10\/images-8.jpeg\",\"contentUrl\":\"https:\/\/www.nettali.com\/wp-content\/uploads\/2025\/10\/images-8.jpeg\",\"width\":308,\"height\":164},{\"@type\":\"WebPage\",\"@id\":\"https:\/\/www.nettali.com\/2025\/10\/28\/barca-yamal-se-fait-decouper-en-espagne\/#webpage\",\"url\":\"https:\/\/www.nettali.com\/2025\/10\/28\/barca-yamal-se-fait-decouper-en-espagne\/\",\"name\":\"BAR\\u00c7A - Yamal se fait d\\u00e9couper en Espagne ! | Nettali.com\",\"isPartOf\":{\"@id\":\"https:\/\/www.nettali.com\/#website\"},\"primaryImageOfPage\":{\"@id\":\"https:\/\/www.nettali.com\/2025\/10\/28\/barca-yamal-se-fait-decouper-en-espagne\/#primaryimage\"},\"datePublished\":\"2025-10-28T09:23:34+00:00\",\"dateModified\":\"2025-10-28T09:23:34+00:00\",\"author\":{\"@id\":\"https:\/\/www.nettali.com\/#\/schema\/person\/d8ac7b7e27ddad43f1c0d2ef090d7f71\"},\"breadcrumb\":{\"@id\":\"https:\/\/www.nettali.com\/2025\/10\/28\/barca-yamal-se-fait-decouper-en-espagne\/#breadcrumb\"},\"inLanguage\":\"fr-FR\",\"potentialAction\":[{\"@type\":\"ReadAction\",\"target\":[\"https:\/\/www.nettali.com\/2025\/10\/28\/barca-yamal-se-fait-decouper-en-espagne\/\"]}]},{\"@type\":\"BreadcrumbList\",\"@id\":\"https:\/\/www.nettali.com\/2025\/10\/28\/barca-yamal-se-fait-decouper-en-espagne\/#breadcrumb\",\"itemListElement\":[{\"@type\":\"ListItem\",\"position\":1,\"name\":\"Accueil\",\"item\":\"https:\/\/www.nettali.com\/\"},{\"@type\":\"ListItem\",\"position\":2,\"name\":\"BAR\\u00c7A - Yamal se fait d\\u00e9couper en Espagne !\"}]},{\"@type\":\"Person\",\"@id\":\"https:\/\/www.nettali.com\/#\/schema\/person\/d8ac7b7e27ddad43f1c0d2ef090d7f71\",\"name\":\"CK\",\"image\":{\"@type\":\"ImageObject\",\"@id\":\"https:\/\/www.nettali.com\/#personlogo\",\"inLanguage\":\"fr-FR\",\"url\":\"https:\/\/secure.gravatar.com\/avatar\/1d8d5118b9327d94da7cd4ce7f17fec2?s=96&d=mm&r=g\",\"contentUrl\":\"https:\/\/secure.gravatar.com\/avatar\/1d8d5118b9327d94da7cd4ce7f17fec2?s=96&d=mm&r=g\",\"caption\":\"CK\"},\"sameAs\":[\"https:\/\/www.nettali.com\"]}]}<\/script>\n<!-- \/ Yoast SEO Premium plugin. -->","yoast_head_json":{"title":"BAR\u00c7A - Yamal se fait d\u00e9couper en Espagne ! | Nettali.com","robots":{"index":"index","follow":"follow","max-snippet":"max-snippet:-1","max-image-preview":"max-image-preview:large","max-video-preview":"max-video-preview:-1"},"canonical":"https:\/\/www.nettali.com\/2025\/10\/28\/barca-yamal-se-fait-decouper-en-espagne\/","og_locale":"fr_FR","og_type":"article","og_title":"BAR\u00c7A - Yamal se fait d\u00e9couper en Espagne !","og_description":"NETTALI.COM - Lamine Yamal (18 ans, 6 matchs et 2 buts en Liga cette saison) a parl\u00e9, mais n'a pas assum\u00e9. Apr\u00e8s sa sortie pol\u00e9mique avant le Clasico, l'ailier du FC Barcelone a incarn\u00e9 une grande d\u00e9ception sur la pelouse du Real Madrid (1-2) dimanche en Liga. Auteur d'une performance particuli\u00e8rement d\u00e9cevante, le jeune prodige [&hellip;]","og_url":"https:\/\/www.nettali.com\/2025\/10\/28\/barca-yamal-se-fait-decouper-en-espagne\/","og_site_name":"Nettali.com","article_publisher":"https:\/\/www.facebook.com\/nettalicom","article_published_time":"2025-10-28T09:23:34+00:00","og_image":[{"width":308,"height":164,"url":"https:\/\/www.nettali.com\/wp-content\/uploads\/2025\/10\/images-8.jpeg","type":"image\/jpeg"}],"twitter_card":"summary_large_image","twitter_misc":{"\u00c9crit par":"CK","Dur\u00e9e de lecture estim\u00e9e":"2 minutes"},"schema":{"@context":"https:\/\/schema.org","@graph":[{"@type":"WebSite","@id":"https:\/\/www.nettali.com\/#website","url":"https:\/\/www.nettali.com\/","name":"Nettali.com","description":"Le rendez-vous critique du Net","potentialAction":[{"@type":"SearchAction","target":{"@type":"EntryPoint","urlTemplate":"https:\/\/www.nettali.com\/?s={search_term_string}"},"query-input":"required name=search_term_string"}],"inLanguage":"fr-FR"},{"@type":"ImageObject","@id":"https:\/\/www.nettali.com\/2025\/10\/28\/barca-yamal-se-fait-decouper-en-espagne\/#primaryimage","inLanguage":"fr-FR","url":"https:\/\/www.nettali.com\/wp-content\/uploads\/2025\/10\/images-8.jpeg","contentUrl":"https:\/\/www.nettali.com\/wp-content\/uploads\/2025\/10\/images-8.jpeg","width":308,"height":164},{"@type":"WebPage","@id":"https:\/\/www.nettali.com\/2025\/10\/28\/barca-yamal-se-fait-decouper-en-espagne\/#webpage","url":"https:\/\/www.nettali.com\/2025\/10\/28\/barca-yamal-se-fait-decouper-en-espagne\/","name":"BAR\u00c7A - Yamal se fait d\u00e9couper en Espagne ! | Nettali.com","isPartOf":{"@id":"https:\/\/www.nettali.com\/#website"},"primaryImageOfPage":{"@id":"https:\/\/www.nettali.com\/2025\/10\/28\/barca-yamal-se-fait-decouper-en-espagne\/#primaryimage"},"datePublished":"2025-10-28T09:23:34+00:00","dateModified":"2025-10-28T09:23:34+00:00","author":{"@id":"https:\/\/www.nettali.com\/#\/schema\/person\/d8ac7b7e27ddad43f1c0d2ef090d7f71"},"breadcrumb":{"@id":"https:\/\/www.nettali.com\/2025\/10\/28\/barca-yamal-se-fait-decouper-en-espagne\/#breadcrumb"},"inLanguage":"fr-FR","potentialAction":[{"@type":"ReadAction","target":["https:\/\/www.nettali.com\/2025\/10\/28\/barca-yamal-se-fait-decouper-en-espagne\/"]}]},{"@type":"BreadcrumbList","@id":"https:\/\/www.nettali.com\/2025\/10\/28\/barca-yamal-se-fait-decouper-en-espagne\/#breadcrumb","itemListElement":[{"@type":"ListItem","position":1,"name":"Accueil","item":"https:\/\/www.nettali.com\/"},{"@type":"ListItem","position":2,"name":"BAR\u00c7A - Yamal se fait d\u00e9couper en Espagne !"}]},{"@type":"Person","@id":"https:\/\/www.nettali.com\/#\/schema\/person\/d8ac7b7e27ddad43f1c0d2ef090d7f71","name":"CK","image":{"@type":"ImageObject","@id":"https:\/\/www.nettali.com\/#personlogo","inLanguage":"fr-FR","url":"https:\/\/secure.gravatar.com\/avatar\/1d8d5118b9327d94da7cd4ce7f17fec2?s=96&d=mm&r=g","contentUrl":"https:\/\/secure.gravatar.com\/avatar\/1d8d5118b9327d94da7cd4ce7f17fec2?s=96&d=mm&r=g","caption":"CK"},"sameAs":["https:\/\/www.nettali.com"]}]}},"_links":{"self":[{"href":"https:\/\/www.nettali.com\/rest\/wp\/v2\/posts\/163586"}],"collection":[{"href":"https:\/\/www.nettali.com\/rest\/wp\/v2\/posts"}],"about":[{"href":"https:\/\/www.nettali.com\/rest\/wp\/v2\/types\/post"}],"author":[{"embeddable":true,"href":"https:\/\/www.nettali.com\/rest\/wp\/v2\/users\/2"}],"replies":[{"embeddable":true,"href":"https:\/\/www.nettali.com\/rest\/wp\/v2\/comments?post=163586"}],"version-history":[{"count":1,"href":"https:\/\/www.nettali.com\/rest\/wp\/v2\/posts\/163586\/revisions"}],"predecessor-version":[{"id":163590,"href":"https:\/\/www.nettali.com\/rest\/wp\/v2\/posts\/163586\/revisions\/163590"}],"wp:featuredmedia":[{"embeddable":true,"href":"https:\/\/www.nettali.com\/rest\/wp\/v2\/media\/163589"}],"wp:attachment":[{"href":"https:\/\/www.nettali.com\/rest\/wp\/v2\/media?parent=163586"}],"wp:term":[{"taxonomy":"category","embeddable":true,"href":"https:\/\/www.nettali.com\/rest\/wp\/v2\/categories?post=163586"},{"taxonomy":"post_tag","embeddable":true,"href":"https:\/\/www.nettali.com\/rest\/wp\/v2\/tags?post=163586"}],"curies":[{"name":"wp","href":"https:\/\/api.w.org\/{rel}","templated":true}]}}