{"id":163580,"date":"2025-10-28T13:00:28","date_gmt":"2025-10-28T13:00:28","guid":{"rendered":"https:\/\/www.nettali.com\/?p=163580"},"modified":"2025-10-28T09:17:13","modified_gmt":"2025-10-28T09:17:13","slug":"vie-chere-liberte-publique-justice-le-fdr-marche-ce-31-octobre","status":"publish","type":"post","link":"https:\/\/www.nettali.com\/2025\/10\/28\/vie-chere-liberte-publique-justice-le-fdr-marche-ce-31-octobre\/","title":{"rendered":"VIE CH\u00c8RE, LIBERT\u00c9 PUBLIQUE, JUSTICE\u2026. Le Fdr marche ce 31 octobre"},"content":{"rendered":"<p><strong>NETTALI.COM -<\/strong> Le Front pour la d\u00e9fense de la D\u00e9mocratie et de la R\u00e9publique (FDR) a donn\u00e9 les grandes lignes de sa marche qu'il compte organiser ce 31 octobre. Cette annonce a \u00e9t\u00e9 faite en pr\u00e9sence de figures comme Modou Diagne Fada, Samba Sy, Abdou Mbow, etc.<\/p>\n<p>Bien avant le 08 novembre des Patriotes, il y aura le 31 octobre de l'opposition. En effet, \u00e0 travers le FDR, l\u2019opposition appelle tous les partis politiques et mouvements, toutes les forces vives, les S\u00e9n\u00e9galaises et les S\u00e9n\u00e9galais, \u00e0 participer \u00e0 la marche qu'elle organise le vendredi 31 octobre 2025 \u00e0 partir de 15h. Ce mouvement d'humeur ira de l'avenue Khalifa Ababacar SY, du jet d'eau de la Sicap au terminus de Libert\u00e9 5.<\/p>\n<p>La question du trajet r\u00e9gl\u00e9e, l'opposition revient sur la saveur qu'elle compte apporter \u00e0 cette marche. \u201c<em>Ce sera l'occasion de montrer notre d\u00e9termination \u00e0 faire face \u00e0 la politique antinationale du pouvoir PASTEF en exigeant le retrait des mesures antisociales, notamment le co\u00fbt exorbitant de l'\u00e9nergie et la taxation du mobile money et l'augmentation brutale des produits de premi\u00e8re n\u00e9cessit\u00e9<\/em>\u201d, annonce le porte-parole du jour, Abdou Mbow.<\/p>\n<p>La marche du 31 aura donc une bonne saveur de contestation d'ordre social, dans la mesure o\u00f9, comme le r\u00e9v\u00e8le le parlementaire, les pr\u00e9occupations porteront aussi sur \u201c<em>le r\u00e9tablissement des 30.000 licenci\u00e9s dans leurs droits, le respect des accords avec les organisations syndicales, le paiement des bourses familiales, le soutien aux couches vuln\u00e9rables, le maintien des subventions sur l'\u00e9nergie et les denr\u00e9es de consommation courante<\/em>\u201d.<\/p>\n<p>Pour clore cette rubrique sociale, dans un contexte o\u00f9 certaines parties du pays essuient encore les d\u00e9g\u00e2ts engendr\u00e9s par les crues du fleuve, le FDR en a plac\u00e9 pour les sinistr\u00e9s. Aussi, cette frange de l'opposition invite-t-elle le gouvernement actuel au \u201c<em>paiement imm\u00e9diat des 8 milliards de francs CFA promis aux victimes des inondations 2024 de la Vall\u00e9e ainsi que l'assistance aux victimes des inondations de cette ann\u00e9e<\/em>\u201d.<\/p>\n<p>La marche du 31 octobre prochain aura aussi un volet justice. Car le front, dans sa feuille de route, exige \u201c<em>le respect des d\u00e9cisions de justice, notamment celles du Conseil constitutionnel, les condamnations d\u00e9finitives rendues par les juridictions, ainsi que l'arr\u00eat du harc\u00e8lement judiciaire contre les opposants, les journalistes et autres voix critiques<\/em>\u201d. Ils r\u00e9clament aussi \u201c<em>la fin de la politique du `deux poids deux mesures\u2019 et le respect de l'\u00e9galit\u00e9 de tous devant la loi<\/em>\u201d.<\/p>\n<p>Sur cette m\u00eame lanc\u00e9e Abdou mbow et cie comptent battre le macadam afin d'obtenir \u201c<em>la lib\u00e9ration imm\u00e9diate et inconditionnelle des prisonniers politiques et d'opinion ainsi que des otages politiques ; sans omettre l'annulation des poursuites politiques, notamment celles concernant les \u00e9v\u00e9nements de 2021 \u00e0 2024 alors que la loi 2024-09 portant amnistie est toujours en vigueur<\/em>\u201d<\/p>\n<p>Dans le but d'assurer une r\u00e9ussite retentissante le 31 octobre prochain, le FDR informe \u00e9galement les populations et les organisations qu'il tiendra des r\u00e9unions d'information ouvertes dans les 5 d\u00e9partements de la r\u00e9gion de Dakar.<\/p>\n<div class='share-to-whatsapp-wrapper'><div class='share-on-whsp'>PARTAGER SUR : <\/div><a data-text='VIE CH\u00c8RE, LIBERT\u00c9 PUBLIQUE, JUSTICE\u2026. Le Fdr marche ce 31 octobre' data-link='https:\/\/www.nettali.com\/2025\/10\/28\/vie-chere-liberte-publique-justice-le-fdr-marche-ce-31-octobre\/' class='whatsapp-button whatsapp-share'>WhatsApp<\/a><div class='clear '><\/div><\/div>","protected":false},"excerpt":{"rendered":"<p>NETTALI.COM - Le Front pour la d\u00e9fense de la D\u00e9mocratie et de la R\u00e9publique (FDR) a donn\u00e9 les grandes lignes de sa marche qu'il compte organiser ce 31 octobre. Cette annonce a \u00e9t\u00e9 faite en pr\u00e9sence de figures comme Modou Diagne Fada, Samba Sy, Abdou Mbow, etc. Bien avant le 08 novembre des Patriotes, il [&hellip;]<\/p>\n","protected":false},"author":2,"featured_media":163582,"comment_status":"open","ping_status":"open","sticky":false,"template":"","format":"standard","meta":{"_et_pb_use_builder":"","_et_pb_old_content":""},"categories":[3],"tags":[],"yoast_head":"<!-- This site is optimized with the Yoast SEO Premium plugin v17.8 (Yoast SEO v17.8) - https:\/\/yoast.com\/wordpress\/plugins\/seo\/ -->\n<title>VIE CH\u00c8RE, LIBERT\u00c9 PUBLIQUE, JUSTICE\u2026. Le Fdr marche ce 31 octobre | Nettali.com<\/title>\n<meta name=\"robots\" content=\"index, follow, max-snippet:-1, max-image-preview:large, max-video-preview:-1\" \/>\n<link rel=\"canonical\" href=\"https:\/\/www.nettali.com\/2025\/10\/28\/vie-chere-liberte-publique-justice-le-fdr-marche-ce-31-octobre\/\" \/>\n<meta property=\"og:locale\" content=\"fr_FR\" \/>\n<meta property=\"og:type\" content=\"article\" \/>\n<meta property=\"og:title\" content=\"VIE CH\u00c8RE, LIBERT\u00c9 PUBLIQUE, JUSTICE\u2026. Le Fdr marche ce 31 octobre\" \/>\n<meta property=\"og:description\" content=\"NETTALI.COM - Le Front pour la d\u00e9fense de la D\u00e9mocratie et de la R\u00e9publique (FDR) a donn\u00e9 les grandes lignes de sa marche qu&#039;il compte organiser ce 31 octobre. Cette annonce a \u00e9t\u00e9 faite en pr\u00e9sence de figures comme Modou Diagne Fada, Samba Sy, Abdou Mbow, etc. Bien avant le 08 novembre des Patriotes, il [&hellip;]\" \/>\n<meta property=\"og:url\" content=\"https:\/\/www.nettali.com\/2025\/10\/28\/vie-chere-liberte-publique-justice-le-fdr-marche-ce-31-octobre\/\" \/>\n<meta property=\"og:site_name\" content=\"Nettali.com\" \/>\n<meta property=\"article:publisher\" content=\"https:\/\/www.facebook.com\/nettalicom\" \/>\n<meta property=\"article:published_time\" content=\"2025-10-28T13:00:28+00:00\" \/>\n<meta property=\"article:modified_time\" content=\"2025-10-28T09:17:13+00:00\" \/>\n<meta property=\"og:image\" content=\"https:\/\/www.nettali.com\/wp-content\/uploads\/2025\/10\/hq720-4.jpg\" \/>\n\t<meta property=\"og:image:width\" content=\"686\" \/>\n\t<meta property=\"og:image:height\" content=\"386\" \/>\n<meta name=\"twitter:card\" content=\"summary_large_image\" \/>\n<meta name=\"twitter:label1\" content=\"\u00c9crit par\" \/>\n\t<meta name=\"twitter:data1\" content=\"CK\" \/>\n\t<meta name=\"twitter:label2\" content=\"Dur\u00e9e de lecture estim\u00e9e\" \/>\n\t<meta name=\"twitter:data2\" content=\"3 minutes\" \/>\n<script type=\"application\/ld+json\" class=\"yoast-schema-graph\">{\"@context\":\"https:\/\/schema.org\",\"@graph\":[{\"@type\":\"WebSite\",\"@id\":\"https:\/\/www.nettali.com\/#website\",\"url\":\"https:\/\/www.nettali.com\/\",\"name\":\"Nettali.com\",\"description\":\"Le rendez-vous critique du Net\",\"potentialAction\":[{\"@type\":\"SearchAction\",\"target\":{\"@type\":\"EntryPoint\",\"urlTemplate\":\"https:\/\/www.nettali.com\/?s={search_term_string}\"},\"query-input\":\"required name=search_term_string\"}],\"inLanguage\":\"fr-FR\"},{\"@type\":\"ImageObject\",\"@id\":\"https:\/\/www.nettali.com\/2025\/10\/28\/vie-chere-liberte-publique-justice-le-fdr-marche-ce-31-octobre\/#primaryimage\",\"inLanguage\":\"fr-FR\",\"url\":\"https:\/\/www.nettali.com\/wp-content\/uploads\/2025\/10\/hq720-4.jpg\",\"contentUrl\":\"https:\/\/www.nettali.com\/wp-content\/uploads\/2025\/10\/hq720-4.jpg\",\"width\":686,\"height\":386},{\"@type\":\"WebPage\",\"@id\":\"https:\/\/www.nettali.com\/2025\/10\/28\/vie-chere-liberte-publique-justice-le-fdr-marche-ce-31-octobre\/#webpage\",\"url\":\"https:\/\/www.nettali.com\/2025\/10\/28\/vie-chere-liberte-publique-justice-le-fdr-marche-ce-31-octobre\/\",\"name\":\"VIE CH\\u00c8RE, LIBERT\\u00c9 PUBLIQUE, JUSTICE\\u2026. Le Fdr marche ce 31 octobre | Nettali.com\",\"isPartOf\":{\"@id\":\"https:\/\/www.nettali.com\/#website\"},\"primaryImageOfPage\":{\"@id\":\"https:\/\/www.nettali.com\/2025\/10\/28\/vie-chere-liberte-publique-justice-le-fdr-marche-ce-31-octobre\/#primaryimage\"},\"datePublished\":\"2025-10-28T13:00:28+00:00\",\"dateModified\":\"2025-10-28T09:17:13+00:00\",\"author\":{\"@id\":\"https:\/\/www.nettali.com\/#\/schema\/person\/d8ac7b7e27ddad43f1c0d2ef090d7f71\"},\"breadcrumb\":{\"@id\":\"https:\/\/www.nettali.com\/2025\/10\/28\/vie-chere-liberte-publique-justice-le-fdr-marche-ce-31-octobre\/#breadcrumb\"},\"inLanguage\":\"fr-FR\",\"potentialAction\":[{\"@type\":\"ReadAction\",\"target\":[\"https:\/\/www.nettali.com\/2025\/10\/28\/vie-chere-liberte-publique-justice-le-fdr-marche-ce-31-octobre\/\"]}]},{\"@type\":\"BreadcrumbList\",\"@id\":\"https:\/\/www.nettali.com\/2025\/10\/28\/vie-chere-liberte-publique-justice-le-fdr-marche-ce-31-octobre\/#breadcrumb\",\"itemListElement\":[{\"@type\":\"ListItem\",\"position\":1,\"name\":\"Accueil\",\"item\":\"https:\/\/www.nettali.com\/\"},{\"@type\":\"ListItem\",\"position\":2,\"name\":\"VIE CH\\u00c8RE, LIBERT\\u00c9 PUBLIQUE, JUSTICE\\u2026. Le Fdr marche ce 31 octobre\"}]},{\"@type\":\"Person\",\"@id\":\"https:\/\/www.nettali.com\/#\/schema\/person\/d8ac7b7e27ddad43f1c0d2ef090d7f71\",\"name\":\"CK\",\"image\":{\"@type\":\"ImageObject\",\"@id\":\"https:\/\/www.nettali.com\/#personlogo\",\"inLanguage\":\"fr-FR\",\"url\":\"https:\/\/secure.gravatar.com\/avatar\/1d8d5118b9327d94da7cd4ce7f17fec2?s=96&d=mm&r=g\",\"contentUrl\":\"https:\/\/secure.gravatar.com\/avatar\/1d8d5118b9327d94da7cd4ce7f17fec2?s=96&d=mm&r=g\",\"caption\":\"CK\"},\"sameAs\":[\"https:\/\/www.nettali.com\"]}]}<\/script>\n<!-- \/ Yoast SEO Premium plugin. -->","yoast_head_json":{"title":"VIE CH\u00c8RE, LIBERT\u00c9 PUBLIQUE, JUSTICE\u2026. Le Fdr marche ce 31 octobre | Nettali.com","robots":{"index":"index","follow":"follow","max-snippet":"max-snippet:-1","max-image-preview":"max-image-preview:large","max-video-preview":"max-video-preview:-1"},"canonical":"https:\/\/www.nettali.com\/2025\/10\/28\/vie-chere-liberte-publique-justice-le-fdr-marche-ce-31-octobre\/","og_locale":"fr_FR","og_type":"article","og_title":"VIE CH\u00c8RE, LIBERT\u00c9 PUBLIQUE, JUSTICE\u2026. Le Fdr marche ce 31 octobre","og_description":"NETTALI.COM - Le Front pour la d\u00e9fense de la D\u00e9mocratie et de la R\u00e9publique (FDR) a donn\u00e9 les grandes lignes de sa marche qu'il compte organiser ce 31 octobre. Cette annonce a \u00e9t\u00e9 faite en pr\u00e9sence de figures comme Modou Diagne Fada, Samba Sy, Abdou Mbow, etc. Bien avant le 08 novembre des Patriotes, il [&hellip;]","og_url":"https:\/\/www.nettali.com\/2025\/10\/28\/vie-chere-liberte-publique-justice-le-fdr-marche-ce-31-octobre\/","og_site_name":"Nettali.com","article_publisher":"https:\/\/www.facebook.com\/nettalicom","article_published_time":"2025-10-28T13:00:28+00:00","article_modified_time":"2025-10-28T09:17:13+00:00","og_image":[{"width":686,"height":386,"url":"https:\/\/www.nettali.com\/wp-content\/uploads\/2025\/10\/hq720-4.jpg","type":"image\/jpeg"}],"twitter_card":"summary_large_image","twitter_misc":{"\u00c9crit par":"CK","Dur\u00e9e de lecture estim\u00e9e":"3 minutes"},"schema":{"@context":"https:\/\/schema.org","@graph":[{"@type":"WebSite","@id":"https:\/\/www.nettali.com\/#website","url":"https:\/\/www.nettali.com\/","name":"Nettali.com","description":"Le rendez-vous critique du Net","potentialAction":[{"@type":"SearchAction","target":{"@type":"EntryPoint","urlTemplate":"https:\/\/www.nettali.com\/?s={search_term_string}"},"query-input":"required name=search_term_string"}],"inLanguage":"fr-FR"},{"@type":"ImageObject","@id":"https:\/\/www.nettali.com\/2025\/10\/28\/vie-chere-liberte-publique-justice-le-fdr-marche-ce-31-octobre\/#primaryimage","inLanguage":"fr-FR","url":"https:\/\/www.nettali.com\/wp-content\/uploads\/2025\/10\/hq720-4.jpg","contentUrl":"https:\/\/www.nettali.com\/wp-content\/uploads\/2025\/10\/hq720-4.jpg","width":686,"height":386},{"@type":"WebPage","@id":"https:\/\/www.nettali.com\/2025\/10\/28\/vie-chere-liberte-publique-justice-le-fdr-marche-ce-31-octobre\/#webpage","url":"https:\/\/www.nettali.com\/2025\/10\/28\/vie-chere-liberte-publique-justice-le-fdr-marche-ce-31-octobre\/","name":"VIE CH\u00c8RE, LIBERT\u00c9 PUBLIQUE, JUSTICE\u2026. Le Fdr marche ce 31 octobre | Nettali.com","isPartOf":{"@id":"https:\/\/www.nettali.com\/#website"},"primaryImageOfPage":{"@id":"https:\/\/www.nettali.com\/2025\/10\/28\/vie-chere-liberte-publique-justice-le-fdr-marche-ce-31-octobre\/#primaryimage"},"datePublished":"2025-10-28T13:00:28+00:00","dateModified":"2025-10-28T09:17:13+00:00","author":{"@id":"https:\/\/www.nettali.com\/#\/schema\/person\/d8ac7b7e27ddad43f1c0d2ef090d7f71"},"breadcrumb":{"@id":"https:\/\/www.nettali.com\/2025\/10\/28\/vie-chere-liberte-publique-justice-le-fdr-marche-ce-31-octobre\/#breadcrumb"},"inLanguage":"fr-FR","potentialAction":[{"@type":"ReadAction","target":["https:\/\/www.nettali.com\/2025\/10\/28\/vie-chere-liberte-publique-justice-le-fdr-marche-ce-31-octobre\/"]}]},{"@type":"BreadcrumbList","@id":"https:\/\/www.nettali.com\/2025\/10\/28\/vie-chere-liberte-publique-justice-le-fdr-marche-ce-31-octobre\/#breadcrumb","itemListElement":[{"@type":"ListItem","position":1,"name":"Accueil","item":"https:\/\/www.nettali.com\/"},{"@type":"ListItem","position":2,"name":"VIE CH\u00c8RE, LIBERT\u00c9 PUBLIQUE, JUSTICE\u2026. Le Fdr marche ce 31 octobre"}]},{"@type":"Person","@id":"https:\/\/www.nettali.com\/#\/schema\/person\/d8ac7b7e27ddad43f1c0d2ef090d7f71","name":"CK","image":{"@type":"ImageObject","@id":"https:\/\/www.nettali.com\/#personlogo","inLanguage":"fr-FR","url":"https:\/\/secure.gravatar.com\/avatar\/1d8d5118b9327d94da7cd4ce7f17fec2?s=96&d=mm&r=g","contentUrl":"https:\/\/secure.gravatar.com\/avatar\/1d8d5118b9327d94da7cd4ce7f17fec2?s=96&d=mm&r=g","caption":"CK"},"sameAs":["https:\/\/www.nettali.com"]}]}},"_links":{"self":[{"href":"https:\/\/www.nettali.com\/rest\/wp\/v2\/posts\/163580"}],"collection":[{"href":"https:\/\/www.nettali.com\/rest\/wp\/v2\/posts"}],"about":[{"href":"https:\/\/www.nettali.com\/rest\/wp\/v2\/types\/post"}],"author":[{"embeddable":true,"href":"https:\/\/www.nettali.com\/rest\/wp\/v2\/users\/2"}],"replies":[{"embeddable":true,"href":"https:\/\/www.nettali.com\/rest\/wp\/v2\/comments?post=163580"}],"version-history":[{"count":1,"href":"https:\/\/www.nettali.com\/rest\/wp\/v2\/posts\/163580\/revisions"}],"predecessor-version":[{"id":163583,"href":"https:\/\/www.nettali.com\/rest\/wp\/v2\/posts\/163580\/revisions\/163583"}],"wp:featuredmedia":[{"embeddable":true,"href":"https:\/\/www.nettali.com\/rest\/wp\/v2\/media\/163582"}],"wp:attachment":[{"href":"https:\/\/www.nettali.com\/rest\/wp\/v2\/media?parent=163580"}],"wp:term":[{"taxonomy":"category","embeddable":true,"href":"https:\/\/www.nettali.com\/rest\/wp\/v2\/categories?post=163580"},{"taxonomy":"post_tag","embeddable":true,"href":"https:\/\/www.nettali.com\/rest\/wp\/v2\/tags?post=163580"}],"curies":[{"name":"wp","href":"https:\/\/api.w.org\/{rel}","templated":true}]}}