{"id":163569,"date":"2025-10-28T10:04:11","date_gmt":"2025-10-28T10:04:11","guid":{"rendered":"https:\/\/www.nettali.com\/?p=163569"},"modified":"2025-10-28T14:52:30","modified_gmt":"2025-10-28T14:52:30","slug":"presidentielle-de-2029-pape-samba-mboup-invite-diomaye-faye-a-briguer-un-second-mandat","status":"publish","type":"post","link":"https:\/\/www.nettali.com\/2025\/10\/28\/presidentielle-de-2029-pape-samba-mboup-invite-diomaye-faye-a-briguer-un-second-mandat\/","title":{"rendered":"PRESIDENTIELLE DE 2029 - Pape Samba Mboup invite Diomaye Faye \u00e0 briguer un second mandat"},"content":{"rendered":"<p data-start=\"219\" data-end=\"492\"><strong>NETTALI.COM -L\u2019ancien chef de cabinet du pr\u00e9sident Abdoulaye Wade, Pape Samba Mboup, pense d\u00e9j\u00e0 \u00e0 l\u2019\u00e9ch\u00e9ance de 2029. Dans un entretien accord\u00e9 au journal Wal Fadjri, il a appel\u00e9 l\u2019actuel chef de l\u2019\u00c9tat, Bassirou Diomaye Faye, \u00e0 se pr\u00e9senter pour un second mandat.<\/strong><\/p>\n<p data-start=\"494\" data-end=\"802\"><em>\u00ab Le pr\u00e9sident Diomaye a \u00e9t\u00e9 \u00e9lu pour cinq ans, un mandat qui est renouvelable \u00bb, a-t-il rappel\u00e9. \u00ab J\u2019entends dire, ici et l\u00e0, que d\u2019autres pourraient prendre sa place. Pourquoi ? La Constitution lui donne le droit de briguer un autre mandat. \u00c0 sa place, je ferais ce deuxi\u00e8me mandat \u00bb<\/em>, a affirm\u00e9 M. Mboup.<\/p>\n<p data-start=\"804\" data-end=\"971\">Selon Wal Fadjri, l\u2019ancien proche collaborateur d\u2019Abdoulaye Wade estime que si le parti Pastef ne pr\u00e9sente pas Diomaye Faye en 2029, le peuple s\u2019en chargera.<\/p>\n<p data-start=\"973\" data-end=\"1223\"><em>\u00ab Les S\u00e9n\u00e9galais ont un pr\u00e9sident qui parle peu, mais avec justesse, un pr\u00e9sident correct et poli. L\u2019amour des S\u00e9n\u00e9galais envers le pr\u00e9sident Diomaye ne cesse de cro\u00eetre \u00bb<\/em>, a-t-il ajout\u00e9, saluant le style sobre et rassembleur du chef de l\u2019\u00c9tat.<\/p>\n<div class='share-to-whatsapp-wrapper'><div class='share-on-whsp'>PARTAGER SUR : <\/div><a data-text='PRESIDENTIELLE DE 2029 - Pape Samba Mboup invite Diomaye Faye \u00e0 briguer un second mandat' data-link='https:\/\/www.nettali.com\/2025\/10\/28\/presidentielle-de-2029-pape-samba-mboup-invite-diomaye-faye-a-briguer-un-second-mandat\/' class='whatsapp-button whatsapp-share'>WhatsApp<\/a><div class='clear '><\/div><\/div>","protected":false},"excerpt":{"rendered":"<p>NETTALI.COM -L\u2019ancien chef de cabinet du pr\u00e9sident Abdoulaye Wade, Pape Samba Mboup, pense d\u00e9j\u00e0 \u00e0 l\u2019\u00e9ch\u00e9ance de 2029. Dans un entretien accord\u00e9 au journal Wal Fadjri, il a appel\u00e9 l\u2019actuel chef de l\u2019\u00c9tat, Bassirou Diomaye Faye, \u00e0 se pr\u00e9senter pour un second mandat. \u00ab Le pr\u00e9sident Diomaye a \u00e9t\u00e9 \u00e9lu pour cinq ans, un mandat [&hellip;]<\/p>\n","protected":false},"author":4,"featured_media":100176,"comment_status":"open","ping_status":"open","sticky":false,"template":"","format":"standard","meta":{"_et_pb_use_builder":"","_et_pb_old_content":""},"categories":[2],"tags":[],"yoast_head":"<!-- This site is optimized with the Yoast SEO Premium plugin v17.8 (Yoast SEO v17.8) - https:\/\/yoast.com\/wordpress\/plugins\/seo\/ -->\n<title>PRESIDENTIELLE DE 2029 - Pape Samba Mboup invite Diomaye Faye \u00e0 briguer un second mandat | Nettali.com<\/title>\n<meta name=\"robots\" content=\"index, follow, max-snippet:-1, max-image-preview:large, max-video-preview:-1\" \/>\n<link rel=\"canonical\" href=\"https:\/\/www.nettali.com\/2025\/10\/28\/presidentielle-de-2029-pape-samba-mboup-invite-diomaye-faye-a-briguer-un-second-mandat\/\" \/>\n<meta property=\"og:locale\" content=\"fr_FR\" \/>\n<meta property=\"og:type\" content=\"article\" \/>\n<meta property=\"og:title\" content=\"PRESIDENTIELLE DE 2029 - Pape Samba Mboup invite Diomaye Faye \u00e0 briguer un second mandat\" \/>\n<meta property=\"og:description\" content=\"NETTALI.COM -L\u2019ancien chef de cabinet du pr\u00e9sident Abdoulaye Wade, Pape Samba Mboup, pense d\u00e9j\u00e0 \u00e0 l\u2019\u00e9ch\u00e9ance de 2029. Dans un entretien accord\u00e9 au journal Wal Fadjri, il a appel\u00e9 l\u2019actuel chef de l\u2019\u00c9tat, Bassirou Diomaye Faye, \u00e0 se pr\u00e9senter pour un second mandat. \u00ab Le pr\u00e9sident Diomaye a \u00e9t\u00e9 \u00e9lu pour cinq ans, un mandat [&hellip;]\" \/>\n<meta property=\"og:url\" content=\"https:\/\/www.nettali.com\/2025\/10\/28\/presidentielle-de-2029-pape-samba-mboup-invite-diomaye-faye-a-briguer-un-second-mandat\/\" \/>\n<meta property=\"og:site_name\" content=\"Nettali.com\" \/>\n<meta property=\"article:publisher\" content=\"https:\/\/www.facebook.com\/nettalicom\" \/>\n<meta property=\"article:published_time\" content=\"2025-10-28T10:04:11+00:00\" \/>\n<meta property=\"article:modified_time\" content=\"2025-10-28T14:52:30+00:00\" \/>\n<meta property=\"og:image\" content=\"https:\/\/www.nettali.com\/wp-content\/uploads\/2022\/12\/pape-samba-mboup-33.jpg\" \/>\n\t<meta property=\"og:image:width\" content=\"700\" \/>\n\t<meta property=\"og:image:height\" content=\"467\" \/>\n<meta name=\"twitter:card\" content=\"summary_large_image\" \/>\n<meta name=\"twitter:label1\" content=\"\u00c9crit par\" \/>\n\t<meta name=\"twitter:data1\" content=\"Daouda\" \/>\n\t<meta name=\"twitter:label2\" content=\"Dur\u00e9e de lecture estim\u00e9e\" \/>\n\t<meta name=\"twitter:data2\" content=\"1 minute\" \/>\n<script type=\"application\/ld+json\" class=\"yoast-schema-graph\">{\"@context\":\"https:\/\/schema.org\",\"@graph\":[{\"@type\":\"WebSite\",\"@id\":\"https:\/\/www.nettali.com\/#website\",\"url\":\"https:\/\/www.nettali.com\/\",\"name\":\"Nettali.com\",\"description\":\"Le rendez-vous critique du Net\",\"potentialAction\":[{\"@type\":\"SearchAction\",\"target\":{\"@type\":\"EntryPoint\",\"urlTemplate\":\"https:\/\/www.nettali.com\/?s={search_term_string}\"},\"query-input\":\"required name=search_term_string\"}],\"inLanguage\":\"fr-FR\"},{\"@type\":\"ImageObject\",\"@id\":\"https:\/\/www.nettali.com\/2025\/10\/28\/presidentielle-de-2029-pape-samba-mboup-invite-diomaye-faye-a-briguer-un-second-mandat\/#primaryimage\",\"inLanguage\":\"fr-FR\",\"url\":\"https:\/\/www.nettali.com\/wp-content\/uploads\/2022\/12\/pape-samba-mboup-33.jpg\",\"contentUrl\":\"https:\/\/www.nettali.com\/wp-content\/uploads\/2022\/12\/pape-samba-mboup-33.jpg\",\"width\":700,\"height\":467},{\"@type\":\"WebPage\",\"@id\":\"https:\/\/www.nettali.com\/2025\/10\/28\/presidentielle-de-2029-pape-samba-mboup-invite-diomaye-faye-a-briguer-un-second-mandat\/#webpage\",\"url\":\"https:\/\/www.nettali.com\/2025\/10\/28\/presidentielle-de-2029-pape-samba-mboup-invite-diomaye-faye-a-briguer-un-second-mandat\/\",\"name\":\"PRESIDENTIELLE DE 2029 - Pape Samba Mboup invite Diomaye Faye \\u00e0 briguer un second mandat | Nettali.com\",\"isPartOf\":{\"@id\":\"https:\/\/www.nettali.com\/#website\"},\"primaryImageOfPage\":{\"@id\":\"https:\/\/www.nettali.com\/2025\/10\/28\/presidentielle-de-2029-pape-samba-mboup-invite-diomaye-faye-a-briguer-un-second-mandat\/#primaryimage\"},\"datePublished\":\"2025-10-28T10:04:11+00:00\",\"dateModified\":\"2025-10-28T14:52:30+00:00\",\"author\":{\"@id\":\"https:\/\/www.nettali.com\/#\/schema\/person\/3317e0bb3aa1da309fbf7b2780901bf4\"},\"breadcrumb\":{\"@id\":\"https:\/\/www.nettali.com\/2025\/10\/28\/presidentielle-de-2029-pape-samba-mboup-invite-diomaye-faye-a-briguer-un-second-mandat\/#breadcrumb\"},\"inLanguage\":\"fr-FR\",\"potentialAction\":[{\"@type\":\"ReadAction\",\"target\":[\"https:\/\/www.nettali.com\/2025\/10\/28\/presidentielle-de-2029-pape-samba-mboup-invite-diomaye-faye-a-briguer-un-second-mandat\/\"]}]},{\"@type\":\"BreadcrumbList\",\"@id\":\"https:\/\/www.nettali.com\/2025\/10\/28\/presidentielle-de-2029-pape-samba-mboup-invite-diomaye-faye-a-briguer-un-second-mandat\/#breadcrumb\",\"itemListElement\":[{\"@type\":\"ListItem\",\"position\":1,\"name\":\"Accueil\",\"item\":\"https:\/\/www.nettali.com\/\"},{\"@type\":\"ListItem\",\"position\":2,\"name\":\"PRESIDENTIELLE DE 2029 - Pape Samba Mboup invite Diomaye Faye \\u00e0 briguer un second mandat\"}]},{\"@type\":\"Person\",\"@id\":\"https:\/\/www.nettali.com\/#\/schema\/person\/3317e0bb3aa1da309fbf7b2780901bf4\",\"name\":\"Daouda\",\"image\":{\"@type\":\"ImageObject\",\"@id\":\"https:\/\/www.nettali.com\/#personlogo\",\"inLanguage\":\"fr-FR\",\"url\":\"https:\/\/secure.gravatar.com\/avatar\/8d143b5a49345098ddcfee1c49c2f47c?s=96&d=mm&r=g\",\"contentUrl\":\"https:\/\/secure.gravatar.com\/avatar\/8d143b5a49345098ddcfee1c49c2f47c?s=96&d=mm&r=g\",\"caption\":\"Daouda\"},\"sameAs\":[\"https:\/\/www.nettali.com\"]}]}<\/script>\n<!-- \/ Yoast SEO Premium plugin. -->","yoast_head_json":{"title":"PRESIDENTIELLE DE 2029 - Pape Samba Mboup invite Diomaye Faye \u00e0 briguer un second mandat | Nettali.com","robots":{"index":"index","follow":"follow","max-snippet":"max-snippet:-1","max-image-preview":"max-image-preview:large","max-video-preview":"max-video-preview:-1"},"canonical":"https:\/\/www.nettali.com\/2025\/10\/28\/presidentielle-de-2029-pape-samba-mboup-invite-diomaye-faye-a-briguer-un-second-mandat\/","og_locale":"fr_FR","og_type":"article","og_title":"PRESIDENTIELLE DE 2029 - Pape Samba Mboup invite Diomaye Faye \u00e0 briguer un second mandat","og_description":"NETTALI.COM -L\u2019ancien chef de cabinet du pr\u00e9sident Abdoulaye Wade, Pape Samba Mboup, pense d\u00e9j\u00e0 \u00e0 l\u2019\u00e9ch\u00e9ance de 2029. Dans un entretien accord\u00e9 au journal Wal Fadjri, il a appel\u00e9 l\u2019actuel chef de l\u2019\u00c9tat, Bassirou Diomaye Faye, \u00e0 se pr\u00e9senter pour un second mandat. \u00ab Le pr\u00e9sident Diomaye a \u00e9t\u00e9 \u00e9lu pour cinq ans, un mandat [&hellip;]","og_url":"https:\/\/www.nettali.com\/2025\/10\/28\/presidentielle-de-2029-pape-samba-mboup-invite-diomaye-faye-a-briguer-un-second-mandat\/","og_site_name":"Nettali.com","article_publisher":"https:\/\/www.facebook.com\/nettalicom","article_published_time":"2025-10-28T10:04:11+00:00","article_modified_time":"2025-10-28T14:52:30+00:00","og_image":[{"width":700,"height":467,"url":"https:\/\/www.nettali.com\/wp-content\/uploads\/2022\/12\/pape-samba-mboup-33.jpg","type":"image\/jpeg"}],"twitter_card":"summary_large_image","twitter_misc":{"\u00c9crit par":"Daouda","Dur\u00e9e de lecture estim\u00e9e":"1 minute"},"schema":{"@context":"https:\/\/schema.org","@graph":[{"@type":"WebSite","@id":"https:\/\/www.nettali.com\/#website","url":"https:\/\/www.nettali.com\/","name":"Nettali.com","description":"Le rendez-vous critique du Net","potentialAction":[{"@type":"SearchAction","target":{"@type":"EntryPoint","urlTemplate":"https:\/\/www.nettali.com\/?s={search_term_string}"},"query-input":"required name=search_term_string"}],"inLanguage":"fr-FR"},{"@type":"ImageObject","@id":"https:\/\/www.nettali.com\/2025\/10\/28\/presidentielle-de-2029-pape-samba-mboup-invite-diomaye-faye-a-briguer-un-second-mandat\/#primaryimage","inLanguage":"fr-FR","url":"https:\/\/www.nettali.com\/wp-content\/uploads\/2022\/12\/pape-samba-mboup-33.jpg","contentUrl":"https:\/\/www.nettali.com\/wp-content\/uploads\/2022\/12\/pape-samba-mboup-33.jpg","width":700,"height":467},{"@type":"WebPage","@id":"https:\/\/www.nettali.com\/2025\/10\/28\/presidentielle-de-2029-pape-samba-mboup-invite-diomaye-faye-a-briguer-un-second-mandat\/#webpage","url":"https:\/\/www.nettali.com\/2025\/10\/28\/presidentielle-de-2029-pape-samba-mboup-invite-diomaye-faye-a-briguer-un-second-mandat\/","name":"PRESIDENTIELLE DE 2029 - Pape Samba Mboup invite Diomaye Faye \u00e0 briguer un second mandat | Nettali.com","isPartOf":{"@id":"https:\/\/www.nettali.com\/#website"},"primaryImageOfPage":{"@id":"https:\/\/www.nettali.com\/2025\/10\/28\/presidentielle-de-2029-pape-samba-mboup-invite-diomaye-faye-a-briguer-un-second-mandat\/#primaryimage"},"datePublished":"2025-10-28T10:04:11+00:00","dateModified":"2025-10-28T14:52:30+00:00","author":{"@id":"https:\/\/www.nettali.com\/#\/schema\/person\/3317e0bb3aa1da309fbf7b2780901bf4"},"breadcrumb":{"@id":"https:\/\/www.nettali.com\/2025\/10\/28\/presidentielle-de-2029-pape-samba-mboup-invite-diomaye-faye-a-briguer-un-second-mandat\/#breadcrumb"},"inLanguage":"fr-FR","potentialAction":[{"@type":"ReadAction","target":["https:\/\/www.nettali.com\/2025\/10\/28\/presidentielle-de-2029-pape-samba-mboup-invite-diomaye-faye-a-briguer-un-second-mandat\/"]}]},{"@type":"BreadcrumbList","@id":"https:\/\/www.nettali.com\/2025\/10\/28\/presidentielle-de-2029-pape-samba-mboup-invite-diomaye-faye-a-briguer-un-second-mandat\/#breadcrumb","itemListElement":[{"@type":"ListItem","position":1,"name":"Accueil","item":"https:\/\/www.nettali.com\/"},{"@type":"ListItem","position":2,"name":"PRESIDENTIELLE DE 2029 - Pape Samba Mboup invite Diomaye Faye \u00e0 briguer un second mandat"}]},{"@type":"Person","@id":"https:\/\/www.nettali.com\/#\/schema\/person\/3317e0bb3aa1da309fbf7b2780901bf4","name":"Daouda","image":{"@type":"ImageObject","@id":"https:\/\/www.nettali.com\/#personlogo","inLanguage":"fr-FR","url":"https:\/\/secure.gravatar.com\/avatar\/8d143b5a49345098ddcfee1c49c2f47c?s=96&d=mm&r=g","contentUrl":"https:\/\/secure.gravatar.com\/avatar\/8d143b5a49345098ddcfee1c49c2f47c?s=96&d=mm&r=g","caption":"Daouda"},"sameAs":["https:\/\/www.nettali.com"]}]}},"_links":{"self":[{"href":"https:\/\/www.nettali.com\/rest\/wp\/v2\/posts\/163569"}],"collection":[{"href":"https:\/\/www.nettali.com\/rest\/wp\/v2\/posts"}],"about":[{"href":"https:\/\/www.nettali.com\/rest\/wp\/v2\/types\/post"}],"author":[{"embeddable":true,"href":"https:\/\/www.nettali.com\/rest\/wp\/v2\/users\/4"}],"replies":[{"embeddable":true,"href":"https:\/\/www.nettali.com\/rest\/wp\/v2\/comments?post=163569"}],"version-history":[{"count":1,"href":"https:\/\/www.nettali.com\/rest\/wp\/v2\/posts\/163569\/revisions"}],"predecessor-version":[{"id":163570,"href":"https:\/\/www.nettali.com\/rest\/wp\/v2\/posts\/163569\/revisions\/163570"}],"wp:featuredmedia":[{"embeddable":true,"href":"https:\/\/www.nettali.com\/rest\/wp\/v2\/media\/100176"}],"wp:attachment":[{"href":"https:\/\/www.nettali.com\/rest\/wp\/v2\/media?parent=163569"}],"wp:term":[{"taxonomy":"category","embeddable":true,"href":"https:\/\/www.nettali.com\/rest\/wp\/v2\/categories?post=163569"},{"taxonomy":"post_tag","embeddable":true,"href":"https:\/\/www.nettali.com\/rest\/wp\/v2\/tags?post=163569"}],"curies":[{"name":"wp","href":"https:\/\/api.w.org\/{rel}","templated":true}]}}