{"id":163564,"date":"2025-10-28T06:57:04","date_gmt":"2025-10-28T06:57:04","guid":{"rendered":"https:\/\/www.nettali.com\/?p=163564"},"modified":"2025-10-28T06:57:04","modified_gmt":"2025-10-28T06:57:04","slug":"rsf-le-senegal-a-un-potentiel-enorme-pour-devenir-un-des-pays-phares-en-matiere-de-liberte-de-la-presse","status":"publish","type":"post","link":"https:\/\/www.nettali.com\/2025\/10\/28\/rsf-le-senegal-a-un-potentiel-enorme-pour-devenir-un-des-pays-phares-en-matiere-de-liberte-de-la-presse\/","title":{"rendered":"RSF - \u201cLe S\u00e9n\u00e9gal a un potentiel \u00e9norme pour devenir un des pays phares en mati\u00e8re de libert\u00e9 de la presse\u2019\u2019"},"content":{"rendered":"<p data-start=\"257\" data-end=\"575\"><strong>NETTALI.COM - Le S\u00e9n\u00e9gal dispose d\u2019un potentiel consid\u00e9rable pour devenir l\u2019un des pays phares en mati\u00e8re de libert\u00e9 de la presse, a estim\u00e9 lundi \u00e0 Dakar le secr\u00e9taire g\u00e9n\u00e9ral de Reporters sans fronti\u00e8res (RSF), Thibault Bruttin, lors de la c\u00e9r\u00e9monie d\u2019ouverture du Salon international des m\u00e9dias d\u2019Afrique (SIMA).<\/strong><\/p>\n<p data-start=\"577\" data-end=\"849\"><em>\u00ab Je crois que le S\u00e9n\u00e9gal a un potentiel \u00e9norme pour devenir un des pays phares en mati\u00e8re de libert\u00e9 de la presse, si l\u2019on parvient \u00e0 r\u00e9soudre, dans le respect, les enjeux fondamentaux de transparence des m\u00e9dias et de soutenabilit\u00e9 \u00e9conomique \u00bb<\/em>, a-t-il d\u00e9clar\u00e9.<\/p>\n<p data-start=\"851\" data-end=\"1145\">Le responsable de RSF a rappel\u00e9 que le S\u00e9n\u00e9gal occupe la 74e place au Classement mondial de la libert\u00e9 de la presse publi\u00e9 par son organisation. <em>\u00ab Le pays a connu des positions bien plus basses, notamment la 104e place en 2023. Nous saluons donc les progr\u00e8s r\u00e9alis\u00e9s \u00bb<\/em>, a-t-il ajout\u00e9.<\/p>\n<p data-start=\"1147\" data-end=\"1356\">Thibault Bruttin a toutefois soulign\u00e9 que les Journ\u00e9es de concertation du secteur des m\u00e9dias et les Assises de la presse ont mis en lumi\u00e8re plusieurs recommandations \u00ab qui tardent \u00e0 se concr\u00e9tiser \u00bb.<\/p>\n<p data-start=\"1358\" data-end=\"1649\"><em>\u00ab Il y a des solutions sur la table, mais il faut d\u00e9sormais des actions. Cette conf\u00e9rence est une opportunit\u00e9 d\u2019en discuter et de faire avancer les choses au service d\u2019un journalisme libre et responsable, qui assume ses devoirs tout en exer\u00e7ant pleinement ses droits \u00bb<\/em>, a-t-il affirm\u00e9.<\/p>\n<p data-start=\"1651\" data-end=\"1845\">Le secr\u00e9taire g\u00e9n\u00e9ral de RSF a r\u00e9it\u00e9r\u00e9 la disponibilit\u00e9 de son organisation \u00e0 collaborer avec l\u2019\u00c9tat du S\u00e9n\u00e9gal afin d\u2019\u00ab avancer concr\u00e8tement \u00bb et d\u2019\u00ab am\u00e9liorer durablement \u00bb la situation.<\/p>\n<p data-start=\"1847\" data-end=\"1948\">Le SIMA se poursuit jusqu\u2019au 30 octobre \u00e0 la Maison de la presse Babacar Tour\u00e9 \u00e0 Dakar.<\/p>\n<div class='share-to-whatsapp-wrapper'><div class='share-on-whsp'>PARTAGER SUR : <\/div><a data-text='RSF - \u201cLe S\u00e9n\u00e9gal a un potentiel \u00e9norme pour devenir un des pays phares en mati\u00e8re de libert\u00e9 de la presse\u2019\u2019' data-link='https:\/\/www.nettali.com\/2025\/10\/28\/rsf-le-senegal-a-un-potentiel-enorme-pour-devenir-un-des-pays-phares-en-matiere-de-liberte-de-la-presse\/' class='whatsapp-button whatsapp-share'>WhatsApp<\/a><div class='clear '><\/div><\/div>","protected":false},"excerpt":{"rendered":"<p>NETTALI.COM - Le S\u00e9n\u00e9gal dispose d\u2019un potentiel consid\u00e9rable pour devenir l\u2019un des pays phares en mati\u00e8re de libert\u00e9 de la presse, a estim\u00e9 lundi \u00e0 Dakar le secr\u00e9taire g\u00e9n\u00e9ral de Reporters sans fronti\u00e8res (RSF), Thibault Bruttin, lors de la c\u00e9r\u00e9monie d\u2019ouverture du Salon international des m\u00e9dias d\u2019Afrique (SIMA). \u00ab Je crois que le S\u00e9n\u00e9gal a [&hellip;]<\/p>\n","protected":false},"author":4,"featured_media":163565,"comment_status":"open","ping_status":"open","sticky":false,"template":"","format":"standard","meta":{"_et_pb_use_builder":"","_et_pb_old_content":""},"categories":[3],"tags":[],"yoast_head":"<!-- This site is optimized with the Yoast SEO Premium plugin v17.8 (Yoast SEO v17.8) - https:\/\/yoast.com\/wordpress\/plugins\/seo\/ -->\n<title>RSF - \u201cLe S\u00e9n\u00e9gal a un potentiel \u00e9norme pour devenir un des pays phares en mati\u00e8re de libert\u00e9 de la presse\u2019\u2019 | Nettali.com<\/title>\n<meta name=\"robots\" content=\"index, follow, max-snippet:-1, max-image-preview:large, max-video-preview:-1\" \/>\n<link rel=\"canonical\" href=\"https:\/\/www.nettali.com\/2025\/10\/28\/rsf-le-senegal-a-un-potentiel-enorme-pour-devenir-un-des-pays-phares-en-matiere-de-liberte-de-la-presse\/\" \/>\n<meta property=\"og:locale\" content=\"fr_FR\" \/>\n<meta property=\"og:type\" content=\"article\" \/>\n<meta property=\"og:title\" content=\"RSF - \u201cLe S\u00e9n\u00e9gal a un potentiel \u00e9norme pour devenir un des pays phares en mati\u00e8re de libert\u00e9 de la presse\u2019\u2019\" \/>\n<meta property=\"og:description\" content=\"NETTALI.COM - Le S\u00e9n\u00e9gal dispose d\u2019un potentiel consid\u00e9rable pour devenir l\u2019un des pays phares en mati\u00e8re de libert\u00e9 de la presse, a estim\u00e9 lundi \u00e0 Dakar le secr\u00e9taire g\u00e9n\u00e9ral de Reporters sans fronti\u00e8res (RSF), Thibault Bruttin, lors de la c\u00e9r\u00e9monie d\u2019ouverture du Salon international des m\u00e9dias d\u2019Afrique (SIMA). \u00ab Je crois que le S\u00e9n\u00e9gal a [&hellip;]\" \/>\n<meta property=\"og:url\" content=\"https:\/\/www.nettali.com\/2025\/10\/28\/rsf-le-senegal-a-un-potentiel-enorme-pour-devenir-un-des-pays-phares-en-matiere-de-liberte-de-la-presse\/\" \/>\n<meta property=\"og:site_name\" content=\"Nettali.com\" \/>\n<meta property=\"article:publisher\" content=\"https:\/\/www.facebook.com\/nettalicom\" \/>\n<meta property=\"article:published_time\" content=\"2025-10-28T06:57:04+00:00\" \/>\n<meta property=\"og:image\" content=\"https:\/\/www.nettali.com\/wp-content\/uploads\/2025\/10\/Capture-de\u0301cran-2025-10-28-a\u0300-06.54.22.png\" \/>\n\t<meta property=\"og:image:width\" content=\"663\" \/>\n\t<meta property=\"og:image:height\" content=\"348\" \/>\n<meta name=\"twitter:card\" content=\"summary_large_image\" \/>\n<meta name=\"twitter:label1\" content=\"\u00c9crit par\" \/>\n\t<meta name=\"twitter:data1\" content=\"Daouda\" \/>\n\t<meta name=\"twitter:label2\" content=\"Dur\u00e9e de lecture estim\u00e9e\" \/>\n\t<meta name=\"twitter:data2\" content=\"2 minutes\" \/>\n<script type=\"application\/ld+json\" class=\"yoast-schema-graph\">{\"@context\":\"https:\/\/schema.org\",\"@graph\":[{\"@type\":\"WebSite\",\"@id\":\"https:\/\/www.nettali.com\/#website\",\"url\":\"https:\/\/www.nettali.com\/\",\"name\":\"Nettali.com\",\"description\":\"Le rendez-vous critique du Net\",\"potentialAction\":[{\"@type\":\"SearchAction\",\"target\":{\"@type\":\"EntryPoint\",\"urlTemplate\":\"https:\/\/www.nettali.com\/?s={search_term_string}\"},\"query-input\":\"required name=search_term_string\"}],\"inLanguage\":\"fr-FR\"},{\"@type\":\"ImageObject\",\"@id\":\"https:\/\/www.nettali.com\/2025\/10\/28\/rsf-le-senegal-a-un-potentiel-enorme-pour-devenir-un-des-pays-phares-en-matiere-de-liberte-de-la-presse\/#primaryimage\",\"inLanguage\":\"fr-FR\",\"url\":\"https:\/\/www.nettali.com\/wp-content\/uploads\/2025\/10\/Capture-de\\u0301cran-2025-10-28-a\\u0300-06.54.22.png\",\"contentUrl\":\"https:\/\/www.nettali.com\/wp-content\/uploads\/2025\/10\/Capture-de\\u0301cran-2025-10-28-a\\u0300-06.54.22.png\",\"width\":663,\"height\":348},{\"@type\":\"WebPage\",\"@id\":\"https:\/\/www.nettali.com\/2025\/10\/28\/rsf-le-senegal-a-un-potentiel-enorme-pour-devenir-un-des-pays-phares-en-matiere-de-liberte-de-la-presse\/#webpage\",\"url\":\"https:\/\/www.nettali.com\/2025\/10\/28\/rsf-le-senegal-a-un-potentiel-enorme-pour-devenir-un-des-pays-phares-en-matiere-de-liberte-de-la-presse\/\",\"name\":\"RSF - \\u201cLe S\\u00e9n\\u00e9gal a un potentiel \\u00e9norme pour devenir un des pays phares en mati\\u00e8re de libert\\u00e9 de la presse\\u2019\\u2019 | Nettali.com\",\"isPartOf\":{\"@id\":\"https:\/\/www.nettali.com\/#website\"},\"primaryImageOfPage\":{\"@id\":\"https:\/\/www.nettali.com\/2025\/10\/28\/rsf-le-senegal-a-un-potentiel-enorme-pour-devenir-un-des-pays-phares-en-matiere-de-liberte-de-la-presse\/#primaryimage\"},\"datePublished\":\"2025-10-28T06:57:04+00:00\",\"dateModified\":\"2025-10-28T06:57:04+00:00\",\"author\":{\"@id\":\"https:\/\/www.nettali.com\/#\/schema\/person\/3317e0bb3aa1da309fbf7b2780901bf4\"},\"breadcrumb\":{\"@id\":\"https:\/\/www.nettali.com\/2025\/10\/28\/rsf-le-senegal-a-un-potentiel-enorme-pour-devenir-un-des-pays-phares-en-matiere-de-liberte-de-la-presse\/#breadcrumb\"},\"inLanguage\":\"fr-FR\",\"potentialAction\":[{\"@type\":\"ReadAction\",\"target\":[\"https:\/\/www.nettali.com\/2025\/10\/28\/rsf-le-senegal-a-un-potentiel-enorme-pour-devenir-un-des-pays-phares-en-matiere-de-liberte-de-la-presse\/\"]}]},{\"@type\":\"BreadcrumbList\",\"@id\":\"https:\/\/www.nettali.com\/2025\/10\/28\/rsf-le-senegal-a-un-potentiel-enorme-pour-devenir-un-des-pays-phares-en-matiere-de-liberte-de-la-presse\/#breadcrumb\",\"itemListElement\":[{\"@type\":\"ListItem\",\"position\":1,\"name\":\"Accueil\",\"item\":\"https:\/\/www.nettali.com\/\"},{\"@type\":\"ListItem\",\"position\":2,\"name\":\"RSF - \\u201cLe S\\u00e9n\\u00e9gal a un potentiel \\u00e9norme pour devenir un des pays phares en mati\\u00e8re de libert\\u00e9 de la presse\\u2019\\u2019\"}]},{\"@type\":\"Person\",\"@id\":\"https:\/\/www.nettali.com\/#\/schema\/person\/3317e0bb3aa1da309fbf7b2780901bf4\",\"name\":\"Daouda\",\"image\":{\"@type\":\"ImageObject\",\"@id\":\"https:\/\/www.nettali.com\/#personlogo\",\"inLanguage\":\"fr-FR\",\"url\":\"https:\/\/secure.gravatar.com\/avatar\/8d143b5a49345098ddcfee1c49c2f47c?s=96&d=mm&r=g\",\"contentUrl\":\"https:\/\/secure.gravatar.com\/avatar\/8d143b5a49345098ddcfee1c49c2f47c?s=96&d=mm&r=g\",\"caption\":\"Daouda\"},\"sameAs\":[\"https:\/\/www.nettali.com\"]}]}<\/script>\n<!-- \/ Yoast SEO Premium plugin. -->","yoast_head_json":{"title":"RSF - \u201cLe S\u00e9n\u00e9gal a un potentiel \u00e9norme pour devenir un des pays phares en mati\u00e8re de libert\u00e9 de la presse\u2019\u2019 | Nettali.com","robots":{"index":"index","follow":"follow","max-snippet":"max-snippet:-1","max-image-preview":"max-image-preview:large","max-video-preview":"max-video-preview:-1"},"canonical":"https:\/\/www.nettali.com\/2025\/10\/28\/rsf-le-senegal-a-un-potentiel-enorme-pour-devenir-un-des-pays-phares-en-matiere-de-liberte-de-la-presse\/","og_locale":"fr_FR","og_type":"article","og_title":"RSF - \u201cLe S\u00e9n\u00e9gal a un potentiel \u00e9norme pour devenir un des pays phares en mati\u00e8re de libert\u00e9 de la presse\u2019\u2019","og_description":"NETTALI.COM - Le S\u00e9n\u00e9gal dispose d\u2019un potentiel consid\u00e9rable pour devenir l\u2019un des pays phares en mati\u00e8re de libert\u00e9 de la presse, a estim\u00e9 lundi \u00e0 Dakar le secr\u00e9taire g\u00e9n\u00e9ral de Reporters sans fronti\u00e8res (RSF), Thibault Bruttin, lors de la c\u00e9r\u00e9monie d\u2019ouverture du Salon international des m\u00e9dias d\u2019Afrique (SIMA). \u00ab Je crois que le S\u00e9n\u00e9gal a [&hellip;]","og_url":"https:\/\/www.nettali.com\/2025\/10\/28\/rsf-le-senegal-a-un-potentiel-enorme-pour-devenir-un-des-pays-phares-en-matiere-de-liberte-de-la-presse\/","og_site_name":"Nettali.com","article_publisher":"https:\/\/www.facebook.com\/nettalicom","article_published_time":"2025-10-28T06:57:04+00:00","og_image":[{"width":663,"height":348,"url":"https:\/\/www.nettali.com\/wp-content\/uploads\/2025\/10\/Capture-de\u0301cran-2025-10-28-a\u0300-06.54.22.png","type":"image\/png"}],"twitter_card":"summary_large_image","twitter_misc":{"\u00c9crit par":"Daouda","Dur\u00e9e de lecture estim\u00e9e":"2 minutes"},"schema":{"@context":"https:\/\/schema.org","@graph":[{"@type":"WebSite","@id":"https:\/\/www.nettali.com\/#website","url":"https:\/\/www.nettali.com\/","name":"Nettali.com","description":"Le rendez-vous critique du Net","potentialAction":[{"@type":"SearchAction","target":{"@type":"EntryPoint","urlTemplate":"https:\/\/www.nettali.com\/?s={search_term_string}"},"query-input":"required name=search_term_string"}],"inLanguage":"fr-FR"},{"@type":"ImageObject","@id":"https:\/\/www.nettali.com\/2025\/10\/28\/rsf-le-senegal-a-un-potentiel-enorme-pour-devenir-un-des-pays-phares-en-matiere-de-liberte-de-la-presse\/#primaryimage","inLanguage":"fr-FR","url":"https:\/\/www.nettali.com\/wp-content\/uploads\/2025\/10\/Capture-de\u0301cran-2025-10-28-a\u0300-06.54.22.png","contentUrl":"https:\/\/www.nettali.com\/wp-content\/uploads\/2025\/10\/Capture-de\u0301cran-2025-10-28-a\u0300-06.54.22.png","width":663,"height":348},{"@type":"WebPage","@id":"https:\/\/www.nettali.com\/2025\/10\/28\/rsf-le-senegal-a-un-potentiel-enorme-pour-devenir-un-des-pays-phares-en-matiere-de-liberte-de-la-presse\/#webpage","url":"https:\/\/www.nettali.com\/2025\/10\/28\/rsf-le-senegal-a-un-potentiel-enorme-pour-devenir-un-des-pays-phares-en-matiere-de-liberte-de-la-presse\/","name":"RSF - \u201cLe S\u00e9n\u00e9gal a un potentiel \u00e9norme pour devenir un des pays phares en mati\u00e8re de libert\u00e9 de la presse\u2019\u2019 | Nettali.com","isPartOf":{"@id":"https:\/\/www.nettali.com\/#website"},"primaryImageOfPage":{"@id":"https:\/\/www.nettali.com\/2025\/10\/28\/rsf-le-senegal-a-un-potentiel-enorme-pour-devenir-un-des-pays-phares-en-matiere-de-liberte-de-la-presse\/#primaryimage"},"datePublished":"2025-10-28T06:57:04+00:00","dateModified":"2025-10-28T06:57:04+00:00","author":{"@id":"https:\/\/www.nettali.com\/#\/schema\/person\/3317e0bb3aa1da309fbf7b2780901bf4"},"breadcrumb":{"@id":"https:\/\/www.nettali.com\/2025\/10\/28\/rsf-le-senegal-a-un-potentiel-enorme-pour-devenir-un-des-pays-phares-en-matiere-de-liberte-de-la-presse\/#breadcrumb"},"inLanguage":"fr-FR","potentialAction":[{"@type":"ReadAction","target":["https:\/\/www.nettali.com\/2025\/10\/28\/rsf-le-senegal-a-un-potentiel-enorme-pour-devenir-un-des-pays-phares-en-matiere-de-liberte-de-la-presse\/"]}]},{"@type":"BreadcrumbList","@id":"https:\/\/www.nettali.com\/2025\/10\/28\/rsf-le-senegal-a-un-potentiel-enorme-pour-devenir-un-des-pays-phares-en-matiere-de-liberte-de-la-presse\/#breadcrumb","itemListElement":[{"@type":"ListItem","position":1,"name":"Accueil","item":"https:\/\/www.nettali.com\/"},{"@type":"ListItem","position":2,"name":"RSF - \u201cLe S\u00e9n\u00e9gal a un potentiel \u00e9norme pour devenir un des pays phares en mati\u00e8re de libert\u00e9 de la presse\u2019\u2019"}]},{"@type":"Person","@id":"https:\/\/www.nettali.com\/#\/schema\/person\/3317e0bb3aa1da309fbf7b2780901bf4","name":"Daouda","image":{"@type":"ImageObject","@id":"https:\/\/www.nettali.com\/#personlogo","inLanguage":"fr-FR","url":"https:\/\/secure.gravatar.com\/avatar\/8d143b5a49345098ddcfee1c49c2f47c?s=96&d=mm&r=g","contentUrl":"https:\/\/secure.gravatar.com\/avatar\/8d143b5a49345098ddcfee1c49c2f47c?s=96&d=mm&r=g","caption":"Daouda"},"sameAs":["https:\/\/www.nettali.com"]}]}},"_links":{"self":[{"href":"https:\/\/www.nettali.com\/rest\/wp\/v2\/posts\/163564"}],"collection":[{"href":"https:\/\/www.nettali.com\/rest\/wp\/v2\/posts"}],"about":[{"href":"https:\/\/www.nettali.com\/rest\/wp\/v2\/types\/post"}],"author":[{"embeddable":true,"href":"https:\/\/www.nettali.com\/rest\/wp\/v2\/users\/4"}],"replies":[{"embeddable":true,"href":"https:\/\/www.nettali.com\/rest\/wp\/v2\/comments?post=163564"}],"version-history":[{"count":1,"href":"https:\/\/www.nettali.com\/rest\/wp\/v2\/posts\/163564\/revisions"}],"predecessor-version":[{"id":163566,"href":"https:\/\/www.nettali.com\/rest\/wp\/v2\/posts\/163564\/revisions\/163566"}],"wp:featuredmedia":[{"embeddable":true,"href":"https:\/\/www.nettali.com\/rest\/wp\/v2\/media\/163565"}],"wp:attachment":[{"href":"https:\/\/www.nettali.com\/rest\/wp\/v2\/media?parent=163564"}],"wp:term":[{"taxonomy":"category","embeddable":true,"href":"https:\/\/www.nettali.com\/rest\/wp\/v2\/categories?post=163564"},{"taxonomy":"post_tag","embeddable":true,"href":"https:\/\/www.nettali.com\/rest\/wp\/v2\/tags?post=163564"}],"curies":[{"name":"wp","href":"https:\/\/api.w.org\/{rel}","templated":true}]}}