{"id":163562,"date":"2025-10-28T06:52:27","date_gmt":"2025-10-28T06:52:27","guid":{"rendered":"https:\/\/www.nettali.com\/?p=163562"},"modified":"2025-10-28T08:45:30","modified_gmt":"2025-10-28T08:45:30","slug":"demande-dextradition-de-madiambal-diagne-la-chambre-dinstruction-de-versailles-examine-le-dossier-ce-mardi","status":"publish","type":"post","link":"https:\/\/www.nettali.com\/2025\/10\/28\/demande-dextradition-de-madiambal-diagne-la-chambre-dinstruction-de-versailles-examine-le-dossier-ce-mardi\/","title":{"rendered":"DEMANDE D\u2019EXTRADITION DE MADIAMBAL DIAGNE - La Chambre d\u2019instruction de Versailles examine le dossier, ce mardi"},"content":{"rendered":"<p><strong>NETTALI.COM - La Chambre d\u2019instruction de la Cour d\u2019appel de Versailles s\u2019est saisie du dossier relatif \u00e0 la demande d\u2019extradition visant le journaliste et patron de presse Madiambal Diagne. Une premi\u00e8re audience est pr\u00e9vue ce lundi 28 octobre, mais, selon plusieurs sources concordantes, ses avocats envisagent de demander un report afin de disposer de plus de temps pour pr\u00e9parer la d\u00e9fense de leur client.<\/strong><\/p>\n<p>Cette proc\u00e9dure fait suite \u00e0 une demande introduite par les autorit\u00e9s s\u00e9n\u00e9galaises qui souhaitent le retour de M. Diagne au pays pour r\u00e9pondre de faits ayant entra\u00een\u00e9 son inculpation par la justice s\u00e9n\u00e9galaise.<\/p>\n<p>L\u2019homme de presse, actuellement en France, conteste cette demande d\u2019extradition, invoquant notamment des motifs li\u00e9s \u00e0 la libert\u00e9 d\u2019expression et \u00e0 des risques d\u2019atteinte \u00e0 ses droits fondamentaux en cas de retour forc\u00e9.<\/p>\n<p>La Chambre d\u2019instruction de Versailles devra ainsi examiner la recevabilit\u00e9 juridique de la requ\u00eate s\u00e9n\u00e9galaise avant de rendre son avis, qui sera ensuite transmis au gouvernement fran\u00e7ais, seul habilit\u00e9 \u00e0 prendre la d\u00e9cision finale.<\/p>\n<p>L\u2019affaire, tr\u00e8s suivie au S\u00e9n\u00e9gal comme en France, suscite d\u00e9j\u00e0 de vifs d\u00e9bats sur la port\u00e9e politique et judiciaire de cette demande d\u2019extradition.<\/p>\n<p>&nbsp;<\/p>\n<div class='share-to-whatsapp-wrapper'><div class='share-on-whsp'>PARTAGER SUR : <\/div><a data-text='DEMANDE D\u2019EXTRADITION DE MADIAMBAL DIAGNE - La Chambre d\u2019instruction de Versailles examine le dossier, ce mardi' data-link='https:\/\/www.nettali.com\/2025\/10\/28\/demande-dextradition-de-madiambal-diagne-la-chambre-dinstruction-de-versailles-examine-le-dossier-ce-mardi\/' class='whatsapp-button whatsapp-share'>WhatsApp<\/a><div class='clear '><\/div><\/div>","protected":false},"excerpt":{"rendered":"<p>NETTALI.COM - La Chambre d\u2019instruction de la Cour d\u2019appel de Versailles s\u2019est saisie du dossier relatif \u00e0 la demande d\u2019extradition visant le journaliste et patron de presse Madiambal Diagne. Une premi\u00e8re audience est pr\u00e9vue ce lundi 28 octobre, mais, selon plusieurs sources concordantes, ses avocats envisagent de demander un report afin de disposer de plus [&hellip;]<\/p>\n","protected":false},"author":4,"featured_media":162152,"comment_status":"open","ping_status":"open","sticky":false,"template":"","format":"standard","meta":{"_et_pb_use_builder":"","_et_pb_old_content":""},"categories":[3],"tags":[],"yoast_head":"<!-- This site is optimized with the Yoast SEO Premium plugin v17.8 (Yoast SEO v17.8) - https:\/\/yoast.com\/wordpress\/plugins\/seo\/ -->\n<title>DEMANDE D\u2019EXTRADITION DE MADIAMBAL DIAGNE - La Chambre d\u2019instruction de Versailles examine le dossier, ce mardi | Nettali.com<\/title>\n<meta name=\"robots\" content=\"index, follow, max-snippet:-1, max-image-preview:large, max-video-preview:-1\" \/>\n<link rel=\"canonical\" href=\"https:\/\/www.nettali.com\/2025\/10\/28\/demande-dextradition-de-madiambal-diagne-la-chambre-dinstruction-de-versailles-examine-le-dossier-ce-mardi\/\" \/>\n<meta property=\"og:locale\" content=\"fr_FR\" \/>\n<meta property=\"og:type\" content=\"article\" \/>\n<meta property=\"og:title\" content=\"DEMANDE D\u2019EXTRADITION DE MADIAMBAL DIAGNE - La Chambre d\u2019instruction de Versailles examine le dossier, ce mardi\" \/>\n<meta property=\"og:description\" content=\"NETTALI.COM - La Chambre d\u2019instruction de la Cour d\u2019appel de Versailles s\u2019est saisie du dossier relatif \u00e0 la demande d\u2019extradition visant le journaliste et patron de presse Madiambal Diagne. Une premi\u00e8re audience est pr\u00e9vue ce lundi 28 octobre, mais, selon plusieurs sources concordantes, ses avocats envisagent de demander un report afin de disposer de plus [&hellip;]\" \/>\n<meta property=\"og:url\" content=\"https:\/\/www.nettali.com\/2025\/10\/28\/demande-dextradition-de-madiambal-diagne-la-chambre-dinstruction-de-versailles-examine-le-dossier-ce-mardi\/\" \/>\n<meta property=\"og:site_name\" content=\"Nettali.com\" \/>\n<meta property=\"article:publisher\" content=\"https:\/\/www.facebook.com\/nettalicom\" \/>\n<meta property=\"article:published_time\" content=\"2025-10-28T06:52:27+00:00\" \/>\n<meta property=\"article:modified_time\" content=\"2025-10-28T08:45:30+00:00\" \/>\n<meta property=\"og:image\" content=\"https:\/\/www.nettali.com\/wp-content\/uploads\/2025\/10\/Madiambal-Diagne.jpg\" \/>\n\t<meta property=\"og:image:width\" content=\"1260\" \/>\n\t<meta property=\"og:image:height\" content=\"800\" \/>\n<meta name=\"twitter:card\" content=\"summary_large_image\" \/>\n<meta name=\"twitter:label1\" content=\"\u00c9crit par\" \/>\n\t<meta name=\"twitter:data1\" content=\"Daouda\" \/>\n\t<meta name=\"twitter:label2\" content=\"Dur\u00e9e de lecture estim\u00e9e\" \/>\n\t<meta name=\"twitter:data2\" content=\"1 minute\" \/>\n<script type=\"application\/ld+json\" class=\"yoast-schema-graph\">{\"@context\":\"https:\/\/schema.org\",\"@graph\":[{\"@type\":\"WebSite\",\"@id\":\"https:\/\/www.nettali.com\/#website\",\"url\":\"https:\/\/www.nettali.com\/\",\"name\":\"Nettali.com\",\"description\":\"Le rendez-vous critique du Net\",\"potentialAction\":[{\"@type\":\"SearchAction\",\"target\":{\"@type\":\"EntryPoint\",\"urlTemplate\":\"https:\/\/www.nettali.com\/?s={search_term_string}\"},\"query-input\":\"required name=search_term_string\"}],\"inLanguage\":\"fr-FR\"},{\"@type\":\"ImageObject\",\"@id\":\"https:\/\/www.nettali.com\/2025\/10\/28\/demande-dextradition-de-madiambal-diagne-la-chambre-dinstruction-de-versailles-examine-le-dossier-ce-mardi\/#primaryimage\",\"inLanguage\":\"fr-FR\",\"url\":\"https:\/\/www.nettali.com\/wp-content\/uploads\/2025\/10\/Madiambal-Diagne.jpg\",\"contentUrl\":\"https:\/\/www.nettali.com\/wp-content\/uploads\/2025\/10\/Madiambal-Diagne.jpg\",\"width\":1260,\"height\":800},{\"@type\":\"WebPage\",\"@id\":\"https:\/\/www.nettali.com\/2025\/10\/28\/demande-dextradition-de-madiambal-diagne-la-chambre-dinstruction-de-versailles-examine-le-dossier-ce-mardi\/#webpage\",\"url\":\"https:\/\/www.nettali.com\/2025\/10\/28\/demande-dextradition-de-madiambal-diagne-la-chambre-dinstruction-de-versailles-examine-le-dossier-ce-mardi\/\",\"name\":\"DEMANDE D\\u2019EXTRADITION DE MADIAMBAL DIAGNE - La Chambre d\\u2019instruction de Versailles examine le dossier, ce mardi | Nettali.com\",\"isPartOf\":{\"@id\":\"https:\/\/www.nettali.com\/#website\"},\"primaryImageOfPage\":{\"@id\":\"https:\/\/www.nettali.com\/2025\/10\/28\/demande-dextradition-de-madiambal-diagne-la-chambre-dinstruction-de-versailles-examine-le-dossier-ce-mardi\/#primaryimage\"},\"datePublished\":\"2025-10-28T06:52:27+00:00\",\"dateModified\":\"2025-10-28T08:45:30+00:00\",\"author\":{\"@id\":\"https:\/\/www.nettali.com\/#\/schema\/person\/3317e0bb3aa1da309fbf7b2780901bf4\"},\"breadcrumb\":{\"@id\":\"https:\/\/www.nettali.com\/2025\/10\/28\/demande-dextradition-de-madiambal-diagne-la-chambre-dinstruction-de-versailles-examine-le-dossier-ce-mardi\/#breadcrumb\"},\"inLanguage\":\"fr-FR\",\"potentialAction\":[{\"@type\":\"ReadAction\",\"target\":[\"https:\/\/www.nettali.com\/2025\/10\/28\/demande-dextradition-de-madiambal-diagne-la-chambre-dinstruction-de-versailles-examine-le-dossier-ce-mardi\/\"]}]},{\"@type\":\"BreadcrumbList\",\"@id\":\"https:\/\/www.nettali.com\/2025\/10\/28\/demande-dextradition-de-madiambal-diagne-la-chambre-dinstruction-de-versailles-examine-le-dossier-ce-mardi\/#breadcrumb\",\"itemListElement\":[{\"@type\":\"ListItem\",\"position\":1,\"name\":\"Accueil\",\"item\":\"https:\/\/www.nettali.com\/\"},{\"@type\":\"ListItem\",\"position\":2,\"name\":\"DEMANDE D\\u2019EXTRADITION DE MADIAMBAL DIAGNE - La Chambre d\\u2019instruction de Versailles examine le dossier, ce mardi\"}]},{\"@type\":\"Person\",\"@id\":\"https:\/\/www.nettali.com\/#\/schema\/person\/3317e0bb3aa1da309fbf7b2780901bf4\",\"name\":\"Daouda\",\"image\":{\"@type\":\"ImageObject\",\"@id\":\"https:\/\/www.nettali.com\/#personlogo\",\"inLanguage\":\"fr-FR\",\"url\":\"https:\/\/secure.gravatar.com\/avatar\/8d143b5a49345098ddcfee1c49c2f47c?s=96&d=mm&r=g\",\"contentUrl\":\"https:\/\/secure.gravatar.com\/avatar\/8d143b5a49345098ddcfee1c49c2f47c?s=96&d=mm&r=g\",\"caption\":\"Daouda\"},\"sameAs\":[\"https:\/\/www.nettali.com\"]}]}<\/script>\n<!-- \/ Yoast SEO Premium plugin. -->","yoast_head_json":{"title":"DEMANDE D\u2019EXTRADITION DE MADIAMBAL DIAGNE - La Chambre d\u2019instruction de Versailles examine le dossier, ce mardi | Nettali.com","robots":{"index":"index","follow":"follow","max-snippet":"max-snippet:-1","max-image-preview":"max-image-preview:large","max-video-preview":"max-video-preview:-1"},"canonical":"https:\/\/www.nettali.com\/2025\/10\/28\/demande-dextradition-de-madiambal-diagne-la-chambre-dinstruction-de-versailles-examine-le-dossier-ce-mardi\/","og_locale":"fr_FR","og_type":"article","og_title":"DEMANDE D\u2019EXTRADITION DE MADIAMBAL DIAGNE - La Chambre d\u2019instruction de Versailles examine le dossier, ce mardi","og_description":"NETTALI.COM - La Chambre d\u2019instruction de la Cour d\u2019appel de Versailles s\u2019est saisie du dossier relatif \u00e0 la demande d\u2019extradition visant le journaliste et patron de presse Madiambal Diagne. Une premi\u00e8re audience est pr\u00e9vue ce lundi 28 octobre, mais, selon plusieurs sources concordantes, ses avocats envisagent de demander un report afin de disposer de plus [&hellip;]","og_url":"https:\/\/www.nettali.com\/2025\/10\/28\/demande-dextradition-de-madiambal-diagne-la-chambre-dinstruction-de-versailles-examine-le-dossier-ce-mardi\/","og_site_name":"Nettali.com","article_publisher":"https:\/\/www.facebook.com\/nettalicom","article_published_time":"2025-10-28T06:52:27+00:00","article_modified_time":"2025-10-28T08:45:30+00:00","og_image":[{"width":1260,"height":800,"url":"https:\/\/www.nettali.com\/wp-content\/uploads\/2025\/10\/Madiambal-Diagne.jpg","type":"image\/jpeg"}],"twitter_card":"summary_large_image","twitter_misc":{"\u00c9crit par":"Daouda","Dur\u00e9e de lecture estim\u00e9e":"1 minute"},"schema":{"@context":"https:\/\/schema.org","@graph":[{"@type":"WebSite","@id":"https:\/\/www.nettali.com\/#website","url":"https:\/\/www.nettali.com\/","name":"Nettali.com","description":"Le rendez-vous critique du Net","potentialAction":[{"@type":"SearchAction","target":{"@type":"EntryPoint","urlTemplate":"https:\/\/www.nettali.com\/?s={search_term_string}"},"query-input":"required name=search_term_string"}],"inLanguage":"fr-FR"},{"@type":"ImageObject","@id":"https:\/\/www.nettali.com\/2025\/10\/28\/demande-dextradition-de-madiambal-diagne-la-chambre-dinstruction-de-versailles-examine-le-dossier-ce-mardi\/#primaryimage","inLanguage":"fr-FR","url":"https:\/\/www.nettali.com\/wp-content\/uploads\/2025\/10\/Madiambal-Diagne.jpg","contentUrl":"https:\/\/www.nettali.com\/wp-content\/uploads\/2025\/10\/Madiambal-Diagne.jpg","width":1260,"height":800},{"@type":"WebPage","@id":"https:\/\/www.nettali.com\/2025\/10\/28\/demande-dextradition-de-madiambal-diagne-la-chambre-dinstruction-de-versailles-examine-le-dossier-ce-mardi\/#webpage","url":"https:\/\/www.nettali.com\/2025\/10\/28\/demande-dextradition-de-madiambal-diagne-la-chambre-dinstruction-de-versailles-examine-le-dossier-ce-mardi\/","name":"DEMANDE D\u2019EXTRADITION DE MADIAMBAL DIAGNE - La Chambre d\u2019instruction de Versailles examine le dossier, ce mardi | Nettali.com","isPartOf":{"@id":"https:\/\/www.nettali.com\/#website"},"primaryImageOfPage":{"@id":"https:\/\/www.nettali.com\/2025\/10\/28\/demande-dextradition-de-madiambal-diagne-la-chambre-dinstruction-de-versailles-examine-le-dossier-ce-mardi\/#primaryimage"},"datePublished":"2025-10-28T06:52:27+00:00","dateModified":"2025-10-28T08:45:30+00:00","author":{"@id":"https:\/\/www.nettali.com\/#\/schema\/person\/3317e0bb3aa1da309fbf7b2780901bf4"},"breadcrumb":{"@id":"https:\/\/www.nettali.com\/2025\/10\/28\/demande-dextradition-de-madiambal-diagne-la-chambre-dinstruction-de-versailles-examine-le-dossier-ce-mardi\/#breadcrumb"},"inLanguage":"fr-FR","potentialAction":[{"@type":"ReadAction","target":["https:\/\/www.nettali.com\/2025\/10\/28\/demande-dextradition-de-madiambal-diagne-la-chambre-dinstruction-de-versailles-examine-le-dossier-ce-mardi\/"]}]},{"@type":"BreadcrumbList","@id":"https:\/\/www.nettali.com\/2025\/10\/28\/demande-dextradition-de-madiambal-diagne-la-chambre-dinstruction-de-versailles-examine-le-dossier-ce-mardi\/#breadcrumb","itemListElement":[{"@type":"ListItem","position":1,"name":"Accueil","item":"https:\/\/www.nettali.com\/"},{"@type":"ListItem","position":2,"name":"DEMANDE D\u2019EXTRADITION DE MADIAMBAL DIAGNE - La Chambre d\u2019instruction de Versailles examine le dossier, ce mardi"}]},{"@type":"Person","@id":"https:\/\/www.nettali.com\/#\/schema\/person\/3317e0bb3aa1da309fbf7b2780901bf4","name":"Daouda","image":{"@type":"ImageObject","@id":"https:\/\/www.nettali.com\/#personlogo","inLanguage":"fr-FR","url":"https:\/\/secure.gravatar.com\/avatar\/8d143b5a49345098ddcfee1c49c2f47c?s=96&d=mm&r=g","contentUrl":"https:\/\/secure.gravatar.com\/avatar\/8d143b5a49345098ddcfee1c49c2f47c?s=96&d=mm&r=g","caption":"Daouda"},"sameAs":["https:\/\/www.nettali.com"]}]}},"_links":{"self":[{"href":"https:\/\/www.nettali.com\/rest\/wp\/v2\/posts\/163562"}],"collection":[{"href":"https:\/\/www.nettali.com\/rest\/wp\/v2\/posts"}],"about":[{"href":"https:\/\/www.nettali.com\/rest\/wp\/v2\/types\/post"}],"author":[{"embeddable":true,"href":"https:\/\/www.nettali.com\/rest\/wp\/v2\/users\/4"}],"replies":[{"embeddable":true,"href":"https:\/\/www.nettali.com\/rest\/wp\/v2\/comments?post=163562"}],"version-history":[{"count":2,"href":"https:\/\/www.nettali.com\/rest\/wp\/v2\/posts\/163562\/revisions"}],"predecessor-version":[{"id":163574,"href":"https:\/\/www.nettali.com\/rest\/wp\/v2\/posts\/163562\/revisions\/163574"}],"wp:featuredmedia":[{"embeddable":true,"href":"https:\/\/www.nettali.com\/rest\/wp\/v2\/media\/162152"}],"wp:attachment":[{"href":"https:\/\/www.nettali.com\/rest\/wp\/v2\/media?parent=163562"}],"wp:term":[{"taxonomy":"category","embeddable":true,"href":"https:\/\/www.nettali.com\/rest\/wp\/v2\/categories?post=163562"},{"taxonomy":"post_tag","embeddable":true,"href":"https:\/\/www.nettali.com\/rest\/wp\/v2\/tags?post=163562"}],"curies":[{"name":"wp","href":"https:\/\/api.w.org\/{rel}","templated":true}]}}