{"id":163555,"date":"2025-10-27T20:06:12","date_gmt":"2025-10-27T20:06:12","guid":{"rendered":"https:\/\/www.nettali.com\/?p=163555"},"modified":"2025-10-29T02:43:34","modified_gmt":"2025-10-29T02:43:34","slug":"mise-en-accusation-de-macky-sall-le-bureau-de-lassemblee-rejette-la-proposition-de-guy-marius-sagna","status":"publish","type":"post","link":"https:\/\/www.nettali.com\/2025\/10\/27\/mise-en-accusation-de-macky-sall-le-bureau-de-lassemblee-rejette-la-proposition-de-guy-marius-sagna\/","title":{"rendered":"MISE EN ACCUSATION DE MACKY SALL - Le bureau de l'Assembl\u00e9e rejette le projet de Guy Marius Sagna"},"content":{"rendered":"<p><strong>NETTALI.COM - Macky Sall ne sera pas mis en accusation par l'Assembl\u00e9e nationale. Du moins pas de sit\u00f4t. R\u00e9uni ce lundi 27 octobre, le bureau de l'Assembl\u00e9e nationale a rejet\u00e9 le projet d\u00e9pos\u00e9 dans ce sens par le d\u00e9put\u00e9 Guy Marius Sagna.<\/strong><\/p>\n<p>D\u00e9put\u00e9 membre du groupe parlementaire Pastef-Les Patriotes, Guy Marius Sagna avait d\u00e9pos\u00e9 sur la table du bureau de l'Assembl\u00e9e nationale un projet de mise en accusation dans le but de traduire l'ancien pr\u00e9sident Macky Sall devant la Haute Cour de Justice pour haute trahison. Et c'est ce lundi que les membres du bureau se sont pench\u00e9s sur le texte qu'ils ont finalement rejet\u00e9 pour vice de forme. Et pour cause, le bureau de l'institution parlementaire a estim\u00e9 que le projet port\u00e9 par Guy Marius Sagna ne respecte les dispositions de l'article 103 de la loi organique n\u20702025-11 du 18 ao\u00fbt 2025 portant R\u00e8glement int\u00e9rieur de l\u2019Assembl\u00e9e nationale.<\/p>\n<p>Ledit texte stipule en effet que \"<em>l'Assembl\u00e9e nationale peut inscrire \u00e0 son ordre du jour la discussion des r\u00e9solutions pr\u00e9sent\u00e9es par l'une de ses commissions, un groupe parlementaire ou un nombre de d\u00e9put\u00e9 non-inscrits \u00e9gal au dixi\u00e8me des membres de l\u2019Assembl\u00e9e<\/em> (...).\" Or, le projet de mise en accusation de Macky Sall ne porte que la signature de Guy Marius Sagna. D'o\u00f9 le rejet pour vice de forme.<\/p>\n<p>Toutefois, le bureau n'ayant pas examin\u00e9 la demande dans le fond, la porte reste ouverte pour le d\u00e9p\u00f4t d'un autre projet de mise en accusation de l'ancien chef de l\u2019Etat.<\/p>\n<p>Il faut que le bureau de l'Assembl\u00e9e nationale a aussi rejet\u00e9 tous les projets de r\u00e9solution d\u00e9pos\u00e9s individuellement sur sa table.<\/p>\n<div class='share-to-whatsapp-wrapper'><div class='share-on-whsp'>PARTAGER SUR : <\/div><a data-text='MISE EN ACCUSATION DE MACKY SALL - Le bureau de l'Assembl\u00e9e rejette le projet de Guy Marius Sagna' data-link='https:\/\/www.nettali.com\/2025\/10\/27\/mise-en-accusation-de-macky-sall-le-bureau-de-lassemblee-rejette-la-proposition-de-guy-marius-sagna\/' class='whatsapp-button whatsapp-share'>WhatsApp<\/a><div class='clear '><\/div><\/div>","protected":false},"excerpt":{"rendered":"<p>NETTALI.COM - Macky Sall ne sera pas mis en accusation par l'Assembl\u00e9e nationale. Du moins pas de sit\u00f4t. R\u00e9uni ce lundi 27 octobre, le bureau de l'Assembl\u00e9e nationale a rejet\u00e9 le projet d\u00e9pos\u00e9 dans ce sens par le d\u00e9put\u00e9 Guy Marius Sagna. D\u00e9put\u00e9 membre du groupe parlementaire Pastef-Les Patriotes, Guy Marius Sagna avait d\u00e9pos\u00e9 sur [&hellip;]<\/p>\n","protected":false},"author":3,"featured_media":163556,"comment_status":"open","ping_status":"open","sticky":false,"template":"","format":"standard","meta":{"_et_pb_use_builder":"","_et_pb_old_content":""},"categories":[2],"tags":[],"yoast_head":"<!-- This site is optimized with the Yoast SEO Premium plugin v17.8 (Yoast SEO v17.8) - https:\/\/yoast.com\/wordpress\/plugins\/seo\/ -->\n<title>MISE EN ACCUSATION DE MACKY SALL - Le bureau de l&#039;Assembl\u00e9e rejette le projet de Guy Marius Sagna | Nettali.com<\/title>\n<meta name=\"robots\" content=\"index, follow, max-snippet:-1, max-image-preview:large, max-video-preview:-1\" \/>\n<link rel=\"canonical\" href=\"https:\/\/www.nettali.com\/2025\/10\/27\/mise-en-accusation-de-macky-sall-le-bureau-de-lassemblee-rejette-la-proposition-de-guy-marius-sagna\/\" \/>\n<meta property=\"og:locale\" content=\"fr_FR\" \/>\n<meta property=\"og:type\" content=\"article\" \/>\n<meta property=\"og:title\" content=\"MISE EN ACCUSATION DE MACKY SALL - Le bureau de l&#039;Assembl\u00e9e rejette le projet de Guy Marius Sagna\" \/>\n<meta property=\"og:description\" content=\"NETTALI.COM - Macky Sall ne sera pas mis en accusation par l&#039;Assembl\u00e9e nationale. Du moins pas de sit\u00f4t. R\u00e9uni ce lundi 27 octobre, le bureau de l&#039;Assembl\u00e9e nationale a rejet\u00e9 le projet d\u00e9pos\u00e9 dans ce sens par le d\u00e9put\u00e9 Guy Marius Sagna. D\u00e9put\u00e9 membre du groupe parlementaire Pastef-Les Patriotes, Guy Marius Sagna avait d\u00e9pos\u00e9 sur [&hellip;]\" \/>\n<meta property=\"og:url\" content=\"https:\/\/www.nettali.com\/2025\/10\/27\/mise-en-accusation-de-macky-sall-le-bureau-de-lassemblee-rejette-la-proposition-de-guy-marius-sagna\/\" \/>\n<meta property=\"og:site_name\" content=\"Nettali.com\" \/>\n<meta property=\"article:publisher\" content=\"https:\/\/www.facebook.com\/nettalicom\" \/>\n<meta property=\"article:published_time\" content=\"2025-10-27T20:06:12+00:00\" \/>\n<meta property=\"article:modified_time\" content=\"2025-10-29T02:43:34+00:00\" \/>\n<meta property=\"og:image\" content=\"https:\/\/www.nettali.com\/wp-content\/uploads\/2025\/10\/Guy-Marius-Sagna-Macky-Sall.jpg\" \/>\n\t<meta property=\"og:image:width\" content=\"600\" \/>\n\t<meta property=\"og:image:height\" content=\"600\" \/>\n<meta name=\"twitter:card\" content=\"summary_large_image\" \/>\n<meta name=\"twitter:label1\" content=\"\u00c9crit par\" \/>\n\t<meta name=\"twitter:data1\" content=\"Moustapha\" \/>\n\t<meta name=\"twitter:label2\" content=\"Dur\u00e9e de lecture estim\u00e9e\" \/>\n\t<meta name=\"twitter:data2\" content=\"2 minutes\" \/>\n<script type=\"application\/ld+json\" class=\"yoast-schema-graph\">{\"@context\":\"https:\/\/schema.org\",\"@graph\":[{\"@type\":\"WebSite\",\"@id\":\"https:\/\/www.nettali.com\/#website\",\"url\":\"https:\/\/www.nettali.com\/\",\"name\":\"Nettali.com\",\"description\":\"Le rendez-vous critique du Net\",\"potentialAction\":[{\"@type\":\"SearchAction\",\"target\":{\"@type\":\"EntryPoint\",\"urlTemplate\":\"https:\/\/www.nettali.com\/?s={search_term_string}\"},\"query-input\":\"required name=search_term_string\"}],\"inLanguage\":\"fr-FR\"},{\"@type\":\"ImageObject\",\"@id\":\"https:\/\/www.nettali.com\/2025\/10\/27\/mise-en-accusation-de-macky-sall-le-bureau-de-lassemblee-rejette-la-proposition-de-guy-marius-sagna\/#primaryimage\",\"inLanguage\":\"fr-FR\",\"url\":\"https:\/\/www.nettali.com\/wp-content\/uploads\/2025\/10\/Guy-Marius-Sagna-Macky-Sall.jpg\",\"contentUrl\":\"https:\/\/www.nettali.com\/wp-content\/uploads\/2025\/10\/Guy-Marius-Sagna-Macky-Sall.jpg\",\"width\":600,\"height\":600},{\"@type\":\"WebPage\",\"@id\":\"https:\/\/www.nettali.com\/2025\/10\/27\/mise-en-accusation-de-macky-sall-le-bureau-de-lassemblee-rejette-la-proposition-de-guy-marius-sagna\/#webpage\",\"url\":\"https:\/\/www.nettali.com\/2025\/10\/27\/mise-en-accusation-de-macky-sall-le-bureau-de-lassemblee-rejette-la-proposition-de-guy-marius-sagna\/\",\"name\":\"MISE EN ACCUSATION DE MACKY SALL - Le bureau de l'Assembl\\u00e9e rejette le projet de Guy Marius Sagna | Nettali.com\",\"isPartOf\":{\"@id\":\"https:\/\/www.nettali.com\/#website\"},\"primaryImageOfPage\":{\"@id\":\"https:\/\/www.nettali.com\/2025\/10\/27\/mise-en-accusation-de-macky-sall-le-bureau-de-lassemblee-rejette-la-proposition-de-guy-marius-sagna\/#primaryimage\"},\"datePublished\":\"2025-10-27T20:06:12+00:00\",\"dateModified\":\"2025-10-29T02:43:34+00:00\",\"author\":{\"@id\":\"https:\/\/www.nettali.com\/#\/schema\/person\/7962a12a6e0267f88f0ffa544c36469a\"},\"breadcrumb\":{\"@id\":\"https:\/\/www.nettali.com\/2025\/10\/27\/mise-en-accusation-de-macky-sall-le-bureau-de-lassemblee-rejette-la-proposition-de-guy-marius-sagna\/#breadcrumb\"},\"inLanguage\":\"fr-FR\",\"potentialAction\":[{\"@type\":\"ReadAction\",\"target\":[\"https:\/\/www.nettali.com\/2025\/10\/27\/mise-en-accusation-de-macky-sall-le-bureau-de-lassemblee-rejette-la-proposition-de-guy-marius-sagna\/\"]}]},{\"@type\":\"BreadcrumbList\",\"@id\":\"https:\/\/www.nettali.com\/2025\/10\/27\/mise-en-accusation-de-macky-sall-le-bureau-de-lassemblee-rejette-la-proposition-de-guy-marius-sagna\/#breadcrumb\",\"itemListElement\":[{\"@type\":\"ListItem\",\"position\":1,\"name\":\"Accueil\",\"item\":\"https:\/\/www.nettali.com\/\"},{\"@type\":\"ListItem\",\"position\":2,\"name\":\"MISE EN ACCUSATION DE MACKY SALL - Le bureau de l'Assembl\\u00e9e rejette le projet de Guy Marius Sagna\"}]},{\"@type\":\"Person\",\"@id\":\"https:\/\/www.nettali.com\/#\/schema\/person\/7962a12a6e0267f88f0ffa544c36469a\",\"name\":\"Moustapha\",\"image\":{\"@type\":\"ImageObject\",\"@id\":\"https:\/\/www.nettali.com\/#personlogo\",\"inLanguage\":\"fr-FR\",\"url\":\"https:\/\/secure.gravatar.com\/avatar\/10fdf6a071cccdcf374e3dbe45159590?s=96&d=mm&r=g\",\"contentUrl\":\"https:\/\/secure.gravatar.com\/avatar\/10fdf6a071cccdcf374e3dbe45159590?s=96&d=mm&r=g\",\"caption\":\"Moustapha\"},\"sameAs\":[\"https:\/\/www.nettali.com\"]}]}<\/script>\n<!-- \/ Yoast SEO Premium plugin. -->","yoast_head_json":{"title":"MISE EN ACCUSATION DE MACKY SALL - Le bureau de l'Assembl\u00e9e rejette le projet de Guy Marius Sagna | Nettali.com","robots":{"index":"index","follow":"follow","max-snippet":"max-snippet:-1","max-image-preview":"max-image-preview:large","max-video-preview":"max-video-preview:-1"},"canonical":"https:\/\/www.nettali.com\/2025\/10\/27\/mise-en-accusation-de-macky-sall-le-bureau-de-lassemblee-rejette-la-proposition-de-guy-marius-sagna\/","og_locale":"fr_FR","og_type":"article","og_title":"MISE EN ACCUSATION DE MACKY SALL - Le bureau de l'Assembl\u00e9e rejette le projet de Guy Marius Sagna","og_description":"NETTALI.COM - Macky Sall ne sera pas mis en accusation par l'Assembl\u00e9e nationale. Du moins pas de sit\u00f4t. R\u00e9uni ce lundi 27 octobre, le bureau de l'Assembl\u00e9e nationale a rejet\u00e9 le projet d\u00e9pos\u00e9 dans ce sens par le d\u00e9put\u00e9 Guy Marius Sagna. D\u00e9put\u00e9 membre du groupe parlementaire Pastef-Les Patriotes, Guy Marius Sagna avait d\u00e9pos\u00e9 sur [&hellip;]","og_url":"https:\/\/www.nettali.com\/2025\/10\/27\/mise-en-accusation-de-macky-sall-le-bureau-de-lassemblee-rejette-la-proposition-de-guy-marius-sagna\/","og_site_name":"Nettali.com","article_publisher":"https:\/\/www.facebook.com\/nettalicom","article_published_time":"2025-10-27T20:06:12+00:00","article_modified_time":"2025-10-29T02:43:34+00:00","og_image":[{"width":600,"height":600,"url":"https:\/\/www.nettali.com\/wp-content\/uploads\/2025\/10\/Guy-Marius-Sagna-Macky-Sall.jpg","type":"image\/jpeg"}],"twitter_card":"summary_large_image","twitter_misc":{"\u00c9crit par":"Moustapha","Dur\u00e9e de lecture estim\u00e9e":"2 minutes"},"schema":{"@context":"https:\/\/schema.org","@graph":[{"@type":"WebSite","@id":"https:\/\/www.nettali.com\/#website","url":"https:\/\/www.nettali.com\/","name":"Nettali.com","description":"Le rendez-vous critique du Net","potentialAction":[{"@type":"SearchAction","target":{"@type":"EntryPoint","urlTemplate":"https:\/\/www.nettali.com\/?s={search_term_string}"},"query-input":"required name=search_term_string"}],"inLanguage":"fr-FR"},{"@type":"ImageObject","@id":"https:\/\/www.nettali.com\/2025\/10\/27\/mise-en-accusation-de-macky-sall-le-bureau-de-lassemblee-rejette-la-proposition-de-guy-marius-sagna\/#primaryimage","inLanguage":"fr-FR","url":"https:\/\/www.nettali.com\/wp-content\/uploads\/2025\/10\/Guy-Marius-Sagna-Macky-Sall.jpg","contentUrl":"https:\/\/www.nettali.com\/wp-content\/uploads\/2025\/10\/Guy-Marius-Sagna-Macky-Sall.jpg","width":600,"height":600},{"@type":"WebPage","@id":"https:\/\/www.nettali.com\/2025\/10\/27\/mise-en-accusation-de-macky-sall-le-bureau-de-lassemblee-rejette-la-proposition-de-guy-marius-sagna\/#webpage","url":"https:\/\/www.nettali.com\/2025\/10\/27\/mise-en-accusation-de-macky-sall-le-bureau-de-lassemblee-rejette-la-proposition-de-guy-marius-sagna\/","name":"MISE EN ACCUSATION DE MACKY SALL - Le bureau de l'Assembl\u00e9e rejette le projet de Guy Marius Sagna | Nettali.com","isPartOf":{"@id":"https:\/\/www.nettali.com\/#website"},"primaryImageOfPage":{"@id":"https:\/\/www.nettali.com\/2025\/10\/27\/mise-en-accusation-de-macky-sall-le-bureau-de-lassemblee-rejette-la-proposition-de-guy-marius-sagna\/#primaryimage"},"datePublished":"2025-10-27T20:06:12+00:00","dateModified":"2025-10-29T02:43:34+00:00","author":{"@id":"https:\/\/www.nettali.com\/#\/schema\/person\/7962a12a6e0267f88f0ffa544c36469a"},"breadcrumb":{"@id":"https:\/\/www.nettali.com\/2025\/10\/27\/mise-en-accusation-de-macky-sall-le-bureau-de-lassemblee-rejette-la-proposition-de-guy-marius-sagna\/#breadcrumb"},"inLanguage":"fr-FR","potentialAction":[{"@type":"ReadAction","target":["https:\/\/www.nettali.com\/2025\/10\/27\/mise-en-accusation-de-macky-sall-le-bureau-de-lassemblee-rejette-la-proposition-de-guy-marius-sagna\/"]}]},{"@type":"BreadcrumbList","@id":"https:\/\/www.nettali.com\/2025\/10\/27\/mise-en-accusation-de-macky-sall-le-bureau-de-lassemblee-rejette-la-proposition-de-guy-marius-sagna\/#breadcrumb","itemListElement":[{"@type":"ListItem","position":1,"name":"Accueil","item":"https:\/\/www.nettali.com\/"},{"@type":"ListItem","position":2,"name":"MISE EN ACCUSATION DE MACKY SALL - Le bureau de l'Assembl\u00e9e rejette le projet de Guy Marius Sagna"}]},{"@type":"Person","@id":"https:\/\/www.nettali.com\/#\/schema\/person\/7962a12a6e0267f88f0ffa544c36469a","name":"Moustapha","image":{"@type":"ImageObject","@id":"https:\/\/www.nettali.com\/#personlogo","inLanguage":"fr-FR","url":"https:\/\/secure.gravatar.com\/avatar\/10fdf6a071cccdcf374e3dbe45159590?s=96&d=mm&r=g","contentUrl":"https:\/\/secure.gravatar.com\/avatar\/10fdf6a071cccdcf374e3dbe45159590?s=96&d=mm&r=g","caption":"Moustapha"},"sameAs":["https:\/\/www.nettali.com"]}]}},"_links":{"self":[{"href":"https:\/\/www.nettali.com\/rest\/wp\/v2\/posts\/163555"}],"collection":[{"href":"https:\/\/www.nettali.com\/rest\/wp\/v2\/posts"}],"about":[{"href":"https:\/\/www.nettali.com\/rest\/wp\/v2\/types\/post"}],"author":[{"embeddable":true,"href":"https:\/\/www.nettali.com\/rest\/wp\/v2\/users\/3"}],"replies":[{"embeddable":true,"href":"https:\/\/www.nettali.com\/rest\/wp\/v2\/comments?post=163555"}],"version-history":[{"count":4,"href":"https:\/\/www.nettali.com\/rest\/wp\/v2\/posts\/163555\/revisions"}],"predecessor-version":[{"id":163575,"href":"https:\/\/www.nettali.com\/rest\/wp\/v2\/posts\/163555\/revisions\/163575"}],"wp:featuredmedia":[{"embeddable":true,"href":"https:\/\/www.nettali.com\/rest\/wp\/v2\/media\/163556"}],"wp:attachment":[{"href":"https:\/\/www.nettali.com\/rest\/wp\/v2\/media?parent=163555"}],"wp:term":[{"taxonomy":"category","embeddable":true,"href":"https:\/\/www.nettali.com\/rest\/wp\/v2\/categories?post=163555"},{"taxonomy":"post_tag","embeddable":true,"href":"https:\/\/www.nettali.com\/rest\/wp\/v2\/tags?post=163555"}],"curies":[{"name":"wp","href":"https:\/\/api.w.org\/{rel}","templated":true}]}}