{"id":163549,"date":"2025-10-27T19:38:01","date_gmt":"2025-10-27T19:38:01","guid":{"rendered":"https:\/\/www.nettali.com\/?p=163549"},"modified":"2025-10-29T01:20:28","modified_gmt":"2025-10-29T01:20:28","slug":"electricite-gaz-carburant-ousmane-sonko-annonce-une-baisse-des-prix","status":"publish","type":"post","link":"https:\/\/www.nettali.com\/2025\/10\/27\/electricite-gaz-carburant-ousmane-sonko-annonce-une-baisse-des-prix\/","title":{"rendered":"\u00c9LECTRICIT\u00c9, GAZ, CARBURANT - Ousmane Sonko annonce une baisse des prix"},"content":{"rendered":"<p><strong>NETTALI.COM - Les consommateurs s\u00e9n\u00e9galais vont bient\u00f4t pouvoir pousser un ouf de soulagement. C'est du moins ce que laisse entendre le Premier ministre Ousmane Sonko qui a annonc\u00e9 ce lundi une baisse prochaine des prix de l'essence, du gasoil, du gaz, mais aussi de l'\u00e9lectricit\u00e9.\u00a0<\/strong><\/p>\n<p>Bonne nouvelle pour les consommateurs s\u00e9n\u00e9galais. Pour sa premi\u00e8re sortie officielle depuis son \"<em>repos de quelques jours<\/em>\", Ousmane Sonko a annonc\u00e9 une baisse prochaine des prix. Le chef du gouvernement s'exprimait \u00e0 l'occasion de l'installation du comit\u00e9 de pilotage du Pacte national de stabilit\u00e9 sociale pour une croissance inclusive et durable. Il s'agit pr\u00e9cis\u00e9ment des prix de l'\u00e9lectricit\u00e9, de l'essence, du gaz et du gasoil.<\/p>\n<p>\"<em>Malgr\u00e9 la situation \u00e9conomique difficile dont nous avons h\u00e9rit\u00e9e, nous sommes en train d'orienter le budget vers une prise en charge des pr\u00e9occupations sociales des S\u00e9n\u00e9galais. On a fait l'arbitrage budg\u00e9taire. Avec le ministre des Finances, on y a travaill\u00e9 pendant longtemps. Et on a fait tout ce qui \u00e9tait possible pour d\u00e9gager des marges. Notre premier objectif, c'est de relancer l'\u00e9conomie<\/em>\", dit-il. Avant d'ajouter : \"<em>On ne peut pas continuer \u00e0 d\u00e9pendre de l'ext\u00e9rieur pour nos projets majeurs<\/em>.\" \"<em>Je peux annoncer que, dans quelques jours, il y aura des mesures de baisse des prix de l'\u00e9lectricit\u00e9, du carburant et du gaz<\/em>\", indique Ousmane Sonko. Selon lui, une commission travaille sur ces mesures depuis plusieurs mois sur instruction du pr\u00e9sident de la R\u00e9publique.<\/p>\n<p>Toujours pour soulager les populations face aux nombreuses difficult\u00e9s, le chef du gouvernement annonce des mesures budg\u00e9taires pour sauver des entreprises comme Air S\u00e9n\u00e9gal, la Sonacos ou encore la Poste. Il s'y ajoute, toujours d'apr\u00e8s Ousmane Sonko, la construction prochaine de 30 postes de sant\u00e9, ainsi que des logements sociaux pour un budget de 20 milliards de francs avec comme objectif la construction de 30 mille maisons.<\/p>\n<div class='share-to-whatsapp-wrapper'><div class='share-on-whsp'>PARTAGER SUR : <\/div><a data-text='\u00c9LECTRICIT\u00c9, GAZ, CARBURANT - Ousmane Sonko annonce une baisse des prix' data-link='https:\/\/www.nettali.com\/2025\/10\/27\/electricite-gaz-carburant-ousmane-sonko-annonce-une-baisse-des-prix\/' class='whatsapp-button whatsapp-share'>WhatsApp<\/a><div class='clear '><\/div><\/div>","protected":false},"excerpt":{"rendered":"<p>NETTALI.COM - Les consommateurs s\u00e9n\u00e9galais vont bient\u00f4t pouvoir pousser un ouf de soulagement. C'est du moins ce que laisse entendre le Premier ministre Ousmane Sonko qui a annonc\u00e9 ce lundi une baisse prochaine des prix de l'essence, du gasoil, du gaz, mais aussi de l'\u00e9lectricit\u00e9.\u00a0 Bonne nouvelle pour les consommateurs s\u00e9n\u00e9galais. Pour sa premi\u00e8re sortie [&hellip;]<\/p>\n","protected":false},"author":3,"featured_media":160564,"comment_status":"open","ping_status":"open","sticky":false,"template":"","format":"standard","meta":{"_et_pb_use_builder":"","_et_pb_old_content":""},"categories":[3],"tags":[],"yoast_head":"<!-- This site is optimized with the Yoast SEO Premium plugin v17.8 (Yoast SEO v17.8) - https:\/\/yoast.com\/wordpress\/plugins\/seo\/ -->\n<title>\u00c9LECTRICIT\u00c9, GAZ, CARBURANT - Ousmane Sonko annonce une baisse des prix | Nettali.com<\/title>\n<meta name=\"robots\" content=\"index, follow, max-snippet:-1, max-image-preview:large, max-video-preview:-1\" \/>\n<link rel=\"canonical\" href=\"https:\/\/www.nettali.com\/2025\/10\/27\/electricite-gaz-carburant-ousmane-sonko-annonce-une-baisse-des-prix\/\" \/>\n<meta property=\"og:locale\" content=\"fr_FR\" \/>\n<meta property=\"og:type\" content=\"article\" \/>\n<meta property=\"og:title\" content=\"\u00c9LECTRICIT\u00c9, GAZ, CARBURANT - Ousmane Sonko annonce une baisse des prix\" \/>\n<meta property=\"og:description\" content=\"NETTALI.COM - Les consommateurs s\u00e9n\u00e9galais vont bient\u00f4t pouvoir pousser un ouf de soulagement. C&#039;est du moins ce que laisse entendre le Premier ministre Ousmane Sonko qui a annonc\u00e9 ce lundi une baisse prochaine des prix de l&#039;essence, du gasoil, du gaz, mais aussi de l&#039;\u00e9lectricit\u00e9.\u00a0 Bonne nouvelle pour les consommateurs s\u00e9n\u00e9galais. Pour sa premi\u00e8re sortie [&hellip;]\" \/>\n<meta property=\"og:url\" content=\"https:\/\/www.nettali.com\/2025\/10\/27\/electricite-gaz-carburant-ousmane-sonko-annonce-une-baisse-des-prix\/\" \/>\n<meta property=\"og:site_name\" content=\"Nettali.com\" \/>\n<meta property=\"article:publisher\" content=\"https:\/\/www.facebook.com\/nettalicom\" \/>\n<meta property=\"article:published_time\" content=\"2025-10-27T19:38:01+00:00\" \/>\n<meta property=\"article:modified_time\" content=\"2025-10-29T01:20:28+00:00\" \/>\n<meta property=\"og:image\" content=\"https:\/\/www.nettali.com\/wp-content\/uploads\/2025\/09\/Ousmane-Sonko-Plan-de-redressement-economique-du-Senegal.jpg\" \/>\n\t<meta property=\"og:image:width\" content=\"2048\" \/>\n\t<meta property=\"og:image:height\" content=\"1364\" \/>\n<meta name=\"twitter:card\" content=\"summary_large_image\" \/>\n<meta name=\"twitter:label1\" content=\"\u00c9crit par\" \/>\n\t<meta name=\"twitter:data1\" content=\"Moustapha\" \/>\n\t<meta name=\"twitter:label2\" content=\"Dur\u00e9e de lecture estim\u00e9e\" \/>\n\t<meta name=\"twitter:data2\" content=\"2 minutes\" \/>\n<script type=\"application\/ld+json\" class=\"yoast-schema-graph\">{\"@context\":\"https:\/\/schema.org\",\"@graph\":[{\"@type\":\"WebSite\",\"@id\":\"https:\/\/www.nettali.com\/#website\",\"url\":\"https:\/\/www.nettali.com\/\",\"name\":\"Nettali.com\",\"description\":\"Le rendez-vous critique du Net\",\"potentialAction\":[{\"@type\":\"SearchAction\",\"target\":{\"@type\":\"EntryPoint\",\"urlTemplate\":\"https:\/\/www.nettali.com\/?s={search_term_string}\"},\"query-input\":\"required name=search_term_string\"}],\"inLanguage\":\"fr-FR\"},{\"@type\":\"ImageObject\",\"@id\":\"https:\/\/www.nettali.com\/2025\/10\/27\/electricite-gaz-carburant-ousmane-sonko-annonce-une-baisse-des-prix\/#primaryimage\",\"inLanguage\":\"fr-FR\",\"url\":\"https:\/\/www.nettali.com\/wp-content\/uploads\/2025\/09\/Ousmane-Sonko-Plan-de-redressement-economique-du-Senegal.jpg\",\"contentUrl\":\"https:\/\/www.nettali.com\/wp-content\/uploads\/2025\/09\/Ousmane-Sonko-Plan-de-redressement-economique-du-Senegal.jpg\",\"width\":2048,\"height\":1364},{\"@type\":\"WebPage\",\"@id\":\"https:\/\/www.nettali.com\/2025\/10\/27\/electricite-gaz-carburant-ousmane-sonko-annonce-une-baisse-des-prix\/#webpage\",\"url\":\"https:\/\/www.nettali.com\/2025\/10\/27\/electricite-gaz-carburant-ousmane-sonko-annonce-une-baisse-des-prix\/\",\"name\":\"\\u00c9LECTRICIT\\u00c9, GAZ, CARBURANT - Ousmane Sonko annonce une baisse des prix | Nettali.com\",\"isPartOf\":{\"@id\":\"https:\/\/www.nettali.com\/#website\"},\"primaryImageOfPage\":{\"@id\":\"https:\/\/www.nettali.com\/2025\/10\/27\/electricite-gaz-carburant-ousmane-sonko-annonce-une-baisse-des-prix\/#primaryimage\"},\"datePublished\":\"2025-10-27T19:38:01+00:00\",\"dateModified\":\"2025-10-29T01:20:28+00:00\",\"author\":{\"@id\":\"https:\/\/www.nettali.com\/#\/schema\/person\/7962a12a6e0267f88f0ffa544c36469a\"},\"breadcrumb\":{\"@id\":\"https:\/\/www.nettali.com\/2025\/10\/27\/electricite-gaz-carburant-ousmane-sonko-annonce-une-baisse-des-prix\/#breadcrumb\"},\"inLanguage\":\"fr-FR\",\"potentialAction\":[{\"@type\":\"ReadAction\",\"target\":[\"https:\/\/www.nettali.com\/2025\/10\/27\/electricite-gaz-carburant-ousmane-sonko-annonce-une-baisse-des-prix\/\"]}]},{\"@type\":\"BreadcrumbList\",\"@id\":\"https:\/\/www.nettali.com\/2025\/10\/27\/electricite-gaz-carburant-ousmane-sonko-annonce-une-baisse-des-prix\/#breadcrumb\",\"itemListElement\":[{\"@type\":\"ListItem\",\"position\":1,\"name\":\"Accueil\",\"item\":\"https:\/\/www.nettali.com\/\"},{\"@type\":\"ListItem\",\"position\":2,\"name\":\"\\u00c9LECTRICIT\\u00c9, GAZ, CARBURANT - Ousmane Sonko annonce une baisse des prix\"}]},{\"@type\":\"Person\",\"@id\":\"https:\/\/www.nettali.com\/#\/schema\/person\/7962a12a6e0267f88f0ffa544c36469a\",\"name\":\"Moustapha\",\"image\":{\"@type\":\"ImageObject\",\"@id\":\"https:\/\/www.nettali.com\/#personlogo\",\"inLanguage\":\"fr-FR\",\"url\":\"https:\/\/secure.gravatar.com\/avatar\/10fdf6a071cccdcf374e3dbe45159590?s=96&d=mm&r=g\",\"contentUrl\":\"https:\/\/secure.gravatar.com\/avatar\/10fdf6a071cccdcf374e3dbe45159590?s=96&d=mm&r=g\",\"caption\":\"Moustapha\"},\"sameAs\":[\"https:\/\/www.nettali.com\"]}]}<\/script>\n<!-- \/ Yoast SEO Premium plugin. -->","yoast_head_json":{"title":"\u00c9LECTRICIT\u00c9, GAZ, CARBURANT - Ousmane Sonko annonce une baisse des prix | Nettali.com","robots":{"index":"index","follow":"follow","max-snippet":"max-snippet:-1","max-image-preview":"max-image-preview:large","max-video-preview":"max-video-preview:-1"},"canonical":"https:\/\/www.nettali.com\/2025\/10\/27\/electricite-gaz-carburant-ousmane-sonko-annonce-une-baisse-des-prix\/","og_locale":"fr_FR","og_type":"article","og_title":"\u00c9LECTRICIT\u00c9, GAZ, CARBURANT - Ousmane Sonko annonce une baisse des prix","og_description":"NETTALI.COM - Les consommateurs s\u00e9n\u00e9galais vont bient\u00f4t pouvoir pousser un ouf de soulagement. C'est du moins ce que laisse entendre le Premier ministre Ousmane Sonko qui a annonc\u00e9 ce lundi une baisse prochaine des prix de l'essence, du gasoil, du gaz, mais aussi de l'\u00e9lectricit\u00e9.\u00a0 Bonne nouvelle pour les consommateurs s\u00e9n\u00e9galais. Pour sa premi\u00e8re sortie [&hellip;]","og_url":"https:\/\/www.nettali.com\/2025\/10\/27\/electricite-gaz-carburant-ousmane-sonko-annonce-une-baisse-des-prix\/","og_site_name":"Nettali.com","article_publisher":"https:\/\/www.facebook.com\/nettalicom","article_published_time":"2025-10-27T19:38:01+00:00","article_modified_time":"2025-10-29T01:20:28+00:00","og_image":[{"width":2048,"height":1364,"url":"https:\/\/www.nettali.com\/wp-content\/uploads\/2025\/09\/Ousmane-Sonko-Plan-de-redressement-economique-du-Senegal.jpg","type":"image\/jpeg"}],"twitter_card":"summary_large_image","twitter_misc":{"\u00c9crit par":"Moustapha","Dur\u00e9e de lecture estim\u00e9e":"2 minutes"},"schema":{"@context":"https:\/\/schema.org","@graph":[{"@type":"WebSite","@id":"https:\/\/www.nettali.com\/#website","url":"https:\/\/www.nettali.com\/","name":"Nettali.com","description":"Le rendez-vous critique du Net","potentialAction":[{"@type":"SearchAction","target":{"@type":"EntryPoint","urlTemplate":"https:\/\/www.nettali.com\/?s={search_term_string}"},"query-input":"required name=search_term_string"}],"inLanguage":"fr-FR"},{"@type":"ImageObject","@id":"https:\/\/www.nettali.com\/2025\/10\/27\/electricite-gaz-carburant-ousmane-sonko-annonce-une-baisse-des-prix\/#primaryimage","inLanguage":"fr-FR","url":"https:\/\/www.nettali.com\/wp-content\/uploads\/2025\/09\/Ousmane-Sonko-Plan-de-redressement-economique-du-Senegal.jpg","contentUrl":"https:\/\/www.nettali.com\/wp-content\/uploads\/2025\/09\/Ousmane-Sonko-Plan-de-redressement-economique-du-Senegal.jpg","width":2048,"height":1364},{"@type":"WebPage","@id":"https:\/\/www.nettali.com\/2025\/10\/27\/electricite-gaz-carburant-ousmane-sonko-annonce-une-baisse-des-prix\/#webpage","url":"https:\/\/www.nettali.com\/2025\/10\/27\/electricite-gaz-carburant-ousmane-sonko-annonce-une-baisse-des-prix\/","name":"\u00c9LECTRICIT\u00c9, GAZ, CARBURANT - Ousmane Sonko annonce une baisse des prix | Nettali.com","isPartOf":{"@id":"https:\/\/www.nettali.com\/#website"},"primaryImageOfPage":{"@id":"https:\/\/www.nettali.com\/2025\/10\/27\/electricite-gaz-carburant-ousmane-sonko-annonce-une-baisse-des-prix\/#primaryimage"},"datePublished":"2025-10-27T19:38:01+00:00","dateModified":"2025-10-29T01:20:28+00:00","author":{"@id":"https:\/\/www.nettali.com\/#\/schema\/person\/7962a12a6e0267f88f0ffa544c36469a"},"breadcrumb":{"@id":"https:\/\/www.nettali.com\/2025\/10\/27\/electricite-gaz-carburant-ousmane-sonko-annonce-une-baisse-des-prix\/#breadcrumb"},"inLanguage":"fr-FR","potentialAction":[{"@type":"ReadAction","target":["https:\/\/www.nettali.com\/2025\/10\/27\/electricite-gaz-carburant-ousmane-sonko-annonce-une-baisse-des-prix\/"]}]},{"@type":"BreadcrumbList","@id":"https:\/\/www.nettali.com\/2025\/10\/27\/electricite-gaz-carburant-ousmane-sonko-annonce-une-baisse-des-prix\/#breadcrumb","itemListElement":[{"@type":"ListItem","position":1,"name":"Accueil","item":"https:\/\/www.nettali.com\/"},{"@type":"ListItem","position":2,"name":"\u00c9LECTRICIT\u00c9, GAZ, CARBURANT - Ousmane Sonko annonce une baisse des prix"}]},{"@type":"Person","@id":"https:\/\/www.nettali.com\/#\/schema\/person\/7962a12a6e0267f88f0ffa544c36469a","name":"Moustapha","image":{"@type":"ImageObject","@id":"https:\/\/www.nettali.com\/#personlogo","inLanguage":"fr-FR","url":"https:\/\/secure.gravatar.com\/avatar\/10fdf6a071cccdcf374e3dbe45159590?s=96&d=mm&r=g","contentUrl":"https:\/\/secure.gravatar.com\/avatar\/10fdf6a071cccdcf374e3dbe45159590?s=96&d=mm&r=g","caption":"Moustapha"},"sameAs":["https:\/\/www.nettali.com"]}]}},"_links":{"self":[{"href":"https:\/\/www.nettali.com\/rest\/wp\/v2\/posts\/163549"}],"collection":[{"href":"https:\/\/www.nettali.com\/rest\/wp\/v2\/posts"}],"about":[{"href":"https:\/\/www.nettali.com\/rest\/wp\/v2\/types\/post"}],"author":[{"embeddable":true,"href":"https:\/\/www.nettali.com\/rest\/wp\/v2\/users\/3"}],"replies":[{"embeddable":true,"href":"https:\/\/www.nettali.com\/rest\/wp\/v2\/comments?post=163549"}],"version-history":[{"count":4,"href":"https:\/\/www.nettali.com\/rest\/wp\/v2\/posts\/163549\/revisions"}],"predecessor-version":[{"id":163554,"href":"https:\/\/www.nettali.com\/rest\/wp\/v2\/posts\/163549\/revisions\/163554"}],"wp:featuredmedia":[{"embeddable":true,"href":"https:\/\/www.nettali.com\/rest\/wp\/v2\/media\/160564"}],"wp:attachment":[{"href":"https:\/\/www.nettali.com\/rest\/wp\/v2\/media?parent=163549"}],"wp:term":[{"taxonomy":"category","embeddable":true,"href":"https:\/\/www.nettali.com\/rest\/wp\/v2\/categories?post=163549"},{"taxonomy":"post_tag","embeddable":true,"href":"https:\/\/www.nettali.com\/rest\/wp\/v2\/tags?post=163549"}],"curies":[{"name":"wp","href":"https:\/\/api.w.org\/{rel}","templated":true}]}}