{"id":163545,"date":"2025-10-27T16:57:47","date_gmt":"2025-10-27T16:57:47","guid":{"rendered":"https:\/\/www.nettali.com\/?p=163545"},"modified":"2025-10-28T07:37:26","modified_gmt":"2025-10-28T07:37:26","slug":"section-de-recherches-pape-malick-ndour-libere-apres-une-2e-audition","status":"publish","type":"post","link":"https:\/\/www.nettali.com\/2025\/10\/27\/section-de-recherches-pape-malick-ndour-libere-apres-une-2e-audition\/","title":{"rendered":"SECTION DE RECHERCHES - Pape Malick Ndour lib\u00e9r\u00e9 apr\u00e8s une 2e audition"},"content":{"rendered":"<p data-start=\"83\" data-end=\"161\"><strong>NETTALI.COM - L\u2019ancien ministre de la Jeunesse sous le r\u00e9gime de Macky Sall, Pape Malick Ndour, a \u00e9t\u00e9 lib\u00e9r\u00e9 \u00e0 l\u2019issue de son audition ce lundi \u00e0 la Section de recherches de la gendarmerie.<\/strong><\/p>\n<p data-start=\"83\" data-end=\"161\">Le coordinateur de la cellule des cadres de l\u2019Alliance pour la R\u00e9publique (APR) avait \u00e9t\u00e9 de nouveau convoqu\u00e9, apr\u00e8s une premi\u00e8re audition tenue vendredi dernier.<\/p>\n<p data-start=\"517\" data-end=\"822\">Selon des sources proches du dossier, son audition s\u2019inscrivait dans le cadre d\u2019une enqu\u00eate en cours dont les contours n\u2019ont pas \u00e9t\u00e9 officiellement pr\u00e9cis\u00e9s. \u00c0 sa sortie des locaux de la gendarmerie, Pape Malick Ndour a regagn\u00e9 son domicile sans qu\u2019aucune mesure de garde \u00e0 vue ne soit retenue contre lui.<\/p>\n<p data-start=\"824\" data-end=\"1009\">Cette convocation intervient dans un contexte o\u00f9 plusieurs anciens responsables du r\u00e9gime pr\u00e9c\u00e9dent ont \u00e9t\u00e9 entendus ou inqui\u00e9t\u00e9s dans diff\u00e9rentes affaires li\u00e9es \u00e0 la gestion de l\u2019\u00c9tat.<\/p>\n<div class='share-to-whatsapp-wrapper'><div class='share-on-whsp'>PARTAGER SUR : <\/div><a data-text='SECTION DE RECHERCHES - Pape Malick Ndour lib\u00e9r\u00e9 apr\u00e8s une 2e audition' data-link='https:\/\/www.nettali.com\/2025\/10\/27\/section-de-recherches-pape-malick-ndour-libere-apres-une-2e-audition\/' class='whatsapp-button whatsapp-share'>WhatsApp<\/a><div class='clear '><\/div><\/div>","protected":false},"excerpt":{"rendered":"<p>NETTALI.COM - L\u2019ancien ministre de la Jeunesse sous le r\u00e9gime de Macky Sall, Pape Malick Ndour, a \u00e9t\u00e9 lib\u00e9r\u00e9 \u00e0 l\u2019issue de son audition ce lundi \u00e0 la Section de recherches de la gendarmerie. Le coordinateur de la cellule des cadres de l\u2019Alliance pour la R\u00e9publique (APR) avait \u00e9t\u00e9 de nouveau convoqu\u00e9, apr\u00e8s une premi\u00e8re [&hellip;]<\/p>\n","protected":false},"author":4,"featured_media":163450,"comment_status":"open","ping_status":"open","sticky":false,"template":"","format":"standard","meta":{"_et_pb_use_builder":"","_et_pb_old_content":""},"categories":[2],"tags":[],"yoast_head":"<!-- This site is optimized with the Yoast SEO Premium plugin v17.8 (Yoast SEO v17.8) - https:\/\/yoast.com\/wordpress\/plugins\/seo\/ -->\n<title>SECTION DE RECHERCHES - Pape Malick Ndour lib\u00e9r\u00e9 apr\u00e8s une 2e audition | Nettali.com<\/title>\n<meta name=\"robots\" content=\"index, follow, max-snippet:-1, max-image-preview:large, max-video-preview:-1\" \/>\n<link rel=\"canonical\" href=\"https:\/\/www.nettali.com\/2025\/10\/27\/section-de-recherches-pape-malick-ndour-libere-apres-une-2e-audition\/\" \/>\n<meta property=\"og:locale\" content=\"fr_FR\" \/>\n<meta property=\"og:type\" content=\"article\" \/>\n<meta property=\"og:title\" content=\"SECTION DE RECHERCHES - Pape Malick Ndour lib\u00e9r\u00e9 apr\u00e8s une 2e audition\" \/>\n<meta property=\"og:description\" content=\"NETTALI.COM - L\u2019ancien ministre de la Jeunesse sous le r\u00e9gime de Macky Sall, Pape Malick Ndour, a \u00e9t\u00e9 lib\u00e9r\u00e9 \u00e0 l\u2019issue de son audition ce lundi \u00e0 la Section de recherches de la gendarmerie. Le coordinateur de la cellule des cadres de l\u2019Alliance pour la R\u00e9publique (APR) avait \u00e9t\u00e9 de nouveau convoqu\u00e9, apr\u00e8s une premi\u00e8re [&hellip;]\" \/>\n<meta property=\"og:url\" content=\"https:\/\/www.nettali.com\/2025\/10\/27\/section-de-recherches-pape-malick-ndour-libere-apres-une-2e-audition\/\" \/>\n<meta property=\"og:site_name\" content=\"Nettali.com\" \/>\n<meta property=\"article:publisher\" content=\"https:\/\/www.facebook.com\/nettalicom\" \/>\n<meta property=\"article:published_time\" content=\"2025-10-27T16:57:47+00:00\" \/>\n<meta property=\"article:modified_time\" content=\"2025-10-28T07:37:26+00:00\" \/>\n<meta property=\"og:image\" content=\"https:\/\/www.nettali.com\/wp-content\/uploads\/2025\/10\/Pape-Malick-Ndour-1.jpg\" \/>\n\t<meta property=\"og:image:width\" content=\"2048\" \/>\n\t<meta property=\"og:image:height\" content=\"1536\" \/>\n<meta name=\"twitter:card\" content=\"summary_large_image\" \/>\n<meta name=\"twitter:label1\" content=\"\u00c9crit par\" \/>\n\t<meta name=\"twitter:data1\" content=\"Daouda\" \/>\n\t<meta name=\"twitter:label2\" content=\"Dur\u00e9e de lecture estim\u00e9e\" \/>\n\t<meta name=\"twitter:data2\" content=\"1 minute\" \/>\n<script type=\"application\/ld+json\" class=\"yoast-schema-graph\">{\"@context\":\"https:\/\/schema.org\",\"@graph\":[{\"@type\":\"WebSite\",\"@id\":\"https:\/\/www.nettali.com\/#website\",\"url\":\"https:\/\/www.nettali.com\/\",\"name\":\"Nettali.com\",\"description\":\"Le rendez-vous critique du Net\",\"potentialAction\":[{\"@type\":\"SearchAction\",\"target\":{\"@type\":\"EntryPoint\",\"urlTemplate\":\"https:\/\/www.nettali.com\/?s={search_term_string}\"},\"query-input\":\"required name=search_term_string\"}],\"inLanguage\":\"fr-FR\"},{\"@type\":\"ImageObject\",\"@id\":\"https:\/\/www.nettali.com\/2025\/10\/27\/section-de-recherches-pape-malick-ndour-libere-apres-une-2e-audition\/#primaryimage\",\"inLanguage\":\"fr-FR\",\"url\":\"https:\/\/www.nettali.com\/wp-content\/uploads\/2025\/10\/Pape-Malick-Ndour-1.jpg\",\"contentUrl\":\"https:\/\/www.nettali.com\/wp-content\/uploads\/2025\/10\/Pape-Malick-Ndour-1.jpg\",\"width\":2048,\"height\":1536},{\"@type\":\"WebPage\",\"@id\":\"https:\/\/www.nettali.com\/2025\/10\/27\/section-de-recherches-pape-malick-ndour-libere-apres-une-2e-audition\/#webpage\",\"url\":\"https:\/\/www.nettali.com\/2025\/10\/27\/section-de-recherches-pape-malick-ndour-libere-apres-une-2e-audition\/\",\"name\":\"SECTION DE RECHERCHES - Pape Malick Ndour lib\\u00e9r\\u00e9 apr\\u00e8s une 2e audition | Nettali.com\",\"isPartOf\":{\"@id\":\"https:\/\/www.nettali.com\/#website\"},\"primaryImageOfPage\":{\"@id\":\"https:\/\/www.nettali.com\/2025\/10\/27\/section-de-recherches-pape-malick-ndour-libere-apres-une-2e-audition\/#primaryimage\"},\"datePublished\":\"2025-10-27T16:57:47+00:00\",\"dateModified\":\"2025-10-28T07:37:26+00:00\",\"author\":{\"@id\":\"https:\/\/www.nettali.com\/#\/schema\/person\/3317e0bb3aa1da309fbf7b2780901bf4\"},\"breadcrumb\":{\"@id\":\"https:\/\/www.nettali.com\/2025\/10\/27\/section-de-recherches-pape-malick-ndour-libere-apres-une-2e-audition\/#breadcrumb\"},\"inLanguage\":\"fr-FR\",\"potentialAction\":[{\"@type\":\"ReadAction\",\"target\":[\"https:\/\/www.nettali.com\/2025\/10\/27\/section-de-recherches-pape-malick-ndour-libere-apres-une-2e-audition\/\"]}]},{\"@type\":\"BreadcrumbList\",\"@id\":\"https:\/\/www.nettali.com\/2025\/10\/27\/section-de-recherches-pape-malick-ndour-libere-apres-une-2e-audition\/#breadcrumb\",\"itemListElement\":[{\"@type\":\"ListItem\",\"position\":1,\"name\":\"Accueil\",\"item\":\"https:\/\/www.nettali.com\/\"},{\"@type\":\"ListItem\",\"position\":2,\"name\":\"SECTION DE RECHERCHES - Pape Malick Ndour lib\\u00e9r\\u00e9 apr\\u00e8s une 2e audition\"}]},{\"@type\":\"Person\",\"@id\":\"https:\/\/www.nettali.com\/#\/schema\/person\/3317e0bb3aa1da309fbf7b2780901bf4\",\"name\":\"Daouda\",\"image\":{\"@type\":\"ImageObject\",\"@id\":\"https:\/\/www.nettali.com\/#personlogo\",\"inLanguage\":\"fr-FR\",\"url\":\"https:\/\/secure.gravatar.com\/avatar\/8d143b5a49345098ddcfee1c49c2f47c?s=96&d=mm&r=g\",\"contentUrl\":\"https:\/\/secure.gravatar.com\/avatar\/8d143b5a49345098ddcfee1c49c2f47c?s=96&d=mm&r=g\",\"caption\":\"Daouda\"},\"sameAs\":[\"https:\/\/www.nettali.com\"]}]}<\/script>\n<!-- \/ Yoast SEO Premium plugin. -->","yoast_head_json":{"title":"SECTION DE RECHERCHES - Pape Malick Ndour lib\u00e9r\u00e9 apr\u00e8s une 2e audition | Nettali.com","robots":{"index":"index","follow":"follow","max-snippet":"max-snippet:-1","max-image-preview":"max-image-preview:large","max-video-preview":"max-video-preview:-1"},"canonical":"https:\/\/www.nettali.com\/2025\/10\/27\/section-de-recherches-pape-malick-ndour-libere-apres-une-2e-audition\/","og_locale":"fr_FR","og_type":"article","og_title":"SECTION DE RECHERCHES - Pape Malick Ndour lib\u00e9r\u00e9 apr\u00e8s une 2e audition","og_description":"NETTALI.COM - L\u2019ancien ministre de la Jeunesse sous le r\u00e9gime de Macky Sall, Pape Malick Ndour, a \u00e9t\u00e9 lib\u00e9r\u00e9 \u00e0 l\u2019issue de son audition ce lundi \u00e0 la Section de recherches de la gendarmerie. Le coordinateur de la cellule des cadres de l\u2019Alliance pour la R\u00e9publique (APR) avait \u00e9t\u00e9 de nouveau convoqu\u00e9, apr\u00e8s une premi\u00e8re [&hellip;]","og_url":"https:\/\/www.nettali.com\/2025\/10\/27\/section-de-recherches-pape-malick-ndour-libere-apres-une-2e-audition\/","og_site_name":"Nettali.com","article_publisher":"https:\/\/www.facebook.com\/nettalicom","article_published_time":"2025-10-27T16:57:47+00:00","article_modified_time":"2025-10-28T07:37:26+00:00","og_image":[{"width":2048,"height":1536,"url":"https:\/\/www.nettali.com\/wp-content\/uploads\/2025\/10\/Pape-Malick-Ndour-1.jpg","type":"image\/jpeg"}],"twitter_card":"summary_large_image","twitter_misc":{"\u00c9crit par":"Daouda","Dur\u00e9e de lecture estim\u00e9e":"1 minute"},"schema":{"@context":"https:\/\/schema.org","@graph":[{"@type":"WebSite","@id":"https:\/\/www.nettali.com\/#website","url":"https:\/\/www.nettali.com\/","name":"Nettali.com","description":"Le rendez-vous critique du Net","potentialAction":[{"@type":"SearchAction","target":{"@type":"EntryPoint","urlTemplate":"https:\/\/www.nettali.com\/?s={search_term_string}"},"query-input":"required name=search_term_string"}],"inLanguage":"fr-FR"},{"@type":"ImageObject","@id":"https:\/\/www.nettali.com\/2025\/10\/27\/section-de-recherches-pape-malick-ndour-libere-apres-une-2e-audition\/#primaryimage","inLanguage":"fr-FR","url":"https:\/\/www.nettali.com\/wp-content\/uploads\/2025\/10\/Pape-Malick-Ndour-1.jpg","contentUrl":"https:\/\/www.nettali.com\/wp-content\/uploads\/2025\/10\/Pape-Malick-Ndour-1.jpg","width":2048,"height":1536},{"@type":"WebPage","@id":"https:\/\/www.nettali.com\/2025\/10\/27\/section-de-recherches-pape-malick-ndour-libere-apres-une-2e-audition\/#webpage","url":"https:\/\/www.nettali.com\/2025\/10\/27\/section-de-recherches-pape-malick-ndour-libere-apres-une-2e-audition\/","name":"SECTION DE RECHERCHES - Pape Malick Ndour lib\u00e9r\u00e9 apr\u00e8s une 2e audition | Nettali.com","isPartOf":{"@id":"https:\/\/www.nettali.com\/#website"},"primaryImageOfPage":{"@id":"https:\/\/www.nettali.com\/2025\/10\/27\/section-de-recherches-pape-malick-ndour-libere-apres-une-2e-audition\/#primaryimage"},"datePublished":"2025-10-27T16:57:47+00:00","dateModified":"2025-10-28T07:37:26+00:00","author":{"@id":"https:\/\/www.nettali.com\/#\/schema\/person\/3317e0bb3aa1da309fbf7b2780901bf4"},"breadcrumb":{"@id":"https:\/\/www.nettali.com\/2025\/10\/27\/section-de-recherches-pape-malick-ndour-libere-apres-une-2e-audition\/#breadcrumb"},"inLanguage":"fr-FR","potentialAction":[{"@type":"ReadAction","target":["https:\/\/www.nettali.com\/2025\/10\/27\/section-de-recherches-pape-malick-ndour-libere-apres-une-2e-audition\/"]}]},{"@type":"BreadcrumbList","@id":"https:\/\/www.nettali.com\/2025\/10\/27\/section-de-recherches-pape-malick-ndour-libere-apres-une-2e-audition\/#breadcrumb","itemListElement":[{"@type":"ListItem","position":1,"name":"Accueil","item":"https:\/\/www.nettali.com\/"},{"@type":"ListItem","position":2,"name":"SECTION DE RECHERCHES - Pape Malick Ndour lib\u00e9r\u00e9 apr\u00e8s une 2e audition"}]},{"@type":"Person","@id":"https:\/\/www.nettali.com\/#\/schema\/person\/3317e0bb3aa1da309fbf7b2780901bf4","name":"Daouda","image":{"@type":"ImageObject","@id":"https:\/\/www.nettali.com\/#personlogo","inLanguage":"fr-FR","url":"https:\/\/secure.gravatar.com\/avatar\/8d143b5a49345098ddcfee1c49c2f47c?s=96&d=mm&r=g","contentUrl":"https:\/\/secure.gravatar.com\/avatar\/8d143b5a49345098ddcfee1c49c2f47c?s=96&d=mm&r=g","caption":"Daouda"},"sameAs":["https:\/\/www.nettali.com"]}]}},"_links":{"self":[{"href":"https:\/\/www.nettali.com\/rest\/wp\/v2\/posts\/163545"}],"collection":[{"href":"https:\/\/www.nettali.com\/rest\/wp\/v2\/posts"}],"about":[{"href":"https:\/\/www.nettali.com\/rest\/wp\/v2\/types\/post"}],"author":[{"embeddable":true,"href":"https:\/\/www.nettali.com\/rest\/wp\/v2\/users\/4"}],"replies":[{"embeddable":true,"href":"https:\/\/www.nettali.com\/rest\/wp\/v2\/comments?post=163545"}],"version-history":[{"count":1,"href":"https:\/\/www.nettali.com\/rest\/wp\/v2\/posts\/163545\/revisions"}],"predecessor-version":[{"id":163546,"href":"https:\/\/www.nettali.com\/rest\/wp\/v2\/posts\/163545\/revisions\/163546"}],"wp:featuredmedia":[{"embeddable":true,"href":"https:\/\/www.nettali.com\/rest\/wp\/v2\/media\/163450"}],"wp:attachment":[{"href":"https:\/\/www.nettali.com\/rest\/wp\/v2\/media?parent=163545"}],"wp:term":[{"taxonomy":"category","embeddable":true,"href":"https:\/\/www.nettali.com\/rest\/wp\/v2\/categories?post=163545"},{"taxonomy":"post_tag","embeddable":true,"href":"https:\/\/www.nettali.com\/rest\/wp\/v2\/tags?post=163545"}],"curies":[{"name":"wp","href":"https:\/\/api.w.org\/{rel}","templated":true}]}}