{"id":163543,"date":"2025-10-28T08:11:22","date_gmt":"2025-10-28T08:11:22","guid":{"rendered":"https:\/\/www.nettali.com\/?p=163543"},"modified":"2025-10-28T08:11:22","modified_gmt":"2025-10-28T08:11:22","slug":"juventus-igor-tudor-limoge","status":"publish","type":"post","link":"https:\/\/www.nettali.com\/2025\/10\/28\/juventus-igor-tudor-limoge\/","title":{"rendered":"JUVENTUS - Igor Tudor limog\u00e9"},"content":{"rendered":"<p><strong>NETTALI.COM - Payant le mauvais d\u00e9but de saison de la Juventus Turin, encore battue dimanche et huiti\u00e8me de Serie A, Igor Tudor a \u00e9t\u00e9 d\u00e9mis de ses fonctions d'entra\u00eeneur. Le club italien l'a annonc\u00e9 ce lundi.<\/strong><\/p>\n<p>La Juventus Turin, d\u00e9j\u00e0 distanc\u00e9e dans la course au titre de champion d'Italie, a mis un terme au contrat de son entra\u00eeneur Igor Tudor lundi, au lendemain de la d\u00e9faite contre la Lazio Rome (1-0). \"<em>La Juventus annonce avoir relev\u00e9 ce lundi de ses fonctions d'entra\u00eeneur de son \u00e9quipe premi\u00e8re Igor Tudor, ainsi que son staff compos\u00e9 d'Ivan Javorcic, Tomislav Rogic et Riccardo Ragnacci<\/em>\", a indiqu\u00e9 dans un communiqu\u00e9 la Juve qui pointe \u00e0 la 8e place de la Serie A, \u00e0 six points de la t\u00eate apr\u00e8s huit journ\u00e9es.<\/p>\n<p>\"<em>Le club remercie Igor Tudor et son staff pour leur professionnalisme et investissement durant les derniers mois et leur souhaite le meilleur pour leur avenir professionnel<\/em>\", poursuit le texte. Le club le plus titr\u00e9 du football italien a pr\u00e9cis\u00e9 dans son communiqu\u00e9 que l'\u00e9quipe serait dirig\u00e9e lors de son prochain match, mercredi contre l'Udinese pour le compte de la 9e journ\u00e9e, par l'actuel entra\u00eeneur de la r\u00e9serve, Massimiliano Brambilla.<\/p>\n<p>Ancien joueur de la Juve, Tudor, 47 ans, avait succ\u00e9d\u00e9 en mars dernier \u00e0 Thiago Motta, remerci\u00e9 neuf mois apr\u00e8s sa prise de fonction. Le technicien croate, qui a notamment entra\u00een\u00e9 Marseille (2022-23), avait atteint l'objectif que lui avaient alors assign\u00e9 ses dirigeants en d\u00e9crochant la 4e place, synonyme de qualification pour la Ligue des champions.<\/p>\n<p><strong>Spalletti en approche?<\/strong><\/p>\n<p>Si la Vieille Dame a d\u00e9but\u00e9 la saison 2025-26 par trois victoires, elle a vite perdu pied, en championnat comme en Ligue des champions. Elle n'a empoch\u00e9 que cinq points lors des cinq derni\u00e8res journ\u00e9es de Serie A, ce qui l'a fait plonger de la premi\u00e8re \u00e0 la 8e place. La Juve n'a plus gagn\u00e9 depuis le 10 septembre et vient d'encha\u00eener huit matches sans victoire, les quatre derniers sans marquer le moindre but.<\/p>\n<div class='share-to-whatsapp-wrapper'><div class='share-on-whsp'>PARTAGER SUR : <\/div><a data-text='JUVENTUS - Igor Tudor limog\u00e9' data-link='https:\/\/www.nettali.com\/2025\/10\/28\/juventus-igor-tudor-limoge\/' class='whatsapp-button whatsapp-share'>WhatsApp<\/a><div class='clear '><\/div><\/div>","protected":false},"excerpt":{"rendered":"<p>NETTALI.COM - Payant le mauvais d\u00e9but de saison de la Juventus Turin, encore battue dimanche et huiti\u00e8me de Serie A, Igor Tudor a \u00e9t\u00e9 d\u00e9mis de ses fonctions d'entra\u00eeneur. Le club italien l'a annonc\u00e9 ce lundi. La Juventus Turin, d\u00e9j\u00e0 distanc\u00e9e dans la course au titre de champion d'Italie, a mis un terme au contrat [&hellip;]<\/p>\n","protected":false},"author":5,"featured_media":163533,"comment_status":"open","ping_status":"open","sticky":false,"template":"","format":"standard","meta":{"_et_pb_use_builder":"","_et_pb_old_content":""},"categories":[6],"tags":[],"yoast_head":"<!-- This site is optimized with the Yoast SEO Premium plugin v17.8 (Yoast SEO v17.8) - https:\/\/yoast.com\/wordpress\/plugins\/seo\/ -->\n<title>JUVENTUS - Igor Tudor limog\u00e9 | Nettali.com<\/title>\n<meta name=\"robots\" content=\"index, follow, max-snippet:-1, max-image-preview:large, max-video-preview:-1\" \/>\n<link rel=\"canonical\" href=\"https:\/\/www.nettali.com\/2025\/10\/28\/juventus-igor-tudor-limoge\/\" \/>\n<meta property=\"og:locale\" content=\"fr_FR\" \/>\n<meta property=\"og:type\" content=\"article\" \/>\n<meta property=\"og:title\" content=\"JUVENTUS - Igor Tudor limog\u00e9\" \/>\n<meta property=\"og:description\" content=\"NETTALI.COM - Payant le mauvais d\u00e9but de saison de la Juventus Turin, encore battue dimanche et huiti\u00e8me de Serie A, Igor Tudor a \u00e9t\u00e9 d\u00e9mis de ses fonctions d&#039;entra\u00eeneur. Le club italien l&#039;a annonc\u00e9 ce lundi. La Juventus Turin, d\u00e9j\u00e0 distanc\u00e9e dans la course au titre de champion d&#039;Italie, a mis un terme au contrat [&hellip;]\" \/>\n<meta property=\"og:url\" content=\"https:\/\/www.nettali.com\/2025\/10\/28\/juventus-igor-tudor-limoge\/\" \/>\n<meta property=\"og:site_name\" content=\"Nettali.com\" \/>\n<meta property=\"article:publisher\" content=\"https:\/\/www.facebook.com\/nettalicom\" \/>\n<meta property=\"article:published_time\" content=\"2025-10-28T08:11:22+00:00\" \/>\n<meta property=\"og:image\" content=\"https:\/\/www.nettali.com\/wp-content\/uploads\/2025\/10\/ss-lazio-v-juventus-fc-semi-final-second-leg-coppa-italia-3.jpg\" \/>\n\t<meta property=\"og:image:width\" content=\"2555\" \/>\n\t<meta property=\"og:image:height\" content=\"1720\" \/>\n<meta name=\"twitter:card\" content=\"summary_large_image\" \/>\n<meta name=\"twitter:label1\" content=\"\u00c9crit par\" \/>\n\t<meta name=\"twitter:data1\" content=\"Ibrahima\" \/>\n\t<meta name=\"twitter:label2\" content=\"Dur\u00e9e de lecture estim\u00e9e\" \/>\n\t<meta name=\"twitter:data2\" content=\"2 minutes\" \/>\n<script type=\"application\/ld+json\" class=\"yoast-schema-graph\">{\"@context\":\"https:\/\/schema.org\",\"@graph\":[{\"@type\":\"WebSite\",\"@id\":\"https:\/\/www.nettali.com\/#website\",\"url\":\"https:\/\/www.nettali.com\/\",\"name\":\"Nettali.com\",\"description\":\"Le rendez-vous critique du Net\",\"potentialAction\":[{\"@type\":\"SearchAction\",\"target\":{\"@type\":\"EntryPoint\",\"urlTemplate\":\"https:\/\/www.nettali.com\/?s={search_term_string}\"},\"query-input\":\"required name=search_term_string\"}],\"inLanguage\":\"fr-FR\"},{\"@type\":\"ImageObject\",\"@id\":\"https:\/\/www.nettali.com\/2025\/10\/28\/juventus-igor-tudor-limoge\/#primaryimage\",\"inLanguage\":\"fr-FR\",\"url\":\"https:\/\/www.nettali.com\/wp-content\/uploads\/2025\/10\/ss-lazio-v-juventus-fc-semi-final-second-leg-coppa-italia-3.jpg\",\"contentUrl\":\"https:\/\/www.nettali.com\/wp-content\/uploads\/2025\/10\/ss-lazio-v-juventus-fc-semi-final-second-leg-coppa-italia-3.jpg\",\"width\":2555,\"height\":1720},{\"@type\":\"WebPage\",\"@id\":\"https:\/\/www.nettali.com\/2025\/10\/28\/juventus-igor-tudor-limoge\/#webpage\",\"url\":\"https:\/\/www.nettali.com\/2025\/10\/28\/juventus-igor-tudor-limoge\/\",\"name\":\"JUVENTUS - Igor Tudor limog\\u00e9 | Nettali.com\",\"isPartOf\":{\"@id\":\"https:\/\/www.nettali.com\/#website\"},\"primaryImageOfPage\":{\"@id\":\"https:\/\/www.nettali.com\/2025\/10\/28\/juventus-igor-tudor-limoge\/#primaryimage\"},\"datePublished\":\"2025-10-28T08:11:22+00:00\",\"dateModified\":\"2025-10-28T08:11:22+00:00\",\"author\":{\"@id\":\"https:\/\/www.nettali.com\/#\/schema\/person\/bb147657c2986240405a608162b9bb23\"},\"breadcrumb\":{\"@id\":\"https:\/\/www.nettali.com\/2025\/10\/28\/juventus-igor-tudor-limoge\/#breadcrumb\"},\"inLanguage\":\"fr-FR\",\"potentialAction\":[{\"@type\":\"ReadAction\",\"target\":[\"https:\/\/www.nettali.com\/2025\/10\/28\/juventus-igor-tudor-limoge\/\"]}]},{\"@type\":\"BreadcrumbList\",\"@id\":\"https:\/\/www.nettali.com\/2025\/10\/28\/juventus-igor-tudor-limoge\/#breadcrumb\",\"itemListElement\":[{\"@type\":\"ListItem\",\"position\":1,\"name\":\"Accueil\",\"item\":\"https:\/\/www.nettali.com\/\"},{\"@type\":\"ListItem\",\"position\":2,\"name\":\"JUVENTUS - Igor Tudor limog\\u00e9\"}]},{\"@type\":\"Person\",\"@id\":\"https:\/\/www.nettali.com\/#\/schema\/person\/bb147657c2986240405a608162b9bb23\",\"name\":\"Ibrahima\",\"image\":{\"@type\":\"ImageObject\",\"@id\":\"https:\/\/www.nettali.com\/#personlogo\",\"inLanguage\":\"fr-FR\",\"url\":\"https:\/\/secure.gravatar.com\/avatar\/26a8a81f09f0dd7624c9d5c36c9ba3a2?s=96&d=mm&r=g\",\"contentUrl\":\"https:\/\/secure.gravatar.com\/avatar\/26a8a81f09f0dd7624c9d5c36c9ba3a2?s=96&d=mm&r=g\",\"caption\":\"Ibrahima\"},\"sameAs\":[\"https:\/\/www.nettali.com\"]}]}<\/script>\n<!-- \/ Yoast SEO Premium plugin. -->","yoast_head_json":{"title":"JUVENTUS - Igor Tudor limog\u00e9 | Nettali.com","robots":{"index":"index","follow":"follow","max-snippet":"max-snippet:-1","max-image-preview":"max-image-preview:large","max-video-preview":"max-video-preview:-1"},"canonical":"https:\/\/www.nettali.com\/2025\/10\/28\/juventus-igor-tudor-limoge\/","og_locale":"fr_FR","og_type":"article","og_title":"JUVENTUS - Igor Tudor limog\u00e9","og_description":"NETTALI.COM - Payant le mauvais d\u00e9but de saison de la Juventus Turin, encore battue dimanche et huiti\u00e8me de Serie A, Igor Tudor a \u00e9t\u00e9 d\u00e9mis de ses fonctions d'entra\u00eeneur. Le club italien l'a annonc\u00e9 ce lundi. La Juventus Turin, d\u00e9j\u00e0 distanc\u00e9e dans la course au titre de champion d'Italie, a mis un terme au contrat [&hellip;]","og_url":"https:\/\/www.nettali.com\/2025\/10\/28\/juventus-igor-tudor-limoge\/","og_site_name":"Nettali.com","article_publisher":"https:\/\/www.facebook.com\/nettalicom","article_published_time":"2025-10-28T08:11:22+00:00","og_image":[{"width":2555,"height":1720,"url":"https:\/\/www.nettali.com\/wp-content\/uploads\/2025\/10\/ss-lazio-v-juventus-fc-semi-final-second-leg-coppa-italia-3.jpg","type":"image\/jpeg"}],"twitter_card":"summary_large_image","twitter_misc":{"\u00c9crit par":"Ibrahima","Dur\u00e9e de lecture estim\u00e9e":"2 minutes"},"schema":{"@context":"https:\/\/schema.org","@graph":[{"@type":"WebSite","@id":"https:\/\/www.nettali.com\/#website","url":"https:\/\/www.nettali.com\/","name":"Nettali.com","description":"Le rendez-vous critique du Net","potentialAction":[{"@type":"SearchAction","target":{"@type":"EntryPoint","urlTemplate":"https:\/\/www.nettali.com\/?s={search_term_string}"},"query-input":"required name=search_term_string"}],"inLanguage":"fr-FR"},{"@type":"ImageObject","@id":"https:\/\/www.nettali.com\/2025\/10\/28\/juventus-igor-tudor-limoge\/#primaryimage","inLanguage":"fr-FR","url":"https:\/\/www.nettali.com\/wp-content\/uploads\/2025\/10\/ss-lazio-v-juventus-fc-semi-final-second-leg-coppa-italia-3.jpg","contentUrl":"https:\/\/www.nettali.com\/wp-content\/uploads\/2025\/10\/ss-lazio-v-juventus-fc-semi-final-second-leg-coppa-italia-3.jpg","width":2555,"height":1720},{"@type":"WebPage","@id":"https:\/\/www.nettali.com\/2025\/10\/28\/juventus-igor-tudor-limoge\/#webpage","url":"https:\/\/www.nettali.com\/2025\/10\/28\/juventus-igor-tudor-limoge\/","name":"JUVENTUS - Igor Tudor limog\u00e9 | Nettali.com","isPartOf":{"@id":"https:\/\/www.nettali.com\/#website"},"primaryImageOfPage":{"@id":"https:\/\/www.nettali.com\/2025\/10\/28\/juventus-igor-tudor-limoge\/#primaryimage"},"datePublished":"2025-10-28T08:11:22+00:00","dateModified":"2025-10-28T08:11:22+00:00","author":{"@id":"https:\/\/www.nettali.com\/#\/schema\/person\/bb147657c2986240405a608162b9bb23"},"breadcrumb":{"@id":"https:\/\/www.nettali.com\/2025\/10\/28\/juventus-igor-tudor-limoge\/#breadcrumb"},"inLanguage":"fr-FR","potentialAction":[{"@type":"ReadAction","target":["https:\/\/www.nettali.com\/2025\/10\/28\/juventus-igor-tudor-limoge\/"]}]},{"@type":"BreadcrumbList","@id":"https:\/\/www.nettali.com\/2025\/10\/28\/juventus-igor-tudor-limoge\/#breadcrumb","itemListElement":[{"@type":"ListItem","position":1,"name":"Accueil","item":"https:\/\/www.nettali.com\/"},{"@type":"ListItem","position":2,"name":"JUVENTUS - Igor Tudor limog\u00e9"}]},{"@type":"Person","@id":"https:\/\/www.nettali.com\/#\/schema\/person\/bb147657c2986240405a608162b9bb23","name":"Ibrahima","image":{"@type":"ImageObject","@id":"https:\/\/www.nettali.com\/#personlogo","inLanguage":"fr-FR","url":"https:\/\/secure.gravatar.com\/avatar\/26a8a81f09f0dd7624c9d5c36c9ba3a2?s=96&d=mm&r=g","contentUrl":"https:\/\/secure.gravatar.com\/avatar\/26a8a81f09f0dd7624c9d5c36c9ba3a2?s=96&d=mm&r=g","caption":"Ibrahima"},"sameAs":["https:\/\/www.nettali.com"]}]}},"_links":{"self":[{"href":"https:\/\/www.nettali.com\/rest\/wp\/v2\/posts\/163543"}],"collection":[{"href":"https:\/\/www.nettali.com\/rest\/wp\/v2\/posts"}],"about":[{"href":"https:\/\/www.nettali.com\/rest\/wp\/v2\/types\/post"}],"author":[{"embeddable":true,"href":"https:\/\/www.nettali.com\/rest\/wp\/v2\/users\/5"}],"replies":[{"embeddable":true,"href":"https:\/\/www.nettali.com\/rest\/wp\/v2\/comments?post=163543"}],"version-history":[{"count":1,"href":"https:\/\/www.nettali.com\/rest\/wp\/v2\/posts\/163543\/revisions"}],"predecessor-version":[{"id":163544,"href":"https:\/\/www.nettali.com\/rest\/wp\/v2\/posts\/163543\/revisions\/163544"}],"wp:featuredmedia":[{"embeddable":true,"href":"https:\/\/www.nettali.com\/rest\/wp\/v2\/media\/163533"}],"wp:attachment":[{"href":"https:\/\/www.nettali.com\/rest\/wp\/v2\/media?parent=163543"}],"wp:term":[{"taxonomy":"category","embeddable":true,"href":"https:\/\/www.nettali.com\/rest\/wp\/v2\/categories?post=163543"},{"taxonomy":"post_tag","embeddable":true,"href":"https:\/\/www.nettali.com\/rest\/wp\/v2\/tags?post=163543"}],"curies":[{"name":"wp","href":"https:\/\/api.w.org\/{rel}","templated":true}]}}