{"id":163536,"date":"2025-10-27T17:45:02","date_gmt":"2025-10-27T17:45:02","guid":{"rendered":"https:\/\/www.nettali.com\/?p=163536"},"modified":"2025-10-28T08:48:01","modified_gmt":"2025-10-28T08:48:01","slug":"regulation-du-secteur-mediatique-le-synpics-plaide-pour-des-regles-claires-et-equitables-dans-les-medias-senegalais","status":"publish","type":"post","link":"https:\/\/www.nettali.com\/2025\/10\/27\/regulation-du-secteur-mediatique-le-synpics-plaide-pour-des-regles-claires-et-equitables-dans-les-medias-senegalais\/","title":{"rendered":"REGULATION DU SECTEUR M\u00c9DIATIQUE - Le Synpics plaide pour des r\u00e8gles \u201cclaires et \u00e9quitables\u201d dans les m\u00e9dias s\u00e9n\u00e9galais"},"content":{"rendered":"<p data-start=\"204\" data-end=\"597\"><strong>NETTALI.COM - Le secr\u00e9taire g\u00e9n\u00e9ral du Syndicat des professionnels de l\u2019information et de la communication du S\u00e9n\u00e9gal (SYNPICS), Moustapha Ciss\u00e9, a appel\u00e9 lundi 27 octobre, \u00e0 une meilleure r\u00e9gulation du secteur des m\u00e9dias, fond\u00e9e sur des r\u00e8gles \u201cclaires et \u00e9quitables\u201d. Il s\u2019exprimait lors de la c\u00e9r\u00e9monie d\u2019ouverture de la premi\u00e8re \u00e9dition du Salon international des m\u00e9dias d\u2019Afrique (SIMA), organis\u00e9e \u00e0 Dakar. \u201cCe moment de c\u00e9l\u00e9bration ne doit pas nous faire oublier les urgences locales du moment\u201d, a-t-il averti.<\/strong><\/p>\n<p data-start=\"756\" data-end=\"1215\">Le syndicaliste a cit\u00e9 parmi ces priorit\u00e9s la lev\u00e9e de la suspension des conventions de partenariat entre plusieurs m\u00e9dias et des structures publiques, ainsi que le d\u00e9blocage du Fonds d\u2019appui et de d\u00e9veloppement de la presse (FADP).<\/p>\n<p data-start=\"756\" data-end=\"1215\">Selon le minist\u00e8re de tutelle, les entreprises souhaitant b\u00e9n\u00e9ficier du FADP doivent d\u00e9sormais \u00eatre \u00e0 jour avec le fisc et pr\u00e9senter un bilan financier annuel, une exigence que le SYNPICS appelle \u00e0 clarifier.<\/p>\n<p data-start=\"1217\" data-end=\"1471\">Moustapha Ciss\u00e9 a \u00e9galement plaid\u00e9 pour le d\u00e9blocage du budget du CORED, la relance de la carte nationale de presse et le financement durable de l\u2019audiovisuel public, tout en d\u00e9non\u00e7ant \u201cle silence administratif\u201d du minist\u00e8re sur ces dossiers.<\/p>\n<p data-start=\"1527\" data-end=\"1711\">Dans un discours empreint de fermet\u00e9, le secr\u00e9taire g\u00e9n\u00e9ral du SYNPICS a rappel\u00e9 que la presse <em>\u201cest un pilier de la R\u00e9publique, un miroir de la soci\u00e9t\u00e9 et un levier de souverainet\u00e9\u201d. \u201cLa presse ne demande pas de privil\u00e8ge, elle exige des conditions dignes pour exercer sa mission. Elle ne r\u00e9clame pas de faveurs, mais des droits. Elle ne cherche pas \u00e0 se soustraire des r\u00e8gles, mais \u00e0 ce que ces r\u00e8gles soient claires, \u00e9quitables et appliqu\u00e9es\u201d<\/em>, a-t-il martel\u00e9.<\/p>\n<p data-start=\"2058\" data-end=\"2290\">Pour Moustapha Ciss\u00e9, le SIMA doit \u00eatre \u201cplus qu\u2019un salon professionnel\u201d : une occasion de reb\u00e2tir la confiance entre m\u00e9dias et institutions sur la base de conditions de travail justes et d\u2019une solidarit\u00e9 africaine renouvel\u00e9e. <em>\u201cCe moment incarne bien plus qu\u2019un salon : c\u2019est la mat\u00e9rialisation d\u2019un r\u00eave, d\u2019une promesse faite \u00e0 nos peuples et un devoir de m\u00e9moire\u201d<\/em>, a-t-il d\u00e9clar\u00e9.<\/p>\n<p data-start=\"2450\" data-end=\"2687\">Il a par ailleurs r\u00e9it\u00e9r\u00e9 la demande du SYNPICS d\u2019obtenir des locaux au sein de la Maison de la presse, rappelant que ce si\u00e8ge lui avait \u00e9t\u00e9 attribu\u00e9 sous le r\u00e9gime du pr\u00e9sident Abdoulaye Wade, sans jamais \u00eatre mis \u00e0 disposition.<\/p>\n<p data-start=\"2754\" data-end=\"3023\">Plac\u00e9e sous le th\u00e8me <em>\u201cL\u2019Afrique face aux nouveaux enjeux des m\u00e9dias\u201d<\/em>, la premi\u00e8re \u00e9dition du SIMA se d\u00e9roule jusqu\u2019au 30 octobre 2025, sous l\u2019\u00e9gide de la Maison de la presse, avec l\u2019appui du minist\u00e8re de la Communication, des T\u00e9l\u00e9communications et du Num\u00e9rique.<\/p>\n<div class='share-to-whatsapp-wrapper'><div class='share-on-whsp'>PARTAGER SUR : <\/div><a data-text='REGULATION DU SECTEUR M\u00c9DIATIQUE - Le Synpics plaide pour des r\u00e8gles \u201cclaires et \u00e9quitables\u201d dans les m\u00e9dias s\u00e9n\u00e9galais' data-link='https:\/\/www.nettali.com\/2025\/10\/27\/regulation-du-secteur-mediatique-le-synpics-plaide-pour-des-regles-claires-et-equitables-dans-les-medias-senegalais\/' class='whatsapp-button whatsapp-share'>WhatsApp<\/a><div class='clear '><\/div><\/div>","protected":false},"excerpt":{"rendered":"<p>NETTALI.COM - Le secr\u00e9taire g\u00e9n\u00e9ral du Syndicat des professionnels de l\u2019information et de la communication du S\u00e9n\u00e9gal (SYNPICS), Moustapha Ciss\u00e9, a appel\u00e9 lundi 27 octobre, \u00e0 une meilleure r\u00e9gulation du secteur des m\u00e9dias, fond\u00e9e sur des r\u00e8gles \u201cclaires et \u00e9quitables\u201d. Il s\u2019exprimait lors de la c\u00e9r\u00e9monie d\u2019ouverture de la premi\u00e8re \u00e9dition du Salon international des [&hellip;]<\/p>\n","protected":false},"author":4,"featured_media":163537,"comment_status":"open","ping_status":"open","sticky":false,"template":"","format":"standard","meta":{"_et_pb_use_builder":"","_et_pb_old_content":""},"categories":[3],"tags":[],"yoast_head":"<!-- This site is optimized with the Yoast SEO Premium plugin v17.8 (Yoast SEO v17.8) - https:\/\/yoast.com\/wordpress\/plugins\/seo\/ -->\n<title>REGULATION DU SECTEUR M\u00c9DIATIQUE - Le Synpics plaide pour des r\u00e8gles \u201cclaires et \u00e9quitables\u201d dans les m\u00e9dias s\u00e9n\u00e9galais | Nettali.com<\/title>\n<meta name=\"robots\" content=\"index, follow, max-snippet:-1, max-image-preview:large, max-video-preview:-1\" \/>\n<link rel=\"canonical\" href=\"https:\/\/www.nettali.com\/2025\/10\/27\/regulation-du-secteur-mediatique-le-synpics-plaide-pour-des-regles-claires-et-equitables-dans-les-medias-senegalais\/\" \/>\n<meta property=\"og:locale\" content=\"fr_FR\" \/>\n<meta property=\"og:type\" content=\"article\" \/>\n<meta property=\"og:title\" content=\"REGULATION DU SECTEUR M\u00c9DIATIQUE - Le Synpics plaide pour des r\u00e8gles \u201cclaires et \u00e9quitables\u201d dans les m\u00e9dias s\u00e9n\u00e9galais\" \/>\n<meta property=\"og:description\" content=\"NETTALI.COM - Le secr\u00e9taire g\u00e9n\u00e9ral du Syndicat des professionnels de l\u2019information et de la communication du S\u00e9n\u00e9gal (SYNPICS), Moustapha Ciss\u00e9, a appel\u00e9 lundi 27 octobre, \u00e0 une meilleure r\u00e9gulation du secteur des m\u00e9dias, fond\u00e9e sur des r\u00e8gles \u201cclaires et \u00e9quitables\u201d. Il s\u2019exprimait lors de la c\u00e9r\u00e9monie d\u2019ouverture de la premi\u00e8re \u00e9dition du Salon international des [&hellip;]\" \/>\n<meta property=\"og:url\" content=\"https:\/\/www.nettali.com\/2025\/10\/27\/regulation-du-secteur-mediatique-le-synpics-plaide-pour-des-regles-claires-et-equitables-dans-les-medias-senegalais\/\" \/>\n<meta property=\"og:site_name\" content=\"Nettali.com\" \/>\n<meta property=\"article:publisher\" content=\"https:\/\/www.facebook.com\/nettalicom\" \/>\n<meta property=\"article:published_time\" content=\"2025-10-27T17:45:02+00:00\" \/>\n<meta property=\"article:modified_time\" content=\"2025-10-28T08:48:01+00:00\" \/>\n<meta property=\"og:image\" content=\"https:\/\/www.nettali.com\/wp-content\/uploads\/2025\/10\/Moustapha-Cisse\u0301-Synpics.jpg\" \/>\n\t<meta property=\"og:image:width\" content=\"800\" \/>\n\t<meta property=\"og:image:height\" content=\"620\" \/>\n<meta name=\"twitter:card\" content=\"summary_large_image\" \/>\n<meta name=\"twitter:label1\" content=\"\u00c9crit par\" \/>\n\t<meta name=\"twitter:data1\" content=\"Daouda\" \/>\n\t<meta name=\"twitter:label2\" content=\"Dur\u00e9e de lecture estim\u00e9e\" \/>\n\t<meta name=\"twitter:data2\" content=\"2 minutes\" \/>\n<script type=\"application\/ld+json\" class=\"yoast-schema-graph\">{\"@context\":\"https:\/\/schema.org\",\"@graph\":[{\"@type\":\"WebSite\",\"@id\":\"https:\/\/www.nettali.com\/#website\",\"url\":\"https:\/\/www.nettali.com\/\",\"name\":\"Nettali.com\",\"description\":\"Le rendez-vous critique du Net\",\"potentialAction\":[{\"@type\":\"SearchAction\",\"target\":{\"@type\":\"EntryPoint\",\"urlTemplate\":\"https:\/\/www.nettali.com\/?s={search_term_string}\"},\"query-input\":\"required name=search_term_string\"}],\"inLanguage\":\"fr-FR\"},{\"@type\":\"ImageObject\",\"@id\":\"https:\/\/www.nettali.com\/2025\/10\/27\/regulation-du-secteur-mediatique-le-synpics-plaide-pour-des-regles-claires-et-equitables-dans-les-medias-senegalais\/#primaryimage\",\"inLanguage\":\"fr-FR\",\"url\":\"https:\/\/www.nettali.com\/wp-content\/uploads\/2025\/10\/Moustapha-Cisse\\u0301-Synpics.jpg\",\"contentUrl\":\"https:\/\/www.nettali.com\/wp-content\/uploads\/2025\/10\/Moustapha-Cisse\\u0301-Synpics.jpg\",\"width\":800,\"height\":620},{\"@type\":\"WebPage\",\"@id\":\"https:\/\/www.nettali.com\/2025\/10\/27\/regulation-du-secteur-mediatique-le-synpics-plaide-pour-des-regles-claires-et-equitables-dans-les-medias-senegalais\/#webpage\",\"url\":\"https:\/\/www.nettali.com\/2025\/10\/27\/regulation-du-secteur-mediatique-le-synpics-plaide-pour-des-regles-claires-et-equitables-dans-les-medias-senegalais\/\",\"name\":\"REGULATION DU SECTEUR M\\u00c9DIATIQUE - Le Synpics plaide pour des r\\u00e8gles \\u201cclaires et \\u00e9quitables\\u201d dans les m\\u00e9dias s\\u00e9n\\u00e9galais | Nettali.com\",\"isPartOf\":{\"@id\":\"https:\/\/www.nettali.com\/#website\"},\"primaryImageOfPage\":{\"@id\":\"https:\/\/www.nettali.com\/2025\/10\/27\/regulation-du-secteur-mediatique-le-synpics-plaide-pour-des-regles-claires-et-equitables-dans-les-medias-senegalais\/#primaryimage\"},\"datePublished\":\"2025-10-27T17:45:02+00:00\",\"dateModified\":\"2025-10-28T08:48:01+00:00\",\"author\":{\"@id\":\"https:\/\/www.nettali.com\/#\/schema\/person\/3317e0bb3aa1da309fbf7b2780901bf4\"},\"breadcrumb\":{\"@id\":\"https:\/\/www.nettali.com\/2025\/10\/27\/regulation-du-secteur-mediatique-le-synpics-plaide-pour-des-regles-claires-et-equitables-dans-les-medias-senegalais\/#breadcrumb\"},\"inLanguage\":\"fr-FR\",\"potentialAction\":[{\"@type\":\"ReadAction\",\"target\":[\"https:\/\/www.nettali.com\/2025\/10\/27\/regulation-du-secteur-mediatique-le-synpics-plaide-pour-des-regles-claires-et-equitables-dans-les-medias-senegalais\/\"]}]},{\"@type\":\"BreadcrumbList\",\"@id\":\"https:\/\/www.nettali.com\/2025\/10\/27\/regulation-du-secteur-mediatique-le-synpics-plaide-pour-des-regles-claires-et-equitables-dans-les-medias-senegalais\/#breadcrumb\",\"itemListElement\":[{\"@type\":\"ListItem\",\"position\":1,\"name\":\"Accueil\",\"item\":\"https:\/\/www.nettali.com\/\"},{\"@type\":\"ListItem\",\"position\":2,\"name\":\"REGULATION DU SECTEUR M\\u00c9DIATIQUE - Le Synpics plaide pour des r\\u00e8gles \\u201cclaires et \\u00e9quitables\\u201d dans les m\\u00e9dias s\\u00e9n\\u00e9galais\"}]},{\"@type\":\"Person\",\"@id\":\"https:\/\/www.nettali.com\/#\/schema\/person\/3317e0bb3aa1da309fbf7b2780901bf4\",\"name\":\"Daouda\",\"image\":{\"@type\":\"ImageObject\",\"@id\":\"https:\/\/www.nettali.com\/#personlogo\",\"inLanguage\":\"fr-FR\",\"url\":\"https:\/\/secure.gravatar.com\/avatar\/8d143b5a49345098ddcfee1c49c2f47c?s=96&d=mm&r=g\",\"contentUrl\":\"https:\/\/secure.gravatar.com\/avatar\/8d143b5a49345098ddcfee1c49c2f47c?s=96&d=mm&r=g\",\"caption\":\"Daouda\"},\"sameAs\":[\"https:\/\/www.nettali.com\"]}]}<\/script>\n<!-- \/ Yoast SEO Premium plugin. -->","yoast_head_json":{"title":"REGULATION DU SECTEUR M\u00c9DIATIQUE - Le Synpics plaide pour des r\u00e8gles \u201cclaires et \u00e9quitables\u201d dans les m\u00e9dias s\u00e9n\u00e9galais | Nettali.com","robots":{"index":"index","follow":"follow","max-snippet":"max-snippet:-1","max-image-preview":"max-image-preview:large","max-video-preview":"max-video-preview:-1"},"canonical":"https:\/\/www.nettali.com\/2025\/10\/27\/regulation-du-secteur-mediatique-le-synpics-plaide-pour-des-regles-claires-et-equitables-dans-les-medias-senegalais\/","og_locale":"fr_FR","og_type":"article","og_title":"REGULATION DU SECTEUR M\u00c9DIATIQUE - Le Synpics plaide pour des r\u00e8gles \u201cclaires et \u00e9quitables\u201d dans les m\u00e9dias s\u00e9n\u00e9galais","og_description":"NETTALI.COM - Le secr\u00e9taire g\u00e9n\u00e9ral du Syndicat des professionnels de l\u2019information et de la communication du S\u00e9n\u00e9gal (SYNPICS), Moustapha Ciss\u00e9, a appel\u00e9 lundi 27 octobre, \u00e0 une meilleure r\u00e9gulation du secteur des m\u00e9dias, fond\u00e9e sur des r\u00e8gles \u201cclaires et \u00e9quitables\u201d. Il s\u2019exprimait lors de la c\u00e9r\u00e9monie d\u2019ouverture de la premi\u00e8re \u00e9dition du Salon international des [&hellip;]","og_url":"https:\/\/www.nettali.com\/2025\/10\/27\/regulation-du-secteur-mediatique-le-synpics-plaide-pour-des-regles-claires-et-equitables-dans-les-medias-senegalais\/","og_site_name":"Nettali.com","article_publisher":"https:\/\/www.facebook.com\/nettalicom","article_published_time":"2025-10-27T17:45:02+00:00","article_modified_time":"2025-10-28T08:48:01+00:00","og_image":[{"width":800,"height":620,"url":"https:\/\/www.nettali.com\/wp-content\/uploads\/2025\/10\/Moustapha-Cisse\u0301-Synpics.jpg","type":"image\/jpeg"}],"twitter_card":"summary_large_image","twitter_misc":{"\u00c9crit par":"Daouda","Dur\u00e9e de lecture estim\u00e9e":"2 minutes"},"schema":{"@context":"https:\/\/schema.org","@graph":[{"@type":"WebSite","@id":"https:\/\/www.nettali.com\/#website","url":"https:\/\/www.nettali.com\/","name":"Nettali.com","description":"Le rendez-vous critique du Net","potentialAction":[{"@type":"SearchAction","target":{"@type":"EntryPoint","urlTemplate":"https:\/\/www.nettali.com\/?s={search_term_string}"},"query-input":"required name=search_term_string"}],"inLanguage":"fr-FR"},{"@type":"ImageObject","@id":"https:\/\/www.nettali.com\/2025\/10\/27\/regulation-du-secteur-mediatique-le-synpics-plaide-pour-des-regles-claires-et-equitables-dans-les-medias-senegalais\/#primaryimage","inLanguage":"fr-FR","url":"https:\/\/www.nettali.com\/wp-content\/uploads\/2025\/10\/Moustapha-Cisse\u0301-Synpics.jpg","contentUrl":"https:\/\/www.nettali.com\/wp-content\/uploads\/2025\/10\/Moustapha-Cisse\u0301-Synpics.jpg","width":800,"height":620},{"@type":"WebPage","@id":"https:\/\/www.nettali.com\/2025\/10\/27\/regulation-du-secteur-mediatique-le-synpics-plaide-pour-des-regles-claires-et-equitables-dans-les-medias-senegalais\/#webpage","url":"https:\/\/www.nettali.com\/2025\/10\/27\/regulation-du-secteur-mediatique-le-synpics-plaide-pour-des-regles-claires-et-equitables-dans-les-medias-senegalais\/","name":"REGULATION DU SECTEUR M\u00c9DIATIQUE - Le Synpics plaide pour des r\u00e8gles \u201cclaires et \u00e9quitables\u201d dans les m\u00e9dias s\u00e9n\u00e9galais | Nettali.com","isPartOf":{"@id":"https:\/\/www.nettali.com\/#website"},"primaryImageOfPage":{"@id":"https:\/\/www.nettali.com\/2025\/10\/27\/regulation-du-secteur-mediatique-le-synpics-plaide-pour-des-regles-claires-et-equitables-dans-les-medias-senegalais\/#primaryimage"},"datePublished":"2025-10-27T17:45:02+00:00","dateModified":"2025-10-28T08:48:01+00:00","author":{"@id":"https:\/\/www.nettali.com\/#\/schema\/person\/3317e0bb3aa1da309fbf7b2780901bf4"},"breadcrumb":{"@id":"https:\/\/www.nettali.com\/2025\/10\/27\/regulation-du-secteur-mediatique-le-synpics-plaide-pour-des-regles-claires-et-equitables-dans-les-medias-senegalais\/#breadcrumb"},"inLanguage":"fr-FR","potentialAction":[{"@type":"ReadAction","target":["https:\/\/www.nettali.com\/2025\/10\/27\/regulation-du-secteur-mediatique-le-synpics-plaide-pour-des-regles-claires-et-equitables-dans-les-medias-senegalais\/"]}]},{"@type":"BreadcrumbList","@id":"https:\/\/www.nettali.com\/2025\/10\/27\/regulation-du-secteur-mediatique-le-synpics-plaide-pour-des-regles-claires-et-equitables-dans-les-medias-senegalais\/#breadcrumb","itemListElement":[{"@type":"ListItem","position":1,"name":"Accueil","item":"https:\/\/www.nettali.com\/"},{"@type":"ListItem","position":2,"name":"REGULATION DU SECTEUR M\u00c9DIATIQUE - Le Synpics plaide pour des r\u00e8gles \u201cclaires et \u00e9quitables\u201d dans les m\u00e9dias s\u00e9n\u00e9galais"}]},{"@type":"Person","@id":"https:\/\/www.nettali.com\/#\/schema\/person\/3317e0bb3aa1da309fbf7b2780901bf4","name":"Daouda","image":{"@type":"ImageObject","@id":"https:\/\/www.nettali.com\/#personlogo","inLanguage":"fr-FR","url":"https:\/\/secure.gravatar.com\/avatar\/8d143b5a49345098ddcfee1c49c2f47c?s=96&d=mm&r=g","contentUrl":"https:\/\/secure.gravatar.com\/avatar\/8d143b5a49345098ddcfee1c49c2f47c?s=96&d=mm&r=g","caption":"Daouda"},"sameAs":["https:\/\/www.nettali.com"]}]}},"_links":{"self":[{"href":"https:\/\/www.nettali.com\/rest\/wp\/v2\/posts\/163536"}],"collection":[{"href":"https:\/\/www.nettali.com\/rest\/wp\/v2\/posts"}],"about":[{"href":"https:\/\/www.nettali.com\/rest\/wp\/v2\/types\/post"}],"author":[{"embeddable":true,"href":"https:\/\/www.nettali.com\/rest\/wp\/v2\/users\/4"}],"replies":[{"embeddable":true,"href":"https:\/\/www.nettali.com\/rest\/wp\/v2\/comments?post=163536"}],"version-history":[{"count":2,"href":"https:\/\/www.nettali.com\/rest\/wp\/v2\/posts\/163536\/revisions"}],"predecessor-version":[{"id":163576,"href":"https:\/\/www.nettali.com\/rest\/wp\/v2\/posts\/163536\/revisions\/163576"}],"wp:featuredmedia":[{"embeddable":true,"href":"https:\/\/www.nettali.com\/rest\/wp\/v2\/media\/163537"}],"wp:attachment":[{"href":"https:\/\/www.nettali.com\/rest\/wp\/v2\/media?parent=163536"}],"wp:term":[{"taxonomy":"category","embeddable":true,"href":"https:\/\/www.nettali.com\/rest\/wp\/v2\/categories?post=163536"},{"taxonomy":"post_tag","embeddable":true,"href":"https:\/\/www.nettali.com\/rest\/wp\/v2\/tags?post=163536"}],"curies":[{"name":"wp","href":"https:\/\/api.w.org\/{rel}","templated":true}]}}