{"id":163518,"date":"2025-10-27T12:30:31","date_gmt":"2025-10-27T12:30:31","guid":{"rendered":"https:\/\/www.nettali.com\/?p=163518"},"modified":"2025-10-27T07:01:28","modified_gmt":"2025-10-27T07:01:28","slug":"federation-senegalaise-de-football-abdoulaye-fall-place-abdoulaye-seydou-sow-au-secretariat-general","status":"publish","type":"post","link":"https:\/\/www.nettali.com\/2025\/10\/27\/federation-senegalaise-de-football-abdoulaye-fall-place-abdoulaye-seydou-sow-au-secretariat-general\/","title":{"rendered":"F\u00c9D\u00c9RATION S\u00c9N\u00c9GALAISE DE FOOTBALL - Abdoulaye Fall place Abdoulaye Seydou Sow au Secr\u00e9tariat G\u00e9n\u00e9ral"},"content":{"rendered":"<p><strong>NETTALI.COM - Quelques semaines apr\u00e8s sa victoire historique qui a mis fin au long r\u00e8gne d'Augustin Senghor, le nouveau patron de la F\u00e9d\u00e9ration S\u00e9n\u00e9galaise de Football (FSF), Abdoulaye Fall, concr\u00e9tise sa promesse de renouveau par une restructuration qui a conduit \u00e0 la nomination d'Abdoulaye Seydou Sow au poste strat\u00e9gique de Secr\u00e9taire G\u00e9n\u00e9ral.<\/strong><\/p>\n<p>Abdoulaye Fall s'entoure de ses hommes de confiance avec la nomination de l'ancien ministre Abdoulaye Seydou Sow au secr\u00e9tariat g\u00e9n\u00e9ral de la FSF. Cette d\u00e9signation tout sauf anodine, marque l'ascension d'un homme qui fut un pilier de la campagne victorieuse d'Abdoulaye Fall.<\/p>\n<p>Abdoulaye Seydou Sow, ancien Vice-Pr\u00e9sident de l'instance et ex-dirigeant de la Ligue de Football Amateur (LFA) pendant huit ans, fait un retour au premier plan. Bien qu'il ait eu des ambitions pour la Ligue professionnelle, c'est finalement \u00e0 la t\u00eate de l'administration f\u00e9d\u00e9rale qu'il retrouve un r\u00f4le central.<\/p>\n<p>En confiant le Secr\u00e9tariat G\u00e9n\u00e9ral \u00e0 Abdoulaye Seydou Sow, Abdoulaye Fall envoie un message clair : le nouveau Comit\u00e9 Ex\u00e9cutif entend s'appuyer sur l'exp\u00e9rience institutionnelle et la connaissance du terrain pour mener \u00e0 bien sa feuille de route, baptis\u00e9e \u201cPRAXIS\u201d.<\/p>\n<p>Le Secr\u00e9taire G\u00e9n\u00e9ral est d\u00e9sormais charg\u00e9 de la coordination op\u00e9rationnelle et de la mise en oeuvre de la politique f\u00e9d\u00e9rale. Il s\u2019agira aussi de rationaliser la gouvernance interne et d\u2019am\u00e9liorer l'efficacit\u00e9 administrative. Mais aussi d\u2019harmoniser les relations entre la FSF et ses diff\u00e9rentes ligues et composantes et de transformer les ambitions de la nouvelle pr\u00e9sidence en actions concr\u00e8tes et mesurables sur le terrain.<\/p>\n<p>La nomination de Sow symbolise ainsi la fusion entre la reconnaissance politique du soutien apport\u00e9 durant l'\u00e9lection et la logique de comp\u00e9tences requise pour une gestion moderne et transparente. Encore une fois, le savoir-faire de M. Sow dans le domaine du football n'est plus \u00e0 d\u00e9montrer.<\/p>\n<p>Au-del\u00e0 de l'ancien patron du Coud, notamment, M. Fall a effectu\u00e9 d'autres nominations. En effet, pour renforcer son dispositif de d\u00e9cision et s'assurer une expertise sp\u00e9cialis\u00e9e, le Pr\u00e9sident Abdoulaye Fall a compl\u00e9t\u00e9 son \u00e9quipe dirigeante lors de l'installation du nouveau Comit\u00e9 Ex\u00e9cutif. Il a ainsi nomm\u00e9 six conseillers, des personnalit\u00e9s influentes et reconnues, charg\u00e9es de superviser des secteurs vitaux.<\/p>\n<p>Ces nominations strat\u00e9giques visent \u00e0 instaurer autour de la pr\u00e9sidence un v\u00e9ritable \u00e9tat-major, capable de r\u00e9pondre avec acuit\u00e9 aux d\u00e9fis du football professionnel et amateur, et de renforcer la cr\u00e9dibilit\u00e9 du S\u00e9n\u00e9gal sur la sc\u00e8ne internationale, notamment avec l'apport de figures comme Khalilou Fadiga.<\/p>\n<p>La r\u00e9organisation globale de la FSF pose les jalons d'une nouvelle \u00e8re o\u00f9 la performance technique et la rigueur administrative devront \u00eatre les ma\u00eetres-mots pour le d\u00e9veloppement durable du football national.<\/p>\n<p><strong>La Nouvelle \u00c9quipe de Conseillers du Pr\u00e9sident :<\/strong><\/p>\n<p><strong>Djibril Wade :<\/strong> Charg\u00e9 des comp\u00e9titions nationales, garant de la bonne tenue des championnats.<\/p>\n<p><strong>Abdoulaye Fofana Seck :<\/strong> Responsable de la communication, pour une meilleure transparence et gestion de l'image f\u00e9d\u00e9rale.<\/p>\n<p><strong>Khalilou Fadiga :<\/strong> Charg\u00e9 des relations ext\u00e9rieures, apportant son aura pour le rayonnement international.<\/p>\n<p><strong>Joe Sambou :<\/strong> Responsable du suivi des infrastructures, pour la modernisation et la gestion des \u00e9quipements.<\/p>\n<p><strong>Demba Sarr :<\/strong> \u00c0 la coordination s\u00e9curit\u00e9, essentielle pour l'organisation des matchs et la lutte contre la violence.<\/p>\n<p><strong>Mayacine Mar :<\/strong> \u00c0 la coordination du d\u00e9veloppement technique, pour la strat\u00e9gie de formation et de d\u00e9tection des jeunes talents.<\/p>\n<p>EnQu\u00eate<\/p>\n<div class='share-to-whatsapp-wrapper'><div class='share-on-whsp'>PARTAGER SUR : <\/div><a data-text='F\u00c9D\u00c9RATION S\u00c9N\u00c9GALAISE DE FOOTBALL - Abdoulaye Fall place Abdoulaye Seydou Sow au Secr\u00e9tariat G\u00e9n\u00e9ral' data-link='https:\/\/www.nettali.com\/2025\/10\/27\/federation-senegalaise-de-football-abdoulaye-fall-place-abdoulaye-seydou-sow-au-secretariat-general\/' class='whatsapp-button whatsapp-share'>WhatsApp<\/a><div class='clear '><\/div><\/div>","protected":false},"excerpt":{"rendered":"<p>NETTALI.COM - Quelques semaines apr\u00e8s sa victoire historique qui a mis fin au long r\u00e8gne d'Augustin Senghor, le nouveau patron de la F\u00e9d\u00e9ration S\u00e9n\u00e9galaise de Football (FSF), Abdoulaye Fall, concr\u00e9tise sa promesse de renouveau par une restructuration qui a conduit \u00e0 la nomination d'Abdoulaye Seydou Sow au poste strat\u00e9gique de Secr\u00e9taire G\u00e9n\u00e9ral. Abdoulaye Fall s'entoure [&hellip;]<\/p>\n","protected":false},"author":2,"featured_media":163519,"comment_status":"open","ping_status":"open","sticky":false,"template":"","format":"standard","meta":{"_et_pb_use_builder":"","_et_pb_old_content":""},"categories":[6],"tags":[],"yoast_head":"<!-- This site is optimized with the Yoast SEO Premium plugin v17.8 (Yoast SEO v17.8) - https:\/\/yoast.com\/wordpress\/plugins\/seo\/ -->\n<title>F\u00c9D\u00c9RATION S\u00c9N\u00c9GALAISE DE FOOTBALL - Abdoulaye Fall place Abdoulaye Seydou Sow au Secr\u00e9tariat G\u00e9n\u00e9ral | Nettali.com<\/title>\n<meta name=\"robots\" content=\"index, follow, max-snippet:-1, max-image-preview:large, max-video-preview:-1\" \/>\n<link rel=\"canonical\" href=\"https:\/\/www.nettali.com\/2025\/10\/27\/federation-senegalaise-de-football-abdoulaye-fall-place-abdoulaye-seydou-sow-au-secretariat-general\/\" \/>\n<meta property=\"og:locale\" content=\"fr_FR\" \/>\n<meta property=\"og:type\" content=\"article\" \/>\n<meta property=\"og:title\" content=\"F\u00c9D\u00c9RATION S\u00c9N\u00c9GALAISE DE FOOTBALL - Abdoulaye Fall place Abdoulaye Seydou Sow au Secr\u00e9tariat G\u00e9n\u00e9ral\" \/>\n<meta property=\"og:description\" content=\"NETTALI.COM - Quelques semaines apr\u00e8s sa victoire historique qui a mis fin au long r\u00e8gne d&#039;Augustin Senghor, le nouveau patron de la F\u00e9d\u00e9ration S\u00e9n\u00e9galaise de Football (FSF), Abdoulaye Fall, concr\u00e9tise sa promesse de renouveau par une restructuration qui a conduit \u00e0 la nomination d&#039;Abdoulaye Seydou Sow au poste strat\u00e9gique de Secr\u00e9taire G\u00e9n\u00e9ral. Abdoulaye Fall s&#039;entoure [&hellip;]\" \/>\n<meta property=\"og:url\" content=\"https:\/\/www.nettali.com\/2025\/10\/27\/federation-senegalaise-de-football-abdoulaye-fall-place-abdoulaye-seydou-sow-au-secretariat-general\/\" \/>\n<meta property=\"og:site_name\" content=\"Nettali.com\" \/>\n<meta property=\"article:publisher\" content=\"https:\/\/www.facebook.com\/nettalicom\" \/>\n<meta property=\"article:published_time\" content=\"2025-10-27T12:30:31+00:00\" \/>\n<meta property=\"article:modified_time\" content=\"2025-10-27T07:01:28+00:00\" \/>\n<meta property=\"og:image\" content=\"https:\/\/www.nettali.com\/wp-content\/uploads\/2025\/10\/90291948-63701476.jpg\" \/>\n\t<meta property=\"og:image:width\" content=\"820\" \/>\n\t<meta property=\"og:image:height\" content=\"546\" \/>\n<meta name=\"twitter:card\" content=\"summary_large_image\" \/>\n<meta name=\"twitter:label1\" content=\"\u00c9crit par\" \/>\n\t<meta name=\"twitter:data1\" content=\"CK\" \/>\n\t<meta name=\"twitter:label2\" content=\"Dur\u00e9e de lecture estim\u00e9e\" \/>\n\t<meta name=\"twitter:data2\" content=\"3 minutes\" \/>\n<script type=\"application\/ld+json\" class=\"yoast-schema-graph\">{\"@context\":\"https:\/\/schema.org\",\"@graph\":[{\"@type\":\"WebSite\",\"@id\":\"https:\/\/www.nettali.com\/#website\",\"url\":\"https:\/\/www.nettali.com\/\",\"name\":\"Nettali.com\",\"description\":\"Le rendez-vous critique du Net\",\"potentialAction\":[{\"@type\":\"SearchAction\",\"target\":{\"@type\":\"EntryPoint\",\"urlTemplate\":\"https:\/\/www.nettali.com\/?s={search_term_string}\"},\"query-input\":\"required name=search_term_string\"}],\"inLanguage\":\"fr-FR\"},{\"@type\":\"ImageObject\",\"@id\":\"https:\/\/www.nettali.com\/2025\/10\/27\/federation-senegalaise-de-football-abdoulaye-fall-place-abdoulaye-seydou-sow-au-secretariat-general\/#primaryimage\",\"inLanguage\":\"fr-FR\",\"url\":\"https:\/\/www.nettali.com\/wp-content\/uploads\/2025\/10\/90291948-63701476.jpg\",\"contentUrl\":\"https:\/\/www.nettali.com\/wp-content\/uploads\/2025\/10\/90291948-63701476.jpg\",\"width\":820,\"height\":546},{\"@type\":\"WebPage\",\"@id\":\"https:\/\/www.nettali.com\/2025\/10\/27\/federation-senegalaise-de-football-abdoulaye-fall-place-abdoulaye-seydou-sow-au-secretariat-general\/#webpage\",\"url\":\"https:\/\/www.nettali.com\/2025\/10\/27\/federation-senegalaise-de-football-abdoulaye-fall-place-abdoulaye-seydou-sow-au-secretariat-general\/\",\"name\":\"F\\u00c9D\\u00c9RATION S\\u00c9N\\u00c9GALAISE DE FOOTBALL - Abdoulaye Fall place Abdoulaye Seydou Sow au Secr\\u00e9tariat G\\u00e9n\\u00e9ral | Nettali.com\",\"isPartOf\":{\"@id\":\"https:\/\/www.nettali.com\/#website\"},\"primaryImageOfPage\":{\"@id\":\"https:\/\/www.nettali.com\/2025\/10\/27\/federation-senegalaise-de-football-abdoulaye-fall-place-abdoulaye-seydou-sow-au-secretariat-general\/#primaryimage\"},\"datePublished\":\"2025-10-27T12:30:31+00:00\",\"dateModified\":\"2025-10-27T07:01:28+00:00\",\"author\":{\"@id\":\"https:\/\/www.nettali.com\/#\/schema\/person\/d8ac7b7e27ddad43f1c0d2ef090d7f71\"},\"breadcrumb\":{\"@id\":\"https:\/\/www.nettali.com\/2025\/10\/27\/federation-senegalaise-de-football-abdoulaye-fall-place-abdoulaye-seydou-sow-au-secretariat-general\/#breadcrumb\"},\"inLanguage\":\"fr-FR\",\"potentialAction\":[{\"@type\":\"ReadAction\",\"target\":[\"https:\/\/www.nettali.com\/2025\/10\/27\/federation-senegalaise-de-football-abdoulaye-fall-place-abdoulaye-seydou-sow-au-secretariat-general\/\"]}]},{\"@type\":\"BreadcrumbList\",\"@id\":\"https:\/\/www.nettali.com\/2025\/10\/27\/federation-senegalaise-de-football-abdoulaye-fall-place-abdoulaye-seydou-sow-au-secretariat-general\/#breadcrumb\",\"itemListElement\":[{\"@type\":\"ListItem\",\"position\":1,\"name\":\"Accueil\",\"item\":\"https:\/\/www.nettali.com\/\"},{\"@type\":\"ListItem\",\"position\":2,\"name\":\"F\\u00c9D\\u00c9RATION S\\u00c9N\\u00c9GALAISE DE FOOTBALL - Abdoulaye Fall place Abdoulaye Seydou Sow au Secr\\u00e9tariat G\\u00e9n\\u00e9ral\"}]},{\"@type\":\"Person\",\"@id\":\"https:\/\/www.nettali.com\/#\/schema\/person\/d8ac7b7e27ddad43f1c0d2ef090d7f71\",\"name\":\"CK\",\"image\":{\"@type\":\"ImageObject\",\"@id\":\"https:\/\/www.nettali.com\/#personlogo\",\"inLanguage\":\"fr-FR\",\"url\":\"https:\/\/secure.gravatar.com\/avatar\/1d8d5118b9327d94da7cd4ce7f17fec2?s=96&d=mm&r=g\",\"contentUrl\":\"https:\/\/secure.gravatar.com\/avatar\/1d8d5118b9327d94da7cd4ce7f17fec2?s=96&d=mm&r=g\",\"caption\":\"CK\"},\"sameAs\":[\"https:\/\/www.nettali.com\"]}]}<\/script>\n<!-- \/ Yoast SEO Premium plugin. -->","yoast_head_json":{"title":"F\u00c9D\u00c9RATION S\u00c9N\u00c9GALAISE DE FOOTBALL - Abdoulaye Fall place Abdoulaye Seydou Sow au Secr\u00e9tariat G\u00e9n\u00e9ral | Nettali.com","robots":{"index":"index","follow":"follow","max-snippet":"max-snippet:-1","max-image-preview":"max-image-preview:large","max-video-preview":"max-video-preview:-1"},"canonical":"https:\/\/www.nettali.com\/2025\/10\/27\/federation-senegalaise-de-football-abdoulaye-fall-place-abdoulaye-seydou-sow-au-secretariat-general\/","og_locale":"fr_FR","og_type":"article","og_title":"F\u00c9D\u00c9RATION S\u00c9N\u00c9GALAISE DE FOOTBALL - Abdoulaye Fall place Abdoulaye Seydou Sow au Secr\u00e9tariat G\u00e9n\u00e9ral","og_description":"NETTALI.COM - Quelques semaines apr\u00e8s sa victoire historique qui a mis fin au long r\u00e8gne d'Augustin Senghor, le nouveau patron de la F\u00e9d\u00e9ration S\u00e9n\u00e9galaise de Football (FSF), Abdoulaye Fall, concr\u00e9tise sa promesse de renouveau par une restructuration qui a conduit \u00e0 la nomination d'Abdoulaye Seydou Sow au poste strat\u00e9gique de Secr\u00e9taire G\u00e9n\u00e9ral. Abdoulaye Fall s'entoure [&hellip;]","og_url":"https:\/\/www.nettali.com\/2025\/10\/27\/federation-senegalaise-de-football-abdoulaye-fall-place-abdoulaye-seydou-sow-au-secretariat-general\/","og_site_name":"Nettali.com","article_publisher":"https:\/\/www.facebook.com\/nettalicom","article_published_time":"2025-10-27T12:30:31+00:00","article_modified_time":"2025-10-27T07:01:28+00:00","og_image":[{"width":820,"height":546,"url":"https:\/\/www.nettali.com\/wp-content\/uploads\/2025\/10\/90291948-63701476.jpg","type":"image\/jpeg"}],"twitter_card":"summary_large_image","twitter_misc":{"\u00c9crit par":"CK","Dur\u00e9e de lecture estim\u00e9e":"3 minutes"},"schema":{"@context":"https:\/\/schema.org","@graph":[{"@type":"WebSite","@id":"https:\/\/www.nettali.com\/#website","url":"https:\/\/www.nettali.com\/","name":"Nettali.com","description":"Le rendez-vous critique du Net","potentialAction":[{"@type":"SearchAction","target":{"@type":"EntryPoint","urlTemplate":"https:\/\/www.nettali.com\/?s={search_term_string}"},"query-input":"required name=search_term_string"}],"inLanguage":"fr-FR"},{"@type":"ImageObject","@id":"https:\/\/www.nettali.com\/2025\/10\/27\/federation-senegalaise-de-football-abdoulaye-fall-place-abdoulaye-seydou-sow-au-secretariat-general\/#primaryimage","inLanguage":"fr-FR","url":"https:\/\/www.nettali.com\/wp-content\/uploads\/2025\/10\/90291948-63701476.jpg","contentUrl":"https:\/\/www.nettali.com\/wp-content\/uploads\/2025\/10\/90291948-63701476.jpg","width":820,"height":546},{"@type":"WebPage","@id":"https:\/\/www.nettali.com\/2025\/10\/27\/federation-senegalaise-de-football-abdoulaye-fall-place-abdoulaye-seydou-sow-au-secretariat-general\/#webpage","url":"https:\/\/www.nettali.com\/2025\/10\/27\/federation-senegalaise-de-football-abdoulaye-fall-place-abdoulaye-seydou-sow-au-secretariat-general\/","name":"F\u00c9D\u00c9RATION S\u00c9N\u00c9GALAISE DE FOOTBALL - Abdoulaye Fall place Abdoulaye Seydou Sow au Secr\u00e9tariat G\u00e9n\u00e9ral | Nettali.com","isPartOf":{"@id":"https:\/\/www.nettali.com\/#website"},"primaryImageOfPage":{"@id":"https:\/\/www.nettali.com\/2025\/10\/27\/federation-senegalaise-de-football-abdoulaye-fall-place-abdoulaye-seydou-sow-au-secretariat-general\/#primaryimage"},"datePublished":"2025-10-27T12:30:31+00:00","dateModified":"2025-10-27T07:01:28+00:00","author":{"@id":"https:\/\/www.nettali.com\/#\/schema\/person\/d8ac7b7e27ddad43f1c0d2ef090d7f71"},"breadcrumb":{"@id":"https:\/\/www.nettali.com\/2025\/10\/27\/federation-senegalaise-de-football-abdoulaye-fall-place-abdoulaye-seydou-sow-au-secretariat-general\/#breadcrumb"},"inLanguage":"fr-FR","potentialAction":[{"@type":"ReadAction","target":["https:\/\/www.nettali.com\/2025\/10\/27\/federation-senegalaise-de-football-abdoulaye-fall-place-abdoulaye-seydou-sow-au-secretariat-general\/"]}]},{"@type":"BreadcrumbList","@id":"https:\/\/www.nettali.com\/2025\/10\/27\/federation-senegalaise-de-football-abdoulaye-fall-place-abdoulaye-seydou-sow-au-secretariat-general\/#breadcrumb","itemListElement":[{"@type":"ListItem","position":1,"name":"Accueil","item":"https:\/\/www.nettali.com\/"},{"@type":"ListItem","position":2,"name":"F\u00c9D\u00c9RATION S\u00c9N\u00c9GALAISE DE FOOTBALL - Abdoulaye Fall place Abdoulaye Seydou Sow au Secr\u00e9tariat G\u00e9n\u00e9ral"}]},{"@type":"Person","@id":"https:\/\/www.nettali.com\/#\/schema\/person\/d8ac7b7e27ddad43f1c0d2ef090d7f71","name":"CK","image":{"@type":"ImageObject","@id":"https:\/\/www.nettali.com\/#personlogo","inLanguage":"fr-FR","url":"https:\/\/secure.gravatar.com\/avatar\/1d8d5118b9327d94da7cd4ce7f17fec2?s=96&d=mm&r=g","contentUrl":"https:\/\/secure.gravatar.com\/avatar\/1d8d5118b9327d94da7cd4ce7f17fec2?s=96&d=mm&r=g","caption":"CK"},"sameAs":["https:\/\/www.nettali.com"]}]}},"_links":{"self":[{"href":"https:\/\/www.nettali.com\/rest\/wp\/v2\/posts\/163518"}],"collection":[{"href":"https:\/\/www.nettali.com\/rest\/wp\/v2\/posts"}],"about":[{"href":"https:\/\/www.nettali.com\/rest\/wp\/v2\/types\/post"}],"author":[{"embeddable":true,"href":"https:\/\/www.nettali.com\/rest\/wp\/v2\/users\/2"}],"replies":[{"embeddable":true,"href":"https:\/\/www.nettali.com\/rest\/wp\/v2\/comments?post=163518"}],"version-history":[{"count":1,"href":"https:\/\/www.nettali.com\/rest\/wp\/v2\/posts\/163518\/revisions"}],"predecessor-version":[{"id":163520,"href":"https:\/\/www.nettali.com\/rest\/wp\/v2\/posts\/163518\/revisions\/163520"}],"wp:featuredmedia":[{"embeddable":true,"href":"https:\/\/www.nettali.com\/rest\/wp\/v2\/media\/163519"}],"wp:attachment":[{"href":"https:\/\/www.nettali.com\/rest\/wp\/v2\/media?parent=163518"}],"wp:term":[{"taxonomy":"category","embeddable":true,"href":"https:\/\/www.nettali.com\/rest\/wp\/v2\/categories?post=163518"},{"taxonomy":"post_tag","embeddable":true,"href":"https:\/\/www.nettali.com\/rest\/wp\/v2\/tags?post=163518"}],"curies":[{"name":"wp","href":"https:\/\/api.w.org\/{rel}","templated":true}]}}